{"id":9730,"date":"2025-09-24T09:49:53","date_gmt":"2025-09-24T12:49:53","guid":{"rendered":"https:\/\/www.fiemg.com.br\/fiemg\/noticias\/presidente-da-fiemg-regional-zm-ministra-aula-magna-da-pos-graduacao-em-gestao-de-operacoes-no-vestuario-da-ufjf\/"},"modified":"2025-09-25T11:12:16","modified_gmt":"2025-09-25T14:12:16","slug":"presidente-da-fiemg-regional-zm-ministra-aula-magna-da-pos-graduacao-em-gestao-de-operacoes-no-vestuario-da-ufjf","status":"publish","type":"noticias","link":"https:\/\/www.fiemg.com.br\/fiemg\/noticias\/presidente-da-fiemg-regional-zm-ministra-aula-magna-da-pos-graduacao-em-gestao-de-operacoes-no-vestuario-da-ufjf\/","title":{"rendered":"Presidente da FIEMG Regional ZM ministra Aula Magna da p\u00f3s-gradua\u00e7\u00e3o em Gest\u00e3o de Opera\u00e7\u00f5es no Vestu\u00e1rio da UFJF"},"content":{"rendered":"\n<p>A Especializa\u00e7\u00e3o em Gest\u00e3o de Opera\u00e7\u00f5es na Ind\u00fastria do Vestu\u00e1rio, promovida pelo Centro de Educa\u00e7\u00e3o a Dist\u00e2ncia da Universidade Federal de Juiz de Fora (UFJF), iniciou oficialmente suas atividades acad\u00eamicas no dia 16 de setembro, com uma Aula Magna ministrada por Mari\u00e2ngela Miranda Marcon, presidente da FIEMG Regional Zona da Mata e do Sindicato das Ind\u00fastrias do Vestu\u00e1rio de Juiz de Fora e Governador Valadares (Sindivest JF-GV). A convite do professor e coordenador do curso, M\u00e1rcio de Oliveira, Mari\u00e2ngela compartilhou sua experi\u00eancia com os alunos e conduziu uma reflex\u00e3o ampla sobre os desafios e as oportunidades do setor.<\/p>\n\n\n\n<p>Em uma aula produtiva e marcada por debates, realizada de forma online, a presidente da FIEMG Regional ZM ressaltou que a gest\u00e3o de opera\u00e7\u00f5es \u00e9 o elo que conecta a criatividade da moda \u00e0s demandas reais do mercado, sendo respons\u00e1vel por transformar conceitos em produtos vi\u00e1veis, dispon\u00edveis no tempo certo e a custos competitivos. Ao longo da conversa, foram discutidos temas centrais para o setor do vestu\u00e1rio, como planejamento e controle da produ\u00e7\u00e3o, gest\u00e3o de pessoas, qualidade e padroniza\u00e7\u00e3o, al\u00e9m dos impactos da globaliza\u00e7\u00e3o nas cadeias de suprimentos e a necessidade crescente de sustentabilidade em todos os processos.<\/p>\n\n\n\n<p>Mari\u00e2ngela Marcon tamb\u00e9m destacou a relev\u00e2ncia de acompanhar as transforma\u00e7\u00f5es recentes impulsionadas pela Ind\u00fastria 4.0 e pela intelig\u00eancia artificial, que j\u00e1 come\u00e7am a ser aplicadas no setor para previs\u00e3o de demandas, desenho de tend\u00eancias e otimiza\u00e7\u00e3o dos processos produtivos. Segundo ela, a incorpora\u00e7\u00e3o dessas ferramentas ser\u00e1 decisiva para que as empresas mantenham sua competitividade diante de um mercado din\u00e2mico e globalizado.<\/p>\n\n\n\n<p>O encontro proporcionou aos estudantes um panorama abrangente da ind\u00fastria do vestu\u00e1rio e refor\u00e7ou a import\u00e2ncia da forma\u00e7\u00e3o de gestores qualificados para enfrentar as exig\u00eancias do setor. Para Mari\u00e2ngela, \u201cgest\u00e3o \u00e9 transformar desafios em oportunidades, incertezas em estrat\u00e9gias e esfor\u00e7o em resultados\u201d, mensagem que encerrou a noite e inspirou os alunos que iniciam essa nova etapa acad\u00eamica.<\/p>\n\n\n\n<p>A receptividade \u00e0 palestra foi extremamente positiva. Alunos e profissionais destacaram a clareza, a generosidade e a paix\u00e3o de Mari\u00e2ngela pelo setor. Mariana Rodrigues afirmou que a presidente \u00e9 \u201cuma inspira\u00e7\u00e3o para todos\u201d, enquanto Ana Clara Vidal ressaltou \u201ca riqueza dos ensinamentos compartilhados\u201d. J\u00e1 Ang\u00e9lica Ferraz destacou a dedica\u00e7\u00e3o de Mari\u00e2ngela \u00e0 ind\u00fastria, e Carla Costa classificou o encontro como \u201cuma oportunidade \u00edmpar de perceber que tantos entusiastas seguem firmes na luta pelo fortalecimento do setor e das ind\u00fastrias nacionais\u201d.<\/p>\n\n\n\n<p>Entre os representantes da ind\u00fastria, o presidente do Sindicato das Ind\u00fastrias de Meias de Juiz de Fora (Sindimeias-JF), Jo\u00e3o Lu\u00eds Amaral, agradeceu a participa\u00e7\u00e3o de Mari\u00e2ngela, destacando sua disponibilidade em compartilhar conhecimentos e o trabalho de destaque que vem realizando na FIEMG Regional Zona da Mata e que j\u00e1 executou C\u00e2mara da Ind\u00fastria do Vestu\u00e1rio da FIEMG. \u201cProfissional exemplar, que mesmo com a carreira consolidada, se reinventa e se dedica ao bem comum com paix\u00e3o e propriedade\u201d, afirmou.<\/p>\n\n\n\n<p>O professor M\u00e1rcio de Oliveira, coordenador da especializa\u00e7\u00e3o, tamb\u00e9m fez quest\u00e3o de registrar sua gratid\u00e3o: \u201cVoc\u00ea encantou a todos, como n\u00e3o poderia deixar de ser. Sua experi\u00eancia e sensibilidade s\u00e3o inspiradoras, e todos reconhecem o quanto voc\u00ea tem a oferecer ao setor e \u00e0 forma\u00e7\u00e3o de novos profissionais\u201d, disse.<\/p>\n\n\n\n<p>.<\/p>\n\n\n\n<p><em>Graciele Vianna<\/em><\/p>\n\n\n\n<p><strong>Imprensa FIEMG<\/strong><\/p>\n\n\n\n<p>Colabora\u00e7\u00e3o: Samyra Ribeiro\/Sindivest JF-GV<\/p>\n","protected":false},"featured_media":9731,"template":"","categories":[15],"tags":[],"class_list":["post-9730","noticias","type-noticias","status-publish","has-post-thumbnail","hentry","category-desenvolvimento-industrial"],"acf":[],"yoast_head":"<!-- This site is optimized with the Yoast SEO plugin v26.2 - https:\/\/yoast.com\/wordpress\/plugins\/seo\/ -->\n<title>Presidente da FIEMG Regional ZM ministra Aula Magna da p\u00f3s-gradua\u00e7\u00e3o em Gest\u00e3o de Opera\u00e7\u00f5es no Vestu\u00e1rio da UFJF - FIEMG<\/title>\n<meta name=\"robots\" content=\"index, follow, max-snippet:-1, max-image-preview:large, max-video-preview:-1\" \/>\n<link rel=\"canonical\" href=\"https:\/\/www.fiemg.com.br\/fiemg\/noticias\/presidente-da-fiemg-regional-zm-ministra-aula-magna-da-pos-graduacao-em-gestao-de-operacoes-no-vestuario-da-ufjf\/\" \/>\n<meta property=\"og:locale\" content=\"pt_BR\" \/>\n<meta property=\"og:type\" content=\"article\" \/>\n<meta property=\"og:title\" content=\"Presidente da FIEMG Regional ZM ministra Aula Magna da p\u00f3s-gradua\u00e7\u00e3o em Gest\u00e3o de Opera\u00e7\u00f5es no Vestu\u00e1rio da UFJF - FIEMG\" \/>\n<meta property=\"og:description\" content=\"A Especializa\u00e7\u00e3o em Gest\u00e3o de Opera\u00e7\u00f5es na Ind\u00fastria do Vestu\u00e1rio, promovida pelo Centro de Educa\u00e7\u00e3o a Dist\u00e2ncia da Universidade Federal de Juiz de Fora (UFJF), iniciou oficialmente suas atividades acad\u00eamicas no dia 16 de setembro, com uma Aula Magna ministrada por Mari\u00e2ngela Miranda Marcon, presidente da FIEMG Regional Zona da Mata e do Sindicato das [&hellip;]\" \/>\n<meta property=\"og:url\" content=\"https:\/\/www.fiemg.com.br\/fiemg\/noticias\/presidente-da-fiemg-regional-zm-ministra-aula-magna-da-pos-graduacao-em-gestao-de-operacoes-no-vestuario-da-ufjf\/\" \/>\n<meta property=\"og:site_name\" content=\"FIEMG\" \/>\n<meta property=\"article:modified_time\" content=\"2025-09-25T14:12:16+00:00\" \/>\n<meta property=\"og:image\" content=\"https:\/\/www.fiemg.com.br\/fiemg\/wp-content\/uploads\/sites\/10\/2025\/09\/Aula-Magna-Gestao-do-Vestuario-Mariangela-16-09-25-corte.png\" \/>\n\t<meta property=\"og:image:width\" content=\"747\" \/>\n\t<meta property=\"og:image:height\" content=\"615\" \/>\n\t<meta property=\"og:image:type\" content=\"image\/png\" \/>\n<meta name=\"twitter:card\" content=\"summary_large_image\" \/>\n<meta name=\"twitter:label1\" content=\"Est. tempo de leitura\" \/>\n\t<meta name=\"twitter:data1\" content=\"4 minutos\" \/>\n<script type=\"application\/ld+json\" class=\"yoast-schema-graph\">{\"@context\":\"https:\/\/schema.org\",\"@graph\":[{\"@type\":\"WebPage\",\"@id\":\"https:\/\/www.fiemg.com.br\/fiemg\/noticias\/presidente-da-fiemg-regional-zm-ministra-aula-magna-da-pos-graduacao-em-gestao-de-operacoes-no-vestuario-da-ufjf\/\",\"url\":\"https:\/\/www.fiemg.com.br\/fiemg\/noticias\/presidente-da-fiemg-regional-zm-ministra-aula-magna-da-pos-graduacao-em-gestao-de-operacoes-no-vestuario-da-ufjf\/\",\"name\":\"Presidente da FIEMG Regional ZM ministra Aula Magna da p\u00f3s-gradua\u00e7\u00e3o em Gest\u00e3o de Opera\u00e7\u00f5es no Vestu\u00e1rio da UFJF - FIEMG\",\"isPartOf\":{\"@id\":\"https:\/\/www.fiemg.com.br\/fiemg\/#website\"},\"primaryImageOfPage\":{\"@id\":\"https:\/\/www.fiemg.com.br\/fiemg\/noticias\/presidente-da-fiemg-regional-zm-ministra-aula-magna-da-pos-graduacao-em-gestao-de-operacoes-no-vestuario-da-ufjf\/#primaryimage\"},\"image\":{\"@id\":\"https:\/\/www.fiemg.com.br\/fiemg\/noticias\/presidente-da-fiemg-regional-zm-ministra-aula-magna-da-pos-graduacao-em-gestao-de-operacoes-no-vestuario-da-ufjf\/#primaryimage\"},\"thumbnailUrl\":\"https:\/\/www.fiemg.com.br\/fiemg\/wp-content\/uploads\/sites\/10\/2025\/09\/Aula-Magna-Gestao-do-Vestuario-Mariangela-16-09-25-corte.png\",\"datePublished\":\"2025-09-24T12:49:53+00:00\",\"dateModified\":\"2025-09-25T14:12:16+00:00\",\"breadcrumb\":{\"@id\":\"https:\/\/www.fiemg.com.br\/fiemg\/noticias\/presidente-da-fiemg-regional-zm-ministra-aula-magna-da-pos-graduacao-em-gestao-de-operacoes-no-vestuario-da-ufjf\/#breadcrumb\"},\"inLanguage\":\"pt-BR\",\"potentialAction\":[{\"@type\":\"ReadAction\",\"target\":[\"https:\/\/www.fiemg.com.br\/fiemg\/noticias\/presidente-da-fiemg-regional-zm-ministra-aula-magna-da-pos-graduacao-em-gestao-de-operacoes-no-vestuario-da-ufjf\/\"]}]},{\"@type\":\"ImageObject\",\"inLanguage\":\"pt-BR\",\"@id\":\"https:\/\/www.fiemg.com.br\/fiemg\/noticias\/presidente-da-fiemg-regional-zm-ministra-aula-magna-da-pos-graduacao-em-gestao-de-operacoes-no-vestuario-da-ufjf\/#primaryimage\",\"url\":\"https:\/\/www.fiemg.com.br\/fiemg\/wp-content\/uploads\/sites\/10\/2025\/09\/Aula-Magna-Gestao-do-Vestuario-Mariangela-16-09-25-corte.png\",\"contentUrl\":\"https:\/\/www.fiemg.com.br\/fiemg\/wp-content\/uploads\/sites\/10\/2025\/09\/Aula-Magna-Gestao-do-Vestuario-Mariangela-16-09-25-corte.png\",\"width\":747,\"height\":615},{\"@type\":\"BreadcrumbList\",\"@id\":\"https:\/\/www.fiemg.com.br\/fiemg\/noticias\/presidente-da-fiemg-regional-zm-ministra-aula-magna-da-pos-graduacao-em-gestao-de-operacoes-no-vestuario-da-ufjf\/#breadcrumb\",\"itemListElement\":[{\"@type\":\"ListItem\",\"position\":1,\"name\":\"In\u00edcio\",\"item\":\"https:\/\/www.fiemg.com.br\/fiemg\/\"},{\"@type\":\"ListItem\",\"position\":2,\"name\":\"Presidente da FIEMG Regional ZM ministra Aula Magna da p\u00f3s-gradua\u00e7\u00e3o em Gest\u00e3o de Opera\u00e7\u00f5es no Vestu\u00e1rio da UFJF\"}]},{\"@type\":\"WebSite\",\"@id\":\"https:\/\/www.fiemg.com.br\/fiemg\/#website\",\"url\":\"https:\/\/www.fiemg.com.br\/fiemg\/\",\"name\":\"FIEMG\",\"description\":\"Federa\u00e7\u00e3o das Ind\u00fastrias do Estado de Minas Gerais\",\"publisher\":{\"@id\":\"https:\/\/www.fiemg.com.br\/fiemg\/#organization\"},\"potentialAction\":[{\"@type\":\"SearchAction\",\"target\":{\"@type\":\"EntryPoint\",\"urlTemplate\":\"https:\/\/www.fiemg.com.br\/fiemg\/?s={search_term_string}\"},\"query-input\":{\"@type\":\"PropertyValueSpecification\",\"valueRequired\":true,\"valueName\":\"search_term_string\"}}],\"inLanguage\":\"pt-BR\"},{\"@type\":\"Organization\",\"@id\":\"https:\/\/www.fiemg.com.br\/fiemg\/#organization\",\"name\":\"FIEMG\",\"url\":\"https:\/\/www.fiemg.com.br\/fiemg\/\",\"logo\":{\"@type\":\"ImageObject\",\"inLanguage\":\"pt-BR\",\"@id\":\"https:\/\/www.fiemg.com.br\/fiemg\/#\/schema\/logo\/image\/\",\"url\":\"https:\/\/www.fiemg.com.br\/fiemg\/wp-content\/uploads\/sites\/10\/2023\/02\/fiemg_branco.svg\",\"contentUrl\":\"https:\/\/www.fiemg.com.br\/fiemg\/wp-content\/uploads\/sites\/10\/2023\/02\/fiemg_branco.svg\",\"width\":561,\"height\":147,\"caption\":\"FIEMG\"},\"image\":{\"@id\":\"https:\/\/www.fiemg.com.br\/fiemg\/#\/schema\/logo\/image\/\"}}]}<\/script>\n<!-- \/ Yoast SEO plugin. -->","yoast_head_json":{"title":"Presidente da FIEMG Regional ZM ministra Aula Magna da p\u00f3s-gradua\u00e7\u00e3o em Gest\u00e3o de Opera\u00e7\u00f5es no Vestu\u00e1rio da UFJF - FIEMG","robots":{"index":"index","follow":"follow","max-snippet":"max-snippet:-1","max-image-preview":"max-image-preview:large","max-video-preview":"max-video-preview:-1"},"canonical":"https:\/\/www.fiemg.com.br\/fiemg\/noticias\/presidente-da-fiemg-regional-zm-ministra-aula-magna-da-pos-graduacao-em-gestao-de-operacoes-no-vestuario-da-ufjf\/","og_locale":"pt_BR","og_type":"article","og_title":"Presidente da FIEMG Regional ZM ministra Aula Magna da p\u00f3s-gradua\u00e7\u00e3o em Gest\u00e3o de Opera\u00e7\u00f5es no Vestu\u00e1rio da UFJF - FIEMG","og_description":"A Especializa\u00e7\u00e3o em Gest\u00e3o de Opera\u00e7\u00f5es na Ind\u00fastria do Vestu\u00e1rio, promovida pelo Centro de Educa\u00e7\u00e3o a Dist\u00e2ncia da Universidade Federal de Juiz de Fora (UFJF), iniciou oficialmente suas atividades acad\u00eamicas no dia 16 de setembro, com uma Aula Magna ministrada por Mari\u00e2ngela Miranda Marcon, presidente da FIEMG Regional Zona da Mata e do Sindicato das [&hellip;]","og_url":"https:\/\/www.fiemg.com.br\/fiemg\/noticias\/presidente-da-fiemg-regional-zm-ministra-aula-magna-da-pos-graduacao-em-gestao-de-operacoes-no-vestuario-da-ufjf\/","og_site_name":"FIEMG","article_modified_time":"2025-09-25T14:12:16+00:00","og_image":[{"width":747,"height":615,"url":"https:\/\/www.fiemg.com.br\/fiemg\/wp-content\/uploads\/sites\/10\/2025\/09\/Aula-Magna-Gestao-do-Vestuario-Mariangela-16-09-25-corte.png","type":"image\/png"}],"twitter_card":"summary_large_image","twitter_misc":{"Est. tempo de leitura":"4 minutos"},"schema":{"@context":"https:\/\/schema.org","@graph":[{"@type":"WebPage","@id":"https:\/\/www.fiemg.com.br\/fiemg\/noticias\/presidente-da-fiemg-regional-zm-ministra-aula-magna-da-pos-graduacao-em-gestao-de-operacoes-no-vestuario-da-ufjf\/","url":"https:\/\/www.fiemg.com.br\/fiemg\/noticias\/presidente-da-fiemg-regional-zm-ministra-aula-magna-da-pos-graduacao-em-gestao-de-operacoes-no-vestuario-da-ufjf\/","name":"Presidente da FIEMG Regional ZM ministra Aula Magna da p\u00f3s-gradua\u00e7\u00e3o em Gest\u00e3o de Opera\u00e7\u00f5es no Vestu\u00e1rio da UFJF - FIEMG","isPartOf":{"@id":"https:\/\/www.fiemg.com.br\/fiemg\/#website"},"primaryImageOfPage":{"@id":"https:\/\/www.fiemg.com.br\/fiemg\/noticias\/presidente-da-fiemg-regional-zm-ministra-aula-magna-da-pos-graduacao-em-gestao-de-operacoes-no-vestuario-da-ufjf\/#primaryimage"},"image":{"@id":"https:\/\/www.fiemg.com.br\/fiemg\/noticias\/presidente-da-fiemg-regional-zm-ministra-aula-magna-da-pos-graduacao-em-gestao-de-operacoes-no-vestuario-da-ufjf\/#primaryimage"},"thumbnailUrl":"https:\/\/www.fiemg.com.br\/fiemg\/wp-content\/uploads\/sites\/10\/2025\/09\/Aula-Magna-Gestao-do-Vestuario-Mariangela-16-09-25-corte.png","datePublished":"2025-09-24T12:49:53+00:00","dateModified":"2025-09-25T14:12:16+00:00","breadcrumb":{"@id":"https:\/\/www.fiemg.com.br\/fiemg\/noticias\/presidente-da-fiemg-regional-zm-ministra-aula-magna-da-pos-graduacao-em-gestao-de-operacoes-no-vestuario-da-ufjf\/#breadcrumb"},"inLanguage":"pt-BR","potentialAction":[{"@type":"ReadAction","target":["https:\/\/www.fiemg.com.br\/fiemg\/noticias\/presidente-da-fiemg-regional-zm-ministra-aula-magna-da-pos-graduacao-em-gestao-de-operacoes-no-vestuario-da-ufjf\/"]}]},{"@type":"ImageObject","inLanguage":"pt-BR","@id":"https:\/\/www.fiemg.com.br\/fiemg\/noticias\/presidente-da-fiemg-regional-zm-ministra-aula-magna-da-pos-graduacao-em-gestao-de-operacoes-no-vestuario-da-ufjf\/#primaryimage","url":"https:\/\/www.fiemg.com.br\/fiemg\/wp-content\/uploads\/sites\/10\/2025\/09\/Aula-Magna-Gestao-do-Vestuario-Mariangela-16-09-25-corte.png","contentUrl":"https:\/\/www.fiemg.com.br\/fiemg\/wp-content\/uploads\/sites\/10\/2025\/09\/Aula-Magna-Gestao-do-Vestuario-Mariangela-16-09-25-corte.png","width":747,"height":615},{"@type":"BreadcrumbList","@id":"https:\/\/www.fiemg.com.br\/fiemg\/noticias\/presidente-da-fiemg-regional-zm-ministra-aula-magna-da-pos-graduacao-em-gestao-de-operacoes-no-vestuario-da-ufjf\/#breadcrumb","itemListElement":[{"@type":"ListItem","position":1,"name":"In\u00edcio","item":"https:\/\/www.fiemg.com.br\/fiemg\/"},{"@type":"ListItem","position":2,"name":"Presidente da FIEMG Regional ZM ministra Aula Magna da p\u00f3s-gradua\u00e7\u00e3o em Gest\u00e3o de Opera\u00e7\u00f5es no Vestu\u00e1rio da UFJF"}]},{"@type":"WebSite","@id":"https:\/\/www.fiemg.com.br\/fiemg\/#website","url":"https:\/\/www.fiemg.com.br\/fiemg\/","name":"FIEMG","description":"Federa\u00e7\u00e3o das Ind\u00fastrias do Estado de Minas Gerais","publisher":{"@id":"https:\/\/www.fiemg.com.br\/fiemg\/#organization"},"potentialAction":[{"@type":"SearchAction","target":{"@type":"EntryPoint","urlTemplate":"https:\/\/www.fiemg.com.br\/fiemg\/?s={search_term_string}"},"query-input":{"@type":"PropertyValueSpecification","valueRequired":true,"valueName":"search_term_string"}}],"inLanguage":"pt-BR"},{"@type":"Organization","@id":"https:\/\/www.fiemg.com.br\/fiemg\/#organization","name":"FIEMG","url":"https:\/\/www.fiemg.com.br\/fiemg\/","logo":{"@type":"ImageObject","inLanguage":"pt-BR","@id":"https:\/\/www.fiemg.com.br\/fiemg\/#\/schema\/logo\/image\/","url":"https:\/\/www.fiemg.com.br\/fiemg\/wp-content\/uploads\/sites\/10\/2023\/02\/fiemg_branco.svg","contentUrl":"https:\/\/www.fiemg.com.br\/fiemg\/wp-content\/uploads\/sites\/10\/2023\/02\/fiemg_branco.svg","width":561,"height":147,"caption":"FIEMG"},"image":{"@id":"https:\/\/www.fiemg.com.br\/fiemg\/#\/schema\/logo\/image\/"}}]}},"_links":{"self":[{"href":"https:\/\/www.fiemg.com.br\/fiemg\/wp-json\/wp\/v2\/noticias\/9730","targetHints":{"allow":["GET"]}}],"collection":[{"href":"https:\/\/www.fiemg.com.br\/fiemg\/wp-json\/wp\/v2\/noticias"}],"about":[{"href":"https:\/\/www.fiemg.com.br\/fiemg\/wp-json\/wp\/v2\/types\/noticias"}],"wp:featuredmedia":[{"embeddable":true,"href":"https:\/\/www.fiemg.com.br\/fiemg\/wp-json\/wp\/v2\/media\/9731"}],"wp:attachment":[{"href":"https:\/\/www.fiemg.com.br\/fiemg\/wp-json\/wp\/v2\/media?parent=9730"}],"wp:term":[{"taxonomy":"category","embeddable":true,"href":"https:\/\/www.fiemg.com.br\/fiemg\/wp-json\/wp\/v2\/categories?post=9730"},{"taxonomy":"post_tag","embeddable":true,"href":"https:\/\/www.fiemg.com.br\/fiemg\/wp-json\/wp\/v2\/tags?post=9730"}],"curies":[{"name":"wp","href":"https:\/\/api.w.org\/{rel}","templated":true}]}}