{"id":9776,"date":"2025-09-30T16:22:23","date_gmt":"2025-09-30T19:22:23","guid":{"rendered":"https:\/\/www.fiemg.com.br\/fiemg\/?post_type=noticias&#038;p=9776"},"modified":"2025-09-30T16:22:25","modified_gmt":"2025-09-30T19:22:25","slug":"conselho-de-educacao-discute-inteligencia-artificial-no-ensino","status":"publish","type":"noticias","link":"https:\/\/www.fiemg.com.br\/fiemg\/noticias\/conselho-de-educacao-discute-inteligencia-artificial-no-ensino\/","title":{"rendered":"Conselho de Educa\u00e7\u00e3o discute intelig\u00eancia artificial no ensino"},"content":{"rendered":"\n<p>O Conselho de Educa\u00e7\u00e3o e Treinamento da FIEMG se reuniu nesta ter\u00e7a-feira (30\/9), com foco em caminhos para transformar a educa\u00e7\u00e3o profissional frente \u00e0s mudan\u00e7as aceleradas pela tecnologia. A reuni\u00e3o foi conduzida pela secret\u00e1ria-executiva, Nat\u00e1lia Nunes, que falou da import\u00e2ncia em alinhar educa\u00e7\u00e3o e inova\u00e7\u00e3o para ampliar oportunidades.<\/p>\n\n\n\n<p>O encontro teve in\u00edcio com a apresenta\u00e7\u00e3o do projeto \u201cEnergia do Futuro\u201d, conduzido por Yuri Moura, trainee da Ger\u00eancia de Energia da FIEMG. A iniciativa mostra como jovens talentos podem ser protagonistas na constru\u00e7\u00e3o de solu\u00e7\u00f5es para os desafios da transi\u00e7\u00e3o energ\u00e9tica. <\/p>\n\n\n\n<p>Na sequ\u00eancia, o professor Luciano Sathler, CEO da CertifikEDU, trouxe provoca\u00e7\u00f5es sobre o uso da intelig\u00eancia artificial na educa\u00e7\u00e3o profissional. Ele falou sobre tend\u00eancias de consumo e manuseio das ferramentas e as novas exig\u00eancias no ensino e no mundo do trabalho. \u201cA IA pode ser um risco para a educa\u00e7\u00e3o, pois ela \u00e9 um grande igualador. A tecnologia iguala as pessoas&#8221;, explicou o professor parafraseando Abraham Lincoln &#8211; que disse isso no passado -, mas refletindo como ser\u00e3o os profissionais no futuro, com o uso da intelig\u00eancia artificial generativa. <\/p>\n\n\n\n<p>Sathler recomendou o livro &#8220;Cointelig\u00eancia: a vida e o trabalho com IA&#8221;, de Ethan Mollick, para refletir sobre o que a humanidade vive hoje. &#8220;Retirei uma frase dessa publica\u00e7\u00e3o, onde o autor cita um futur\u00f3logo americano que faleceu em 2007 [Roy Amara], que disse: &#8216;temos a tend\u00eancia de superestimar o efeito de uma tecnologia no curto prazo e subestimar seu efeito no longo prazo&#8217;, foi assim com o autom\u00f3vel, com a eletricidade, com a rodovia&#8230; e quando a internet chegou, ela mudou o mundo&#8221;, refletiu o professor.<\/p>\n\n\n\n<p>Na ocasi\u00e3o, tamb\u00e9m foi apresentada a programa\u00e7\u00e3o do Eduque Now, evento do SESI e SENAI, que ser\u00e1 realizado no dia 25 de outubro, no BH Shopping. E o professor Luciano Sathler foi confirmado como palestrante no evento.<\/p>\n\n\n\n<p>Os membros do conselho discutiram a import\u00e2ncia de integrar tecnologias ao ensino de forma estrat\u00e9gica, com foco no protagonismo do aluno e na valoriza\u00e7\u00e3o da forma\u00e7\u00e3o t\u00e9cnica como caminho direto para a empregabilidade. Nat\u00e1lia Nunes tamb\u00e9m prop\u00f4s encaminhamentos voltados ao tema debatido na reuni\u00e3o.<\/p>\n\n\n\n<p>Acesse as fotos da reuni\u00e3o <strong><a href=\"https:\/\/www.flickr.com\/photos\/sistemafiemg\/albums\/72177720329388639\/with\/54823227376\" target=\"_blank\" rel=\"noreferrer noopener\">neste link<\/a><\/strong>.<\/p>\n\n\n\n<p><em>Ana Paula Motta<\/em><br><strong>Imprensa FIEMG<\/strong><\/p>\n","protected":false},"featured_media":9778,"template":"","categories":[15],"tags":[],"class_list":["post-9776","noticias","type-noticias","status-publish","has-post-thumbnail","hentry","category-desenvolvimento-industrial"],"acf":[],"yoast_head":"<!-- This site is optimized with the Yoast SEO plugin v26.2 - https:\/\/yoast.com\/wordpress\/plugins\/seo\/ -->\n<title>Conselho de Educa\u00e7\u00e3o discute intelig\u00eancia artificial no ensino - FIEMG<\/title>\n<meta name=\"robots\" content=\"index, follow, max-snippet:-1, max-image-preview:large, max-video-preview:-1\" \/>\n<link rel=\"canonical\" href=\"https:\/\/www.fiemg.com.br\/fiemg\/noticias\/conselho-de-educacao-discute-inteligencia-artificial-no-ensino\/\" \/>\n<meta property=\"og:locale\" content=\"pt_BR\" \/>\n<meta property=\"og:type\" content=\"article\" \/>\n<meta property=\"og:title\" content=\"Conselho de Educa\u00e7\u00e3o discute intelig\u00eancia artificial no ensino - FIEMG\" \/>\n<meta property=\"og:description\" content=\"O Conselho de Educa\u00e7\u00e3o e Treinamento da FIEMG se reuniu nesta ter\u00e7a-feira (30\/9), com foco em caminhos para transformar a educa\u00e7\u00e3o profissional frente \u00e0s mudan\u00e7as aceleradas pela tecnologia. A reuni\u00e3o foi conduzida pela secret\u00e1ria-executiva, Nat\u00e1lia Nunes, que falou da import\u00e2ncia em alinhar educa\u00e7\u00e3o e inova\u00e7\u00e3o para ampliar oportunidades. O encontro teve in\u00edcio com a apresenta\u00e7\u00e3o [&hellip;]\" \/>\n<meta property=\"og:url\" content=\"https:\/\/www.fiemg.com.br\/fiemg\/noticias\/conselho-de-educacao-discute-inteligencia-artificial-no-ensino\/\" \/>\n<meta property=\"og:site_name\" content=\"FIEMG\" \/>\n<meta property=\"article:modified_time\" content=\"2025-09-30T19:22:25+00:00\" \/>\n<meta property=\"og:image\" content=\"https:\/\/www.fiemg.com.br\/fiemg\/wp-content\/uploads\/sites\/10\/2025\/09\/conselho-educacao-reuniao-setembro-sathler.jpg\" \/>\n\t<meta property=\"og:image:width\" content=\"512\" \/>\n\t<meta property=\"og:image:height\" content=\"512\" \/>\n\t<meta property=\"og:image:type\" content=\"image\/jpeg\" \/>\n<meta name=\"twitter:card\" content=\"summary_large_image\" \/>\n<meta name=\"twitter:label1\" content=\"Est. tempo de leitura\" \/>\n\t<meta name=\"twitter:data1\" content=\"3 minutos\" \/>\n<script type=\"application\/ld+json\" class=\"yoast-schema-graph\">{\"@context\":\"https:\/\/schema.org\",\"@graph\":[{\"@type\":\"WebPage\",\"@id\":\"https:\/\/www.fiemg.com.br\/fiemg\/noticias\/conselho-de-educacao-discute-inteligencia-artificial-no-ensino\/\",\"url\":\"https:\/\/www.fiemg.com.br\/fiemg\/noticias\/conselho-de-educacao-discute-inteligencia-artificial-no-ensino\/\",\"name\":\"Conselho de Educa\u00e7\u00e3o discute intelig\u00eancia artificial no ensino - FIEMG\",\"isPartOf\":{\"@id\":\"https:\/\/www.fiemg.com.br\/fiemg\/#website\"},\"primaryImageOfPage\":{\"@id\":\"https:\/\/www.fiemg.com.br\/fiemg\/noticias\/conselho-de-educacao-discute-inteligencia-artificial-no-ensino\/#primaryimage\"},\"image\":{\"@id\":\"https:\/\/www.fiemg.com.br\/fiemg\/noticias\/conselho-de-educacao-discute-inteligencia-artificial-no-ensino\/#primaryimage\"},\"thumbnailUrl\":\"https:\/\/www.fiemg.com.br\/fiemg\/wp-content\/uploads\/sites\/10\/2025\/09\/conselho-educacao-reuniao-setembro-sathler.jpg\",\"datePublished\":\"2025-09-30T19:22:23+00:00\",\"dateModified\":\"2025-09-30T19:22:25+00:00\",\"breadcrumb\":{\"@id\":\"https:\/\/www.fiemg.com.br\/fiemg\/noticias\/conselho-de-educacao-discute-inteligencia-artificial-no-ensino\/#breadcrumb\"},\"inLanguage\":\"pt-BR\",\"potentialAction\":[{\"@type\":\"ReadAction\",\"target\":[\"https:\/\/www.fiemg.com.br\/fiemg\/noticias\/conselho-de-educacao-discute-inteligencia-artificial-no-ensino\/\"]}]},{\"@type\":\"ImageObject\",\"inLanguage\":\"pt-BR\",\"@id\":\"https:\/\/www.fiemg.com.br\/fiemg\/noticias\/conselho-de-educacao-discute-inteligencia-artificial-no-ensino\/#primaryimage\",\"url\":\"https:\/\/www.fiemg.com.br\/fiemg\/wp-content\/uploads\/sites\/10\/2025\/09\/conselho-educacao-reuniao-setembro-sathler.jpg\",\"contentUrl\":\"https:\/\/www.fiemg.com.br\/fiemg\/wp-content\/uploads\/sites\/10\/2025\/09\/conselho-educacao-reuniao-setembro-sathler.jpg\",\"width\":512,\"height\":512},{\"@type\":\"BreadcrumbList\",\"@id\":\"https:\/\/www.fiemg.com.br\/fiemg\/noticias\/conselho-de-educacao-discute-inteligencia-artificial-no-ensino\/#breadcrumb\",\"itemListElement\":[{\"@type\":\"ListItem\",\"position\":1,\"name\":\"In\u00edcio\",\"item\":\"https:\/\/www.fiemg.com.br\/fiemg\/\"},{\"@type\":\"ListItem\",\"position\":2,\"name\":\"Conselho de Educa\u00e7\u00e3o discute intelig\u00eancia artificial no ensino\"}]},{\"@type\":\"WebSite\",\"@id\":\"https:\/\/www.fiemg.com.br\/fiemg\/#website\",\"url\":\"https:\/\/www.fiemg.com.br\/fiemg\/\",\"name\":\"FIEMG\",\"description\":\"Federa\u00e7\u00e3o das Ind\u00fastrias do Estado de Minas Gerais\",\"publisher\":{\"@id\":\"https:\/\/www.fiemg.com.br\/fiemg\/#organization\"},\"potentialAction\":[{\"@type\":\"SearchAction\",\"target\":{\"@type\":\"EntryPoint\",\"urlTemplate\":\"https:\/\/www.fiemg.com.br\/fiemg\/?s={search_term_string}\"},\"query-input\":{\"@type\":\"PropertyValueSpecification\",\"valueRequired\":true,\"valueName\":\"search_term_string\"}}],\"inLanguage\":\"pt-BR\"},{\"@type\":\"Organization\",\"@id\":\"https:\/\/www.fiemg.com.br\/fiemg\/#organization\",\"name\":\"FIEMG\",\"url\":\"https:\/\/www.fiemg.com.br\/fiemg\/\",\"logo\":{\"@type\":\"ImageObject\",\"inLanguage\":\"pt-BR\",\"@id\":\"https:\/\/www.fiemg.com.br\/fiemg\/#\/schema\/logo\/image\/\",\"url\":\"https:\/\/www.fiemg.com.br\/fiemg\/wp-content\/uploads\/sites\/10\/2023\/02\/fiemg_branco.svg\",\"contentUrl\":\"https:\/\/www.fiemg.com.br\/fiemg\/wp-content\/uploads\/sites\/10\/2023\/02\/fiemg_branco.svg\",\"width\":561,\"height\":147,\"caption\":\"FIEMG\"},\"image\":{\"@id\":\"https:\/\/www.fiemg.com.br\/fiemg\/#\/schema\/logo\/image\/\"}}]}<\/script>\n<!-- \/ Yoast SEO plugin. -->","yoast_head_json":{"title":"Conselho de Educa\u00e7\u00e3o discute intelig\u00eancia artificial no ensino - FIEMG","robots":{"index":"index","follow":"follow","max-snippet":"max-snippet:-1","max-image-preview":"max-image-preview:large","max-video-preview":"max-video-preview:-1"},"canonical":"https:\/\/www.fiemg.com.br\/fiemg\/noticias\/conselho-de-educacao-discute-inteligencia-artificial-no-ensino\/","og_locale":"pt_BR","og_type":"article","og_title":"Conselho de Educa\u00e7\u00e3o discute intelig\u00eancia artificial no ensino - FIEMG","og_description":"O Conselho de Educa\u00e7\u00e3o e Treinamento da FIEMG se reuniu nesta ter\u00e7a-feira (30\/9), com foco em caminhos para transformar a educa\u00e7\u00e3o profissional frente \u00e0s mudan\u00e7as aceleradas pela tecnologia. A reuni\u00e3o foi conduzida pela secret\u00e1ria-executiva, Nat\u00e1lia Nunes, que falou da import\u00e2ncia em alinhar educa\u00e7\u00e3o e inova\u00e7\u00e3o para ampliar oportunidades. O encontro teve in\u00edcio com a apresenta\u00e7\u00e3o [&hellip;]","og_url":"https:\/\/www.fiemg.com.br\/fiemg\/noticias\/conselho-de-educacao-discute-inteligencia-artificial-no-ensino\/","og_site_name":"FIEMG","article_modified_time":"2025-09-30T19:22:25+00:00","og_image":[{"width":512,"height":512,"url":"https:\/\/www.fiemg.com.br\/fiemg\/wp-content\/uploads\/sites\/10\/2025\/09\/conselho-educacao-reuniao-setembro-sathler.jpg","type":"image\/jpeg"}],"twitter_card":"summary_large_image","twitter_misc":{"Est. tempo de leitura":"3 minutos"},"schema":{"@context":"https:\/\/schema.org","@graph":[{"@type":"WebPage","@id":"https:\/\/www.fiemg.com.br\/fiemg\/noticias\/conselho-de-educacao-discute-inteligencia-artificial-no-ensino\/","url":"https:\/\/www.fiemg.com.br\/fiemg\/noticias\/conselho-de-educacao-discute-inteligencia-artificial-no-ensino\/","name":"Conselho de Educa\u00e7\u00e3o discute intelig\u00eancia artificial no ensino - FIEMG","isPartOf":{"@id":"https:\/\/www.fiemg.com.br\/fiemg\/#website"},"primaryImageOfPage":{"@id":"https:\/\/www.fiemg.com.br\/fiemg\/noticias\/conselho-de-educacao-discute-inteligencia-artificial-no-ensino\/#primaryimage"},"image":{"@id":"https:\/\/www.fiemg.com.br\/fiemg\/noticias\/conselho-de-educacao-discute-inteligencia-artificial-no-ensino\/#primaryimage"},"thumbnailUrl":"https:\/\/www.fiemg.com.br\/fiemg\/wp-content\/uploads\/sites\/10\/2025\/09\/conselho-educacao-reuniao-setembro-sathler.jpg","datePublished":"2025-09-30T19:22:23+00:00","dateModified":"2025-09-30T19:22:25+00:00","breadcrumb":{"@id":"https:\/\/www.fiemg.com.br\/fiemg\/noticias\/conselho-de-educacao-discute-inteligencia-artificial-no-ensino\/#breadcrumb"},"inLanguage":"pt-BR","potentialAction":[{"@type":"ReadAction","target":["https:\/\/www.fiemg.com.br\/fiemg\/noticias\/conselho-de-educacao-discute-inteligencia-artificial-no-ensino\/"]}]},{"@type":"ImageObject","inLanguage":"pt-BR","@id":"https:\/\/www.fiemg.com.br\/fiemg\/noticias\/conselho-de-educacao-discute-inteligencia-artificial-no-ensino\/#primaryimage","url":"https:\/\/www.fiemg.com.br\/fiemg\/wp-content\/uploads\/sites\/10\/2025\/09\/conselho-educacao-reuniao-setembro-sathler.jpg","contentUrl":"https:\/\/www.fiemg.com.br\/fiemg\/wp-content\/uploads\/sites\/10\/2025\/09\/conselho-educacao-reuniao-setembro-sathler.jpg","width":512,"height":512},{"@type":"BreadcrumbList","@id":"https:\/\/www.fiemg.com.br\/fiemg\/noticias\/conselho-de-educacao-discute-inteligencia-artificial-no-ensino\/#breadcrumb","itemListElement":[{"@type":"ListItem","position":1,"name":"In\u00edcio","item":"https:\/\/www.fiemg.com.br\/fiemg\/"},{"@type":"ListItem","position":2,"name":"Conselho de Educa\u00e7\u00e3o discute intelig\u00eancia artificial no ensino"}]},{"@type":"WebSite","@id":"https:\/\/www.fiemg.com.br\/fiemg\/#website","url":"https:\/\/www.fiemg.com.br\/fiemg\/","name":"FIEMG","description":"Federa\u00e7\u00e3o das Ind\u00fastrias do Estado de Minas Gerais","publisher":{"@id":"https:\/\/www.fiemg.com.br\/fiemg\/#organization"},"potentialAction":[{"@type":"SearchAction","target":{"@type":"EntryPoint","urlTemplate":"https:\/\/www.fiemg.com.br\/fiemg\/?s={search_term_string}"},"query-input":{"@type":"PropertyValueSpecification","valueRequired":true,"valueName":"search_term_string"}}],"inLanguage":"pt-BR"},{"@type":"Organization","@id":"https:\/\/www.fiemg.com.br\/fiemg\/#organization","name":"FIEMG","url":"https:\/\/www.fiemg.com.br\/fiemg\/","logo":{"@type":"ImageObject","inLanguage":"pt-BR","@id":"https:\/\/www.fiemg.com.br\/fiemg\/#\/schema\/logo\/image\/","url":"https:\/\/www.fiemg.com.br\/fiemg\/wp-content\/uploads\/sites\/10\/2023\/02\/fiemg_branco.svg","contentUrl":"https:\/\/www.fiemg.com.br\/fiemg\/wp-content\/uploads\/sites\/10\/2023\/02\/fiemg_branco.svg","width":561,"height":147,"caption":"FIEMG"},"image":{"@id":"https:\/\/www.fiemg.com.br\/fiemg\/#\/schema\/logo\/image\/"}}]}},"_links":{"self":[{"href":"https:\/\/www.fiemg.com.br\/fiemg\/wp-json\/wp\/v2\/noticias\/9776","targetHints":{"allow":["GET"]}}],"collection":[{"href":"https:\/\/www.fiemg.com.br\/fiemg\/wp-json\/wp\/v2\/noticias"}],"about":[{"href":"https:\/\/www.fiemg.com.br\/fiemg\/wp-json\/wp\/v2\/types\/noticias"}],"wp:featuredmedia":[{"embeddable":true,"href":"https:\/\/www.fiemg.com.br\/fiemg\/wp-json\/wp\/v2\/media\/9778"}],"wp:attachment":[{"href":"https:\/\/www.fiemg.com.br\/fiemg\/wp-json\/wp\/v2\/media?parent=9776"}],"wp:term":[{"taxonomy":"category","embeddable":true,"href":"https:\/\/www.fiemg.com.br\/fiemg\/wp-json\/wp\/v2\/categories?post=9776"},{"taxonomy":"post_tag","embeddable":true,"href":"https:\/\/www.fiemg.com.br\/fiemg\/wp-json\/wp\/v2\/tags?post=9776"}],"curies":[{"name":"wp","href":"https:\/\/api.w.org\/{rel}","templated":true}]}}