{"id":9783,"date":"2025-10-01T10:29:09","date_gmt":"2025-10-01T13:29:09","guid":{"rendered":"https:\/\/www.fiemg.com.br\/fiemg\/noticias\/regional-minas-gerais-2025-2026-promete-dois-dias-de-competicoes-eletrizantes-atracoes-culturais-e-experiencias-para-toda-a-familia\/"},"modified":"2025-10-01T10:29:13","modified_gmt":"2025-10-01T13:29:13","slug":"regional-minas-gerais-2025-2026-promete-dois-dias-de-competicoes-eletrizantes-atracoes-culturais-e-experiencias-para-toda-a-familia","status":"publish","type":"noticias","link":"https:\/\/www.fiemg.com.br\/fiemg\/noticias\/regional-minas-gerais-2025-2026-promete-dois-dias-de-competicoes-eletrizantes-atracoes-culturais-e-experiencias-para-toda-a-familia\/","title":{"rendered":"Festival SESI de Rob\u00f3tica chega a BH Shopping com ci\u00eancia, tecnologia e muita divers\u00e3o"},"content":{"rendered":"\n<h1 class=\"wp-block-heading\"><\/h1>\n\n\n\n<p><br><br>Prepare-se: vem a\u00ed o Festival SESI de Rob\u00f3tica \u2013 Regional Minas Gerais 2025\/2026, o maior encontro de rob\u00f3tica educacional do estado. Nos dias 31 de outubro e 1\u00ba de novembro, o BH Shopping, em Belo Horizonte, vai se transformar em um verdadeiro palco da ci\u00eancia, tecnologia e inova\u00e7\u00e3o, reunindo estudantes, educadores, fam\u00edlias e curiosos de todas as idades.<\/p>\n\n\n\n<p>Com entrada gratuita, o evento traz a temporada global FIRST AGE \u2013 Inspired by Archaeology, que convida os participantes a explorar a arqueologia como fonte de descobertas e inspira\u00e7\u00f5es tecnol\u00f3gicas. A programa\u00e7\u00e3o inclui todas as modalidades oficiais: FLL \u2013 Unearthed, FTC \u2013 Decode, FRC \u2013 Rebuilt (em formato de demonstra\u00e7\u00e3o), STEM Racing (antigo F1 in Schools, agora como competi\u00e7\u00e3o independente integrada ao Festival).<\/p>\n\n\n\n<p>Al\u00e9m das disputas, o p\u00fablico poder\u00e1 conferir atra\u00e7\u00f5es culturais, ativa\u00e7\u00f5es interativas e espa\u00e7os de conviv\u00eancia, tornando o festival um programa completo para toda a fam\u00edlia.<\/p>\n\n\n\n<p><strong>Um mergulho no futuro (e no passado!)<\/strong> &#8211; Muito al\u00e9m da competi\u00e7\u00e3o, o Festival SESI de Rob\u00f3tica tem como miss\u00e3o promover a educa\u00e7\u00e3o STEAM (Ci\u00eancia, Tecnologia, Engenharia, Arte e Matem\u00e1tica) de forma criativa e envolvente. Inspirados pela arqueologia, os times ter\u00e3o o desafio de reconstruir o passado para projetar o futuro \u2013 uma jornada que une ci\u00eancia e imagina\u00e7\u00e3o.<\/p>\n\n\n\n<p>O evento conta com a participa\u00e7\u00e3o de estudantes de escolas p\u00fablicas, privadas, SESI e times independentes, al\u00e9m de atrair entusiastas da tecnologia, lideran\u00e7as locais e o p\u00fablico espont\u00e2neo do shopping.<\/p>\n\n\n\n<p>Programa\u00e7\u00e3o<\/p>\n\n\n\n<p>\ud83d\udcc5 31\/10 \u2013 Cerim\u00f4nia de abertura + primeiras rodadas de competi\u00e7\u00f5es (FLL, FTC e STEM Racing) + demonstra\u00e7\u00f5es FRC<br>\ud83d\udcc5 01\/11 \u2013 Competi\u00e7\u00f5es finais + cerim\u00f4nia de premia\u00e7\u00e3o<\/p>\n\n\n\n<p>\ud83c\udfa5 Para j\u00e1 entrar no clima da temporada, confira o v\u00eddeo oficial:<\/p>\n\n\n\n<figure class=\"wp-block-embed is-type-video is-provider-youtube wp-block-embed-youtube wp-embed-aspect-16-9 wp-has-aspect-ratio\"><div class=\"wp-block-embed__wrapper\">\n<iframe title=\"2025-2026 FIRST AGE Presented by Qualcomm Season Reveal\" width=\"800\" height=\"450\" src=\"https:\/\/www.youtube.com\/embed\/XLp3fYreLLk?feature=oembed\" frameborder=\"0\" allow=\"accelerometer; autoplay; clipboard-write; encrypted-media; gyroscope; picture-in-picture; web-share\" referrerpolicy=\"strict-origin-when-cross-origin\" allowfullscreen><\/iframe>\n<\/div><\/figure>\n\n\n\n<p><em>Denise Lucas<\/em><br><strong>Imprensa FIEMG<\/strong><\/p>\n\n\n\n<p><\/p>\n","protected":false},"featured_media":9784,"template":"","categories":[16],"tags":[731,1538,114],"class_list":["post-9783","noticias","type-noticias","status-publish","has-post-thumbnail","hentry","category-educacao","tag-educacao-2","tag-festival-de-robotica","tag-sesi"],"acf":[],"yoast_head":"<!-- This site is optimized with the Yoast SEO plugin v26.2 - https:\/\/yoast.com\/wordpress\/plugins\/seo\/ -->\n<title>Festival SESI de Rob\u00f3tica chega a BH Shopping com ci\u00eancia, tecnologia e muita divers\u00e3o - FIEMG<\/title>\n<meta name=\"description\" content=\"Regional Minas Gerais 2025\/2026 promete dois dias de competi\u00e7\u00f5es eletrizantes, atra\u00e7\u00f5es culturais e experi\u00eancias para toda a fam\u00edlia\" \/>\n<meta name=\"robots\" content=\"index, follow, max-snippet:-1, max-image-preview:large, max-video-preview:-1\" \/>\n<link rel=\"canonical\" href=\"https:\/\/www.fiemg.com.br\/fiemg\/noticias\/regional-minas-gerais-2025-2026-promete-dois-dias-de-competicoes-eletrizantes-atracoes-culturais-e-experiencias-para-toda-a-familia\/\" \/>\n<meta property=\"og:locale\" content=\"pt_BR\" \/>\n<meta property=\"og:type\" content=\"article\" \/>\n<meta property=\"og:title\" content=\"Festival SESI de Rob\u00f3tica chega a BH Shopping com ci\u00eancia, tecnologia e muita divers\u00e3o - FIEMG\" \/>\n<meta property=\"og:description\" content=\"Regional Minas Gerais 2025\/2026 promete dois dias de competi\u00e7\u00f5es eletrizantes, atra\u00e7\u00f5es culturais e experi\u00eancias para toda a fam\u00edlia\" \/>\n<meta property=\"og:url\" content=\"https:\/\/www.fiemg.com.br\/fiemg\/noticias\/regional-minas-gerais-2025-2026-promete-dois-dias-de-competicoes-eletrizantes-atracoes-culturais-e-experiencias-para-toda-a-familia\/\" \/>\n<meta property=\"og:site_name\" content=\"FIEMG\" \/>\n<meta property=\"article:modified_time\" content=\"2025-10-01T13:29:13+00:00\" \/>\n<meta property=\"og:image\" content=\"https:\/\/www.fiemg.com.br\/fiemg\/wp-content\/uploads\/sites\/10\/2025\/10\/torneio-de-robotica-thumb.png\" \/>\n\t<meta property=\"og:image:width\" content=\"1600\" \/>\n\t<meta property=\"og:image:height\" content=\"1600\" \/>\n\t<meta property=\"og:image:type\" content=\"image\/png\" \/>\n<meta name=\"twitter:card\" content=\"summary_large_image\" \/>\n<meta name=\"twitter:label1\" content=\"Est. tempo de leitura\" \/>\n\t<meta name=\"twitter:data1\" content=\"2 minutos\" \/>\n<script type=\"application\/ld+json\" class=\"yoast-schema-graph\">{\"@context\":\"https:\/\/schema.org\",\"@graph\":[{\"@type\":\"WebPage\",\"@id\":\"https:\/\/www.fiemg.com.br\/fiemg\/noticias\/regional-minas-gerais-2025-2026-promete-dois-dias-de-competicoes-eletrizantes-atracoes-culturais-e-experiencias-para-toda-a-familia\/\",\"url\":\"https:\/\/www.fiemg.com.br\/fiemg\/noticias\/regional-minas-gerais-2025-2026-promete-dois-dias-de-competicoes-eletrizantes-atracoes-culturais-e-experiencias-para-toda-a-familia\/\",\"name\":\"Festival SESI de Rob\u00f3tica chega a BH Shopping com ci\u00eancia, tecnologia e muita divers\u00e3o - FIEMG\",\"isPartOf\":{\"@id\":\"https:\/\/www.fiemg.com.br\/fiemg\/#website\"},\"primaryImageOfPage\":{\"@id\":\"https:\/\/www.fiemg.com.br\/fiemg\/noticias\/regional-minas-gerais-2025-2026-promete-dois-dias-de-competicoes-eletrizantes-atracoes-culturais-e-experiencias-para-toda-a-familia\/#primaryimage\"},\"image\":{\"@id\":\"https:\/\/www.fiemg.com.br\/fiemg\/noticias\/regional-minas-gerais-2025-2026-promete-dois-dias-de-competicoes-eletrizantes-atracoes-culturais-e-experiencias-para-toda-a-familia\/#primaryimage\"},\"thumbnailUrl\":\"https:\/\/www.fiemg.com.br\/fiemg\/wp-content\/uploads\/sites\/10\/2025\/10\/torneio-de-robotica-thumb.png\",\"datePublished\":\"2025-10-01T13:29:09+00:00\",\"dateModified\":\"2025-10-01T13:29:13+00:00\",\"description\":\"Regional Minas Gerais 2025\/2026 promete dois dias de competi\u00e7\u00f5es eletrizantes, atra\u00e7\u00f5es culturais e experi\u00eancias para toda a fam\u00edlia\",\"breadcrumb\":{\"@id\":\"https:\/\/www.fiemg.com.br\/fiemg\/noticias\/regional-minas-gerais-2025-2026-promete-dois-dias-de-competicoes-eletrizantes-atracoes-culturais-e-experiencias-para-toda-a-familia\/#breadcrumb\"},\"inLanguage\":\"pt-BR\",\"potentialAction\":[{\"@type\":\"ReadAction\",\"target\":[\"https:\/\/www.fiemg.com.br\/fiemg\/noticias\/regional-minas-gerais-2025-2026-promete-dois-dias-de-competicoes-eletrizantes-atracoes-culturais-e-experiencias-para-toda-a-familia\/\"]}]},{\"@type\":\"ImageObject\",\"inLanguage\":\"pt-BR\",\"@id\":\"https:\/\/www.fiemg.com.br\/fiemg\/noticias\/regional-minas-gerais-2025-2026-promete-dois-dias-de-competicoes-eletrizantes-atracoes-culturais-e-experiencias-para-toda-a-familia\/#primaryimage\",\"url\":\"https:\/\/www.fiemg.com.br\/fiemg\/wp-content\/uploads\/sites\/10\/2025\/10\/torneio-de-robotica-thumb.png\",\"contentUrl\":\"https:\/\/www.fiemg.com.br\/fiemg\/wp-content\/uploads\/sites\/10\/2025\/10\/torneio-de-robotica-thumb.png\",\"width\":1600,\"height\":1600},{\"@type\":\"BreadcrumbList\",\"@id\":\"https:\/\/www.fiemg.com.br\/fiemg\/noticias\/regional-minas-gerais-2025-2026-promete-dois-dias-de-competicoes-eletrizantes-atracoes-culturais-e-experiencias-para-toda-a-familia\/#breadcrumb\",\"itemListElement\":[{\"@type\":\"ListItem\",\"position\":1,\"name\":\"In\u00edcio\",\"item\":\"https:\/\/www.fiemg.com.br\/fiemg\/\"},{\"@type\":\"ListItem\",\"position\":2,\"name\":\"Festival SESI de Rob\u00f3tica chega a BH Shopping com ci\u00eancia, tecnologia e muita divers\u00e3o\"}]},{\"@type\":\"WebSite\",\"@id\":\"https:\/\/www.fiemg.com.br\/fiemg\/#website\",\"url\":\"https:\/\/www.fiemg.com.br\/fiemg\/\",\"name\":\"FIEMG\",\"description\":\"Federa\u00e7\u00e3o das Ind\u00fastrias do Estado de Minas Gerais\",\"publisher\":{\"@id\":\"https:\/\/www.fiemg.com.br\/fiemg\/#organization\"},\"potentialAction\":[{\"@type\":\"SearchAction\",\"target\":{\"@type\":\"EntryPoint\",\"urlTemplate\":\"https:\/\/www.fiemg.com.br\/fiemg\/?s={search_term_string}\"},\"query-input\":{\"@type\":\"PropertyValueSpecification\",\"valueRequired\":true,\"valueName\":\"search_term_string\"}}],\"inLanguage\":\"pt-BR\"},{\"@type\":\"Organization\",\"@id\":\"https:\/\/www.fiemg.com.br\/fiemg\/#organization\",\"name\":\"FIEMG\",\"url\":\"https:\/\/www.fiemg.com.br\/fiemg\/\",\"logo\":{\"@type\":\"ImageObject\",\"inLanguage\":\"pt-BR\",\"@id\":\"https:\/\/www.fiemg.com.br\/fiemg\/#\/schema\/logo\/image\/\",\"url\":\"https:\/\/www.fiemg.com.br\/fiemg\/wp-content\/uploads\/sites\/10\/2023\/02\/fiemg_branco.svg\",\"contentUrl\":\"https:\/\/www.fiemg.com.br\/fiemg\/wp-content\/uploads\/sites\/10\/2023\/02\/fiemg_branco.svg\",\"width\":561,\"height\":147,\"caption\":\"FIEMG\"},\"image\":{\"@id\":\"https:\/\/www.fiemg.com.br\/fiemg\/#\/schema\/logo\/image\/\"}}]}<\/script>\n<!-- \/ Yoast SEO plugin. -->","yoast_head_json":{"title":"Festival SESI de Rob\u00f3tica chega a BH Shopping com ci\u00eancia, tecnologia e muita divers\u00e3o - FIEMG","description":"Regional Minas Gerais 2025\/2026 promete dois dias de competi\u00e7\u00f5es eletrizantes, atra\u00e7\u00f5es culturais e experi\u00eancias para toda a fam\u00edlia","robots":{"index":"index","follow":"follow","max-snippet":"max-snippet:-1","max-image-preview":"max-image-preview:large","max-video-preview":"max-video-preview:-1"},"canonical":"https:\/\/www.fiemg.com.br\/fiemg\/noticias\/regional-minas-gerais-2025-2026-promete-dois-dias-de-competicoes-eletrizantes-atracoes-culturais-e-experiencias-para-toda-a-familia\/","og_locale":"pt_BR","og_type":"article","og_title":"Festival SESI de Rob\u00f3tica chega a BH Shopping com ci\u00eancia, tecnologia e muita divers\u00e3o - FIEMG","og_description":"Regional Minas Gerais 2025\/2026 promete dois dias de competi\u00e7\u00f5es eletrizantes, atra\u00e7\u00f5es culturais e experi\u00eancias para toda a fam\u00edlia","og_url":"https:\/\/www.fiemg.com.br\/fiemg\/noticias\/regional-minas-gerais-2025-2026-promete-dois-dias-de-competicoes-eletrizantes-atracoes-culturais-e-experiencias-para-toda-a-familia\/","og_site_name":"FIEMG","article_modified_time":"2025-10-01T13:29:13+00:00","og_image":[{"width":1600,"height":1600,"url":"https:\/\/www.fiemg.com.br\/fiemg\/wp-content\/uploads\/sites\/10\/2025\/10\/torneio-de-robotica-thumb.png","type":"image\/png"}],"twitter_card":"summary_large_image","twitter_misc":{"Est. tempo de leitura":"2 minutos"},"schema":{"@context":"https:\/\/schema.org","@graph":[{"@type":"WebPage","@id":"https:\/\/www.fiemg.com.br\/fiemg\/noticias\/regional-minas-gerais-2025-2026-promete-dois-dias-de-competicoes-eletrizantes-atracoes-culturais-e-experiencias-para-toda-a-familia\/","url":"https:\/\/www.fiemg.com.br\/fiemg\/noticias\/regional-minas-gerais-2025-2026-promete-dois-dias-de-competicoes-eletrizantes-atracoes-culturais-e-experiencias-para-toda-a-familia\/","name":"Festival SESI de Rob\u00f3tica chega a BH Shopping com ci\u00eancia, tecnologia e muita divers\u00e3o - FIEMG","isPartOf":{"@id":"https:\/\/www.fiemg.com.br\/fiemg\/#website"},"primaryImageOfPage":{"@id":"https:\/\/www.fiemg.com.br\/fiemg\/noticias\/regional-minas-gerais-2025-2026-promete-dois-dias-de-competicoes-eletrizantes-atracoes-culturais-e-experiencias-para-toda-a-familia\/#primaryimage"},"image":{"@id":"https:\/\/www.fiemg.com.br\/fiemg\/noticias\/regional-minas-gerais-2025-2026-promete-dois-dias-de-competicoes-eletrizantes-atracoes-culturais-e-experiencias-para-toda-a-familia\/#primaryimage"},"thumbnailUrl":"https:\/\/www.fiemg.com.br\/fiemg\/wp-content\/uploads\/sites\/10\/2025\/10\/torneio-de-robotica-thumb.png","datePublished":"2025-10-01T13:29:09+00:00","dateModified":"2025-10-01T13:29:13+00:00","description":"Regional Minas Gerais 2025\/2026 promete dois dias de competi\u00e7\u00f5es eletrizantes, atra\u00e7\u00f5es culturais e experi\u00eancias para toda a fam\u00edlia","breadcrumb":{"@id":"https:\/\/www.fiemg.com.br\/fiemg\/noticias\/regional-minas-gerais-2025-2026-promete-dois-dias-de-competicoes-eletrizantes-atracoes-culturais-e-experiencias-para-toda-a-familia\/#breadcrumb"},"inLanguage":"pt-BR","potentialAction":[{"@type":"ReadAction","target":["https:\/\/www.fiemg.com.br\/fiemg\/noticias\/regional-minas-gerais-2025-2026-promete-dois-dias-de-competicoes-eletrizantes-atracoes-culturais-e-experiencias-para-toda-a-familia\/"]}]},{"@type":"ImageObject","inLanguage":"pt-BR","@id":"https:\/\/www.fiemg.com.br\/fiemg\/noticias\/regional-minas-gerais-2025-2026-promete-dois-dias-de-competicoes-eletrizantes-atracoes-culturais-e-experiencias-para-toda-a-familia\/#primaryimage","url":"https:\/\/www.fiemg.com.br\/fiemg\/wp-content\/uploads\/sites\/10\/2025\/10\/torneio-de-robotica-thumb.png","contentUrl":"https:\/\/www.fiemg.com.br\/fiemg\/wp-content\/uploads\/sites\/10\/2025\/10\/torneio-de-robotica-thumb.png","width":1600,"height":1600},{"@type":"BreadcrumbList","@id":"https:\/\/www.fiemg.com.br\/fiemg\/noticias\/regional-minas-gerais-2025-2026-promete-dois-dias-de-competicoes-eletrizantes-atracoes-culturais-e-experiencias-para-toda-a-familia\/#breadcrumb","itemListElement":[{"@type":"ListItem","position":1,"name":"In\u00edcio","item":"https:\/\/www.fiemg.com.br\/fiemg\/"},{"@type":"ListItem","position":2,"name":"Festival SESI de Rob\u00f3tica chega a BH Shopping com ci\u00eancia, tecnologia e muita divers\u00e3o"}]},{"@type":"WebSite","@id":"https:\/\/www.fiemg.com.br\/fiemg\/#website","url":"https:\/\/www.fiemg.com.br\/fiemg\/","name":"FIEMG","description":"Federa\u00e7\u00e3o das Ind\u00fastrias do Estado de Minas Gerais","publisher":{"@id":"https:\/\/www.fiemg.com.br\/fiemg\/#organization"},"potentialAction":[{"@type":"SearchAction","target":{"@type":"EntryPoint","urlTemplate":"https:\/\/www.fiemg.com.br\/fiemg\/?s={search_term_string}"},"query-input":{"@type":"PropertyValueSpecification","valueRequired":true,"valueName":"search_term_string"}}],"inLanguage":"pt-BR"},{"@type":"Organization","@id":"https:\/\/www.fiemg.com.br\/fiemg\/#organization","name":"FIEMG","url":"https:\/\/www.fiemg.com.br\/fiemg\/","logo":{"@type":"ImageObject","inLanguage":"pt-BR","@id":"https:\/\/www.fiemg.com.br\/fiemg\/#\/schema\/logo\/image\/","url":"https:\/\/www.fiemg.com.br\/fiemg\/wp-content\/uploads\/sites\/10\/2023\/02\/fiemg_branco.svg","contentUrl":"https:\/\/www.fiemg.com.br\/fiemg\/wp-content\/uploads\/sites\/10\/2023\/02\/fiemg_branco.svg","width":561,"height":147,"caption":"FIEMG"},"image":{"@id":"https:\/\/www.fiemg.com.br\/fiemg\/#\/schema\/logo\/image\/"}}]}},"_links":{"self":[{"href":"https:\/\/www.fiemg.com.br\/fiemg\/wp-json\/wp\/v2\/noticias\/9783","targetHints":{"allow":["GET"]}}],"collection":[{"href":"https:\/\/www.fiemg.com.br\/fiemg\/wp-json\/wp\/v2\/noticias"}],"about":[{"href":"https:\/\/www.fiemg.com.br\/fiemg\/wp-json\/wp\/v2\/types\/noticias"}],"wp:featuredmedia":[{"embeddable":true,"href":"https:\/\/www.fiemg.com.br\/fiemg\/wp-json\/wp\/v2\/media\/9784"}],"wp:attachment":[{"href":"https:\/\/www.fiemg.com.br\/fiemg\/wp-json\/wp\/v2\/media?parent=9783"}],"wp:term":[{"taxonomy":"category","embeddable":true,"href":"https:\/\/www.fiemg.com.br\/fiemg\/wp-json\/wp\/v2\/categories?post=9783"},{"taxonomy":"post_tag","embeddable":true,"href":"https:\/\/www.fiemg.com.br\/fiemg\/wp-json\/wp\/v2\/tags?post=9783"}],"curies":[{"name":"wp","href":"https:\/\/api.w.org\/{rel}","templated":true}]}}