{"id":9826,"date":"2025-09-29T00:00:00","date_gmt":"2025-09-29T03:00:00","guid":{"rendered":"https:\/\/www.fiemg.com.br\/fiemg\/noticias\/fiemg-regional-zona-da-mata-promove-treinamento-sobre-atualizacao-das-normas-de-sst-no-esocial-2\/"},"modified":"2025-10-03T15:23:01","modified_gmt":"2025-10-03T18:23:01","slug":"fiemg-regional-zona-da-mata-promove-treinamento-sobre-atualizacao-das-normas-de-sst-no-esocial-2","status":"publish","type":"noticias","link":"https:\/\/www.fiemg.com.br\/fiemg\/noticias\/fiemg-regional-zona-da-mata-promove-treinamento-sobre-atualizacao-das-normas-de-sst-no-esocial-2\/","title":{"rendered":"Atualiza\u00e7\u00e3o das normas de SST no eSocial \u00e9 tema de treinamento na FIEMG Regional ZM"},"content":{"rendered":"\n<p>A FIEMG Regional Zona da Mata promoveu, nos dias 24 e 25 de setembro, o treinamento \u201ceSocial SST \u2013 Atualiza\u00e7\u00e3o das Normas de Seguran\u00e7a e Sa\u00fade no Trabalho (SST)\u201d, que teve como foco apresentar as novidades trazidas pela Portaria MTE n\u00ba 1.131\/2025. Com carga hor\u00e1ria de 8 horas, o curso foi direcionado a engenheiros, m\u00e9dicos e enfermeiros do trabalho, higienistas ocupacionais, t\u00e9cnicos e tecn\u00f3logos em seguran\u00e7a do trabalho, fisioterapeutas, ergonomistas, consultores da \u00e1rea de SST, al\u00e9m de profissionais de DP e RH, em n\u00edvel intermedi\u00e1rio.<\/p>\n\n\n\n<p>A capacita\u00e7\u00e3o foi realizada de forma online e ao vivo, e conduzida pelo professor e advogado Rodrigo Dolabela, especialista em Direito Trabalhista, Direito Previdenci\u00e1rio e Seguran\u00e7a e Sa\u00fade no Trabalho. Dolabela \u00e9 s\u00f3cio-diretor da RFD Cursos e Treinamentos e tem atua\u00e7\u00e3o reconhecida por sua experi\u00eancia como palestrante e consultor. Tamb\u00e9m \u00e9 autor de artigos jur\u00eddicos que servem de refer\u00eancia para o Tribunal Superior do Trabalho (TST). Durante as aulas, ele abordou temas como LTCAT, PPP eletr\u00f4nico, Decreto 3048\/99 e os eventos de SST no eSocial (S-2210, S-2220, S-2221 e S-2240), al\u00e9m de oferecer uma vis\u00e3o abrangente da legisla\u00e7\u00e3o aplicada \u00e0 SST, incluindo as normas regulamentadoras NR-1 (PGR), NR-4 (SESMT), NR-5 (CIPA), NR-6 (EPI\u2019s), NR-7, NR-9, NR-15 e NR-16.<\/p>\n\n\n\n<p>Segundo Rodrigo Dolabela, o treinamento versou sobre altera\u00e7\u00f5es recentes nos arquivos de Seguran\u00e7a do Trabalho dentro do eSocial. \u201cTratamos de v\u00e1rios assuntos voltados para a seguran\u00e7a, como CAT, PPP, LT-CAT, PCMSO, e ao final do curso tamb\u00e9m discutimos a quest\u00e3o da sa\u00fade mental e as altera\u00e7\u00f5es relacionadas ao DNA. Foi um conte\u00fado amplo e pr\u00e1tico, alinhado \u00e0s principais demandas atuais das empresas\u201d, destacou.<\/p>\n\n\n\n<p>O analista de Rela\u00e7\u00f5es Empresariais da FIEMG Regional ZM, Gilmar Peixoto, ressaltou os resultados positivos da iniciativa. \u201cMesmo sendo um tema que j\u00e1 faz parte da rotina das empresas, percebemos que, ao longo do treinamento, muitas quest\u00f5es at\u00e9 ent\u00e3o n\u00e3o totalmente esclarecidas pelos gestores v\u00eam \u00e0 tona. Posso afirmar que os participantes sa\u00edram mais preparados para aplicar corretamente as obriga\u00e7\u00f5es no sistema, com mais seguran\u00e7a e clareza sobre os processos. Muitos relataram que as orienta\u00e7\u00f5es pr\u00e1ticas ajudaram a reduzir d\u00favidas e riscos de erros no envio das informa\u00e7\u00f5es, o que impacta diretamente na conformidade da gest\u00e3o de sa\u00fade e seguran\u00e7a do trabalho. Esse retorno confirma que estamos cumprindo nosso papel de apoiar o setor produtivo com capacita\u00e7\u00e3o de qualidade e resultados concretos\u201d, avaliou.<\/p>\n\n\n\n<p>Com material did\u00e1tico e certifica\u00e7\u00e3o digital inclu\u00eddos, o treinamento refor\u00e7ou o compromisso da FIEMG Regional Zona da Mata em oferecer solu\u00e7\u00f5es que auxiliem as empresas a se manterem atualizadas frente \u00e0s exig\u00eancias legais, garantindo maior efici\u00eancia e seguran\u00e7a na gest\u00e3o de SST.<\/p>\n\n\n\n<p>.<\/p>\n\n\n\n<p><em>Graciele Vianna<\/em><\/p>\n\n\n\n<p><strong>Imprensa FIEMG<\/strong><\/p>\n","protected":false},"featured_media":9827,"template":"","categories":[5],"tags":[],"class_list":["post-9826","noticias","type-noticias","status-publish","has-post-thumbnail","hentry","category-capacitacao-empresarial"],"acf":[],"yoast_head":"<!-- This site is optimized with the Yoast SEO plugin v26.2 - https:\/\/yoast.com\/wordpress\/plugins\/seo\/ -->\n<title>Atualiza\u00e7\u00e3o das normas de SST no eSocial \u00e9 tema de treinamento na FIEMG Regional ZM - FIEMG<\/title>\n<meta name=\"robots\" content=\"index, follow, max-snippet:-1, max-image-preview:large, max-video-preview:-1\" \/>\n<link rel=\"canonical\" href=\"https:\/\/www.fiemg.com.br\/fiemg\/noticias\/fiemg-regional-zona-da-mata-promove-treinamento-sobre-atualizacao-das-normas-de-sst-no-esocial-2\/\" \/>\n<meta property=\"og:locale\" content=\"pt_BR\" \/>\n<meta property=\"og:type\" content=\"article\" \/>\n<meta property=\"og:title\" content=\"Atualiza\u00e7\u00e3o das normas de SST no eSocial \u00e9 tema de treinamento na FIEMG Regional ZM - FIEMG\" \/>\n<meta property=\"og:description\" content=\"A FIEMG Regional Zona da Mata promoveu, nos dias 24 e 25 de setembro, o treinamento \u201ceSocial SST \u2013 Atualiza\u00e7\u00e3o das Normas de Seguran\u00e7a e Sa\u00fade no Trabalho (SST)\u201d, que teve como foco apresentar as novidades trazidas pela Portaria MTE n\u00ba 1.131\/2025. Com carga hor\u00e1ria de 8 horas, o curso foi direcionado a engenheiros, m\u00e9dicos [&hellip;]\" \/>\n<meta property=\"og:url\" content=\"https:\/\/www.fiemg.com.br\/fiemg\/noticias\/fiemg-regional-zona-da-mata-promove-treinamento-sobre-atualizacao-das-normas-de-sst-no-esocial-2\/\" \/>\n<meta property=\"og:site_name\" content=\"FIEMG\" \/>\n<meta property=\"article:modified_time\" content=\"2025-10-03T18:23:01+00:00\" \/>\n<meta property=\"og:image\" content=\"https:\/\/www.fiemg.com.br\/fiemg\/wp-content\/uploads\/sites\/10\/2025\/10\/Treinamento-eSocial-SST-24-09-25-NOVO-1-e1759413551199.jpg\" \/>\n\t<meta property=\"og:image:width\" content=\"660\" \/>\n\t<meta property=\"og:image:height\" content=\"536\" \/>\n\t<meta property=\"og:image:type\" content=\"image\/jpeg\" \/>\n<meta name=\"twitter:card\" content=\"summary_large_image\" \/>\n<meta name=\"twitter:label1\" content=\"Est. tempo de leitura\" \/>\n\t<meta name=\"twitter:data1\" content=\"3 minutos\" \/>\n<script type=\"application\/ld+json\" class=\"yoast-schema-graph\">{\"@context\":\"https:\/\/schema.org\",\"@graph\":[{\"@type\":\"WebPage\",\"@id\":\"https:\/\/www.fiemg.com.br\/fiemg\/noticias\/fiemg-regional-zona-da-mata-promove-treinamento-sobre-atualizacao-das-normas-de-sst-no-esocial-2\/\",\"url\":\"https:\/\/www.fiemg.com.br\/fiemg\/noticias\/fiemg-regional-zona-da-mata-promove-treinamento-sobre-atualizacao-das-normas-de-sst-no-esocial-2\/\",\"name\":\"Atualiza\u00e7\u00e3o das normas de SST no eSocial \u00e9 tema de treinamento na FIEMG Regional ZM - FIEMG\",\"isPartOf\":{\"@id\":\"https:\/\/www.fiemg.com.br\/fiemg\/#website\"},\"primaryImageOfPage\":{\"@id\":\"https:\/\/www.fiemg.com.br\/fiemg\/noticias\/fiemg-regional-zona-da-mata-promove-treinamento-sobre-atualizacao-das-normas-de-sst-no-esocial-2\/#primaryimage\"},\"image\":{\"@id\":\"https:\/\/www.fiemg.com.br\/fiemg\/noticias\/fiemg-regional-zona-da-mata-promove-treinamento-sobre-atualizacao-das-normas-de-sst-no-esocial-2\/#primaryimage\"},\"thumbnailUrl\":\"https:\/\/www.fiemg.com.br\/fiemg\/wp-content\/uploads\/sites\/10\/2025\/10\/Treinamento-eSocial-SST-24-09-25-NOVO-1-e1759413551199.jpg\",\"datePublished\":\"2025-09-29T03:00:00+00:00\",\"dateModified\":\"2025-10-03T18:23:01+00:00\",\"breadcrumb\":{\"@id\":\"https:\/\/www.fiemg.com.br\/fiemg\/noticias\/fiemg-regional-zona-da-mata-promove-treinamento-sobre-atualizacao-das-normas-de-sst-no-esocial-2\/#breadcrumb\"},\"inLanguage\":\"pt-BR\",\"potentialAction\":[{\"@type\":\"ReadAction\",\"target\":[\"https:\/\/www.fiemg.com.br\/fiemg\/noticias\/fiemg-regional-zona-da-mata-promove-treinamento-sobre-atualizacao-das-normas-de-sst-no-esocial-2\/\"]}]},{\"@type\":\"ImageObject\",\"inLanguage\":\"pt-BR\",\"@id\":\"https:\/\/www.fiemg.com.br\/fiemg\/noticias\/fiemg-regional-zona-da-mata-promove-treinamento-sobre-atualizacao-das-normas-de-sst-no-esocial-2\/#primaryimage\",\"url\":\"https:\/\/www.fiemg.com.br\/fiemg\/wp-content\/uploads\/sites\/10\/2025\/10\/Treinamento-eSocial-SST-24-09-25-NOVO-1-e1759413551199.jpg\",\"contentUrl\":\"https:\/\/www.fiemg.com.br\/fiemg\/wp-content\/uploads\/sites\/10\/2025\/10\/Treinamento-eSocial-SST-24-09-25-NOVO-1-e1759413551199.jpg\",\"width\":660,\"height\":536},{\"@type\":\"BreadcrumbList\",\"@id\":\"https:\/\/www.fiemg.com.br\/fiemg\/noticias\/fiemg-regional-zona-da-mata-promove-treinamento-sobre-atualizacao-das-normas-de-sst-no-esocial-2\/#breadcrumb\",\"itemListElement\":[{\"@type\":\"ListItem\",\"position\":1,\"name\":\"In\u00edcio\",\"item\":\"https:\/\/www.fiemg.com.br\/fiemg\/\"},{\"@type\":\"ListItem\",\"position\":2,\"name\":\"Atualiza\u00e7\u00e3o das normas de SST no eSocial \u00e9 tema de treinamento na FIEMG Regional ZM\"}]},{\"@type\":\"WebSite\",\"@id\":\"https:\/\/www.fiemg.com.br\/fiemg\/#website\",\"url\":\"https:\/\/www.fiemg.com.br\/fiemg\/\",\"name\":\"FIEMG\",\"description\":\"Federa\u00e7\u00e3o das Ind\u00fastrias do Estado de Minas Gerais\",\"publisher\":{\"@id\":\"https:\/\/www.fiemg.com.br\/fiemg\/#organization\"},\"potentialAction\":[{\"@type\":\"SearchAction\",\"target\":{\"@type\":\"EntryPoint\",\"urlTemplate\":\"https:\/\/www.fiemg.com.br\/fiemg\/?s={search_term_string}\"},\"query-input\":{\"@type\":\"PropertyValueSpecification\",\"valueRequired\":true,\"valueName\":\"search_term_string\"}}],\"inLanguage\":\"pt-BR\"},{\"@type\":\"Organization\",\"@id\":\"https:\/\/www.fiemg.com.br\/fiemg\/#organization\",\"name\":\"FIEMG\",\"url\":\"https:\/\/www.fiemg.com.br\/fiemg\/\",\"logo\":{\"@type\":\"ImageObject\",\"inLanguage\":\"pt-BR\",\"@id\":\"https:\/\/www.fiemg.com.br\/fiemg\/#\/schema\/logo\/image\/\",\"url\":\"https:\/\/www.fiemg.com.br\/fiemg\/wp-content\/uploads\/sites\/10\/2023\/02\/fiemg_branco.svg\",\"contentUrl\":\"https:\/\/www.fiemg.com.br\/fiemg\/wp-content\/uploads\/sites\/10\/2023\/02\/fiemg_branco.svg\",\"width\":561,\"height\":147,\"caption\":\"FIEMG\"},\"image\":{\"@id\":\"https:\/\/www.fiemg.com.br\/fiemg\/#\/schema\/logo\/image\/\"}}]}<\/script>\n<!-- \/ Yoast SEO plugin. -->","yoast_head_json":{"title":"Atualiza\u00e7\u00e3o das normas de SST no eSocial \u00e9 tema de treinamento na FIEMG Regional ZM - FIEMG","robots":{"index":"index","follow":"follow","max-snippet":"max-snippet:-1","max-image-preview":"max-image-preview:large","max-video-preview":"max-video-preview:-1"},"canonical":"https:\/\/www.fiemg.com.br\/fiemg\/noticias\/fiemg-regional-zona-da-mata-promove-treinamento-sobre-atualizacao-das-normas-de-sst-no-esocial-2\/","og_locale":"pt_BR","og_type":"article","og_title":"Atualiza\u00e7\u00e3o das normas de SST no eSocial \u00e9 tema de treinamento na FIEMG Regional ZM - FIEMG","og_description":"A FIEMG Regional Zona da Mata promoveu, nos dias 24 e 25 de setembro, o treinamento \u201ceSocial SST \u2013 Atualiza\u00e7\u00e3o das Normas de Seguran\u00e7a e Sa\u00fade no Trabalho (SST)\u201d, que teve como foco apresentar as novidades trazidas pela Portaria MTE n\u00ba 1.131\/2025. Com carga hor\u00e1ria de 8 horas, o curso foi direcionado a engenheiros, m\u00e9dicos [&hellip;]","og_url":"https:\/\/www.fiemg.com.br\/fiemg\/noticias\/fiemg-regional-zona-da-mata-promove-treinamento-sobre-atualizacao-das-normas-de-sst-no-esocial-2\/","og_site_name":"FIEMG","article_modified_time":"2025-10-03T18:23:01+00:00","og_image":[{"width":660,"height":536,"url":"https:\/\/www.fiemg.com.br\/fiemg\/wp-content\/uploads\/sites\/10\/2025\/10\/Treinamento-eSocial-SST-24-09-25-NOVO-1-e1759413551199.jpg","type":"image\/jpeg"}],"twitter_card":"summary_large_image","twitter_misc":{"Est. tempo de leitura":"3 minutos"},"schema":{"@context":"https:\/\/schema.org","@graph":[{"@type":"WebPage","@id":"https:\/\/www.fiemg.com.br\/fiemg\/noticias\/fiemg-regional-zona-da-mata-promove-treinamento-sobre-atualizacao-das-normas-de-sst-no-esocial-2\/","url":"https:\/\/www.fiemg.com.br\/fiemg\/noticias\/fiemg-regional-zona-da-mata-promove-treinamento-sobre-atualizacao-das-normas-de-sst-no-esocial-2\/","name":"Atualiza\u00e7\u00e3o das normas de SST no eSocial \u00e9 tema de treinamento na FIEMG Regional ZM - FIEMG","isPartOf":{"@id":"https:\/\/www.fiemg.com.br\/fiemg\/#website"},"primaryImageOfPage":{"@id":"https:\/\/www.fiemg.com.br\/fiemg\/noticias\/fiemg-regional-zona-da-mata-promove-treinamento-sobre-atualizacao-das-normas-de-sst-no-esocial-2\/#primaryimage"},"image":{"@id":"https:\/\/www.fiemg.com.br\/fiemg\/noticias\/fiemg-regional-zona-da-mata-promove-treinamento-sobre-atualizacao-das-normas-de-sst-no-esocial-2\/#primaryimage"},"thumbnailUrl":"https:\/\/www.fiemg.com.br\/fiemg\/wp-content\/uploads\/sites\/10\/2025\/10\/Treinamento-eSocial-SST-24-09-25-NOVO-1-e1759413551199.jpg","datePublished":"2025-09-29T03:00:00+00:00","dateModified":"2025-10-03T18:23:01+00:00","breadcrumb":{"@id":"https:\/\/www.fiemg.com.br\/fiemg\/noticias\/fiemg-regional-zona-da-mata-promove-treinamento-sobre-atualizacao-das-normas-de-sst-no-esocial-2\/#breadcrumb"},"inLanguage":"pt-BR","potentialAction":[{"@type":"ReadAction","target":["https:\/\/www.fiemg.com.br\/fiemg\/noticias\/fiemg-regional-zona-da-mata-promove-treinamento-sobre-atualizacao-das-normas-de-sst-no-esocial-2\/"]}]},{"@type":"ImageObject","inLanguage":"pt-BR","@id":"https:\/\/www.fiemg.com.br\/fiemg\/noticias\/fiemg-regional-zona-da-mata-promove-treinamento-sobre-atualizacao-das-normas-de-sst-no-esocial-2\/#primaryimage","url":"https:\/\/www.fiemg.com.br\/fiemg\/wp-content\/uploads\/sites\/10\/2025\/10\/Treinamento-eSocial-SST-24-09-25-NOVO-1-e1759413551199.jpg","contentUrl":"https:\/\/www.fiemg.com.br\/fiemg\/wp-content\/uploads\/sites\/10\/2025\/10\/Treinamento-eSocial-SST-24-09-25-NOVO-1-e1759413551199.jpg","width":660,"height":536},{"@type":"BreadcrumbList","@id":"https:\/\/www.fiemg.com.br\/fiemg\/noticias\/fiemg-regional-zona-da-mata-promove-treinamento-sobre-atualizacao-das-normas-de-sst-no-esocial-2\/#breadcrumb","itemListElement":[{"@type":"ListItem","position":1,"name":"In\u00edcio","item":"https:\/\/www.fiemg.com.br\/fiemg\/"},{"@type":"ListItem","position":2,"name":"Atualiza\u00e7\u00e3o das normas de SST no eSocial \u00e9 tema de treinamento na FIEMG Regional ZM"}]},{"@type":"WebSite","@id":"https:\/\/www.fiemg.com.br\/fiemg\/#website","url":"https:\/\/www.fiemg.com.br\/fiemg\/","name":"FIEMG","description":"Federa\u00e7\u00e3o das Ind\u00fastrias do Estado de Minas Gerais","publisher":{"@id":"https:\/\/www.fiemg.com.br\/fiemg\/#organization"},"potentialAction":[{"@type":"SearchAction","target":{"@type":"EntryPoint","urlTemplate":"https:\/\/www.fiemg.com.br\/fiemg\/?s={search_term_string}"},"query-input":{"@type":"PropertyValueSpecification","valueRequired":true,"valueName":"search_term_string"}}],"inLanguage":"pt-BR"},{"@type":"Organization","@id":"https:\/\/www.fiemg.com.br\/fiemg\/#organization","name":"FIEMG","url":"https:\/\/www.fiemg.com.br\/fiemg\/","logo":{"@type":"ImageObject","inLanguage":"pt-BR","@id":"https:\/\/www.fiemg.com.br\/fiemg\/#\/schema\/logo\/image\/","url":"https:\/\/www.fiemg.com.br\/fiemg\/wp-content\/uploads\/sites\/10\/2023\/02\/fiemg_branco.svg","contentUrl":"https:\/\/www.fiemg.com.br\/fiemg\/wp-content\/uploads\/sites\/10\/2023\/02\/fiemg_branco.svg","width":561,"height":147,"caption":"FIEMG"},"image":{"@id":"https:\/\/www.fiemg.com.br\/fiemg\/#\/schema\/logo\/image\/"}}]}},"_links":{"self":[{"href":"https:\/\/www.fiemg.com.br\/fiemg\/wp-json\/wp\/v2\/noticias\/9826","targetHints":{"allow":["GET"]}}],"collection":[{"href":"https:\/\/www.fiemg.com.br\/fiemg\/wp-json\/wp\/v2\/noticias"}],"about":[{"href":"https:\/\/www.fiemg.com.br\/fiemg\/wp-json\/wp\/v2\/types\/noticias"}],"wp:featuredmedia":[{"embeddable":true,"href":"https:\/\/www.fiemg.com.br\/fiemg\/wp-json\/wp\/v2\/media\/9827"}],"wp:attachment":[{"href":"https:\/\/www.fiemg.com.br\/fiemg\/wp-json\/wp\/v2\/media?parent=9826"}],"wp:term":[{"taxonomy":"category","embeddable":true,"href":"https:\/\/www.fiemg.com.br\/fiemg\/wp-json\/wp\/v2\/categories?post=9826"},{"taxonomy":"post_tag","embeddable":true,"href":"https:\/\/www.fiemg.com.br\/fiemg\/wp-json\/wp\/v2\/tags?post=9826"}],"curies":[{"name":"wp","href":"https:\/\/api.w.org\/{rel}","templated":true}]}}