{"id":8190,"date":"2025-03-25T11:36:17","date_gmt":"2025-03-25T14:36:17","guid":{"rendered":"https:\/\/www.fiemg.com.br\/fiemg\/fiemg-regional-zona-da-mata-realiza-treinamento-sobre-a-reforma-tributaria\/"},"modified":"2025-03-25T11:36:19","modified_gmt":"2025-03-25T14:36:19","slug":"fiemg-regional-zona-da-mata-realiza-treinamento-sobre-a-reforma-tributaria","status":"publish","type":"post","link":"https:\/\/www.fiemg.com.br\/fiemg\/fiemg-regional-zona-da-mata-realiza-treinamento-sobre-a-reforma-tributaria\/","title":{"rendered":"FIEMG Regional Zona da Mata Realiza Treinamento sobre a Reforma Tribut\u00e1ria"},"content":{"rendered":"\n<p>A FIEMG Regional Zona da Mata realizou, no dia 19 de mar\u00e7o, o treinamento presencial \u201cReforma Tribut\u00e1ria \u2013 1\u00aa Regulamenta\u00e7\u00e3o LC 214\/2025\u201d em sua sede. Com o intuito de capacitar os participantes sobre as principais mudan\u00e7as trazidas pela Reforma Tribut\u00e1ria e seus impactos para empresas e profissionais da \u00e1rea fiscal, o curso abordou os novos tributos, a transi\u00e7\u00e3o do sistema atual e as adequa\u00e7\u00f5es necess\u00e1rias para o cumprimento da nova legisla\u00e7\u00e3o.<\/p>\n\n\n\n<p>Considerada uma das transforma\u00e7\u00f5es mais significativas no cen\u00e1rio econ\u00f4mico brasileiro nos \u00faltimos anos, a Reforma Tribut\u00e1ria, regulamentada pela Lei Complementar 214\/2025, estabelece novas regras para tributa\u00e7\u00e3o, arrecada\u00e7\u00e3o e obriga\u00e7\u00f5es acess\u00f3rias, exigindo adapta\u00e7\u00e3o por parte das empresas e profissionais do setor. A capacita\u00e7\u00e3o foi voltada para gestores empresariais e tribut\u00e1rios, contadores, advogados, estudantes e demais interessados no tema.<\/p>\n\n\n\n<p>Com carga hor\u00e1ria de 4 horas, o treinamento contou com a presen\u00e7a do professor Tyrone Canuto, especialista em legisla\u00e7\u00e3o do ICMS, p\u00f3s-graduado em Direito Tribut\u00e1rio e MBA em Gest\u00e3o Tribut\u00e1ria pela USP. Durante a capacita\u00e7\u00e3o, os participantes abordaram t\u00f3picos essenciais, como: panorama do sistema tribut\u00e1rio atual, principais mudan\u00e7as trazidas pela reforma, institui\u00e7\u00e3o do IVA, tributos criados e extintos, normas gerais do IBS, CBS e IS, identifica\u00e7\u00e3o dos servi\u00e7os sujeitos ao IVA, regras para apura\u00e7\u00e3o de d\u00e9bitos e cr\u00e9ditos tribut\u00e1rios, Split Payment, regimes diferenciados do IBS e CBS, planejamento tribut\u00e1rio, novas obriga\u00e7\u00f5es acess\u00f3rias, per\u00edodo de transi\u00e7\u00e3o e saldos de cr\u00e9ditos de ICMS, PIS e COFINS, e a\u00e7\u00f5es imediatas para contribuintes e contabilidades.<\/p>\n\n\n\n<p>Tyrone Canuto destacou o evidente interesse dos participantes pelo tema. \u201cEstamos lidando com um \u2018novo sistema tribut\u00e1rio\u2019 que impactar\u00e1 todas as empresas do Brasil. Al\u00e9m disso, demandar\u00e1 reformula\u00e7\u00f5es significativas na estrutura dos departamentos de contabilidade. A Reforma Tribut\u00e1ria n\u00e3o \u00e9 uma mudan\u00e7a planejada para o futuro; ela j\u00e1 est\u00e1 em vigor. Estamos a apenas nove meses do prazo para o primeiro pagamento no novo sistema. Por isso, a atualiza\u00e7\u00e3o \u00e9 absolutamente indispens\u00e1vel\u201d, afirmou.<\/p>\n\n\n\n<p>Para o analista em Rela\u00e7\u00f5es Empresariais da FIEMG Regional ZM, Gilmar Peixoto, a capacita\u00e7\u00e3o proporcionou aos participantes a oportunidade de esclarecer d\u00favidas sobre os novos tributos e suas aplica\u00e7\u00f5es no cotidiano das empresas. \u201cA Reforma Tribut\u00e1ria impacta diretamente a rotina das empresas, e treinamentos como esse s\u00e3o fundamentais para uma adapta\u00e7\u00e3o segura e eficiente ao novo cen\u00e1rio fiscal\u201d, afirmou.<\/p>\n\n\n\n<p>Devido \u00e0 alta demanda e ao sucesso do evento, a FIEMG Regional Zona da Mata anunciou a abertura de uma turma extra, que ser\u00e1 realizada no dia 26 de mar\u00e7o, na sede da entidade. \u201cA nova edi\u00e7\u00e3o visa atender os interessados que n\u00e3o conseguiram participar da primeira turma, garantindo mais uma oportunidade para capacita\u00e7\u00e3o e atualiza\u00e7\u00e3o profissional\u201d, ressaltou Gilmar Peixoto.<\/p>\n\n\n\n<p><strong>Turma Extra \u2013 Informa\u00e7\u00f5es Gerais:<\/strong><\/p>\n\n\n\n<p><strong>Data:<\/strong> 26 de mar\u00e7o de 2025<br><strong>Hor\u00e1rio:<\/strong> 8h30 \u00e0s 12h30<br><strong>Local:<\/strong> FIEMG Regional Zona da Mata \u2013 Juiz de Fora\/MG<\/p>\n\n\n\n<p><strong>Investimento:<\/strong> \u2013 R$ 260,00 para associados aos Sindicatos filiados \u00e0 FIEMG<br>\u2013 R$ 290,00 para demais interessados<\/p>\n\n\n\n<p>\u2714 Incluso material did\u00e1tico digital<br>\u2714 Incluso Certificado de Participa\u00e7\u00e3o FIEMG (digital)<br>\u2714 Incluso coffee-break<\/p>\n\n\n\n<p><strong>Mais informa\u00e7\u00f5es e inscri\u00e7\u00f5es:<\/strong><br>FIEMG Regional Zona da Mata<br>\ud83d\udce9 E-mail: <a href=\"mailto:gpeixoto@fiemg.com.br\">gpeixoto@fiemg.com.br<\/a><br>\ud83d\udcde Telefone: (32) 3692-8237<\/p>\n\n\n\n<p>Clique <a href=\"https:\/\/www.fiemg.com.br\/regional-zona-da-mata\/noticias\/fiemg-regional-zm-promove-treinamento-sobre-a-1a-regulamentacao-da-reforma-tributaria-2\/\">AQUI<\/a>, garanta sua vaga e esteja preparado para as mudan\u00e7as tribut\u00e1rias que impactar\u00e3o sua empresa!<\/p>\n\n\n\n<p><em>Graciele Vianna<\/em><br><strong>Imprensa FIEMG<\/strong><\/p>\n\n\n\n<p><\/p>\n","protected":false},"excerpt":{"rendered":"<p>A FIEMG Regional Zona da Mata realizou, no dia 19 de mar\u00e7o, o treinamento presencial \u201cReforma Tribut\u00e1ria \u2013 1\u00aa Regulamenta\u00e7\u00e3o LC 214\/2025\u201d em sua sede. Com o intuito de capacitar os participantes sobre as principais mudan\u00e7as trazidas pela Reforma Tribut\u00e1ria e seus impactos para empresas e profissionais da \u00e1rea fiscal, o curso abordou os novos [&hellip;]<\/p>\n","protected":false},"author":10624,"featured_media":8191,"comment_status":"open","ping_status":"open","sticky":false,"template":"","format":"standard","meta":{"footnotes":""},"categories":[15],"tags":[78,89,1234,1237],"class_list":["post-8190","post","type-post","status-publish","format-standard","has-post-thumbnail","hentry","category-desenvolvimento-industrial","tag-fiemg","tag-reforma-tributaria","tag-treinamento","tag-zona-da-mata"],"acf":[],"yoast_head":"<!-- This site is optimized with the Yoast SEO plugin v26.2 - https:\/\/yoast.com\/wordpress\/plugins\/seo\/ -->\n<title>FIEMG Regional Zona da Mata Realiza Treinamento sobre a Reforma Tribut\u00e1ria - FIEMG<\/title>\n<meta name=\"description\" content=\"Capacita\u00e7\u00e3o abordou as principais mudan\u00e7as tribut\u00e1rias e seus impactos para empresas e profissionais da \u00e1rea fiscal.\" \/>\n<meta name=\"robots\" content=\"index, follow, max-snippet:-1, max-image-preview:large, max-video-preview:-1\" \/>\n<link rel=\"canonical\" href=\"https:\/\/www.fiemg.com.br\/fiemg\/fiemg-regional-zona-da-mata-realiza-treinamento-sobre-a-reforma-tributaria\/\" \/>\n<meta property=\"og:locale\" content=\"pt_BR\" \/>\n<meta property=\"og:type\" content=\"article\" \/>\n<meta property=\"og:title\" content=\"FIEMG Regional Zona da Mata Realiza Treinamento sobre a Reforma Tribut\u00e1ria - FIEMG\" \/>\n<meta property=\"og:description\" content=\"Capacita\u00e7\u00e3o abordou as principais mudan\u00e7as tribut\u00e1rias e seus impactos para empresas e profissionais da \u00e1rea fiscal.\" \/>\n<meta property=\"og:url\" content=\"https:\/\/www.fiemg.com.br\/fiemg\/fiemg-regional-zona-da-mata-realiza-treinamento-sobre-a-reforma-tributaria\/\" \/>\n<meta property=\"og:site_name\" content=\"FIEMG\" \/>\n<meta property=\"article:published_time\" content=\"2025-03-25T14:36:17+00:00\" \/>\n<meta property=\"article:modified_time\" content=\"2025-03-25T14:36:19+00:00\" \/>\n<meta property=\"og:image\" content=\"https:\/\/www.fiemg.com.br\/fiemg\/wp-content\/uploads\/sites\/10\/2025\/03\/Reforma-Tributaria.png\" \/>\n\t<meta property=\"og:image:width\" content=\"512\" \/>\n\t<meta property=\"og:image:height\" content=\"512\" \/>\n\t<meta property=\"og:image:type\" content=\"image\/png\" \/>\n<meta name=\"author\" content=\"Fernanda Melo Dias Borges\" \/>\n<meta name=\"twitter:card\" content=\"summary_large_image\" \/>\n<meta name=\"twitter:label1\" content=\"Escrito por\" \/>\n\t<meta name=\"twitter:data1\" content=\"Fernanda Melo Dias Borges\" \/>\n\t<meta name=\"twitter:label2\" content=\"Est. tempo de leitura\" \/>\n\t<meta name=\"twitter:data2\" content=\"4 minutos\" \/>\n<script type=\"application\/ld+json\" class=\"yoast-schema-graph\">{\"@context\":\"https:\/\/schema.org\",\"@graph\":[{\"@type\":\"Article\",\"@id\":\"https:\/\/www.fiemg.com.br\/fiemg\/fiemg-regional-zona-da-mata-realiza-treinamento-sobre-a-reforma-tributaria\/#article\",\"isPartOf\":{\"@id\":\"https:\/\/www.fiemg.com.br\/fiemg\/fiemg-regional-zona-da-mata-realiza-treinamento-sobre-a-reforma-tributaria\/\"},\"author\":{\"name\":\"Fernanda Melo Dias Borges\",\"@id\":\"https:\/\/www.fiemg.com.br\/fiemg\/#\/schema\/person\/903fc0e92f26587af46078c383139ba2\"},\"headline\":\"FIEMG Regional Zona da Mata Realiza Treinamento sobre a Reforma Tribut\u00e1ria\",\"datePublished\":\"2025-03-25T14:36:17+00:00\",\"dateModified\":\"2025-03-25T14:36:19+00:00\",\"mainEntityOfPage\":{\"@id\":\"https:\/\/www.fiemg.com.br\/fiemg\/fiemg-regional-zona-da-mata-realiza-treinamento-sobre-a-reforma-tributaria\/\"},\"wordCount\":591,\"commentCount\":0,\"publisher\":{\"@id\":\"https:\/\/www.fiemg.com.br\/fiemg\/#organization\"},\"image\":{\"@id\":\"https:\/\/www.fiemg.com.br\/fiemg\/fiemg-regional-zona-da-mata-realiza-treinamento-sobre-a-reforma-tributaria\/#primaryimage\"},\"thumbnailUrl\":\"https:\/\/www.fiemg.com.br\/fiemg\/wp-content\/uploads\/sites\/10\/2025\/03\/Reforma-Tributaria.png\",\"keywords\":[\"FIEMG\",\"reforma tribut\u00e1ria\",\"TREINAMENTO\",\"ZONA DA MATA\"],\"articleSection\":[\"Desenvolvimento Industrial\"],\"inLanguage\":\"pt-BR\",\"potentialAction\":[{\"@type\":\"CommentAction\",\"name\":\"Comment\",\"target\":[\"https:\/\/www.fiemg.com.br\/fiemg\/fiemg-regional-zona-da-mata-realiza-treinamento-sobre-a-reforma-tributaria\/#respond\"]}]},{\"@type\":\"WebPage\",\"@id\":\"https:\/\/www.fiemg.com.br\/fiemg\/fiemg-regional-zona-da-mata-realiza-treinamento-sobre-a-reforma-tributaria\/\",\"url\":\"https:\/\/www.fiemg.com.br\/fiemg\/fiemg-regional-zona-da-mata-realiza-treinamento-sobre-a-reforma-tributaria\/\",\"name\":\"FIEMG Regional Zona da Mata Realiza Treinamento sobre a Reforma Tribut\u00e1ria - FIEMG\",\"isPartOf\":{\"@id\":\"https:\/\/www.fiemg.com.br\/fiemg\/#website\"},\"primaryImageOfPage\":{\"@id\":\"https:\/\/www.fiemg.com.br\/fiemg\/fiemg-regional-zona-da-mata-realiza-treinamento-sobre-a-reforma-tributaria\/#primaryimage\"},\"image\":{\"@id\":\"https:\/\/www.fiemg.com.br\/fiemg\/fiemg-regional-zona-da-mata-realiza-treinamento-sobre-a-reforma-tributaria\/#primaryimage\"},\"thumbnailUrl\":\"https:\/\/www.fiemg.com.br\/fiemg\/wp-content\/uploads\/sites\/10\/2025\/03\/Reforma-Tributaria.png\",\"datePublished\":\"2025-03-25T14:36:17+00:00\",\"dateModified\":\"2025-03-25T14:36:19+00:00\",\"description\":\"Capacita\u00e7\u00e3o abordou as principais mudan\u00e7as tribut\u00e1rias e seus impactos para empresas e profissionais da \u00e1rea fiscal.\",\"breadcrumb\":{\"@id\":\"https:\/\/www.fiemg.com.br\/fiemg\/fiemg-regional-zona-da-mata-realiza-treinamento-sobre-a-reforma-tributaria\/#breadcrumb\"},\"inLanguage\":\"pt-BR\",\"potentialAction\":[{\"@type\":\"ReadAction\",\"target\":[\"https:\/\/www.fiemg.com.br\/fiemg\/fiemg-regional-zona-da-mata-realiza-treinamento-sobre-a-reforma-tributaria\/\"]}]},{\"@type\":\"ImageObject\",\"inLanguage\":\"pt-BR\",\"@id\":\"https:\/\/www.fiemg.com.br\/fiemg\/fiemg-regional-zona-da-mata-realiza-treinamento-sobre-a-reforma-tributaria\/#primaryimage\",\"url\":\"https:\/\/www.fiemg.com.br\/fiemg\/wp-content\/uploads\/sites\/10\/2025\/03\/Reforma-Tributaria.png\",\"contentUrl\":\"https:\/\/www.fiemg.com.br\/fiemg\/wp-content\/uploads\/sites\/10\/2025\/03\/Reforma-Tributaria.png\",\"width\":512,\"height\":512},{\"@type\":\"BreadcrumbList\",\"@id\":\"https:\/\/www.fiemg.com.br\/fiemg\/fiemg-regional-zona-da-mata-realiza-treinamento-sobre-a-reforma-tributaria\/#breadcrumb\",\"itemListElement\":[{\"@type\":\"ListItem\",\"position\":1,\"name\":\"In\u00edcio\",\"item\":\"https:\/\/www.fiemg.com.br\/fiemg\/\"},{\"@type\":\"ListItem\",\"position\":2,\"name\":\"FIEMG Regional Zona da Mata Realiza Treinamento sobre a Reforma Tribut\u00e1ria\"}]},{\"@type\":\"WebSite\",\"@id\":\"https:\/\/www.fiemg.com.br\/fiemg\/#website\",\"url\":\"https:\/\/www.fiemg.com.br\/fiemg\/\",\"name\":\"FIEMG\",\"description\":\"Federa\u00e7\u00e3o das Ind\u00fastrias do Estado de Minas Gerais\",\"publisher\":{\"@id\":\"https:\/\/www.fiemg.com.br\/fiemg\/#organization\"},\"potentialAction\":[{\"@type\":\"SearchAction\",\"target\":{\"@type\":\"EntryPoint\",\"urlTemplate\":\"https:\/\/www.fiemg.com.br\/fiemg\/?s={search_term_string}\"},\"query-input\":{\"@type\":\"PropertyValueSpecification\",\"valueRequired\":true,\"valueName\":\"search_term_string\"}}],\"inLanguage\":\"pt-BR\"},{\"@type\":\"Organization\",\"@id\":\"https:\/\/www.fiemg.com.br\/fiemg\/#organization\",\"name\":\"FIEMG\",\"url\":\"https:\/\/www.fiemg.com.br\/fiemg\/\",\"logo\":{\"@type\":\"ImageObject\",\"inLanguage\":\"pt-BR\",\"@id\":\"https:\/\/www.fiemg.com.br\/fiemg\/#\/schema\/logo\/image\/\",\"url\":\"https:\/\/www.fiemg.com.br\/fiemg\/wp-content\/uploads\/sites\/10\/2023\/02\/fiemg_branco.svg\",\"contentUrl\":\"https:\/\/www.fiemg.com.br\/fiemg\/wp-content\/uploads\/sites\/10\/2023\/02\/fiemg_branco.svg\",\"width\":561,\"height\":147,\"caption\":\"FIEMG\"},\"image\":{\"@id\":\"https:\/\/www.fiemg.com.br\/fiemg\/#\/schema\/logo\/image\/\"}},{\"@type\":\"Person\",\"@id\":\"https:\/\/www.fiemg.com.br\/fiemg\/#\/schema\/person\/903fc0e92f26587af46078c383139ba2\",\"name\":\"Fernanda Melo Dias Borges\",\"image\":{\"@type\":\"ImageObject\",\"inLanguage\":\"pt-BR\",\"@id\":\"https:\/\/www.fiemg.com.br\/fiemg\/#\/schema\/person\/image\/\",\"url\":\"https:\/\/secure.gravatar.com\/avatar\/9dae06c6fcc43f0d74c1d30272f98cf631acf0d7aa5fc56576dedcdfd22a3b48?s=96&d=mm&r=g\",\"contentUrl\":\"https:\/\/secure.gravatar.com\/avatar\/9dae06c6fcc43f0d74c1d30272f98cf631acf0d7aa5fc56576dedcdfd22a3b48?s=96&d=mm&r=g\",\"caption\":\"Fernanda Melo Dias Borges\"},\"url\":\"https:\/\/www.fiemg.com.br\/fiemg\/author\/fernandaborges\/\"}]}<\/script>\n<!-- \/ Yoast SEO plugin. -->","yoast_head_json":{"title":"FIEMG Regional Zona da Mata Realiza Treinamento sobre a Reforma Tribut\u00e1ria - FIEMG","description":"Capacita\u00e7\u00e3o abordou as principais mudan\u00e7as tribut\u00e1rias e seus impactos para empresas e profissionais da \u00e1rea fiscal.","robots":{"index":"index","follow":"follow","max-snippet":"max-snippet:-1","max-image-preview":"max-image-preview:large","max-video-preview":"max-video-preview:-1"},"canonical":"https:\/\/www.fiemg.com.br\/fiemg\/fiemg-regional-zona-da-mata-realiza-treinamento-sobre-a-reforma-tributaria\/","og_locale":"pt_BR","og_type":"article","og_title":"FIEMG Regional Zona da Mata Realiza Treinamento sobre a Reforma Tribut\u00e1ria - FIEMG","og_description":"Capacita\u00e7\u00e3o abordou as principais mudan\u00e7as tribut\u00e1rias e seus impactos para empresas e profissionais da \u00e1rea fiscal.","og_url":"https:\/\/www.fiemg.com.br\/fiemg\/fiemg-regional-zona-da-mata-realiza-treinamento-sobre-a-reforma-tributaria\/","og_site_name":"FIEMG","article_published_time":"2025-03-25T14:36:17+00:00","article_modified_time":"2025-03-25T14:36:19+00:00","og_image":[{"width":512,"height":512,"url":"https:\/\/www.fiemg.com.br\/fiemg\/wp-content\/uploads\/sites\/10\/2025\/03\/Reforma-Tributaria.png","type":"image\/png"}],"author":"Fernanda Melo Dias Borges","twitter_card":"summary_large_image","twitter_misc":{"Escrito por":"Fernanda Melo Dias Borges","Est. tempo de leitura":"4 minutos"},"schema":{"@context":"https:\/\/schema.org","@graph":[{"@type":"Article","@id":"https:\/\/www.fiemg.com.br\/fiemg\/fiemg-regional-zona-da-mata-realiza-treinamento-sobre-a-reforma-tributaria\/#article","isPartOf":{"@id":"https:\/\/www.fiemg.com.br\/fiemg\/fiemg-regional-zona-da-mata-realiza-treinamento-sobre-a-reforma-tributaria\/"},"author":{"name":"Fernanda Melo Dias Borges","@id":"https:\/\/www.fiemg.com.br\/fiemg\/#\/schema\/person\/903fc0e92f26587af46078c383139ba2"},"headline":"FIEMG Regional Zona da Mata Realiza Treinamento sobre a Reforma Tribut\u00e1ria","datePublished":"2025-03-25T14:36:17+00:00","dateModified":"2025-03-25T14:36:19+00:00","mainEntityOfPage":{"@id":"https:\/\/www.fiemg.com.br\/fiemg\/fiemg-regional-zona-da-mata-realiza-treinamento-sobre-a-reforma-tributaria\/"},"wordCount":591,"commentCount":0,"publisher":{"@id":"https:\/\/www.fiemg.com.br\/fiemg\/#organization"},"image":{"@id":"https:\/\/www.fiemg.com.br\/fiemg\/fiemg-regional-zona-da-mata-realiza-treinamento-sobre-a-reforma-tributaria\/#primaryimage"},"thumbnailUrl":"https:\/\/www.fiemg.com.br\/fiemg\/wp-content\/uploads\/sites\/10\/2025\/03\/Reforma-Tributaria.png","keywords":["FIEMG","reforma tribut\u00e1ria","TREINAMENTO","ZONA DA MATA"],"articleSection":["Desenvolvimento Industrial"],"inLanguage":"pt-BR","potentialAction":[{"@type":"CommentAction","name":"Comment","target":["https:\/\/www.fiemg.com.br\/fiemg\/fiemg-regional-zona-da-mata-realiza-treinamento-sobre-a-reforma-tributaria\/#respond"]}]},{"@type":"WebPage","@id":"https:\/\/www.fiemg.com.br\/fiemg\/fiemg-regional-zona-da-mata-realiza-treinamento-sobre-a-reforma-tributaria\/","url":"https:\/\/www.fiemg.com.br\/fiemg\/fiemg-regional-zona-da-mata-realiza-treinamento-sobre-a-reforma-tributaria\/","name":"FIEMG Regional Zona da Mata Realiza Treinamento sobre a Reforma Tribut\u00e1ria - FIEMG","isPartOf":{"@id":"https:\/\/www.fiemg.com.br\/fiemg\/#website"},"primaryImageOfPage":{"@id":"https:\/\/www.fiemg.com.br\/fiemg\/fiemg-regional-zona-da-mata-realiza-treinamento-sobre-a-reforma-tributaria\/#primaryimage"},"image":{"@id":"https:\/\/www.fiemg.com.br\/fiemg\/fiemg-regional-zona-da-mata-realiza-treinamento-sobre-a-reforma-tributaria\/#primaryimage"},"thumbnailUrl":"https:\/\/www.fiemg.com.br\/fiemg\/wp-content\/uploads\/sites\/10\/2025\/03\/Reforma-Tributaria.png","datePublished":"2025-03-25T14:36:17+00:00","dateModified":"2025-03-25T14:36:19+00:00","description":"Capacita\u00e7\u00e3o abordou as principais mudan\u00e7as tribut\u00e1rias e seus impactos para empresas e profissionais da \u00e1rea fiscal.","breadcrumb":{"@id":"https:\/\/www.fiemg.com.br\/fiemg\/fiemg-regional-zona-da-mata-realiza-treinamento-sobre-a-reforma-tributaria\/#breadcrumb"},"inLanguage":"pt-BR","potentialAction":[{"@type":"ReadAction","target":["https:\/\/www.fiemg.com.br\/fiemg\/fiemg-regional-zona-da-mata-realiza-treinamento-sobre-a-reforma-tributaria\/"]}]},{"@type":"ImageObject","inLanguage":"pt-BR","@id":"https:\/\/www.fiemg.com.br\/fiemg\/fiemg-regional-zona-da-mata-realiza-treinamento-sobre-a-reforma-tributaria\/#primaryimage","url":"https:\/\/www.fiemg.com.br\/fiemg\/wp-content\/uploads\/sites\/10\/2025\/03\/Reforma-Tributaria.png","contentUrl":"https:\/\/www.fiemg.com.br\/fiemg\/wp-content\/uploads\/sites\/10\/2025\/03\/Reforma-Tributaria.png","width":512,"height":512},{"@type":"BreadcrumbList","@id":"https:\/\/www.fiemg.com.br\/fiemg\/fiemg-regional-zona-da-mata-realiza-treinamento-sobre-a-reforma-tributaria\/#breadcrumb","itemListElement":[{"@type":"ListItem","position":1,"name":"In\u00edcio","item":"https:\/\/www.fiemg.com.br\/fiemg\/"},{"@type":"ListItem","position":2,"name":"FIEMG Regional Zona da Mata Realiza Treinamento sobre a Reforma Tribut\u00e1ria"}]},{"@type":"WebSite","@id":"https:\/\/www.fiemg.com.br\/fiemg\/#website","url":"https:\/\/www.fiemg.com.br\/fiemg\/","name":"FIEMG","description":"Federa\u00e7\u00e3o das Ind\u00fastrias do Estado de Minas Gerais","publisher":{"@id":"https:\/\/www.fiemg.com.br\/fiemg\/#organization"},"potentialAction":[{"@type":"SearchAction","target":{"@type":"EntryPoint","urlTemplate":"https:\/\/www.fiemg.com.br\/fiemg\/?s={search_term_string}"},"query-input":{"@type":"PropertyValueSpecification","valueRequired":true,"valueName":"search_term_string"}}],"inLanguage":"pt-BR"},{"@type":"Organization","@id":"https:\/\/www.fiemg.com.br\/fiemg\/#organization","name":"FIEMG","url":"https:\/\/www.fiemg.com.br\/fiemg\/","logo":{"@type":"ImageObject","inLanguage":"pt-BR","@id":"https:\/\/www.fiemg.com.br\/fiemg\/#\/schema\/logo\/image\/","url":"https:\/\/www.fiemg.com.br\/fiemg\/wp-content\/uploads\/sites\/10\/2023\/02\/fiemg_branco.svg","contentUrl":"https:\/\/www.fiemg.com.br\/fiemg\/wp-content\/uploads\/sites\/10\/2023\/02\/fiemg_branco.svg","width":561,"height":147,"caption":"FIEMG"},"image":{"@id":"https:\/\/www.fiemg.com.br\/fiemg\/#\/schema\/logo\/image\/"}},{"@type":"Person","@id":"https:\/\/www.fiemg.com.br\/fiemg\/#\/schema\/person\/903fc0e92f26587af46078c383139ba2","name":"Fernanda Melo Dias Borges","image":{"@type":"ImageObject","inLanguage":"pt-BR","@id":"https:\/\/www.fiemg.com.br\/fiemg\/#\/schema\/person\/image\/","url":"https:\/\/secure.gravatar.com\/avatar\/9dae06c6fcc43f0d74c1d30272f98cf631acf0d7aa5fc56576dedcdfd22a3b48?s=96&d=mm&r=g","contentUrl":"https:\/\/secure.gravatar.com\/avatar\/9dae06c6fcc43f0d74c1d30272f98cf631acf0d7aa5fc56576dedcdfd22a3b48?s=96&d=mm&r=g","caption":"Fernanda Melo Dias Borges"},"url":"https:\/\/www.fiemg.com.br\/fiemg\/author\/fernandaborges\/"}]}},"_links":{"self":[{"href":"https:\/\/www.fiemg.com.br\/fiemg\/wp-json\/wp\/v2\/posts\/8190","targetHints":{"allow":["GET"]}}],"collection":[{"href":"https:\/\/www.fiemg.com.br\/fiemg\/wp-json\/wp\/v2\/posts"}],"about":[{"href":"https:\/\/www.fiemg.com.br\/fiemg\/wp-json\/wp\/v2\/types\/post"}],"author":[{"embeddable":true,"href":"https:\/\/www.fiemg.com.br\/fiemg\/wp-json\/wp\/v2\/users\/10624"}],"replies":[{"embeddable":true,"href":"https:\/\/www.fiemg.com.br\/fiemg\/wp-json\/wp\/v2\/comments?post=8190"}],"version-history":[{"count":0,"href":"https:\/\/www.fiemg.com.br\/fiemg\/wp-json\/wp\/v2\/posts\/8190\/revisions"}],"wp:featuredmedia":[{"embeddable":true,"href":"https:\/\/www.fiemg.com.br\/fiemg\/wp-json\/wp\/v2\/media\/8191"}],"wp:attachment":[{"href":"https:\/\/www.fiemg.com.br\/fiemg\/wp-json\/wp\/v2\/media?parent=8190"}],"wp:term":[{"taxonomy":"category","embeddable":true,"href":"https:\/\/www.fiemg.com.br\/fiemg\/wp-json\/wp\/v2\/categories?post=8190"},{"taxonomy":"post_tag","embeddable":true,"href":"https:\/\/www.fiemg.com.br\/fiemg\/wp-json\/wp\/v2\/tags?post=8190"}],"curies":[{"name":"wp","href":"https:\/\/api.w.org\/{rel}","templated":true}]}}