{"id":1510,"date":"2023-06-29T20:45:52","date_gmt":"2023-06-29T20:45:52","guid":{"rendered":"https:\/\/www.fiemg.com.br\/iel\/noticias\/plataforma-gira-fomenta-venda-de-insumos-excedentes-e-conecta-empresarios\/"},"modified":"2023-07-11T21:17:31","modified_gmt":"2023-07-11T21:17:31","slug":"plataforma-gira-fomenta-venda-de-insumos-excedentes-e-conecta-empresarios","status":"publish","type":"noticias","link":"https:\/\/www.fiemg.com.br\/iel\/noticias\/plataforma-gira-fomenta-venda-de-insumos-excedentes-e-conecta-empresarios\/","title":{"rendered":"Plataforma Gira fomenta venda de insumos excedentes e conecta empres\u00e1rios"},"content":{"rendered":"<header class=\"entry-header\"><em id=\"descricao-noticia\">Aderente \u00e0 economia circular, servi\u00e7o \u00e9 resultado de trabalho conjunto entre IEL, SENAI e Sindical\u00e7ados<\/em><\/header>\n<div class=\"share pull-right\">\n<div class=\"addthis_sharing_toolbox\"><\/div>\n<\/div>\n<div class=\"entry-content\">\n<p><a class=\"modal-image cboxElement\" href=\"https:\/\/www.fiemg.com.br\/Cms_Data\/Contents\/central\/Folders\/Noticias\/~contents\/KAW2SY4RAKJEAZ62\/gira_lancamento_interna.jpg\"><img decoding=\"async\" src=\"https:\/\/www.fiemg.com.br\/Assets\/Images\/DynamicImages\/3a09e5969f1deb372446a8e2c80395ab5c3231d0ec5c876dfaa8c9642627a233.jpg\" \/><\/a>Fotos: Sebasti\u00e3o Jacinto J\u00fanior<\/p>\n<p>Uma novidade para o setor de bolsas e cal\u00e7ados de Minas Gerais. Foi lan\u00e7ada nessa quarta-feira (29\/6), na sede da FIEMG, em Belo Horizonte, a plataforma Gira, voltada \u00e0 revenda on-line de insumo excedentes de outras cole\u00e7\u00f5es, como aviamentos, couro e tecidos, em valores acess\u00edveis. A ferramenta j\u00e1 est\u00e1 dispon\u00edvel para acesso no site\u00a0<strong><a href=\"https:\/\/girasustentavel.com.br\/\" target=\"_blank\" rel=\"noopener\">https:\/\/girasustentavel.com.br\/<\/a><\/strong><\/p>\n<p>A plataforma \u00e9 mais um produto da a\u00e7\u00e3o conjunta e planejada do Instituto Euvaldo Lodi (IEL), a partir do Programa FIEMG Competitiva, com o SENAI e o Sindicato da Ind\u00fastria de Cal\u00e7ados (Sindical\u00e7ados). Para o presidente da FIEMG, Fl\u00e1vio Roscoe, o trabalho sin\u00e9rgico envolvendo as institui\u00e7\u00f5es e a entidade empresarial resultou numa ferramenta de fomento \u00e0 economia circular.<\/p>\n<p>\u201cDessa maneira, o material em desuso que poderia gerar passivos ambientais para as ind\u00fastrias pode ser transformando em receitas e oportunidades para as empresas. Toda a economia cresce porque algo que seria desperdi\u00e7ado vira insumo e mat\u00e9ria-prima. Portanto, a FIEMG tem apoiado projetos que tratam da economia circular, melhorando a competitividade da ind\u00fastria\u201d, afirmou o l\u00edder empresarial. Roscoe disse ainda que a plataforma poder ser adapt\u00e1vel para outros segmentos da moda e destacou a import\u00e2ncia da ades\u00e3o dos empres\u00e1rios \u00e0 ferramenta.<\/p>\n<p>&#8220;O projeto nasceu depois do levantamento da dificuldade das empresas em manter estoque de mat\u00e9ria prima e insumos de cole\u00e7\u00f5es passadas paradas\u201d, disse Luiz Barcelos, presidente do Sindical\u00e7ados, ao explicar como surgiu a ideia da plataforma. Barcelos falou tamb\u00e9m sobre a import\u00e2ncia do engajamento dos empres\u00e1rios no projeto para \u201cgerar mais oportunidades de neg\u00f3cios\u201d.<\/p>\n<p>\u201cAp\u00f3s o desenvolvimento das cole\u00e7\u00f5es, a maioria das empresas gera uma grande sobra de mat\u00e9ria-prima em seus estoques. Esse material em desuso acaba se degradando, principalmente couro e tecidos, e, al\u00e9m de ser um passivo financeiro, pode ser um passivo ambiental, pois geralmente o descarte \u00e9 inadequado\u201d, disse Luiz Barcelos.<\/p>\n<p>\u201cConversando com o Sindical\u00e7ados, n\u00f3s entendemos a dor do segmento, que \u00e9 justamente colocar no mercado os materiais que n\u00e3o foram utilizados na linha de produ\u00e7\u00e3o. O FIEMG Competitiva auxilia as empresas na melhoria do ambiente de neg\u00f3cios, desenvolvendo projetos que v\u00e3o desde workshop, capacita\u00e7\u00e3o, consultorias a estudos\u201d, afirmou o gerente de Projetos para a Ind\u00fastria do IEL, Thadeu Chaves Tolentino, quando se referiu \u00e0 parceria com o sindicato no desenvolvimento do servi\u00e7o.<\/p>\n<p>Para aderir \u00e0 plataforma digital, os vendedores e compradores devem fazer um cadastro e seguir o passo a passo no site, que disponibiliza os insumos nas categorias couro, aviamentos e ferragens, tecidos e forros, colas e solventes, formas, solas e sapatos e maquin\u00e1rio e ferramenta. Saiba todas as informa\u00e7\u00f5es em\u00a0<strong><a href=\"https:\/\/girasustentavel.com.br\/\" target=\"_blank\" rel=\"noopener\">https:\/\/girasustentavel.com.br\/<\/a><\/strong>.<\/p>\n<p><img decoding=\"async\" src=\"https:\/\/www.fiemg.com.br\/wp-content\/uploads\/media\/Imagens\/NOTICIAS\/2023\/JUNHO\/gira_lancamento_interna_1.jpg\" alt=\"gira_lancamento_interna_1.jpg\" width=\"700\" \/><\/p>\n<p>Clique\u00a0<strong><a href=\"https:\/\/www.flickr.com\/photos\/sistemafiemg\/albums\/72177720309399730\" target=\"_blank\" rel=\"noopener\">aqui<\/a><\/strong>\u00a0e veja mais fotos<br \/>\n<em><br \/>\nRafael Passos<\/em><br \/>\n<strong>Imprensa FIEMG<\/strong><\/p>\n<\/div>\n","protected":false},"featured_media":1505,"template":"","categories":[15,14],"tags":[],"class_list":["post-1510","noticias","type-noticias","status-publish","has-post-thumbnail","hentry","category-desenvolvimento-industrial","category-noticias"],"acf":[],"yoast_head":"<!-- This site is optimized with the Yoast SEO plugin v26.2 - https:\/\/yoast.com\/wordpress\/plugins\/seo\/ -->\n<title>Plataforma Gira fomenta venda de insumos excedentes e conecta empres\u00e1rios - IEL<\/title>\n<meta name=\"robots\" content=\"index, follow, max-snippet:-1, max-image-preview:large, max-video-preview:-1\" \/>\n<link rel=\"canonical\" href=\"https:\/\/www.fiemg.com.br\/iel\/noticias\/plataforma-gira-fomenta-venda-de-insumos-excedentes-e-conecta-empresarios\/\" \/>\n<meta property=\"og:locale\" content=\"pt_BR\" \/>\n<meta property=\"og:type\" content=\"article\" \/>\n<meta property=\"og:title\" content=\"Plataforma Gira fomenta venda de insumos excedentes e conecta empres\u00e1rios - IEL\" \/>\n<meta property=\"og:description\" content=\"Aderente \u00e0 economia circular, servi\u00e7o \u00e9 resultado de trabalho conjunto entre IEL, SENAI e Sindical\u00e7ados Fotos: Sebasti\u00e3o Jacinto J\u00fanior Uma novidade para o setor de bolsas e cal\u00e7ados de Minas Gerais. Foi lan\u00e7ada nessa quarta-feira (29\/6), na sede da FIEMG, em Belo Horizonte, a plataforma Gira, voltada \u00e0 revenda on-line de insumo excedentes de outras [&hellip;]\" \/>\n<meta property=\"og:url\" content=\"https:\/\/www.fiemg.com.br\/iel\/noticias\/plataforma-gira-fomenta-venda-de-insumos-excedentes-e-conecta-empresarios\/\" \/>\n<meta property=\"og:site_name\" content=\"IEL\" \/>\n<meta property=\"article:modified_time\" content=\"2023-07-11T21:17:31+00:00\" \/>\n<meta property=\"og:image\" content=\"https:\/\/www.fiemg.com.br\/iel\/wp-content\/uploads\/sites\/13\/2023\/07\/3a09e5969f1deb372446a8e2c80395ab5c3231d0ec5c876dfaa8c9642627a233.jpg\" \/>\n\t<meta property=\"og:image:width\" content=\"620\" \/>\n\t<meta property=\"og:image:height\" content=\"240\" \/>\n\t<meta property=\"og:image:type\" content=\"image\/jpeg\" \/>\n<meta name=\"twitter:card\" content=\"summary_large_image\" \/>\n<meta name=\"twitter:label1\" content=\"Est. tempo de leitura\" \/>\n\t<meta name=\"twitter:data1\" content=\"3 minutos\" \/>\n<script type=\"application\/ld+json\" class=\"yoast-schema-graph\">{\"@context\":\"https:\/\/schema.org\",\"@graph\":[{\"@type\":\"WebPage\",\"@id\":\"https:\/\/www.fiemg.com.br\/iel\/noticias\/plataforma-gira-fomenta-venda-de-insumos-excedentes-e-conecta-empresarios\/\",\"url\":\"https:\/\/www.fiemg.com.br\/iel\/noticias\/plataforma-gira-fomenta-venda-de-insumos-excedentes-e-conecta-empresarios\/\",\"name\":\"Plataforma Gira fomenta venda de insumos excedentes e conecta empres\u00e1rios - IEL\",\"isPartOf\":{\"@id\":\"https:\/\/www.fiemg.com.br\/iel\/#website\"},\"primaryImageOfPage\":{\"@id\":\"https:\/\/www.fiemg.com.br\/iel\/noticias\/plataforma-gira-fomenta-venda-de-insumos-excedentes-e-conecta-empresarios\/#primaryimage\"},\"image\":{\"@id\":\"https:\/\/www.fiemg.com.br\/iel\/noticias\/plataforma-gira-fomenta-venda-de-insumos-excedentes-e-conecta-empresarios\/#primaryimage\"},\"thumbnailUrl\":\"https:\/\/www.fiemg.com.br\/iel\/wp-content\/uploads\/sites\/13\/2023\/07\/3a09e5969f1deb372446a8e2c80395ab5c3231d0ec5c876dfaa8c9642627a233.jpg\",\"datePublished\":\"2023-06-29T20:45:52+00:00\",\"dateModified\":\"2023-07-11T21:17:31+00:00\",\"breadcrumb\":{\"@id\":\"https:\/\/www.fiemg.com.br\/iel\/noticias\/plataforma-gira-fomenta-venda-de-insumos-excedentes-e-conecta-empresarios\/#breadcrumb\"},\"inLanguage\":\"pt-BR\",\"potentialAction\":[{\"@type\":\"ReadAction\",\"target\":[\"https:\/\/www.fiemg.com.br\/iel\/noticias\/plataforma-gira-fomenta-venda-de-insumos-excedentes-e-conecta-empresarios\/\"]}]},{\"@type\":\"ImageObject\",\"inLanguage\":\"pt-BR\",\"@id\":\"https:\/\/www.fiemg.com.br\/iel\/noticias\/plataforma-gira-fomenta-venda-de-insumos-excedentes-e-conecta-empresarios\/#primaryimage\",\"url\":\"https:\/\/www.fiemg.com.br\/iel\/wp-content\/uploads\/sites\/13\/2023\/07\/3a09e5969f1deb372446a8e2c80395ab5c3231d0ec5c876dfaa8c9642627a233.jpg\",\"contentUrl\":\"https:\/\/www.fiemg.com.br\/iel\/wp-content\/uploads\/sites\/13\/2023\/07\/3a09e5969f1deb372446a8e2c80395ab5c3231d0ec5c876dfaa8c9642627a233.jpg\",\"width\":620,\"height\":240},{\"@type\":\"BreadcrumbList\",\"@id\":\"https:\/\/www.fiemg.com.br\/iel\/noticias\/plataforma-gira-fomenta-venda-de-insumos-excedentes-e-conecta-empresarios\/#breadcrumb\",\"itemListElement\":[{\"@type\":\"ListItem\",\"position\":1,\"name\":\"In\u00edcio\",\"item\":\"https:\/\/www.fiemg.com.br\/iel\/\"},{\"@type\":\"ListItem\",\"position\":2,\"name\":\"Plataforma Gira fomenta venda de insumos excedentes e conecta empres\u00e1rios\"}]},{\"@type\":\"WebSite\",\"@id\":\"https:\/\/www.fiemg.com.br\/iel\/#website\",\"url\":\"https:\/\/www.fiemg.com.br\/iel\/\",\"name\":\"IEL\",\"description\":\"Federa\u00e7\u00e3o das Ind\u00fastrias do Estado de Minas Gerais\",\"publisher\":{\"@id\":\"https:\/\/www.fiemg.com.br\/iel\/#organization\"},\"potentialAction\":[{\"@type\":\"SearchAction\",\"target\":{\"@type\":\"EntryPoint\",\"urlTemplate\":\"https:\/\/www.fiemg.com.br\/iel\/?s={search_term_string}\"},\"query-input\":{\"@type\":\"PropertyValueSpecification\",\"valueRequired\":true,\"valueName\":\"search_term_string\"}}],\"inLanguage\":\"pt-BR\"},{\"@type\":\"Organization\",\"@id\":\"https:\/\/www.fiemg.com.br\/iel\/#organization\",\"name\":\"IEL\",\"url\":\"https:\/\/www.fiemg.com.br\/iel\/\",\"logo\":{\"@type\":\"ImageObject\",\"inLanguage\":\"pt-BR\",\"@id\":\"https:\/\/www.fiemg.com.br\/iel\/#\/schema\/logo\/image\/\",\"url\":\"https:\/\/www.fiemg.com.br\/iel\/wp-content\/uploads\/sites\/13\/2023\/02\/IEL_branco.svg\",\"contentUrl\":\"https:\/\/www.fiemg.com.br\/iel\/wp-content\/uploads\/sites\/13\/2023\/02\/IEL_branco.svg\",\"width\":103,\"height\":59,\"caption\":\"IEL\"},\"image\":{\"@id\":\"https:\/\/www.fiemg.com.br\/iel\/#\/schema\/logo\/image\/\"}}]}<\/script>\n<!-- \/ Yoast SEO plugin. -->","yoast_head_json":{"title":"Plataforma Gira fomenta venda de insumos excedentes e conecta empres\u00e1rios - IEL","robots":{"index":"index","follow":"follow","max-snippet":"max-snippet:-1","max-image-preview":"max-image-preview:large","max-video-preview":"max-video-preview:-1"},"canonical":"https:\/\/www.fiemg.com.br\/iel\/noticias\/plataforma-gira-fomenta-venda-de-insumos-excedentes-e-conecta-empresarios\/","og_locale":"pt_BR","og_type":"article","og_title":"Plataforma Gira fomenta venda de insumos excedentes e conecta empres\u00e1rios - IEL","og_description":"Aderente \u00e0 economia circular, servi\u00e7o \u00e9 resultado de trabalho conjunto entre IEL, SENAI e Sindical\u00e7ados Fotos: Sebasti\u00e3o Jacinto J\u00fanior Uma novidade para o setor de bolsas e cal\u00e7ados de Minas Gerais. Foi lan\u00e7ada nessa quarta-feira (29\/6), na sede da FIEMG, em Belo Horizonte, a plataforma Gira, voltada \u00e0 revenda on-line de insumo excedentes de outras [&hellip;]","og_url":"https:\/\/www.fiemg.com.br\/iel\/noticias\/plataforma-gira-fomenta-venda-de-insumos-excedentes-e-conecta-empresarios\/","og_site_name":"IEL","article_modified_time":"2023-07-11T21:17:31+00:00","og_image":[{"width":620,"height":240,"url":"https:\/\/www.fiemg.com.br\/iel\/wp-content\/uploads\/sites\/13\/2023\/07\/3a09e5969f1deb372446a8e2c80395ab5c3231d0ec5c876dfaa8c9642627a233.jpg","type":"image\/jpeg"}],"twitter_card":"summary_large_image","twitter_misc":{"Est. tempo de leitura":"3 minutos"},"schema":{"@context":"https:\/\/schema.org","@graph":[{"@type":"WebPage","@id":"https:\/\/www.fiemg.com.br\/iel\/noticias\/plataforma-gira-fomenta-venda-de-insumos-excedentes-e-conecta-empresarios\/","url":"https:\/\/www.fiemg.com.br\/iel\/noticias\/plataforma-gira-fomenta-venda-de-insumos-excedentes-e-conecta-empresarios\/","name":"Plataforma Gira fomenta venda de insumos excedentes e conecta empres\u00e1rios - IEL","isPartOf":{"@id":"https:\/\/www.fiemg.com.br\/iel\/#website"},"primaryImageOfPage":{"@id":"https:\/\/www.fiemg.com.br\/iel\/noticias\/plataforma-gira-fomenta-venda-de-insumos-excedentes-e-conecta-empresarios\/#primaryimage"},"image":{"@id":"https:\/\/www.fiemg.com.br\/iel\/noticias\/plataforma-gira-fomenta-venda-de-insumos-excedentes-e-conecta-empresarios\/#primaryimage"},"thumbnailUrl":"https:\/\/www.fiemg.com.br\/iel\/wp-content\/uploads\/sites\/13\/2023\/07\/3a09e5969f1deb372446a8e2c80395ab5c3231d0ec5c876dfaa8c9642627a233.jpg","datePublished":"2023-06-29T20:45:52+00:00","dateModified":"2023-07-11T21:17:31+00:00","breadcrumb":{"@id":"https:\/\/www.fiemg.com.br\/iel\/noticias\/plataforma-gira-fomenta-venda-de-insumos-excedentes-e-conecta-empresarios\/#breadcrumb"},"inLanguage":"pt-BR","potentialAction":[{"@type":"ReadAction","target":["https:\/\/www.fiemg.com.br\/iel\/noticias\/plataforma-gira-fomenta-venda-de-insumos-excedentes-e-conecta-empresarios\/"]}]},{"@type":"ImageObject","inLanguage":"pt-BR","@id":"https:\/\/www.fiemg.com.br\/iel\/noticias\/plataforma-gira-fomenta-venda-de-insumos-excedentes-e-conecta-empresarios\/#primaryimage","url":"https:\/\/www.fiemg.com.br\/iel\/wp-content\/uploads\/sites\/13\/2023\/07\/3a09e5969f1deb372446a8e2c80395ab5c3231d0ec5c876dfaa8c9642627a233.jpg","contentUrl":"https:\/\/www.fiemg.com.br\/iel\/wp-content\/uploads\/sites\/13\/2023\/07\/3a09e5969f1deb372446a8e2c80395ab5c3231d0ec5c876dfaa8c9642627a233.jpg","width":620,"height":240},{"@type":"BreadcrumbList","@id":"https:\/\/www.fiemg.com.br\/iel\/noticias\/plataforma-gira-fomenta-venda-de-insumos-excedentes-e-conecta-empresarios\/#breadcrumb","itemListElement":[{"@type":"ListItem","position":1,"name":"In\u00edcio","item":"https:\/\/www.fiemg.com.br\/iel\/"},{"@type":"ListItem","position":2,"name":"Plataforma Gira fomenta venda de insumos excedentes e conecta empres\u00e1rios"}]},{"@type":"WebSite","@id":"https:\/\/www.fiemg.com.br\/iel\/#website","url":"https:\/\/www.fiemg.com.br\/iel\/","name":"IEL","description":"Federa\u00e7\u00e3o das Ind\u00fastrias do Estado de Minas Gerais","publisher":{"@id":"https:\/\/www.fiemg.com.br\/iel\/#organization"},"potentialAction":[{"@type":"SearchAction","target":{"@type":"EntryPoint","urlTemplate":"https:\/\/www.fiemg.com.br\/iel\/?s={search_term_string}"},"query-input":{"@type":"PropertyValueSpecification","valueRequired":true,"valueName":"search_term_string"}}],"inLanguage":"pt-BR"},{"@type":"Organization","@id":"https:\/\/www.fiemg.com.br\/iel\/#organization","name":"IEL","url":"https:\/\/www.fiemg.com.br\/iel\/","logo":{"@type":"ImageObject","inLanguage":"pt-BR","@id":"https:\/\/www.fiemg.com.br\/iel\/#\/schema\/logo\/image\/","url":"https:\/\/www.fiemg.com.br\/iel\/wp-content\/uploads\/sites\/13\/2023\/02\/IEL_branco.svg","contentUrl":"https:\/\/www.fiemg.com.br\/iel\/wp-content\/uploads\/sites\/13\/2023\/02\/IEL_branco.svg","width":103,"height":59,"caption":"IEL"},"image":{"@id":"https:\/\/www.fiemg.com.br\/iel\/#\/schema\/logo\/image\/"}}]}},"_links":{"self":[{"href":"https:\/\/www.fiemg.com.br\/iel\/wp-json\/wp\/v2\/noticias\/1510","targetHints":{"allow":["GET"]}}],"collection":[{"href":"https:\/\/www.fiemg.com.br\/iel\/wp-json\/wp\/v2\/noticias"}],"about":[{"href":"https:\/\/www.fiemg.com.br\/iel\/wp-json\/wp\/v2\/types\/noticias"}],"wp:featuredmedia":[{"embeddable":true,"href":"https:\/\/www.fiemg.com.br\/iel\/wp-json\/wp\/v2\/media\/1505"}],"wp:attachment":[{"href":"https:\/\/www.fiemg.com.br\/iel\/wp-json\/wp\/v2\/media?parent=1510"}],"wp:term":[{"taxonomy":"category","embeddable":true,"href":"https:\/\/www.fiemg.com.br\/iel\/wp-json\/wp\/v2\/categories?post=1510"},{"taxonomy":"post_tag","embeddable":true,"href":"https:\/\/www.fiemg.com.br\/iel\/wp-json\/wp\/v2\/tags?post=1510"}],"curies":[{"name":"wp","href":"https:\/\/api.w.org\/{rel}","templated":true}]}}