{"id":1514,"date":"2023-07-05T21:00:07","date_gmt":"2023-07-05T21:00:07","guid":{"rendered":"https:\/\/www.fiemg.com.br\/iel\/noticias\/participantes-do-peiex-detalham-beneficios-do-programa-em-reuniao-na-fiemg\/"},"modified":"2023-07-11T21:01:27","modified_gmt":"2023-07-11T21:01:27","slug":"participantes-do-peiex-detalham-beneficios-do-programa-em-reuniao-na-fiemg","status":"publish","type":"noticias","link":"https:\/\/www.fiemg.com.br\/iel\/noticias\/participantes-do-peiex-detalham-beneficios-do-programa-em-reuniao-na-fiemg\/","title":{"rendered":"Participantes do PEIEX detalham benef\u00edcios do programa em reuni\u00e3o na FIEMG"},"content":{"rendered":"<header class=\"entry-header\"><em id=\"descricao-noticia\">Conv\u00eanio entre a Federa\u00e7\u00e3o das Ind\u00fastrias de Minas Gerais e a Apex-Brasil tamb\u00e9m foi pauta do encontro<\/em><\/header>\n<div class=\"share pull-right\">\n<div class=\"addthis_sharing_toolbox\"><\/div>\n<\/div>\n<div class=\"entry-content\"><a class=\"modal-image cboxElement\" href=\"https:\/\/www.fiemg.com.br\/Cms_Data\/Contents\/central\/Folders\/Noticias\/~contents\/DRE2SAS2QF7L7Q32\/apex-banner.jpg\"><img decoding=\"async\" src=\"https:\/\/www.fiemg.com.br\/Assets\/Images\/DynamicImages\/71c262a2fb69594886636b9ae978a1e1b7ec9dba18e9799bc01cb7fbcfe115aa.jpg\" \/><\/a>Foto: Sebasti\u00e3o Jacinto J\u00fanior<\/p>\n<p>Empres\u00e1rios de diferentes setores estiveram nesta quarta-feira (5\/7) na sede da FIEMG, em Belo Horizonte, onde participaram de uma reuni\u00e3o da\u00a0<strong>Ag\u00eancia Brasileira de Promo\u00e7\u00e3o de Exporta\u00e7\u00f5es e Investimentos (Apex-Brasil)<\/strong>. Em pauta, o\u00a0<strong>Programa de Qualifica\u00e7\u00e3o para Exporta\u00e7\u00e3o (PEIEX)<\/strong>, operacionalizado pela entidade em parceria com o\u00a0<strong>Centro Internacional de Neg\u00f3cios (CIN)<\/strong>\u00a0da Federa\u00e7\u00e3o das Ind\u00fastrias de MG.<\/p>\n<p>Rebecca Macedo, gerente do CIN, destaca que em 15 anos de parceria entre a FIEMG e a Apex-Brasil, cerca de\u00a0<strong>5 mil empresas<\/strong>\u00a0foram qualificadas no estado. Ela lembra que o principal objetivo do Centro Internacional de Neg\u00f3cios da Federa\u00e7\u00e3o \u00e9 apoiar o\u00a0<strong>processo de internacionaliza\u00e7\u00e3o da ind\u00fastria mineira<\/strong>. O CIN tamb\u00e9m oferece assessoria e orienta\u00e7\u00e3o \u00e0s empresas que buscam alternativas e oportunidades de exporta\u00e7\u00e3o, obten\u00e7\u00e3o de tecnologias, novos neg\u00f3cios, investimentos, forma\u00e7\u00e3o de parcerias, etc.<\/p>\n<p><img decoding=\"async\" src=\"https:\/\/www.fiemg.com.br\/wp-content\/uploads\/media\/ALVIMAR\/53024961770_991c9c0466_c.jpg\" alt=\"53024961770_991c9c0466_c.jpg\" width=\"500\" \/><\/p>\n<p>Alexandre Mello, presidente do Conselho de Rela\u00e7\u00f5es Internacionais da FIEMG, e Jorge Viana, presidente da Apex-Brasil, tamb\u00e9m participaram do encontro. Eles ressaltaram a necessidade de\u00a0<strong>fortalecer o fluxo de exporta\u00e7\u00f5es do Brasil<\/strong>\u00a0nos pr\u00f3ximos meses. Al\u00e9m disso, empres\u00e1rios qualificados pelo PEIEX apresentaram os resultados obtidos ap\u00f3s a capacita\u00e7\u00e3o. Estiveram presentes representantes da Fral\u00eda Cacau Brasil, FabNS e Doimo Brasil.<\/p>\n<p>Clique\u00a0<a href=\"https:\/\/www.flickr.com\/photos\/sistemafiemg\/sets\/72177720309555660\/\" target=\"_blank\" rel=\"noopener\">aqui<\/a>\u00a0e confira mais fotos da reuni\u00e3o.<\/p>\n<p>&nbsp;<\/p>\n<p><em>Caio T\u00e1rcia<\/em><br \/>\n<strong>Imprensa FIEMG<\/strong><\/p>\n<\/div>\n","protected":false},"featured_media":1507,"template":"","categories":[22,14],"tags":[],"class_list":["post-1514","noticias","type-noticias","status-publish","has-post-thumbnail","hentry","category-negocios-internacionais","category-noticias"],"acf":[],"yoast_head":"<!-- This site is optimized with the Yoast SEO plugin v26.2 - https:\/\/yoast.com\/wordpress\/plugins\/seo\/ -->\n<title>Participantes do PEIEX detalham benef\u00edcios do programa em reuni\u00e3o na FIEMG - IEL<\/title>\n<meta name=\"robots\" content=\"index, follow, max-snippet:-1, max-image-preview:large, max-video-preview:-1\" \/>\n<link rel=\"canonical\" href=\"https:\/\/www.fiemg.com.br\/iel\/noticias\/participantes-do-peiex-detalham-beneficios-do-programa-em-reuniao-na-fiemg\/\" \/>\n<meta property=\"og:locale\" content=\"pt_BR\" \/>\n<meta property=\"og:type\" content=\"article\" \/>\n<meta property=\"og:title\" content=\"Participantes do PEIEX detalham benef\u00edcios do programa em reuni\u00e3o na FIEMG - IEL\" \/>\n<meta property=\"og:description\" content=\"Conv\u00eanio entre a Federa\u00e7\u00e3o das Ind\u00fastrias de Minas Gerais e a Apex-Brasil tamb\u00e9m foi pauta do encontro Foto: Sebasti\u00e3o Jacinto J\u00fanior Empres\u00e1rios de diferentes setores estiveram nesta quarta-feira (5\/7) na sede da FIEMG, em Belo Horizonte, onde participaram de uma reuni\u00e3o da\u00a0Ag\u00eancia Brasileira de Promo\u00e7\u00e3o de Exporta\u00e7\u00f5es e Investimentos (Apex-Brasil). Em pauta, o\u00a0Programa de Qualifica\u00e7\u00e3o [&hellip;]\" \/>\n<meta property=\"og:url\" content=\"https:\/\/www.fiemg.com.br\/iel\/noticias\/participantes-do-peiex-detalham-beneficios-do-programa-em-reuniao-na-fiemg\/\" \/>\n<meta property=\"og:site_name\" content=\"IEL\" \/>\n<meta property=\"article:modified_time\" content=\"2023-07-11T21:01:27+00:00\" \/>\n<meta property=\"og:image\" content=\"https:\/\/www.fiemg.com.br\/iel\/wp-content\/uploads\/sites\/13\/2023\/07\/71c262a2fb69594886636b9ae978a1e1b7ec9dba18e9799bc01cb7fbcfe115aa.jpg\" \/>\n\t<meta property=\"og:image:width\" content=\"620\" \/>\n\t<meta property=\"og:image:height\" content=\"240\" \/>\n\t<meta property=\"og:image:type\" content=\"image\/jpeg\" \/>\n<meta name=\"twitter:card\" content=\"summary_large_image\" \/>\n<meta name=\"twitter:label1\" content=\"Est. tempo de leitura\" \/>\n\t<meta name=\"twitter:data1\" content=\"2 minutos\" \/>\n<script type=\"application\/ld+json\" class=\"yoast-schema-graph\">{\"@context\":\"https:\/\/schema.org\",\"@graph\":[{\"@type\":\"WebPage\",\"@id\":\"https:\/\/www.fiemg.com.br\/iel\/noticias\/participantes-do-peiex-detalham-beneficios-do-programa-em-reuniao-na-fiemg\/\",\"url\":\"https:\/\/www.fiemg.com.br\/iel\/noticias\/participantes-do-peiex-detalham-beneficios-do-programa-em-reuniao-na-fiemg\/\",\"name\":\"Participantes do PEIEX detalham benef\u00edcios do programa em reuni\u00e3o na FIEMG - IEL\",\"isPartOf\":{\"@id\":\"https:\/\/www.fiemg.com.br\/iel\/#website\"},\"primaryImageOfPage\":{\"@id\":\"https:\/\/www.fiemg.com.br\/iel\/noticias\/participantes-do-peiex-detalham-beneficios-do-programa-em-reuniao-na-fiemg\/#primaryimage\"},\"image\":{\"@id\":\"https:\/\/www.fiemg.com.br\/iel\/noticias\/participantes-do-peiex-detalham-beneficios-do-programa-em-reuniao-na-fiemg\/#primaryimage\"},\"thumbnailUrl\":\"https:\/\/www.fiemg.com.br\/iel\/wp-content\/uploads\/sites\/13\/2023\/07\/71c262a2fb69594886636b9ae978a1e1b7ec9dba18e9799bc01cb7fbcfe115aa.jpg\",\"datePublished\":\"2023-07-05T21:00:07+00:00\",\"dateModified\":\"2023-07-11T21:01:27+00:00\",\"breadcrumb\":{\"@id\":\"https:\/\/www.fiemg.com.br\/iel\/noticias\/participantes-do-peiex-detalham-beneficios-do-programa-em-reuniao-na-fiemg\/#breadcrumb\"},\"inLanguage\":\"pt-BR\",\"potentialAction\":[{\"@type\":\"ReadAction\",\"target\":[\"https:\/\/www.fiemg.com.br\/iel\/noticias\/participantes-do-peiex-detalham-beneficios-do-programa-em-reuniao-na-fiemg\/\"]}]},{\"@type\":\"ImageObject\",\"inLanguage\":\"pt-BR\",\"@id\":\"https:\/\/www.fiemg.com.br\/iel\/noticias\/participantes-do-peiex-detalham-beneficios-do-programa-em-reuniao-na-fiemg\/#primaryimage\",\"url\":\"https:\/\/www.fiemg.com.br\/iel\/wp-content\/uploads\/sites\/13\/2023\/07\/71c262a2fb69594886636b9ae978a1e1b7ec9dba18e9799bc01cb7fbcfe115aa.jpg\",\"contentUrl\":\"https:\/\/www.fiemg.com.br\/iel\/wp-content\/uploads\/sites\/13\/2023\/07\/71c262a2fb69594886636b9ae978a1e1b7ec9dba18e9799bc01cb7fbcfe115aa.jpg\",\"width\":620,\"height\":240},{\"@type\":\"BreadcrumbList\",\"@id\":\"https:\/\/www.fiemg.com.br\/iel\/noticias\/participantes-do-peiex-detalham-beneficios-do-programa-em-reuniao-na-fiemg\/#breadcrumb\",\"itemListElement\":[{\"@type\":\"ListItem\",\"position\":1,\"name\":\"In\u00edcio\",\"item\":\"https:\/\/www.fiemg.com.br\/iel\/\"},{\"@type\":\"ListItem\",\"position\":2,\"name\":\"Participantes do PEIEX detalham benef\u00edcios do programa em reuni\u00e3o na FIEMG\"}]},{\"@type\":\"WebSite\",\"@id\":\"https:\/\/www.fiemg.com.br\/iel\/#website\",\"url\":\"https:\/\/www.fiemg.com.br\/iel\/\",\"name\":\"IEL\",\"description\":\"Federa\u00e7\u00e3o das Ind\u00fastrias do Estado de Minas Gerais\",\"publisher\":{\"@id\":\"https:\/\/www.fiemg.com.br\/iel\/#organization\"},\"potentialAction\":[{\"@type\":\"SearchAction\",\"target\":{\"@type\":\"EntryPoint\",\"urlTemplate\":\"https:\/\/www.fiemg.com.br\/iel\/?s={search_term_string}\"},\"query-input\":{\"@type\":\"PropertyValueSpecification\",\"valueRequired\":true,\"valueName\":\"search_term_string\"}}],\"inLanguage\":\"pt-BR\"},{\"@type\":\"Organization\",\"@id\":\"https:\/\/www.fiemg.com.br\/iel\/#organization\",\"name\":\"IEL\",\"url\":\"https:\/\/www.fiemg.com.br\/iel\/\",\"logo\":{\"@type\":\"ImageObject\",\"inLanguage\":\"pt-BR\",\"@id\":\"https:\/\/www.fiemg.com.br\/iel\/#\/schema\/logo\/image\/\",\"url\":\"https:\/\/www.fiemg.com.br\/iel\/wp-content\/uploads\/sites\/13\/2023\/02\/IEL_branco.svg\",\"contentUrl\":\"https:\/\/www.fiemg.com.br\/iel\/wp-content\/uploads\/sites\/13\/2023\/02\/IEL_branco.svg\",\"width\":103,\"height\":59,\"caption\":\"IEL\"},\"image\":{\"@id\":\"https:\/\/www.fiemg.com.br\/iel\/#\/schema\/logo\/image\/\"}}]}<\/script>\n<!-- \/ Yoast SEO plugin. -->","yoast_head_json":{"title":"Participantes do PEIEX detalham benef\u00edcios do programa em reuni\u00e3o na FIEMG - IEL","robots":{"index":"index","follow":"follow","max-snippet":"max-snippet:-1","max-image-preview":"max-image-preview:large","max-video-preview":"max-video-preview:-1"},"canonical":"https:\/\/www.fiemg.com.br\/iel\/noticias\/participantes-do-peiex-detalham-beneficios-do-programa-em-reuniao-na-fiemg\/","og_locale":"pt_BR","og_type":"article","og_title":"Participantes do PEIEX detalham benef\u00edcios do programa em reuni\u00e3o na FIEMG - IEL","og_description":"Conv\u00eanio entre a Federa\u00e7\u00e3o das Ind\u00fastrias de Minas Gerais e a Apex-Brasil tamb\u00e9m foi pauta do encontro Foto: Sebasti\u00e3o Jacinto J\u00fanior Empres\u00e1rios de diferentes setores estiveram nesta quarta-feira (5\/7) na sede da FIEMG, em Belo Horizonte, onde participaram de uma reuni\u00e3o da\u00a0Ag\u00eancia Brasileira de Promo\u00e7\u00e3o de Exporta\u00e7\u00f5es e Investimentos (Apex-Brasil). Em pauta, o\u00a0Programa de Qualifica\u00e7\u00e3o [&hellip;]","og_url":"https:\/\/www.fiemg.com.br\/iel\/noticias\/participantes-do-peiex-detalham-beneficios-do-programa-em-reuniao-na-fiemg\/","og_site_name":"IEL","article_modified_time":"2023-07-11T21:01:27+00:00","og_image":[{"width":620,"height":240,"url":"https:\/\/www.fiemg.com.br\/iel\/wp-content\/uploads\/sites\/13\/2023\/07\/71c262a2fb69594886636b9ae978a1e1b7ec9dba18e9799bc01cb7fbcfe115aa.jpg","type":"image\/jpeg"}],"twitter_card":"summary_large_image","twitter_misc":{"Est. tempo de leitura":"2 minutos"},"schema":{"@context":"https:\/\/schema.org","@graph":[{"@type":"WebPage","@id":"https:\/\/www.fiemg.com.br\/iel\/noticias\/participantes-do-peiex-detalham-beneficios-do-programa-em-reuniao-na-fiemg\/","url":"https:\/\/www.fiemg.com.br\/iel\/noticias\/participantes-do-peiex-detalham-beneficios-do-programa-em-reuniao-na-fiemg\/","name":"Participantes do PEIEX detalham benef\u00edcios do programa em reuni\u00e3o na FIEMG - IEL","isPartOf":{"@id":"https:\/\/www.fiemg.com.br\/iel\/#website"},"primaryImageOfPage":{"@id":"https:\/\/www.fiemg.com.br\/iel\/noticias\/participantes-do-peiex-detalham-beneficios-do-programa-em-reuniao-na-fiemg\/#primaryimage"},"image":{"@id":"https:\/\/www.fiemg.com.br\/iel\/noticias\/participantes-do-peiex-detalham-beneficios-do-programa-em-reuniao-na-fiemg\/#primaryimage"},"thumbnailUrl":"https:\/\/www.fiemg.com.br\/iel\/wp-content\/uploads\/sites\/13\/2023\/07\/71c262a2fb69594886636b9ae978a1e1b7ec9dba18e9799bc01cb7fbcfe115aa.jpg","datePublished":"2023-07-05T21:00:07+00:00","dateModified":"2023-07-11T21:01:27+00:00","breadcrumb":{"@id":"https:\/\/www.fiemg.com.br\/iel\/noticias\/participantes-do-peiex-detalham-beneficios-do-programa-em-reuniao-na-fiemg\/#breadcrumb"},"inLanguage":"pt-BR","potentialAction":[{"@type":"ReadAction","target":["https:\/\/www.fiemg.com.br\/iel\/noticias\/participantes-do-peiex-detalham-beneficios-do-programa-em-reuniao-na-fiemg\/"]}]},{"@type":"ImageObject","inLanguage":"pt-BR","@id":"https:\/\/www.fiemg.com.br\/iel\/noticias\/participantes-do-peiex-detalham-beneficios-do-programa-em-reuniao-na-fiemg\/#primaryimage","url":"https:\/\/www.fiemg.com.br\/iel\/wp-content\/uploads\/sites\/13\/2023\/07\/71c262a2fb69594886636b9ae978a1e1b7ec9dba18e9799bc01cb7fbcfe115aa.jpg","contentUrl":"https:\/\/www.fiemg.com.br\/iel\/wp-content\/uploads\/sites\/13\/2023\/07\/71c262a2fb69594886636b9ae978a1e1b7ec9dba18e9799bc01cb7fbcfe115aa.jpg","width":620,"height":240},{"@type":"BreadcrumbList","@id":"https:\/\/www.fiemg.com.br\/iel\/noticias\/participantes-do-peiex-detalham-beneficios-do-programa-em-reuniao-na-fiemg\/#breadcrumb","itemListElement":[{"@type":"ListItem","position":1,"name":"In\u00edcio","item":"https:\/\/www.fiemg.com.br\/iel\/"},{"@type":"ListItem","position":2,"name":"Participantes do PEIEX detalham benef\u00edcios do programa em reuni\u00e3o na FIEMG"}]},{"@type":"WebSite","@id":"https:\/\/www.fiemg.com.br\/iel\/#website","url":"https:\/\/www.fiemg.com.br\/iel\/","name":"IEL","description":"Federa\u00e7\u00e3o das Ind\u00fastrias do Estado de Minas Gerais","publisher":{"@id":"https:\/\/www.fiemg.com.br\/iel\/#organization"},"potentialAction":[{"@type":"SearchAction","target":{"@type":"EntryPoint","urlTemplate":"https:\/\/www.fiemg.com.br\/iel\/?s={search_term_string}"},"query-input":{"@type":"PropertyValueSpecification","valueRequired":true,"valueName":"search_term_string"}}],"inLanguage":"pt-BR"},{"@type":"Organization","@id":"https:\/\/www.fiemg.com.br\/iel\/#organization","name":"IEL","url":"https:\/\/www.fiemg.com.br\/iel\/","logo":{"@type":"ImageObject","inLanguage":"pt-BR","@id":"https:\/\/www.fiemg.com.br\/iel\/#\/schema\/logo\/image\/","url":"https:\/\/www.fiemg.com.br\/iel\/wp-content\/uploads\/sites\/13\/2023\/02\/IEL_branco.svg","contentUrl":"https:\/\/www.fiemg.com.br\/iel\/wp-content\/uploads\/sites\/13\/2023\/02\/IEL_branco.svg","width":103,"height":59,"caption":"IEL"},"image":{"@id":"https:\/\/www.fiemg.com.br\/iel\/#\/schema\/logo\/image\/"}}]}},"_links":{"self":[{"href":"https:\/\/www.fiemg.com.br\/iel\/wp-json\/wp\/v2\/noticias\/1514","targetHints":{"allow":["GET"]}}],"collection":[{"href":"https:\/\/www.fiemg.com.br\/iel\/wp-json\/wp\/v2\/noticias"}],"about":[{"href":"https:\/\/www.fiemg.com.br\/iel\/wp-json\/wp\/v2\/types\/noticias"}],"wp:featuredmedia":[{"embeddable":true,"href":"https:\/\/www.fiemg.com.br\/iel\/wp-json\/wp\/v2\/media\/1507"}],"wp:attachment":[{"href":"https:\/\/www.fiemg.com.br\/iel\/wp-json\/wp\/v2\/media?parent=1514"}],"wp:term":[{"taxonomy":"category","embeddable":true,"href":"https:\/\/www.fiemg.com.br\/iel\/wp-json\/wp\/v2\/categories?post=1514"},{"taxonomy":"post_tag","embeddable":true,"href":"https:\/\/www.fiemg.com.br\/iel\/wp-json\/wp\/v2\/tags?post=1514"}],"curies":[{"name":"wp","href":"https:\/\/api.w.org\/{rel}","templated":true}]}}