{"id":1901,"date":"2023-08-22T14:02:10","date_gmt":"2023-08-22T17:02:10","guid":{"rendered":"https:\/\/www.fiemg.com.br\/iel\/noticias\/iel-inaugura-17a-turma-do-programa-de-desenvolvimentos-de-conselheiros\/"},"modified":"2023-08-22T14:02:10","modified_gmt":"2023-08-22T17:02:10","slug":"iel-inaugura-17a-turma-do-programa-de-desenvolvimentos-de-conselheiros","status":"publish","type":"noticias","link":"https:\/\/www.fiemg.com.br\/iel\/noticias\/iel-inaugura-17a-turma-do-programa-de-desenvolvimentos-de-conselheiros\/","title":{"rendered":"IEL inaugura 17\u00aa turma do Programa de Desenvolvimentos de Conselheiros"},"content":{"rendered":"<figure id=\"attachment_1902\" aria-describedby=\"caption-attachment-1902\" style=\"width: 799px\" class=\"wp-caption aligncenter\"><img fetchpriority=\"high\" decoding=\"async\" class=\"wp-image-1902 size-full\" src=\"https:\/\/www.fiemg.com.br\/iel\/wp-content\/uploads\/sites\/13\/2023\/08\/roscoe-lancamento-conselheiro.jpg\" alt=\"Fl\u00e1vio Roscoe durante o lan\u00e7amento da 17\u00aa Programa de Desenvolvimento de Conselheiros\" width=\"799\" height=\"533\" srcset=\"https:\/\/www.fiemg.com.br\/iel\/wp-content\/uploads\/sites\/13\/2023\/08\/roscoe-lancamento-conselheiro.jpg 799w, https:\/\/www.fiemg.com.br\/iel\/wp-content\/uploads\/sites\/13\/2023\/08\/roscoe-lancamento-conselheiro-300x200.jpg 300w, https:\/\/www.fiemg.com.br\/iel\/wp-content\/uploads\/sites\/13\/2023\/08\/roscoe-lancamento-conselheiro-768x512.jpg 768w\" sizes=\"(max-width: 799px) 100vw, 799px\" \/><figcaption id=\"caption-attachment-1902\" class=\"wp-caption-text\">Fl\u00e1vio Roscoe durante o lan\u00e7amento da 17\u00aa Programa de Desenvolvimento de Conselheiros<\/figcaption><\/figure>\n<p>O Instituto Euvaldo Lodi (IEL) deu in\u00edcio nessa segunda-feira (21\/8) \u00e0 17\u00aa turma do Programa de Desenvolvimento de Conselheiros. Nos pr\u00f3ximos tr\u00eas meses, profissionais de diferentes setores econ\u00f4micos e l\u00edderes sindicais ter\u00e3o a oportunidade de estabelecer conex\u00f5es, trocar experi\u00eancias e acessar conte\u00fado te\u00f3rico e participar de atividades pr\u00e1ticas.<\/p>\n<p>O prop\u00f3sito do curso \u00e9 promover a discuss\u00e3o sobre a efetividade do papel dos conselheiros, aprimorando a pr\u00e1tica da gest\u00e3o eficaz, baseada nos princ\u00edpios da transpar\u00eancia, equidade e responsabilidade corporativa. Nessa dire\u00e7\u00e3o, o presidente da FIEMG, Fl\u00e1vio Roscoe, disse durante o lan\u00e7amento da nova etapa do programa, que \u201ca iniciativa foi concebida em 2019 visando tamb\u00e9m melhorar o n\u00edvel de governan\u00e7a corporativa no segmento empresarial em Minas Gerais\u201d.<\/p>\n<p>Mais uma vez, Roscoe lembrou os discentes sobre a import\u00e2ncia do feedback sobre o curso \u00e0 ger\u00eancia de Educa\u00e7\u00e3o Executiva do IEL para o aprimoramento cont\u00ednuo do programa. \u201cEssa iniciativa tem sido muito bem sucedida e isso se deve \u00e0 colabora\u00e7\u00e3o dos participantes e \u00e0 troca de experi\u00eancias entre professores e alunos.<\/p>\n<p>O superintendente regional do IEL em Minas, Gustavo Macena, enfatizou que a colabora\u00e7\u00e3o e as impress\u00f5es dos discentes sobre o curso s\u00e3o fundamentais para melhor\u00e1-lo a cada nova edi\u00e7\u00e3o. Macena considera que \u201cas viv\u00eancias profissionais, o conhecimento dos participantes e a expertise dos professores enriquecem esse programa e o tornam entre os melhores do pa\u00eds\u201d.<\/p>\n<p>\u201cO nosso intuito \u00e9 que, ao final do curso, os alunos estejam aptos para a acelerar o futuro da ind\u00fastria no papel de conselheiro de administra\u00e7\u00e3o\u201d, disse.<\/p>\n<p>Gerente de Educa\u00e7\u00e3o Executiva e hub de carreiras do IEL, Rejaine Almeida, falou sobre o perfil da 17\u00aa turma, destacando, sobretudo, a participa\u00e7\u00e3o expressiva de mulheres, que representam quase 50% do grupo. Os participantes atuam em diferentes setores econ\u00f4micos, como ind\u00fastria, com\u00e9rcio, educa\u00e7\u00e3o, financeiro, setor p\u00fablico, constru\u00e7\u00e3o civil, agroind\u00fastria e outros. Al\u00e9m de Minas, h\u00e1 alunos dos estados de S\u00e3o Paulo, Rio de Janeiro, Goi\u00e1s, Santa Catarina e Par\u00e1.<\/p>\n<p>O professor da disciplina Estrat\u00e9gia e Monitoramento de Resultados, Marco Ant\u00f4nio Pires, explicou como ser\u00e1 a atividade pr\u00e1tica de encerramento do programa. Chamado de bord case, o trabalho ser\u00e1 elaborado em grupos, a partir de uma problem\u00e1tica real. \u201cN\u00f3s elegeremos um caso que vai ser do conhecimento de todos, importante e multidisciplinar em que voc\u00eas v\u00e3o poder aplicar o conhecimento adquirido no programa\u201d, disse aos alunos.<\/p>\n<p>Clique <strong><a href=\"https:\/\/www.flickr.com\/photos\/sistemafiemg\/albums\/72177720310670874\/with\/53134818555\/\" target=\"_blank\" rel=\"noopener\">aqui<\/a><\/strong> e veja mais fotos do lan\u00e7amento da 17\u00aa turma<\/p>\n<p><em>Rafael Passos<br \/>\n<\/em><strong>Imprensa FIEMG<\/strong><\/p>\n","protected":false},"featured_media":1902,"template":"","categories":[15],"tags":[104,105,97,99],"class_list":["post-1901","noticias","type-noticias","status-publish","has-post-thumbnail","hentry","category-desenvolvimento-industrial","tag-conselheiros","tag-desenvolvimento","tag-iel","tag-industria"],"acf":[],"yoast_head":"<!-- This site is optimized with the Yoast SEO plugin v26.2 - https:\/\/yoast.com\/wordpress\/plugins\/seo\/ -->\n<title>IEL inaugura 17\u00aa turma do Programa de Desenvolvimentos de Conselheiros - IEL<\/title>\n<meta name=\"robots\" content=\"index, follow, max-snippet:-1, max-image-preview:large, max-video-preview:-1\" \/>\n<link rel=\"canonical\" href=\"https:\/\/www.fiemg.com.br\/iel\/noticias\/iel-inaugura-17a-turma-do-programa-de-desenvolvimentos-de-conselheiros\/\" \/>\n<meta property=\"og:locale\" content=\"pt_BR\" \/>\n<meta property=\"og:type\" content=\"article\" \/>\n<meta property=\"og:title\" content=\"IEL inaugura 17\u00aa turma do Programa de Desenvolvimentos de Conselheiros - IEL\" \/>\n<meta property=\"og:description\" content=\"O Instituto Euvaldo Lodi (IEL) deu in\u00edcio nessa segunda-feira (21\/8) \u00e0 17\u00aa turma do Programa de Desenvolvimento de Conselheiros. Nos pr\u00f3ximos tr\u00eas meses, profissionais de diferentes setores econ\u00f4micos e l\u00edderes sindicais ter\u00e3o a oportunidade de estabelecer conex\u00f5es, trocar experi\u00eancias e acessar conte\u00fado te\u00f3rico e participar de atividades pr\u00e1ticas. O prop\u00f3sito do curso \u00e9 promover a [&hellip;]\" \/>\n<meta property=\"og:url\" content=\"https:\/\/www.fiemg.com.br\/iel\/noticias\/iel-inaugura-17a-turma-do-programa-de-desenvolvimentos-de-conselheiros\/\" \/>\n<meta property=\"og:site_name\" content=\"IEL\" \/>\n<meta property=\"og:image\" content=\"https:\/\/www.fiemg.com.br\/iel\/wp-content\/uploads\/sites\/13\/2023\/08\/roscoe-lancamento-conselheiro.jpg\" \/>\n\t<meta property=\"og:image:width\" content=\"799\" \/>\n\t<meta property=\"og:image:height\" content=\"533\" \/>\n\t<meta property=\"og:image:type\" content=\"image\/jpeg\" \/>\n<meta name=\"twitter:card\" content=\"summary_large_image\" \/>\n<meta name=\"twitter:label1\" content=\"Est. tempo de leitura\" \/>\n\t<meta name=\"twitter:data1\" content=\"3 minutos\" \/>\n<script type=\"application\/ld+json\" class=\"yoast-schema-graph\">{\"@context\":\"https:\/\/schema.org\",\"@graph\":[{\"@type\":\"WebPage\",\"@id\":\"https:\/\/www.fiemg.com.br\/iel\/noticias\/iel-inaugura-17a-turma-do-programa-de-desenvolvimentos-de-conselheiros\/\",\"url\":\"https:\/\/www.fiemg.com.br\/iel\/noticias\/iel-inaugura-17a-turma-do-programa-de-desenvolvimentos-de-conselheiros\/\",\"name\":\"IEL inaugura 17\u00aa turma do Programa de Desenvolvimentos de Conselheiros - IEL\",\"isPartOf\":{\"@id\":\"https:\/\/www.fiemg.com.br\/iel\/#website\"},\"primaryImageOfPage\":{\"@id\":\"https:\/\/www.fiemg.com.br\/iel\/noticias\/iel-inaugura-17a-turma-do-programa-de-desenvolvimentos-de-conselheiros\/#primaryimage\"},\"image\":{\"@id\":\"https:\/\/www.fiemg.com.br\/iel\/noticias\/iel-inaugura-17a-turma-do-programa-de-desenvolvimentos-de-conselheiros\/#primaryimage\"},\"thumbnailUrl\":\"https:\/\/www.fiemg.com.br\/iel\/wp-content\/uploads\/sites\/13\/2023\/08\/roscoe-lancamento-conselheiro.jpg\",\"datePublished\":\"2023-08-22T17:02:10+00:00\",\"breadcrumb\":{\"@id\":\"https:\/\/www.fiemg.com.br\/iel\/noticias\/iel-inaugura-17a-turma-do-programa-de-desenvolvimentos-de-conselheiros\/#breadcrumb\"},\"inLanguage\":\"pt-BR\",\"potentialAction\":[{\"@type\":\"ReadAction\",\"target\":[\"https:\/\/www.fiemg.com.br\/iel\/noticias\/iel-inaugura-17a-turma-do-programa-de-desenvolvimentos-de-conselheiros\/\"]}]},{\"@type\":\"ImageObject\",\"inLanguage\":\"pt-BR\",\"@id\":\"https:\/\/www.fiemg.com.br\/iel\/noticias\/iel-inaugura-17a-turma-do-programa-de-desenvolvimentos-de-conselheiros\/#primaryimage\",\"url\":\"https:\/\/www.fiemg.com.br\/iel\/wp-content\/uploads\/sites\/13\/2023\/08\/roscoe-lancamento-conselheiro.jpg\",\"contentUrl\":\"https:\/\/www.fiemg.com.br\/iel\/wp-content\/uploads\/sites\/13\/2023\/08\/roscoe-lancamento-conselheiro.jpg\",\"width\":799,\"height\":533,\"caption\":\"Fl\u00e1vio Roscoe durante o lan\u00e7amento da 17\u00aa Programa de Desenvolvimento de Conselheiros\"},{\"@type\":\"BreadcrumbList\",\"@id\":\"https:\/\/www.fiemg.com.br\/iel\/noticias\/iel-inaugura-17a-turma-do-programa-de-desenvolvimentos-de-conselheiros\/#breadcrumb\",\"itemListElement\":[{\"@type\":\"ListItem\",\"position\":1,\"name\":\"In\u00edcio\",\"item\":\"https:\/\/www.fiemg.com.br\/iel\/\"},{\"@type\":\"ListItem\",\"position\":2,\"name\":\"IEL inaugura 17\u00aa turma do Programa de Desenvolvimentos de Conselheiros\"}]},{\"@type\":\"WebSite\",\"@id\":\"https:\/\/www.fiemg.com.br\/iel\/#website\",\"url\":\"https:\/\/www.fiemg.com.br\/iel\/\",\"name\":\"IEL\",\"description\":\"Federa\u00e7\u00e3o das Ind\u00fastrias do Estado de Minas Gerais\",\"publisher\":{\"@id\":\"https:\/\/www.fiemg.com.br\/iel\/#organization\"},\"potentialAction\":[{\"@type\":\"SearchAction\",\"target\":{\"@type\":\"EntryPoint\",\"urlTemplate\":\"https:\/\/www.fiemg.com.br\/iel\/?s={search_term_string}\"},\"query-input\":{\"@type\":\"PropertyValueSpecification\",\"valueRequired\":true,\"valueName\":\"search_term_string\"}}],\"inLanguage\":\"pt-BR\"},{\"@type\":\"Organization\",\"@id\":\"https:\/\/www.fiemg.com.br\/iel\/#organization\",\"name\":\"IEL\",\"url\":\"https:\/\/www.fiemg.com.br\/iel\/\",\"logo\":{\"@type\":\"ImageObject\",\"inLanguage\":\"pt-BR\",\"@id\":\"https:\/\/www.fiemg.com.br\/iel\/#\/schema\/logo\/image\/\",\"url\":\"https:\/\/www.fiemg.com.br\/iel\/wp-content\/uploads\/sites\/13\/2023\/02\/IEL_branco.svg\",\"contentUrl\":\"https:\/\/www.fiemg.com.br\/iel\/wp-content\/uploads\/sites\/13\/2023\/02\/IEL_branco.svg\",\"width\":103,\"height\":59,\"caption\":\"IEL\"},\"image\":{\"@id\":\"https:\/\/www.fiemg.com.br\/iel\/#\/schema\/logo\/image\/\"}}]}<\/script>\n<!-- \/ Yoast SEO plugin. -->","yoast_head_json":{"title":"IEL inaugura 17\u00aa turma do Programa de Desenvolvimentos de Conselheiros - IEL","robots":{"index":"index","follow":"follow","max-snippet":"max-snippet:-1","max-image-preview":"max-image-preview:large","max-video-preview":"max-video-preview:-1"},"canonical":"https:\/\/www.fiemg.com.br\/iel\/noticias\/iel-inaugura-17a-turma-do-programa-de-desenvolvimentos-de-conselheiros\/","og_locale":"pt_BR","og_type":"article","og_title":"IEL inaugura 17\u00aa turma do Programa de Desenvolvimentos de Conselheiros - IEL","og_description":"O Instituto Euvaldo Lodi (IEL) deu in\u00edcio nessa segunda-feira (21\/8) \u00e0 17\u00aa turma do Programa de Desenvolvimento de Conselheiros. Nos pr\u00f3ximos tr\u00eas meses, profissionais de diferentes setores econ\u00f4micos e l\u00edderes sindicais ter\u00e3o a oportunidade de estabelecer conex\u00f5es, trocar experi\u00eancias e acessar conte\u00fado te\u00f3rico e participar de atividades pr\u00e1ticas. O prop\u00f3sito do curso \u00e9 promover a [&hellip;]","og_url":"https:\/\/www.fiemg.com.br\/iel\/noticias\/iel-inaugura-17a-turma-do-programa-de-desenvolvimentos-de-conselheiros\/","og_site_name":"IEL","og_image":[{"width":799,"height":533,"url":"https:\/\/www.fiemg.com.br\/iel\/wp-content\/uploads\/sites\/13\/2023\/08\/roscoe-lancamento-conselheiro.jpg","type":"image\/jpeg"}],"twitter_card":"summary_large_image","twitter_misc":{"Est. tempo de leitura":"3 minutos"},"schema":{"@context":"https:\/\/schema.org","@graph":[{"@type":"WebPage","@id":"https:\/\/www.fiemg.com.br\/iel\/noticias\/iel-inaugura-17a-turma-do-programa-de-desenvolvimentos-de-conselheiros\/","url":"https:\/\/www.fiemg.com.br\/iel\/noticias\/iel-inaugura-17a-turma-do-programa-de-desenvolvimentos-de-conselheiros\/","name":"IEL inaugura 17\u00aa turma do Programa de Desenvolvimentos de Conselheiros - IEL","isPartOf":{"@id":"https:\/\/www.fiemg.com.br\/iel\/#website"},"primaryImageOfPage":{"@id":"https:\/\/www.fiemg.com.br\/iel\/noticias\/iel-inaugura-17a-turma-do-programa-de-desenvolvimentos-de-conselheiros\/#primaryimage"},"image":{"@id":"https:\/\/www.fiemg.com.br\/iel\/noticias\/iel-inaugura-17a-turma-do-programa-de-desenvolvimentos-de-conselheiros\/#primaryimage"},"thumbnailUrl":"https:\/\/www.fiemg.com.br\/iel\/wp-content\/uploads\/sites\/13\/2023\/08\/roscoe-lancamento-conselheiro.jpg","datePublished":"2023-08-22T17:02:10+00:00","breadcrumb":{"@id":"https:\/\/www.fiemg.com.br\/iel\/noticias\/iel-inaugura-17a-turma-do-programa-de-desenvolvimentos-de-conselheiros\/#breadcrumb"},"inLanguage":"pt-BR","potentialAction":[{"@type":"ReadAction","target":["https:\/\/www.fiemg.com.br\/iel\/noticias\/iel-inaugura-17a-turma-do-programa-de-desenvolvimentos-de-conselheiros\/"]}]},{"@type":"ImageObject","inLanguage":"pt-BR","@id":"https:\/\/www.fiemg.com.br\/iel\/noticias\/iel-inaugura-17a-turma-do-programa-de-desenvolvimentos-de-conselheiros\/#primaryimage","url":"https:\/\/www.fiemg.com.br\/iel\/wp-content\/uploads\/sites\/13\/2023\/08\/roscoe-lancamento-conselheiro.jpg","contentUrl":"https:\/\/www.fiemg.com.br\/iel\/wp-content\/uploads\/sites\/13\/2023\/08\/roscoe-lancamento-conselheiro.jpg","width":799,"height":533,"caption":"Fl\u00e1vio Roscoe durante o lan\u00e7amento da 17\u00aa Programa de Desenvolvimento de Conselheiros"},{"@type":"BreadcrumbList","@id":"https:\/\/www.fiemg.com.br\/iel\/noticias\/iel-inaugura-17a-turma-do-programa-de-desenvolvimentos-de-conselheiros\/#breadcrumb","itemListElement":[{"@type":"ListItem","position":1,"name":"In\u00edcio","item":"https:\/\/www.fiemg.com.br\/iel\/"},{"@type":"ListItem","position":2,"name":"IEL inaugura 17\u00aa turma do Programa de Desenvolvimentos de Conselheiros"}]},{"@type":"WebSite","@id":"https:\/\/www.fiemg.com.br\/iel\/#website","url":"https:\/\/www.fiemg.com.br\/iel\/","name":"IEL","description":"Federa\u00e7\u00e3o das Ind\u00fastrias do Estado de Minas Gerais","publisher":{"@id":"https:\/\/www.fiemg.com.br\/iel\/#organization"},"potentialAction":[{"@type":"SearchAction","target":{"@type":"EntryPoint","urlTemplate":"https:\/\/www.fiemg.com.br\/iel\/?s={search_term_string}"},"query-input":{"@type":"PropertyValueSpecification","valueRequired":true,"valueName":"search_term_string"}}],"inLanguage":"pt-BR"},{"@type":"Organization","@id":"https:\/\/www.fiemg.com.br\/iel\/#organization","name":"IEL","url":"https:\/\/www.fiemg.com.br\/iel\/","logo":{"@type":"ImageObject","inLanguage":"pt-BR","@id":"https:\/\/www.fiemg.com.br\/iel\/#\/schema\/logo\/image\/","url":"https:\/\/www.fiemg.com.br\/iel\/wp-content\/uploads\/sites\/13\/2023\/02\/IEL_branco.svg","contentUrl":"https:\/\/www.fiemg.com.br\/iel\/wp-content\/uploads\/sites\/13\/2023\/02\/IEL_branco.svg","width":103,"height":59,"caption":"IEL"},"image":{"@id":"https:\/\/www.fiemg.com.br\/iel\/#\/schema\/logo\/image\/"}}]}},"_links":{"self":[{"href":"https:\/\/www.fiemg.com.br\/iel\/wp-json\/wp\/v2\/noticias\/1901","targetHints":{"allow":["GET"]}}],"collection":[{"href":"https:\/\/www.fiemg.com.br\/iel\/wp-json\/wp\/v2\/noticias"}],"about":[{"href":"https:\/\/www.fiemg.com.br\/iel\/wp-json\/wp\/v2\/types\/noticias"}],"wp:featuredmedia":[{"embeddable":true,"href":"https:\/\/www.fiemg.com.br\/iel\/wp-json\/wp\/v2\/media\/1902"}],"wp:attachment":[{"href":"https:\/\/www.fiemg.com.br\/iel\/wp-json\/wp\/v2\/media?parent=1901"}],"wp:term":[{"taxonomy":"category","embeddable":true,"href":"https:\/\/www.fiemg.com.br\/iel\/wp-json\/wp\/v2\/categories?post=1901"},{"taxonomy":"post_tag","embeddable":true,"href":"https:\/\/www.fiemg.com.br\/iel\/wp-json\/wp\/v2\/tags?post=1901"}],"curies":[{"name":"wp","href":"https:\/\/api.w.org\/{rel}","templated":true}]}}