{"id":1969,"date":"2023-09-06T14:44:57","date_gmt":"2023-09-06T17:44:57","guid":{"rendered":"https:\/\/www.fiemg.com.br\/iel\/noticias\/iel-e-ita-lancam-nova-turma-de-mestrado-em-computacao-de-missao-critica\/"},"modified":"2023-09-06T14:49:16","modified_gmt":"2023-09-06T17:49:16","slug":"iel-e-ita-lancam-nova-turma-de-mestrado-em-computacao-de-missao-critica","status":"publish","type":"noticias","link":"https:\/\/www.fiemg.com.br\/iel\/noticias\/iel-e-ita-lancam-nova-turma-de-mestrado-em-computacao-de-missao-critica\/","title":{"rendered":"IEL e ITA lan\u00e7am nova turma de mestrado em computa\u00e7\u00e3o de miss\u00e3o cr\u00edtica"},"content":{"rendered":"\n<p>O Instituto Euvaldo Lodi (IEL) e o Instituto Tecnol\u00f3gico da Aeron\u00e1utica (ITA) lan\u00e7aram nessa ter\u00e7a-feira (5\/9) a segunda turma do mestrado profissional em computa\u00e7\u00e3o miss\u00e3o cr\u00edtica. O programa \u00e9 voltado a profissionais oriundos das Ci\u00eancias Exatas e contempla todas as \u00e1reas da ind\u00fastria de base tecnol\u00f3gica. As inscri\u00e7\u00f5es podem ser realizadas at\u00e9 20 de setembro, por meio <a href=\"https:\/\/www.fiemg.com.br\/iel\/area-de-interesse\/educacao\/mestrado-profissional-em-computacao\/\" target=\"_blank\" rel=\"noreferrer noopener\"><strong>deste link<\/strong><\/a>, e as aulas t\u00eam in\u00edcio previsto para 16 de outubro.<\/p>\n\n\n\n<p>Em uma live, a gerente de Educa\u00e7\u00e3o Executiva e hub de carreiras do IEL, Rejaine Almeida, o vice-reitor do ITA, Takachi Tomita, e o coordenador do mestrado, Inaldo Capistrano, deram detalhes do curso. Rejaine enalteceu a parceira com a institui\u00e7\u00e3o de ensino, sobretudo na \u201cforma\u00e7\u00e3o complementar de alto n\u00edvel de profissionais, tornando-o especialistas em \u00e1reas engenharia da computa\u00e7\u00e3o\u201d, disse. A gerente v\u00ea no programa uma oportunidade de o aluno \u201cdesenvolver o esp\u00edrito de pesquisa no profissional e a capacidade para buscar solu\u00e7\u00f5es de problemas novos com a criatividade\u201d.<\/p>\n\n\n\n<p>Tackachi Tomita destacou que o trabalho conjunto com a FIEMG e o IEL na qualifica\u00e7\u00e3o profissional contribui para a competitividade e o desenvolvimento da ind\u00fastria, sobretudo a de base tecnol\u00f3gica. Durante o programa, prossegui o vice-reitor, os alunos ser\u00e3o desafiados a resolver desafios reais a partir de projetos e trabalhos em grupo.<br>\u201cSomos din\u00e2micos no ensino e ofertamos um conte\u00fado atualizado. A institui\u00e7\u00e3o trabalha dessa maneira, levando em conta os grandes pilares do mundo tecnol\u00f3gico, como seguran\u00e7a cibern\u00e9tica, ci\u00eancia de dados e intelig\u00eancia artificial\u201d, acrescentou.<\/p>\n\n\n\n<p>Inaldo Capistrano apresentou aos alunos a estrutura e a din\u00e2mica do mestrado que, segundo ele, foram pensados tamb\u00e9m para fomentar a troca de conhecimento e experi\u00eancia entre docentes e discentes. Com dura\u00e7\u00e3o m\u00e1xima de dois anos e meio, incluindo o prazo da defesa da disserta\u00e7\u00e3o, o programa \u00e9 ofertado na modalidade ao vivo e on-line, com aulas \u00e0s segundas, ter\u00e7as, quartas ou quintas-feiras, das 18h \u00e0s 21h30.<\/p>\n\n\n\n<p>As linhas de pesquisa s\u00e3o sistemas e metodologias de computa\u00e7\u00e3o e os projetos ser\u00e3o orientados pelos professores do ITA, conforme o coordenador. O curso inclui visitas t\u00e9cnicas e workshops presenciais no ITA, em S\u00e3o Jos\u00e9 dos Campos, e no IEL, em Belo Horizonte.<\/p>\n\n\n\n<p>Clique <a href=\"https:\/\/www.fiemg.com.br\/iel\/area-de-interesse\/educacao\/mestrado-profissional-em-computacao\/\" target=\"_blank\" rel=\"noreferrer noopener\">aqui<\/a> e saiba todas as informa\u00e7\u00f5es do mestrado.<br>Veja as <a href=\"https:\/\/www.flickr.com\/photos\/sistemafiemg\/albums\/72177720310999394\" target=\"_blank\" rel=\"noreferrer noopener\">fotos<\/a> do lan\u00e7amento da nova turma do programa<\/p>\n","protected":false},"featured_media":1970,"template":"","categories":[15],"tags":[130,98,97,99,131,132,133],"class_list":["post-1969","noticias","type-noticias","status-publish","has-post-thumbnail","hentry","category-desenvolvimento-industrial","tag-computacao","tag-educacao","tag-iel","tag-industria","tag-ita","tag-mestrado-profissional","tag-qualificacao-profissiona"],"acf":[],"yoast_head":"<!-- This site is optimized with the Yoast SEO plugin v26.2 - https:\/\/yoast.com\/wordpress\/plugins\/seo\/ -->\n<title>IEL e ITA lan\u00e7am nova turma de mestrado em computa\u00e7\u00e3o de miss\u00e3o cr\u00edtica - IEL<\/title>\n<meta name=\"description\" content=\"Voltado a profissionais oriundos das Ci\u00eancias Exatas, programa contempla todas as \u00e1reas da ind\u00fastria de base tecnol\u00f3gica\" \/>\n<meta name=\"robots\" content=\"index, follow, max-snippet:-1, max-image-preview:large, max-video-preview:-1\" \/>\n<link rel=\"canonical\" href=\"https:\/\/www.fiemg.com.br\/iel\/noticias\/iel-e-ita-lancam-nova-turma-de-mestrado-em-computacao-de-missao-critica\/\" \/>\n<meta property=\"og:locale\" content=\"pt_BR\" \/>\n<meta property=\"og:type\" content=\"article\" \/>\n<meta property=\"og:title\" content=\"IEL e ITA lan\u00e7am nova turma de mestrado em computa\u00e7\u00e3o de miss\u00e3o cr\u00edtica - IEL\" \/>\n<meta property=\"og:description\" content=\"Voltado a profissionais oriundos das Ci\u00eancias Exatas, programa contempla todas as \u00e1reas da ind\u00fastria de base tecnol\u00f3gica\" \/>\n<meta property=\"og:url\" content=\"https:\/\/www.fiemg.com.br\/iel\/noticias\/iel-e-ita-lancam-nova-turma-de-mestrado-em-computacao-de-missao-critica\/\" \/>\n<meta property=\"og:site_name\" content=\"IEL\" \/>\n<meta property=\"article:modified_time\" content=\"2023-09-06T17:49:16+00:00\" \/>\n<meta property=\"og:image\" content=\"https:\/\/www.fiemg.com.br\/iel\/wp-content\/uploads\/sites\/13\/2023\/09\/mestrado-ita-iel-curso.jpg\" \/>\n\t<meta property=\"og:image:width\" content=\"342\" \/>\n\t<meta property=\"og:image:height\" content=\"235\" \/>\n\t<meta property=\"og:image:type\" content=\"image\/jpeg\" \/>\n<meta name=\"twitter:card\" content=\"summary_large_image\" \/>\n<meta name=\"twitter:label1\" content=\"Est. tempo de leitura\" \/>\n\t<meta name=\"twitter:data1\" content=\"3 minutos\" \/>\n<script type=\"application\/ld+json\" class=\"yoast-schema-graph\">{\"@context\":\"https:\/\/schema.org\",\"@graph\":[{\"@type\":\"WebPage\",\"@id\":\"https:\/\/www.fiemg.com.br\/iel\/noticias\/iel-e-ita-lancam-nova-turma-de-mestrado-em-computacao-de-missao-critica\/\",\"url\":\"https:\/\/www.fiemg.com.br\/iel\/noticias\/iel-e-ita-lancam-nova-turma-de-mestrado-em-computacao-de-missao-critica\/\",\"name\":\"IEL e ITA lan\u00e7am nova turma de mestrado em computa\u00e7\u00e3o de miss\u00e3o cr\u00edtica - IEL\",\"isPartOf\":{\"@id\":\"https:\/\/www.fiemg.com.br\/iel\/#website\"},\"primaryImageOfPage\":{\"@id\":\"https:\/\/www.fiemg.com.br\/iel\/noticias\/iel-e-ita-lancam-nova-turma-de-mestrado-em-computacao-de-missao-critica\/#primaryimage\"},\"image\":{\"@id\":\"https:\/\/www.fiemg.com.br\/iel\/noticias\/iel-e-ita-lancam-nova-turma-de-mestrado-em-computacao-de-missao-critica\/#primaryimage\"},\"thumbnailUrl\":\"https:\/\/www.fiemg.com.br\/iel\/wp-content\/uploads\/sites\/13\/2023\/09\/mestrado-ita-iel-curso.jpg\",\"datePublished\":\"2023-09-06T17:44:57+00:00\",\"dateModified\":\"2023-09-06T17:49:16+00:00\",\"description\":\"Voltado a profissionais oriundos das Ci\u00eancias Exatas, programa contempla todas as \u00e1reas da ind\u00fastria de base tecnol\u00f3gica\",\"breadcrumb\":{\"@id\":\"https:\/\/www.fiemg.com.br\/iel\/noticias\/iel-e-ita-lancam-nova-turma-de-mestrado-em-computacao-de-missao-critica\/#breadcrumb\"},\"inLanguage\":\"pt-BR\",\"potentialAction\":[{\"@type\":\"ReadAction\",\"target\":[\"https:\/\/www.fiemg.com.br\/iel\/noticias\/iel-e-ita-lancam-nova-turma-de-mestrado-em-computacao-de-missao-critica\/\"]}]},{\"@type\":\"ImageObject\",\"inLanguage\":\"pt-BR\",\"@id\":\"https:\/\/www.fiemg.com.br\/iel\/noticias\/iel-e-ita-lancam-nova-turma-de-mestrado-em-computacao-de-missao-critica\/#primaryimage\",\"url\":\"https:\/\/www.fiemg.com.br\/iel\/wp-content\/uploads\/sites\/13\/2023\/09\/mestrado-ita-iel-curso.jpg\",\"contentUrl\":\"https:\/\/www.fiemg.com.br\/iel\/wp-content\/uploads\/sites\/13\/2023\/09\/mestrado-ita-iel-curso.jpg\",\"width\":342,\"height\":235,\"caption\":\"IEL e ITA lan\u00e7am nova turma de mestrado em computa\u00e7\u00e3o de miss\u00e3o cr\u00edtica\"},{\"@type\":\"BreadcrumbList\",\"@id\":\"https:\/\/www.fiemg.com.br\/iel\/noticias\/iel-e-ita-lancam-nova-turma-de-mestrado-em-computacao-de-missao-critica\/#breadcrumb\",\"itemListElement\":[{\"@type\":\"ListItem\",\"position\":1,\"name\":\"In\u00edcio\",\"item\":\"https:\/\/www.fiemg.com.br\/iel\/\"},{\"@type\":\"ListItem\",\"position\":2,\"name\":\"IEL e ITA lan\u00e7am nova turma de mestrado em computa\u00e7\u00e3o de miss\u00e3o cr\u00edtica\"}]},{\"@type\":\"WebSite\",\"@id\":\"https:\/\/www.fiemg.com.br\/iel\/#website\",\"url\":\"https:\/\/www.fiemg.com.br\/iel\/\",\"name\":\"IEL\",\"description\":\"Federa\u00e7\u00e3o das Ind\u00fastrias do Estado de Minas Gerais\",\"publisher\":{\"@id\":\"https:\/\/www.fiemg.com.br\/iel\/#organization\"},\"potentialAction\":[{\"@type\":\"SearchAction\",\"target\":{\"@type\":\"EntryPoint\",\"urlTemplate\":\"https:\/\/www.fiemg.com.br\/iel\/?s={search_term_string}\"},\"query-input\":{\"@type\":\"PropertyValueSpecification\",\"valueRequired\":true,\"valueName\":\"search_term_string\"}}],\"inLanguage\":\"pt-BR\"},{\"@type\":\"Organization\",\"@id\":\"https:\/\/www.fiemg.com.br\/iel\/#organization\",\"name\":\"IEL\",\"url\":\"https:\/\/www.fiemg.com.br\/iel\/\",\"logo\":{\"@type\":\"ImageObject\",\"inLanguage\":\"pt-BR\",\"@id\":\"https:\/\/www.fiemg.com.br\/iel\/#\/schema\/logo\/image\/\",\"url\":\"https:\/\/www.fiemg.com.br\/iel\/wp-content\/uploads\/sites\/13\/2023\/02\/IEL_branco.svg\",\"contentUrl\":\"https:\/\/www.fiemg.com.br\/iel\/wp-content\/uploads\/sites\/13\/2023\/02\/IEL_branco.svg\",\"width\":103,\"height\":59,\"caption\":\"IEL\"},\"image\":{\"@id\":\"https:\/\/www.fiemg.com.br\/iel\/#\/schema\/logo\/image\/\"}}]}<\/script>\n<!-- \/ Yoast SEO plugin. -->","yoast_head_json":{"title":"IEL e ITA lan\u00e7am nova turma de mestrado em computa\u00e7\u00e3o de miss\u00e3o cr\u00edtica - IEL","description":"Voltado a profissionais oriundos das Ci\u00eancias Exatas, programa contempla todas as \u00e1reas da ind\u00fastria de base tecnol\u00f3gica","robots":{"index":"index","follow":"follow","max-snippet":"max-snippet:-1","max-image-preview":"max-image-preview:large","max-video-preview":"max-video-preview:-1"},"canonical":"https:\/\/www.fiemg.com.br\/iel\/noticias\/iel-e-ita-lancam-nova-turma-de-mestrado-em-computacao-de-missao-critica\/","og_locale":"pt_BR","og_type":"article","og_title":"IEL e ITA lan\u00e7am nova turma de mestrado em computa\u00e7\u00e3o de miss\u00e3o cr\u00edtica - IEL","og_description":"Voltado a profissionais oriundos das Ci\u00eancias Exatas, programa contempla todas as \u00e1reas da ind\u00fastria de base tecnol\u00f3gica","og_url":"https:\/\/www.fiemg.com.br\/iel\/noticias\/iel-e-ita-lancam-nova-turma-de-mestrado-em-computacao-de-missao-critica\/","og_site_name":"IEL","article_modified_time":"2023-09-06T17:49:16+00:00","og_image":[{"width":342,"height":235,"url":"https:\/\/www.fiemg.com.br\/iel\/wp-content\/uploads\/sites\/13\/2023\/09\/mestrado-ita-iel-curso.jpg","type":"image\/jpeg"}],"twitter_card":"summary_large_image","twitter_misc":{"Est. tempo de leitura":"3 minutos"},"schema":{"@context":"https:\/\/schema.org","@graph":[{"@type":"WebPage","@id":"https:\/\/www.fiemg.com.br\/iel\/noticias\/iel-e-ita-lancam-nova-turma-de-mestrado-em-computacao-de-missao-critica\/","url":"https:\/\/www.fiemg.com.br\/iel\/noticias\/iel-e-ita-lancam-nova-turma-de-mestrado-em-computacao-de-missao-critica\/","name":"IEL e ITA lan\u00e7am nova turma de mestrado em computa\u00e7\u00e3o de miss\u00e3o cr\u00edtica - IEL","isPartOf":{"@id":"https:\/\/www.fiemg.com.br\/iel\/#website"},"primaryImageOfPage":{"@id":"https:\/\/www.fiemg.com.br\/iel\/noticias\/iel-e-ita-lancam-nova-turma-de-mestrado-em-computacao-de-missao-critica\/#primaryimage"},"image":{"@id":"https:\/\/www.fiemg.com.br\/iel\/noticias\/iel-e-ita-lancam-nova-turma-de-mestrado-em-computacao-de-missao-critica\/#primaryimage"},"thumbnailUrl":"https:\/\/www.fiemg.com.br\/iel\/wp-content\/uploads\/sites\/13\/2023\/09\/mestrado-ita-iel-curso.jpg","datePublished":"2023-09-06T17:44:57+00:00","dateModified":"2023-09-06T17:49:16+00:00","description":"Voltado a profissionais oriundos das Ci\u00eancias Exatas, programa contempla todas as \u00e1reas da ind\u00fastria de base tecnol\u00f3gica","breadcrumb":{"@id":"https:\/\/www.fiemg.com.br\/iel\/noticias\/iel-e-ita-lancam-nova-turma-de-mestrado-em-computacao-de-missao-critica\/#breadcrumb"},"inLanguage":"pt-BR","potentialAction":[{"@type":"ReadAction","target":["https:\/\/www.fiemg.com.br\/iel\/noticias\/iel-e-ita-lancam-nova-turma-de-mestrado-em-computacao-de-missao-critica\/"]}]},{"@type":"ImageObject","inLanguage":"pt-BR","@id":"https:\/\/www.fiemg.com.br\/iel\/noticias\/iel-e-ita-lancam-nova-turma-de-mestrado-em-computacao-de-missao-critica\/#primaryimage","url":"https:\/\/www.fiemg.com.br\/iel\/wp-content\/uploads\/sites\/13\/2023\/09\/mestrado-ita-iel-curso.jpg","contentUrl":"https:\/\/www.fiemg.com.br\/iel\/wp-content\/uploads\/sites\/13\/2023\/09\/mestrado-ita-iel-curso.jpg","width":342,"height":235,"caption":"IEL e ITA lan\u00e7am nova turma de mestrado em computa\u00e7\u00e3o de miss\u00e3o cr\u00edtica"},{"@type":"BreadcrumbList","@id":"https:\/\/www.fiemg.com.br\/iel\/noticias\/iel-e-ita-lancam-nova-turma-de-mestrado-em-computacao-de-missao-critica\/#breadcrumb","itemListElement":[{"@type":"ListItem","position":1,"name":"In\u00edcio","item":"https:\/\/www.fiemg.com.br\/iel\/"},{"@type":"ListItem","position":2,"name":"IEL e ITA lan\u00e7am nova turma de mestrado em computa\u00e7\u00e3o de miss\u00e3o cr\u00edtica"}]},{"@type":"WebSite","@id":"https:\/\/www.fiemg.com.br\/iel\/#website","url":"https:\/\/www.fiemg.com.br\/iel\/","name":"IEL","description":"Federa\u00e7\u00e3o das Ind\u00fastrias do Estado de Minas Gerais","publisher":{"@id":"https:\/\/www.fiemg.com.br\/iel\/#organization"},"potentialAction":[{"@type":"SearchAction","target":{"@type":"EntryPoint","urlTemplate":"https:\/\/www.fiemg.com.br\/iel\/?s={search_term_string}"},"query-input":{"@type":"PropertyValueSpecification","valueRequired":true,"valueName":"search_term_string"}}],"inLanguage":"pt-BR"},{"@type":"Organization","@id":"https:\/\/www.fiemg.com.br\/iel\/#organization","name":"IEL","url":"https:\/\/www.fiemg.com.br\/iel\/","logo":{"@type":"ImageObject","inLanguage":"pt-BR","@id":"https:\/\/www.fiemg.com.br\/iel\/#\/schema\/logo\/image\/","url":"https:\/\/www.fiemg.com.br\/iel\/wp-content\/uploads\/sites\/13\/2023\/02\/IEL_branco.svg","contentUrl":"https:\/\/www.fiemg.com.br\/iel\/wp-content\/uploads\/sites\/13\/2023\/02\/IEL_branco.svg","width":103,"height":59,"caption":"IEL"},"image":{"@id":"https:\/\/www.fiemg.com.br\/iel\/#\/schema\/logo\/image\/"}}]}},"_links":{"self":[{"href":"https:\/\/www.fiemg.com.br\/iel\/wp-json\/wp\/v2\/noticias\/1969","targetHints":{"allow":["GET"]}}],"collection":[{"href":"https:\/\/www.fiemg.com.br\/iel\/wp-json\/wp\/v2\/noticias"}],"about":[{"href":"https:\/\/www.fiemg.com.br\/iel\/wp-json\/wp\/v2\/types\/noticias"}],"wp:featuredmedia":[{"embeddable":true,"href":"https:\/\/www.fiemg.com.br\/iel\/wp-json\/wp\/v2\/media\/1970"}],"wp:attachment":[{"href":"https:\/\/www.fiemg.com.br\/iel\/wp-json\/wp\/v2\/media?parent=1969"}],"wp:term":[{"taxonomy":"category","embeddable":true,"href":"https:\/\/www.fiemg.com.br\/iel\/wp-json\/wp\/v2\/categories?post=1969"},{"taxonomy":"post_tag","embeddable":true,"href":"https:\/\/www.fiemg.com.br\/iel\/wp-json\/wp\/v2\/tags?post=1969"}],"curies":[{"name":"wp","href":"https:\/\/api.w.org\/{rel}","templated":true}]}}