{"id":2068,"date":"2023-10-06T09:45:22","date_gmt":"2023-10-06T12:45:22","guid":{"rendered":"https:\/\/www.fiemg.com.br\/iel\/noticias\/workshop-aborda-felicidade-e-produtividade-na-moda\/"},"modified":"2023-10-10T15:55:43","modified_gmt":"2023-10-10T18:55:43","slug":"workshop-aborda-felicidade-e-produtividade-na-moda","status":"publish","type":"noticias","link":"https:\/\/www.fiemg.com.br\/iel\/noticias\/workshop-aborda-felicidade-e-produtividade-na-moda\/","title":{"rendered":"Workshop aborda felicidade e produtividade na moda"},"content":{"rendered":"\n<p>O Sindicato das Ind\u00fastrias do Vestu\u00e1rio de Minas Gerais (Sindivest-MG), em uma a\u00e7\u00e3o conjunta com o IEL e o Sebrae, promoveu no dia 30 de setembro, um encontro enriquecedor direcionado a micro e pequenas ind\u00fastrias do setor da moda, na sede da FIEMG, em Belo Horizonte. <\/p>\n\n\n\n<p>Com a expertise de Adriana Vidal, os participantes mergulharam em assuntos como tend\u00eancias de consumo, NRF, e a compreens\u00e3o profunda do comportamento do consumidor no universo <em>fashion<\/em>. Aspectos essenciais, como o perfil dos profissionais e a influ\u00eancia das diferentes gera\u00e7\u00f5es, tamb\u00e9m tiveram destaque.<\/p>\n\n\n\n<p>O foco da palestra da professora Carla Furtado surgiu a partir de um estudo do <em>Center for Positive Organizational Scholarship<\/em>, da Universidade da Calif\u00f3rnia, mostrou que colaboradores felizes s\u00e3o mais produtivos, criativos e t\u00eam resultados surpreendentes em vendas. Em um setor t\u00e3o caracter\u00edstico por empregar intensamente, como a moda, a abordagem da &#8220;Felicidade no Trabalho&#8221; torna-se vital para gerar bem-estar e otimizar as condi\u00e7\u00f5es laborais.<\/p>\n\n\n\n<p>Rog\u00e9rio Vasconcelos, presidente do Sindivest-MG, ressalta que aqueles que trabalham com moda s\u00e3o apaixonados pelo que fazem. &#8220;Precisamos trazer \u00e0 tona discuss\u00f5es como essa, especialmente em tempos desafiadores, para que esses profissionais redescubram a alegria e o vigor em suas atividades. Tal motiva\u00e7\u00e3o \u00e9 a fa\u00edsca para criatividade e produtividade, elementos essenciais para nossa ind\u00fastria&#8221;, analisa o sindicalista.<br><br>As palestras foram realizadas no \u00e2mbito do conv\u00eanio Desenvolvimento e Promo\u00e7\u00e3o da Competitividade das Ind\u00fastrias Mineiras, firmado entre IEL e Sebrae , que prev\u00ea o atendimento a micro e pequenas ind\u00fastrias em 11 projetos em 2023.<\/p>\n\n\n\n<p><\/p>\n\n\n\n<p><em>Ana Paula Motta<\/em><br><strong>Imprensa FIEMG<\/strong><\/p>\n","protected":false},"featured_media":2069,"template":"","categories":[15],"tags":[167,168,169,170,171],"class_list":["post-2068","noticias","type-noticias","status-publish","has-post-thumbnail","hentry","category-desenvolvimento-industrial","tag-minas-trend","tag-moda-minas-gerais","tag-moda-mineira","tag-sindicato-da-moda","tag-sindicato-do-vestuario"],"acf":[],"yoast_head":"<!-- This site is optimized with the Yoast SEO plugin v26.2 - https:\/\/yoast.com\/wordpress\/plugins\/seo\/ -->\n<title>Workshop aborda felicidade e produtividade na moda - IEL<\/title>\n<meta name=\"description\" content=\"Empres\u00e1rios e gestores do setor discutem estrat\u00e9gias para potencializar bem-estar e resultados na ind\u00fastria da moda\" \/>\n<meta name=\"robots\" content=\"index, follow, max-snippet:-1, max-image-preview:large, max-video-preview:-1\" \/>\n<link rel=\"canonical\" href=\"https:\/\/www.fiemg.com.br\/iel\/noticias\/workshop-aborda-felicidade-e-produtividade-na-moda\/\" \/>\n<meta property=\"og:locale\" content=\"pt_BR\" \/>\n<meta property=\"og:type\" content=\"article\" \/>\n<meta property=\"og:title\" content=\"Workshop aborda felicidade e produtividade na moda - IEL\" \/>\n<meta property=\"og:description\" content=\"Empres\u00e1rios e gestores do setor discutem estrat\u00e9gias para potencializar bem-estar e resultados na ind\u00fastria da moda\" \/>\n<meta property=\"og:url\" content=\"https:\/\/www.fiemg.com.br\/iel\/noticias\/workshop-aborda-felicidade-e-produtividade-na-moda\/\" \/>\n<meta property=\"og:site_name\" content=\"IEL\" \/>\n<meta property=\"article:modified_time\" content=\"2023-10-10T18:55:43+00:00\" \/>\n<meta property=\"og:image\" content=\"https:\/\/www.fiemg.com.br\/iel\/wp-content\/uploads\/sites\/13\/2023\/10\/sindivest-moda-mineira-workshop.jpg\" \/>\n\t<meta property=\"og:image:width\" content=\"300\" \/>\n\t<meta property=\"og:image:height\" content=\"200\" \/>\n\t<meta property=\"og:image:type\" content=\"image\/jpeg\" \/>\n<meta name=\"twitter:card\" content=\"summary_large_image\" \/>\n<meta name=\"twitter:label1\" content=\"Est. tempo de leitura\" \/>\n\t<meta name=\"twitter:data1\" content=\"2 minutos\" \/>\n<script type=\"application\/ld+json\" class=\"yoast-schema-graph\">{\"@context\":\"https:\/\/schema.org\",\"@graph\":[{\"@type\":\"WebPage\",\"@id\":\"https:\/\/www.fiemg.com.br\/iel\/noticias\/workshop-aborda-felicidade-e-produtividade-na-moda\/\",\"url\":\"https:\/\/www.fiemg.com.br\/iel\/noticias\/workshop-aborda-felicidade-e-produtividade-na-moda\/\",\"name\":\"Workshop aborda felicidade e produtividade na moda - IEL\",\"isPartOf\":{\"@id\":\"https:\/\/www.fiemg.com.br\/iel\/#website\"},\"primaryImageOfPage\":{\"@id\":\"https:\/\/www.fiemg.com.br\/iel\/noticias\/workshop-aborda-felicidade-e-produtividade-na-moda\/#primaryimage\"},\"image\":{\"@id\":\"https:\/\/www.fiemg.com.br\/iel\/noticias\/workshop-aborda-felicidade-e-produtividade-na-moda\/#primaryimage\"},\"thumbnailUrl\":\"https:\/\/www.fiemg.com.br\/iel\/wp-content\/uploads\/sites\/13\/2023\/10\/sindivest-moda-mineira-workshop.jpg\",\"datePublished\":\"2023-10-06T12:45:22+00:00\",\"dateModified\":\"2023-10-10T18:55:43+00:00\",\"description\":\"Empres\u00e1rios e gestores do setor discutem estrat\u00e9gias para potencializar bem-estar e resultados na ind\u00fastria da moda\",\"breadcrumb\":{\"@id\":\"https:\/\/www.fiemg.com.br\/iel\/noticias\/workshop-aborda-felicidade-e-produtividade-na-moda\/#breadcrumb\"},\"inLanguage\":\"pt-BR\",\"potentialAction\":[{\"@type\":\"ReadAction\",\"target\":[\"https:\/\/www.fiemg.com.br\/iel\/noticias\/workshop-aborda-felicidade-e-produtividade-na-moda\/\"]}]},{\"@type\":\"ImageObject\",\"inLanguage\":\"pt-BR\",\"@id\":\"https:\/\/www.fiemg.com.br\/iel\/noticias\/workshop-aborda-felicidade-e-produtividade-na-moda\/#primaryimage\",\"url\":\"https:\/\/www.fiemg.com.br\/iel\/wp-content\/uploads\/sites\/13\/2023\/10\/sindivest-moda-mineira-workshop.jpg\",\"contentUrl\":\"https:\/\/www.fiemg.com.br\/iel\/wp-content\/uploads\/sites\/13\/2023\/10\/sindivest-moda-mineira-workshop.jpg\",\"width\":300,\"height\":200,\"caption\":\"Workshop Aborda Felicidade e Produtividade na Moda\"},{\"@type\":\"BreadcrumbList\",\"@id\":\"https:\/\/www.fiemg.com.br\/iel\/noticias\/workshop-aborda-felicidade-e-produtividade-na-moda\/#breadcrumb\",\"itemListElement\":[{\"@type\":\"ListItem\",\"position\":1,\"name\":\"In\u00edcio\",\"item\":\"https:\/\/www.fiemg.com.br\/iel\/\"},{\"@type\":\"ListItem\",\"position\":2,\"name\":\"Workshop aborda felicidade eprodutividade na moda\"}]},{\"@type\":\"WebSite\",\"@id\":\"https:\/\/www.fiemg.com.br\/iel\/#website\",\"url\":\"https:\/\/www.fiemg.com.br\/iel\/\",\"name\":\"IEL\",\"description\":\"Federa\u00e7\u00e3o das Ind\u00fastrias do Estado de Minas Gerais\",\"publisher\":{\"@id\":\"https:\/\/www.fiemg.com.br\/iel\/#organization\"},\"potentialAction\":[{\"@type\":\"SearchAction\",\"target\":{\"@type\":\"EntryPoint\",\"urlTemplate\":\"https:\/\/www.fiemg.com.br\/iel\/?s={search_term_string}\"},\"query-input\":{\"@type\":\"PropertyValueSpecification\",\"valueRequired\":true,\"valueName\":\"search_term_string\"}}],\"inLanguage\":\"pt-BR\"},{\"@type\":\"Organization\",\"@id\":\"https:\/\/www.fiemg.com.br\/iel\/#organization\",\"name\":\"IEL\",\"url\":\"https:\/\/www.fiemg.com.br\/iel\/\",\"logo\":{\"@type\":\"ImageObject\",\"inLanguage\":\"pt-BR\",\"@id\":\"https:\/\/www.fiemg.com.br\/iel\/#\/schema\/logo\/image\/\",\"url\":\"https:\/\/www.fiemg.com.br\/iel\/wp-content\/uploads\/sites\/13\/2023\/02\/IEL_branco.svg\",\"contentUrl\":\"https:\/\/www.fiemg.com.br\/iel\/wp-content\/uploads\/sites\/13\/2023\/02\/IEL_branco.svg\",\"width\":103,\"height\":59,\"caption\":\"IEL\"},\"image\":{\"@id\":\"https:\/\/www.fiemg.com.br\/iel\/#\/schema\/logo\/image\/\"}}]}<\/script>\n<!-- \/ Yoast SEO plugin. -->","yoast_head_json":{"title":"Workshop aborda felicidade e produtividade na moda - IEL","description":"Empres\u00e1rios e gestores do setor discutem estrat\u00e9gias para potencializar bem-estar e resultados na ind\u00fastria da moda","robots":{"index":"index","follow":"follow","max-snippet":"max-snippet:-1","max-image-preview":"max-image-preview:large","max-video-preview":"max-video-preview:-1"},"canonical":"https:\/\/www.fiemg.com.br\/iel\/noticias\/workshop-aborda-felicidade-e-produtividade-na-moda\/","og_locale":"pt_BR","og_type":"article","og_title":"Workshop aborda felicidade e produtividade na moda - IEL","og_description":"Empres\u00e1rios e gestores do setor discutem estrat\u00e9gias para potencializar bem-estar e resultados na ind\u00fastria da moda","og_url":"https:\/\/www.fiemg.com.br\/iel\/noticias\/workshop-aborda-felicidade-e-produtividade-na-moda\/","og_site_name":"IEL","article_modified_time":"2023-10-10T18:55:43+00:00","og_image":[{"width":300,"height":200,"url":"https:\/\/www.fiemg.com.br\/iel\/wp-content\/uploads\/sites\/13\/2023\/10\/sindivest-moda-mineira-workshop.jpg","type":"image\/jpeg"}],"twitter_card":"summary_large_image","twitter_misc":{"Est. tempo de leitura":"2 minutos"},"schema":{"@context":"https:\/\/schema.org","@graph":[{"@type":"WebPage","@id":"https:\/\/www.fiemg.com.br\/iel\/noticias\/workshop-aborda-felicidade-e-produtividade-na-moda\/","url":"https:\/\/www.fiemg.com.br\/iel\/noticias\/workshop-aborda-felicidade-e-produtividade-na-moda\/","name":"Workshop aborda felicidade e produtividade na moda - IEL","isPartOf":{"@id":"https:\/\/www.fiemg.com.br\/iel\/#website"},"primaryImageOfPage":{"@id":"https:\/\/www.fiemg.com.br\/iel\/noticias\/workshop-aborda-felicidade-e-produtividade-na-moda\/#primaryimage"},"image":{"@id":"https:\/\/www.fiemg.com.br\/iel\/noticias\/workshop-aborda-felicidade-e-produtividade-na-moda\/#primaryimage"},"thumbnailUrl":"https:\/\/www.fiemg.com.br\/iel\/wp-content\/uploads\/sites\/13\/2023\/10\/sindivest-moda-mineira-workshop.jpg","datePublished":"2023-10-06T12:45:22+00:00","dateModified":"2023-10-10T18:55:43+00:00","description":"Empres\u00e1rios e gestores do setor discutem estrat\u00e9gias para potencializar bem-estar e resultados na ind\u00fastria da moda","breadcrumb":{"@id":"https:\/\/www.fiemg.com.br\/iel\/noticias\/workshop-aborda-felicidade-e-produtividade-na-moda\/#breadcrumb"},"inLanguage":"pt-BR","potentialAction":[{"@type":"ReadAction","target":["https:\/\/www.fiemg.com.br\/iel\/noticias\/workshop-aborda-felicidade-e-produtividade-na-moda\/"]}]},{"@type":"ImageObject","inLanguage":"pt-BR","@id":"https:\/\/www.fiemg.com.br\/iel\/noticias\/workshop-aborda-felicidade-e-produtividade-na-moda\/#primaryimage","url":"https:\/\/www.fiemg.com.br\/iel\/wp-content\/uploads\/sites\/13\/2023\/10\/sindivest-moda-mineira-workshop.jpg","contentUrl":"https:\/\/www.fiemg.com.br\/iel\/wp-content\/uploads\/sites\/13\/2023\/10\/sindivest-moda-mineira-workshop.jpg","width":300,"height":200,"caption":"Workshop Aborda Felicidade e Produtividade na Moda"},{"@type":"BreadcrumbList","@id":"https:\/\/www.fiemg.com.br\/iel\/noticias\/workshop-aborda-felicidade-e-produtividade-na-moda\/#breadcrumb","itemListElement":[{"@type":"ListItem","position":1,"name":"In\u00edcio","item":"https:\/\/www.fiemg.com.br\/iel\/"},{"@type":"ListItem","position":2,"name":"Workshop aborda felicidade eprodutividade na moda"}]},{"@type":"WebSite","@id":"https:\/\/www.fiemg.com.br\/iel\/#website","url":"https:\/\/www.fiemg.com.br\/iel\/","name":"IEL","description":"Federa\u00e7\u00e3o das Ind\u00fastrias do Estado de Minas Gerais","publisher":{"@id":"https:\/\/www.fiemg.com.br\/iel\/#organization"},"potentialAction":[{"@type":"SearchAction","target":{"@type":"EntryPoint","urlTemplate":"https:\/\/www.fiemg.com.br\/iel\/?s={search_term_string}"},"query-input":{"@type":"PropertyValueSpecification","valueRequired":true,"valueName":"search_term_string"}}],"inLanguage":"pt-BR"},{"@type":"Organization","@id":"https:\/\/www.fiemg.com.br\/iel\/#organization","name":"IEL","url":"https:\/\/www.fiemg.com.br\/iel\/","logo":{"@type":"ImageObject","inLanguage":"pt-BR","@id":"https:\/\/www.fiemg.com.br\/iel\/#\/schema\/logo\/image\/","url":"https:\/\/www.fiemg.com.br\/iel\/wp-content\/uploads\/sites\/13\/2023\/02\/IEL_branco.svg","contentUrl":"https:\/\/www.fiemg.com.br\/iel\/wp-content\/uploads\/sites\/13\/2023\/02\/IEL_branco.svg","width":103,"height":59,"caption":"IEL"},"image":{"@id":"https:\/\/www.fiemg.com.br\/iel\/#\/schema\/logo\/image\/"}}]}},"_links":{"self":[{"href":"https:\/\/www.fiemg.com.br\/iel\/wp-json\/wp\/v2\/noticias\/2068","targetHints":{"allow":["GET"]}}],"collection":[{"href":"https:\/\/www.fiemg.com.br\/iel\/wp-json\/wp\/v2\/noticias"}],"about":[{"href":"https:\/\/www.fiemg.com.br\/iel\/wp-json\/wp\/v2\/types\/noticias"}],"wp:featuredmedia":[{"embeddable":true,"href":"https:\/\/www.fiemg.com.br\/iel\/wp-json\/wp\/v2\/media\/2069"}],"wp:attachment":[{"href":"https:\/\/www.fiemg.com.br\/iel\/wp-json\/wp\/v2\/media?parent=2068"}],"wp:term":[{"taxonomy":"category","embeddable":true,"href":"https:\/\/www.fiemg.com.br\/iel\/wp-json\/wp\/v2\/categories?post=2068"},{"taxonomy":"post_tag","embeddable":true,"href":"https:\/\/www.fiemg.com.br\/iel\/wp-json\/wp\/v2\/tags?post=2068"}],"curies":[{"name":"wp","href":"https:\/\/api.w.org\/{rel}","templated":true}]}}