{"id":2073,"date":"2023-10-06T13:06:21","date_gmt":"2023-10-06T16:06:21","guid":{"rendered":"https:\/\/www.fiemg.com.br\/iel\/noticias\/senai-governador-valadares-e-prefeitura-iniciam-programa-de-qualificacao-profissional\/"},"modified":"2023-10-06T13:06:23","modified_gmt":"2023-10-06T16:06:23","slug":"senai-governador-valadares-e-prefeitura-iniciam-programa-de-qualificacao-profissional","status":"publish","type":"noticias","link":"https:\/\/www.fiemg.com.br\/iel\/noticias\/senai-governador-valadares-e-prefeitura-iniciam-programa-de-qualificacao-profissional\/","title":{"rendered":"SENAI Governador Valadares e prefeitura iniciam programa de qualifica\u00e7\u00e3o profissional"},"content":{"rendered":"\n<p>O SENAI de Governador Valadares, em parceria com a prefeitura municipal, deu in\u00edcio a quatro turmas de qualifica\u00e7\u00e3o profissional, com a oferta de cursos de assistente administrativo, confeiteiro e eletricista instalador predial de baixa tens\u00e3o. A iniciativa contempla 110 alunos e tem o prop\u00f3sito de prepar\u00e1-los para o mercado de trabalho.<\/p>\n\n\n\n<p>A aula inaugural ocorreu na ter\u00e7a-feira (3\/10) e teve presen\u00e7a da secret\u00e1ria de Desenvolvimento, Beatriz Almeida, da diretora da Secretaria Municipal de Desenvolvimento e Inova\u00e7\u00e3o, Socorro Amaral, do vice-presidente da FIEMG Regional Rio Doce, Marcos Lopes Farias, a gerente do SESI e SENAI, Jacqueline Iamin, a pedagoga Janaine Cassimiro e o supervisor t\u00e9cnico Sergio Paix\u00e3o.<\/p>\n\n\n\n<p>Ao longo das aulas, conforme preconiza a Metodologia SENAI de Educa\u00e7\u00e3o Profissional, os alunos ir\u00e3o desenvolver tanto capacidades t\u00e9cnicas quanto habilidades comportamentais, chamadas de \u201csoft skills&#8221;, qualificando-os com excel\u00eancia para o mercado.<\/p>\n\n\n\n<p>Essa parceria representa um passo importante na forma\u00e7\u00e3o e qualifica\u00e7\u00e3o profissional da comunidade local, contribuindo para o desenvolvimento econ\u00f4mico da regi\u00e3o. O SENAI e a prefeitura continuam comprometidos em oferecer oportunidades de crescimento e desenvolvimento para os cidad\u00e3os de Governador Valadares.<\/p>\n","protected":false},"featured_media":2074,"template":"","categories":[15],"tags":[172,150,173,174],"class_list":["post-2073","noticias","type-noticias","status-publish","has-post-thumbnail","hentry","category-desenvolvimento-industrial","tag-cursos-de-qualificacao","tag-governador-valadares","tag-parceria","tag-senai"],"acf":[],"yoast_head":"<!-- This site is optimized with the Yoast SEO plugin v26.2 - https:\/\/yoast.com\/wordpress\/plugins\/seo\/ -->\n<title>SENAI Governador Valadares e prefeitura iniciam programa de qualifica\u00e7\u00e3o profissional - IEL<\/title>\n<meta name=\"description\" content=\"Iniciativa beneficia 110 alunos e envolve os cursos de assistente administrativo, confeiteiro e eletricista\" \/>\n<meta name=\"robots\" content=\"index, follow, max-snippet:-1, max-image-preview:large, max-video-preview:-1\" \/>\n<link rel=\"canonical\" href=\"https:\/\/www.fiemg.com.br\/iel\/noticias\/senai-governador-valadares-e-prefeitura-iniciam-programa-de-qualificacao-profissional\/\" \/>\n<meta property=\"og:locale\" content=\"pt_BR\" \/>\n<meta property=\"og:type\" content=\"article\" \/>\n<meta property=\"og:title\" content=\"SENAI Governador Valadares e prefeitura iniciam programa de qualifica\u00e7\u00e3o profissional - IEL\" \/>\n<meta property=\"og:description\" content=\"Iniciativa beneficia 110 alunos e envolve os cursos de assistente administrativo, confeiteiro e eletricista\" \/>\n<meta property=\"og:url\" content=\"https:\/\/www.fiemg.com.br\/iel\/noticias\/senai-governador-valadares-e-prefeitura-iniciam-programa-de-qualificacao-profissional\/\" \/>\n<meta property=\"og:site_name\" content=\"IEL\" \/>\n<meta property=\"article:modified_time\" content=\"2023-10-06T16:06:23+00:00\" \/>\n<meta property=\"og:image\" content=\"https:\/\/www.fiemg.com.br\/iel\/wp-content\/uploads\/sites\/13\/2023\/10\/senai_valadares.jpg\" \/>\n\t<meta property=\"og:image:width\" content=\"971\" \/>\n\t<meta property=\"og:image:height\" content=\"604\" \/>\n\t<meta property=\"og:image:type\" content=\"image\/jpeg\" \/>\n<meta name=\"twitter:card\" content=\"summary_large_image\" \/>\n<meta name=\"twitter:label1\" content=\"Est. tempo de leitura\" \/>\n\t<meta name=\"twitter:data1\" content=\"1 minuto\" \/>\n<script type=\"application\/ld+json\" class=\"yoast-schema-graph\">{\"@context\":\"https:\/\/schema.org\",\"@graph\":[{\"@type\":\"WebPage\",\"@id\":\"https:\/\/www.fiemg.com.br\/iel\/noticias\/senai-governador-valadares-e-prefeitura-iniciam-programa-de-qualificacao-profissional\/\",\"url\":\"https:\/\/www.fiemg.com.br\/iel\/noticias\/senai-governador-valadares-e-prefeitura-iniciam-programa-de-qualificacao-profissional\/\",\"name\":\"SENAI Governador Valadares e prefeitura iniciam programa de qualifica\u00e7\u00e3o profissional - IEL\",\"isPartOf\":{\"@id\":\"https:\/\/www.fiemg.com.br\/iel\/#website\"},\"primaryImageOfPage\":{\"@id\":\"https:\/\/www.fiemg.com.br\/iel\/noticias\/senai-governador-valadares-e-prefeitura-iniciam-programa-de-qualificacao-profissional\/#primaryimage\"},\"image\":{\"@id\":\"https:\/\/www.fiemg.com.br\/iel\/noticias\/senai-governador-valadares-e-prefeitura-iniciam-programa-de-qualificacao-profissional\/#primaryimage\"},\"thumbnailUrl\":\"https:\/\/www.fiemg.com.br\/iel\/wp-content\/uploads\/sites\/13\/2023\/10\/senai_valadares.jpg\",\"datePublished\":\"2023-10-06T16:06:21+00:00\",\"dateModified\":\"2023-10-06T16:06:23+00:00\",\"description\":\"Iniciativa beneficia 110 alunos e envolve os cursos de assistente administrativo, confeiteiro e eletricista\",\"breadcrumb\":{\"@id\":\"https:\/\/www.fiemg.com.br\/iel\/noticias\/senai-governador-valadares-e-prefeitura-iniciam-programa-de-qualificacao-profissional\/#breadcrumb\"},\"inLanguage\":\"pt-BR\",\"potentialAction\":[{\"@type\":\"ReadAction\",\"target\":[\"https:\/\/www.fiemg.com.br\/iel\/noticias\/senai-governador-valadares-e-prefeitura-iniciam-programa-de-qualificacao-profissional\/\"]}]},{\"@type\":\"ImageObject\",\"inLanguage\":\"pt-BR\",\"@id\":\"https:\/\/www.fiemg.com.br\/iel\/noticias\/senai-governador-valadares-e-prefeitura-iniciam-programa-de-qualificacao-profissional\/#primaryimage\",\"url\":\"https:\/\/www.fiemg.com.br\/iel\/wp-content\/uploads\/sites\/13\/2023\/10\/senai_valadares.jpg\",\"contentUrl\":\"https:\/\/www.fiemg.com.br\/iel\/wp-content\/uploads\/sites\/13\/2023\/10\/senai_valadares.jpg\",\"width\":971,\"height\":604,\"caption\":\"SENAI Governador Valadares e prefeitura iniciam programa de qualifica\u00e7\u00e3o profissional\"},{\"@type\":\"BreadcrumbList\",\"@id\":\"https:\/\/www.fiemg.com.br\/iel\/noticias\/senai-governador-valadares-e-prefeitura-iniciam-programa-de-qualificacao-profissional\/#breadcrumb\",\"itemListElement\":[{\"@type\":\"ListItem\",\"position\":1,\"name\":\"In\u00edcio\",\"item\":\"https:\/\/www.fiemg.com.br\/iel\/\"},{\"@type\":\"ListItem\",\"position\":2,\"name\":\"SENAI Governador Valadares e prefeitura iniciam programa de qualifica\u00e7\u00e3o profissional\"}]},{\"@type\":\"WebSite\",\"@id\":\"https:\/\/www.fiemg.com.br\/iel\/#website\",\"url\":\"https:\/\/www.fiemg.com.br\/iel\/\",\"name\":\"IEL\",\"description\":\"Federa\u00e7\u00e3o das Ind\u00fastrias do Estado de Minas Gerais\",\"publisher\":{\"@id\":\"https:\/\/www.fiemg.com.br\/iel\/#organization\"},\"potentialAction\":[{\"@type\":\"SearchAction\",\"target\":{\"@type\":\"EntryPoint\",\"urlTemplate\":\"https:\/\/www.fiemg.com.br\/iel\/?s={search_term_string}\"},\"query-input\":{\"@type\":\"PropertyValueSpecification\",\"valueRequired\":true,\"valueName\":\"search_term_string\"}}],\"inLanguage\":\"pt-BR\"},{\"@type\":\"Organization\",\"@id\":\"https:\/\/www.fiemg.com.br\/iel\/#organization\",\"name\":\"IEL\",\"url\":\"https:\/\/www.fiemg.com.br\/iel\/\",\"logo\":{\"@type\":\"ImageObject\",\"inLanguage\":\"pt-BR\",\"@id\":\"https:\/\/www.fiemg.com.br\/iel\/#\/schema\/logo\/image\/\",\"url\":\"https:\/\/www.fiemg.com.br\/iel\/wp-content\/uploads\/sites\/13\/2023\/02\/IEL_branco.svg\",\"contentUrl\":\"https:\/\/www.fiemg.com.br\/iel\/wp-content\/uploads\/sites\/13\/2023\/02\/IEL_branco.svg\",\"width\":103,\"height\":59,\"caption\":\"IEL\"},\"image\":{\"@id\":\"https:\/\/www.fiemg.com.br\/iel\/#\/schema\/logo\/image\/\"}}]}<\/script>\n<!-- \/ Yoast SEO plugin. -->","yoast_head_json":{"title":"SENAI Governador Valadares e prefeitura iniciam programa de qualifica\u00e7\u00e3o profissional - IEL","description":"Iniciativa beneficia 110 alunos e envolve os cursos de assistente administrativo, confeiteiro e eletricista","robots":{"index":"index","follow":"follow","max-snippet":"max-snippet:-1","max-image-preview":"max-image-preview:large","max-video-preview":"max-video-preview:-1"},"canonical":"https:\/\/www.fiemg.com.br\/iel\/noticias\/senai-governador-valadares-e-prefeitura-iniciam-programa-de-qualificacao-profissional\/","og_locale":"pt_BR","og_type":"article","og_title":"SENAI Governador Valadares e prefeitura iniciam programa de qualifica\u00e7\u00e3o profissional - IEL","og_description":"Iniciativa beneficia 110 alunos e envolve os cursos de assistente administrativo, confeiteiro e eletricista","og_url":"https:\/\/www.fiemg.com.br\/iel\/noticias\/senai-governador-valadares-e-prefeitura-iniciam-programa-de-qualificacao-profissional\/","og_site_name":"IEL","article_modified_time":"2023-10-06T16:06:23+00:00","og_image":[{"width":971,"height":604,"url":"https:\/\/www.fiemg.com.br\/iel\/wp-content\/uploads\/sites\/13\/2023\/10\/senai_valadares.jpg","type":"image\/jpeg"}],"twitter_card":"summary_large_image","twitter_misc":{"Est. tempo de leitura":"1 minuto"},"schema":{"@context":"https:\/\/schema.org","@graph":[{"@type":"WebPage","@id":"https:\/\/www.fiemg.com.br\/iel\/noticias\/senai-governador-valadares-e-prefeitura-iniciam-programa-de-qualificacao-profissional\/","url":"https:\/\/www.fiemg.com.br\/iel\/noticias\/senai-governador-valadares-e-prefeitura-iniciam-programa-de-qualificacao-profissional\/","name":"SENAI Governador Valadares e prefeitura iniciam programa de qualifica\u00e7\u00e3o profissional - IEL","isPartOf":{"@id":"https:\/\/www.fiemg.com.br\/iel\/#website"},"primaryImageOfPage":{"@id":"https:\/\/www.fiemg.com.br\/iel\/noticias\/senai-governador-valadares-e-prefeitura-iniciam-programa-de-qualificacao-profissional\/#primaryimage"},"image":{"@id":"https:\/\/www.fiemg.com.br\/iel\/noticias\/senai-governador-valadares-e-prefeitura-iniciam-programa-de-qualificacao-profissional\/#primaryimage"},"thumbnailUrl":"https:\/\/www.fiemg.com.br\/iel\/wp-content\/uploads\/sites\/13\/2023\/10\/senai_valadares.jpg","datePublished":"2023-10-06T16:06:21+00:00","dateModified":"2023-10-06T16:06:23+00:00","description":"Iniciativa beneficia 110 alunos e envolve os cursos de assistente administrativo, confeiteiro e eletricista","breadcrumb":{"@id":"https:\/\/www.fiemg.com.br\/iel\/noticias\/senai-governador-valadares-e-prefeitura-iniciam-programa-de-qualificacao-profissional\/#breadcrumb"},"inLanguage":"pt-BR","potentialAction":[{"@type":"ReadAction","target":["https:\/\/www.fiemg.com.br\/iel\/noticias\/senai-governador-valadares-e-prefeitura-iniciam-programa-de-qualificacao-profissional\/"]}]},{"@type":"ImageObject","inLanguage":"pt-BR","@id":"https:\/\/www.fiemg.com.br\/iel\/noticias\/senai-governador-valadares-e-prefeitura-iniciam-programa-de-qualificacao-profissional\/#primaryimage","url":"https:\/\/www.fiemg.com.br\/iel\/wp-content\/uploads\/sites\/13\/2023\/10\/senai_valadares.jpg","contentUrl":"https:\/\/www.fiemg.com.br\/iel\/wp-content\/uploads\/sites\/13\/2023\/10\/senai_valadares.jpg","width":971,"height":604,"caption":"SENAI Governador Valadares e prefeitura iniciam programa de qualifica\u00e7\u00e3o profissional"},{"@type":"BreadcrumbList","@id":"https:\/\/www.fiemg.com.br\/iel\/noticias\/senai-governador-valadares-e-prefeitura-iniciam-programa-de-qualificacao-profissional\/#breadcrumb","itemListElement":[{"@type":"ListItem","position":1,"name":"In\u00edcio","item":"https:\/\/www.fiemg.com.br\/iel\/"},{"@type":"ListItem","position":2,"name":"SENAI Governador Valadares e prefeitura iniciam programa de qualifica\u00e7\u00e3o profissional"}]},{"@type":"WebSite","@id":"https:\/\/www.fiemg.com.br\/iel\/#website","url":"https:\/\/www.fiemg.com.br\/iel\/","name":"IEL","description":"Federa\u00e7\u00e3o das Ind\u00fastrias do Estado de Minas Gerais","publisher":{"@id":"https:\/\/www.fiemg.com.br\/iel\/#organization"},"potentialAction":[{"@type":"SearchAction","target":{"@type":"EntryPoint","urlTemplate":"https:\/\/www.fiemg.com.br\/iel\/?s={search_term_string}"},"query-input":{"@type":"PropertyValueSpecification","valueRequired":true,"valueName":"search_term_string"}}],"inLanguage":"pt-BR"},{"@type":"Organization","@id":"https:\/\/www.fiemg.com.br\/iel\/#organization","name":"IEL","url":"https:\/\/www.fiemg.com.br\/iel\/","logo":{"@type":"ImageObject","inLanguage":"pt-BR","@id":"https:\/\/www.fiemg.com.br\/iel\/#\/schema\/logo\/image\/","url":"https:\/\/www.fiemg.com.br\/iel\/wp-content\/uploads\/sites\/13\/2023\/02\/IEL_branco.svg","contentUrl":"https:\/\/www.fiemg.com.br\/iel\/wp-content\/uploads\/sites\/13\/2023\/02\/IEL_branco.svg","width":103,"height":59,"caption":"IEL"},"image":{"@id":"https:\/\/www.fiemg.com.br\/iel\/#\/schema\/logo\/image\/"}}]}},"_links":{"self":[{"href":"https:\/\/www.fiemg.com.br\/iel\/wp-json\/wp\/v2\/noticias\/2073","targetHints":{"allow":["GET"]}}],"collection":[{"href":"https:\/\/www.fiemg.com.br\/iel\/wp-json\/wp\/v2\/noticias"}],"about":[{"href":"https:\/\/www.fiemg.com.br\/iel\/wp-json\/wp\/v2\/types\/noticias"}],"wp:featuredmedia":[{"embeddable":true,"href":"https:\/\/www.fiemg.com.br\/iel\/wp-json\/wp\/v2\/media\/2074"}],"wp:attachment":[{"href":"https:\/\/www.fiemg.com.br\/iel\/wp-json\/wp\/v2\/media?parent=2073"}],"wp:term":[{"taxonomy":"category","embeddable":true,"href":"https:\/\/www.fiemg.com.br\/iel\/wp-json\/wp\/v2\/categories?post=2073"},{"taxonomy":"post_tag","embeddable":true,"href":"https:\/\/www.fiemg.com.br\/iel\/wp-json\/wp\/v2\/tags?post=2073"}],"curies":[{"name":"wp","href":"https:\/\/api.w.org\/{rel}","templated":true}]}}