{"id":2135,"date":"2023-11-14T15:12:57","date_gmt":"2023-11-14T18:12:57","guid":{"rendered":"https:\/\/www.fiemg.com.br\/iel\/noticias\/iel-forma-17a-turma-do-programa-de-desenvolvimento-de-conselheiros\/"},"modified":"2023-11-14T17:50:37","modified_gmt":"2023-11-14T20:50:37","slug":"iel-forma-17a-turma-do-programa-de-desenvolvimento-de-conselheiros","status":"publish","type":"noticias","link":"https:\/\/www.fiemg.com.br\/iel\/noticias\/iel-forma-17a-turma-do-programa-de-desenvolvimento-de-conselheiros\/","title":{"rendered":"IEL forma 17\u00aa turma do Programa de Desenvolvimento de Conselheiros"},"content":{"rendered":"\n<p>A Federa\u00e7\u00e3o das Ind\u00fastrias de Minas Gerais (FIEMG), inspirada pelo Instituto Euvaldo Lodi (IEL\/MG), realizou com grande prest\u00edgio a cerim\u00f4nia de encerramento da 17\u00aa turma do seu aclamado &#8220;Programa de Desenvolvimento de Conselheiros&#8221;. Este programa, que vem transformando o cen\u00e1rio da educa\u00e7\u00e3o executiva desde 2019, \u00e9 um marco na forma\u00e7\u00e3o de l\u00edderes industriais, tendo capacitado mais de 750 profissionais at\u00e9 agora, com expectativa de alcan\u00e7ar aproximadamente 800 conselheiros formados at\u00e9 o final de 2023.<\/p>\n\n\n\n<p>A cerim\u00f4nia destacou o alto n\u00edvel de comprometimento e a not\u00e1vel uni\u00e3o entre os alunos, marcando esta turma como uma das mais coesas e colaborativas. Um aspecto singular desta turma foi a predomin\u00e2ncia feminina, um marco hist\u00f3rico para o programa, refor\u00e7ando a import\u00e2ncia da diversidade na lideran\u00e7a empresarial.<\/p>\n\n\n\n<p>Durante os tr\u00eas meses de curso, os alunos, provenientes de diversos setores econ\u00f4micos e lideran\u00e7as sindicais, mergulharam em intensas capacita\u00e7\u00f5es, culminando na <a href=\"https:\/\/www.fiemg.com.br\/noticias\/programa-de-desenvolvimento-de-conselheiros-tem-dia-intenso-de-atividades\/\"><strong>apresenta\u00e7\u00e3o de seus trabalhos de conclus\u00e3o (boardcases) no \u00faltimo dia 31 de outubro<\/strong><\/a>. Estes trabalhos demonstraram n\u00e3o apenas o dom\u00ednio acad\u00eamico, mas tamb\u00e9m a capacidade vision\u00e1ria dos alunos em serem verdadeiros portadores do futuro das organiza\u00e7\u00f5es.<\/p>\n\n\n\n<p>O superintendente do IEL-MG, Gustavo Macena, expressou sua admira\u00e7\u00e3o pelo entusiasmo da turma, que ter\u00e1 grades desafios em suas organiza\u00e7\u00f5es. &#8220;Nesses \u00faltimos dias, a turma recebeu o conte\u00fado e, com a experi\u00eancia, com o conhecimento de cada um deles, tudo ser\u00e1 transformado no dia a dia da empresa, especialmente, com os colegas&#8221;, destaca Macena.<\/p>\n\n\n\n<p>Com a \u00eanfase na efetividade dos conselheiros e na pr\u00e1tica de uma gest\u00e3o transparente e respons\u00e1vel, o programa aborda temas cruciais para a governan\u00e7a corporativa moderna. Ricardo Salera, orador dos docentes do m\u00f3dulo de finan\u00e7as, enfatizou a import\u00e2ncia das rela\u00e7\u00f5es humanas nos neg\u00f3cios, declarando que &#8220;CNPJs s\u00e3o formados por CPFs, ent\u00e3o \u00e9 essencial cuidar das pessoas e acolher as certas.&#8221;<\/p>\n\n\n\n<p>Ant\u00f4nio Eug\u00eanio do Socorro Fernandes, representante dos alunos e presidente do SIMPAVA, destacou a singularidade do programa, elogiando sua capacidade de promover o desenvolvimento em v\u00e1rias frentes, com o conhecimento como guia principal. Isabella Salton, representando as alunas, que dessa vez formou a maioria da turma, compartilhou que a jornada foi sempre din\u00e2mica, repleta de aprendizados e experi\u00eancias enriquecedoras.<\/p>\n\n\n\n<p>Rejaine Almeida, gerente de Educa\u00e7\u00e3o Executiva e Hub de Carreira do IEL, expressou seu orgulho pelo corpo docente e pela qualidade dos ensinamentos oferecidos, agradecendo a todos os envolvidos por tornar esta turma um sucesso retumbante.<\/p>\n\n\n\n<p>Este encerramento n\u00e3o \u00e9 apenas o fim de um curso, mas o in\u00edcio de uma nova jornada para esses conselheiros, prontos para impulsionar a ind\u00fastria com suas habilidades aprimoradas e vis\u00e3o inovadora.<\/p>\n\n\n\n<p>Clique <a href=\"https:\/\/flic.kr\/s\/aHBqjB3ajM\">aqui<\/a> e veja as fotos da solenidade de formatura da 17\u00aa turma de conselheiros.<\/p>\n\n\n\n<p><em>Ana Paula Motta<\/em><br><strong>Imprensa FIEMG<\/strong><\/p>\n","protected":false},"featured_media":2136,"template":"","categories":[15],"tags":[192,193,194],"class_list":["post-2135","noticias","type-noticias","status-publish","has-post-thumbnail","hentry","category-desenvolvimento-industrial","tag-educacao-executiva-iel","tag-instituto-euvaldo-lodi","tag-programa-de-desenvolvimento-de-conselheiros"],"acf":[],"yoast_head":"<!-- This site is optimized with the Yoast SEO plugin v26.2 - https:\/\/yoast.com\/wordpress\/plugins\/seo\/ -->\n<title>IEL forma 17\u00aa turma do Programa de Desenvolvimento de Conselheiros - IEL<\/title>\n<meta name=\"description\" content=\"A solenidade de encerramento da 17\u00aa turma do Programa de Desenvolvimento de Conselheiros destaca o excepcional companheirismo dos alunos\" \/>\n<meta name=\"robots\" content=\"index, follow, max-snippet:-1, max-image-preview:large, max-video-preview:-1\" \/>\n<link rel=\"canonical\" href=\"https:\/\/www.fiemg.com.br\/iel\/noticias\/iel-forma-17a-turma-do-programa-de-desenvolvimento-de-conselheiros\/\" \/>\n<meta property=\"og:locale\" content=\"pt_BR\" \/>\n<meta property=\"og:type\" content=\"article\" \/>\n<meta property=\"og:title\" content=\"IEL forma 17\u00aa turma do Programa de Desenvolvimento de Conselheiros - IEL\" \/>\n<meta property=\"og:description\" content=\"A solenidade de encerramento da 17\u00aa turma do Programa de Desenvolvimento de Conselheiros destaca o excepcional companheirismo dos alunos\" \/>\n<meta property=\"og:url\" content=\"https:\/\/www.fiemg.com.br\/iel\/noticias\/iel-forma-17a-turma-do-programa-de-desenvolvimento-de-conselheiros\/\" \/>\n<meta property=\"og:site_name\" content=\"IEL\" \/>\n<meta property=\"article:modified_time\" content=\"2023-11-14T20:50:37+00:00\" \/>\n<meta property=\"og:image\" content=\"https:\/\/www.fiemg.com.br\/iel\/wp-content\/uploads\/sites\/13\/2023\/11\/programa-desenvolvimento-conselheiros-iel-fiemg.jpg\" \/>\n\t<meta property=\"og:image:width\" content=\"300\" \/>\n\t<meta property=\"og:image:height\" content=\"200\" \/>\n\t<meta property=\"og:image:type\" content=\"image\/jpeg\" \/>\n<meta name=\"twitter:card\" content=\"summary_large_image\" \/>\n<meta name=\"twitter:label1\" content=\"Est. tempo de leitura\" \/>\n\t<meta name=\"twitter:data1\" content=\"3 minutos\" \/>\n<script type=\"application\/ld+json\" class=\"yoast-schema-graph\">{\"@context\":\"https:\/\/schema.org\",\"@graph\":[{\"@type\":\"WebPage\",\"@id\":\"https:\/\/www.fiemg.com.br\/iel\/noticias\/iel-forma-17a-turma-do-programa-de-desenvolvimento-de-conselheiros\/\",\"url\":\"https:\/\/www.fiemg.com.br\/iel\/noticias\/iel-forma-17a-turma-do-programa-de-desenvolvimento-de-conselheiros\/\",\"name\":\"IEL forma 17\u00aa turma do Programa de Desenvolvimento de Conselheiros - IEL\",\"isPartOf\":{\"@id\":\"https:\/\/www.fiemg.com.br\/iel\/#website\"},\"primaryImageOfPage\":{\"@id\":\"https:\/\/www.fiemg.com.br\/iel\/noticias\/iel-forma-17a-turma-do-programa-de-desenvolvimento-de-conselheiros\/#primaryimage\"},\"image\":{\"@id\":\"https:\/\/www.fiemg.com.br\/iel\/noticias\/iel-forma-17a-turma-do-programa-de-desenvolvimento-de-conselheiros\/#primaryimage\"},\"thumbnailUrl\":\"https:\/\/www.fiemg.com.br\/iel\/wp-content\/uploads\/sites\/13\/2023\/11\/programa-desenvolvimento-conselheiros-iel-fiemg.jpg\",\"datePublished\":\"2023-11-14T18:12:57+00:00\",\"dateModified\":\"2023-11-14T20:50:37+00:00\",\"description\":\"A solenidade de encerramento da 17\u00aa turma do Programa de Desenvolvimento de Conselheiros destaca o excepcional companheirismo dos alunos\",\"breadcrumb\":{\"@id\":\"https:\/\/www.fiemg.com.br\/iel\/noticias\/iel-forma-17a-turma-do-programa-de-desenvolvimento-de-conselheiros\/#breadcrumb\"},\"inLanguage\":\"pt-BR\",\"potentialAction\":[{\"@type\":\"ReadAction\",\"target\":[\"https:\/\/www.fiemg.com.br\/iel\/noticias\/iel-forma-17a-turma-do-programa-de-desenvolvimento-de-conselheiros\/\"]}]},{\"@type\":\"ImageObject\",\"inLanguage\":\"pt-BR\",\"@id\":\"https:\/\/www.fiemg.com.br\/iel\/noticias\/iel-forma-17a-turma-do-programa-de-desenvolvimento-de-conselheiros\/#primaryimage\",\"url\":\"https:\/\/www.fiemg.com.br\/iel\/wp-content\/uploads\/sites\/13\/2023\/11\/programa-desenvolvimento-conselheiros-iel-fiemg.jpg\",\"contentUrl\":\"https:\/\/www.fiemg.com.br\/iel\/wp-content\/uploads\/sites\/13\/2023\/11\/programa-desenvolvimento-conselheiros-iel-fiemg.jpg\",\"width\":300,\"height\":200,\"caption\":\"IEL forma 17\u00aa turma do Programa de Desenvolvimento de Conselheiros\"},{\"@type\":\"BreadcrumbList\",\"@id\":\"https:\/\/www.fiemg.com.br\/iel\/noticias\/iel-forma-17a-turma-do-programa-de-desenvolvimento-de-conselheiros\/#breadcrumb\",\"itemListElement\":[{\"@type\":\"ListItem\",\"position\":1,\"name\":\"In\u00edcio\",\"item\":\"https:\/\/www.fiemg.com.br\/iel\/\"},{\"@type\":\"ListItem\",\"position\":2,\"name\":\"IEL forma 17\u00aa turma do Programa de Desenvolvimento de Conselheiros\"}]},{\"@type\":\"WebSite\",\"@id\":\"https:\/\/www.fiemg.com.br\/iel\/#website\",\"url\":\"https:\/\/www.fiemg.com.br\/iel\/\",\"name\":\"IEL\",\"description\":\"Federa\u00e7\u00e3o das Ind\u00fastrias do Estado de Minas Gerais\",\"publisher\":{\"@id\":\"https:\/\/www.fiemg.com.br\/iel\/#organization\"},\"potentialAction\":[{\"@type\":\"SearchAction\",\"target\":{\"@type\":\"EntryPoint\",\"urlTemplate\":\"https:\/\/www.fiemg.com.br\/iel\/?s={search_term_string}\"},\"query-input\":{\"@type\":\"PropertyValueSpecification\",\"valueRequired\":true,\"valueName\":\"search_term_string\"}}],\"inLanguage\":\"pt-BR\"},{\"@type\":\"Organization\",\"@id\":\"https:\/\/www.fiemg.com.br\/iel\/#organization\",\"name\":\"IEL\",\"url\":\"https:\/\/www.fiemg.com.br\/iel\/\",\"logo\":{\"@type\":\"ImageObject\",\"inLanguage\":\"pt-BR\",\"@id\":\"https:\/\/www.fiemg.com.br\/iel\/#\/schema\/logo\/image\/\",\"url\":\"https:\/\/www.fiemg.com.br\/iel\/wp-content\/uploads\/sites\/13\/2023\/02\/IEL_branco.svg\",\"contentUrl\":\"https:\/\/www.fiemg.com.br\/iel\/wp-content\/uploads\/sites\/13\/2023\/02\/IEL_branco.svg\",\"width\":103,\"height\":59,\"caption\":\"IEL\"},\"image\":{\"@id\":\"https:\/\/www.fiemg.com.br\/iel\/#\/schema\/logo\/image\/\"}}]}<\/script>\n<!-- \/ Yoast SEO plugin. -->","yoast_head_json":{"title":"IEL forma 17\u00aa turma do Programa de Desenvolvimento de Conselheiros - IEL","description":"A solenidade de encerramento da 17\u00aa turma do Programa de Desenvolvimento de Conselheiros destaca o excepcional companheirismo dos alunos","robots":{"index":"index","follow":"follow","max-snippet":"max-snippet:-1","max-image-preview":"max-image-preview:large","max-video-preview":"max-video-preview:-1"},"canonical":"https:\/\/www.fiemg.com.br\/iel\/noticias\/iel-forma-17a-turma-do-programa-de-desenvolvimento-de-conselheiros\/","og_locale":"pt_BR","og_type":"article","og_title":"IEL forma 17\u00aa turma do Programa de Desenvolvimento de Conselheiros - IEL","og_description":"A solenidade de encerramento da 17\u00aa turma do Programa de Desenvolvimento de Conselheiros destaca o excepcional companheirismo dos alunos","og_url":"https:\/\/www.fiemg.com.br\/iel\/noticias\/iel-forma-17a-turma-do-programa-de-desenvolvimento-de-conselheiros\/","og_site_name":"IEL","article_modified_time":"2023-11-14T20:50:37+00:00","og_image":[{"width":300,"height":200,"url":"https:\/\/www.fiemg.com.br\/iel\/wp-content\/uploads\/sites\/13\/2023\/11\/programa-desenvolvimento-conselheiros-iel-fiemg.jpg","type":"image\/jpeg"}],"twitter_card":"summary_large_image","twitter_misc":{"Est. tempo de leitura":"3 minutos"},"schema":{"@context":"https:\/\/schema.org","@graph":[{"@type":"WebPage","@id":"https:\/\/www.fiemg.com.br\/iel\/noticias\/iel-forma-17a-turma-do-programa-de-desenvolvimento-de-conselheiros\/","url":"https:\/\/www.fiemg.com.br\/iel\/noticias\/iel-forma-17a-turma-do-programa-de-desenvolvimento-de-conselheiros\/","name":"IEL forma 17\u00aa turma do Programa de Desenvolvimento de Conselheiros - IEL","isPartOf":{"@id":"https:\/\/www.fiemg.com.br\/iel\/#website"},"primaryImageOfPage":{"@id":"https:\/\/www.fiemg.com.br\/iel\/noticias\/iel-forma-17a-turma-do-programa-de-desenvolvimento-de-conselheiros\/#primaryimage"},"image":{"@id":"https:\/\/www.fiemg.com.br\/iel\/noticias\/iel-forma-17a-turma-do-programa-de-desenvolvimento-de-conselheiros\/#primaryimage"},"thumbnailUrl":"https:\/\/www.fiemg.com.br\/iel\/wp-content\/uploads\/sites\/13\/2023\/11\/programa-desenvolvimento-conselheiros-iel-fiemg.jpg","datePublished":"2023-11-14T18:12:57+00:00","dateModified":"2023-11-14T20:50:37+00:00","description":"A solenidade de encerramento da 17\u00aa turma do Programa de Desenvolvimento de Conselheiros destaca o excepcional companheirismo dos alunos","breadcrumb":{"@id":"https:\/\/www.fiemg.com.br\/iel\/noticias\/iel-forma-17a-turma-do-programa-de-desenvolvimento-de-conselheiros\/#breadcrumb"},"inLanguage":"pt-BR","potentialAction":[{"@type":"ReadAction","target":["https:\/\/www.fiemg.com.br\/iel\/noticias\/iel-forma-17a-turma-do-programa-de-desenvolvimento-de-conselheiros\/"]}]},{"@type":"ImageObject","inLanguage":"pt-BR","@id":"https:\/\/www.fiemg.com.br\/iel\/noticias\/iel-forma-17a-turma-do-programa-de-desenvolvimento-de-conselheiros\/#primaryimage","url":"https:\/\/www.fiemg.com.br\/iel\/wp-content\/uploads\/sites\/13\/2023\/11\/programa-desenvolvimento-conselheiros-iel-fiemg.jpg","contentUrl":"https:\/\/www.fiemg.com.br\/iel\/wp-content\/uploads\/sites\/13\/2023\/11\/programa-desenvolvimento-conselheiros-iel-fiemg.jpg","width":300,"height":200,"caption":"IEL forma 17\u00aa turma do Programa de Desenvolvimento de Conselheiros"},{"@type":"BreadcrumbList","@id":"https:\/\/www.fiemg.com.br\/iel\/noticias\/iel-forma-17a-turma-do-programa-de-desenvolvimento-de-conselheiros\/#breadcrumb","itemListElement":[{"@type":"ListItem","position":1,"name":"In\u00edcio","item":"https:\/\/www.fiemg.com.br\/iel\/"},{"@type":"ListItem","position":2,"name":"IEL forma 17\u00aa turma do Programa de Desenvolvimento de Conselheiros"}]},{"@type":"WebSite","@id":"https:\/\/www.fiemg.com.br\/iel\/#website","url":"https:\/\/www.fiemg.com.br\/iel\/","name":"IEL","description":"Federa\u00e7\u00e3o das Ind\u00fastrias do Estado de Minas Gerais","publisher":{"@id":"https:\/\/www.fiemg.com.br\/iel\/#organization"},"potentialAction":[{"@type":"SearchAction","target":{"@type":"EntryPoint","urlTemplate":"https:\/\/www.fiemg.com.br\/iel\/?s={search_term_string}"},"query-input":{"@type":"PropertyValueSpecification","valueRequired":true,"valueName":"search_term_string"}}],"inLanguage":"pt-BR"},{"@type":"Organization","@id":"https:\/\/www.fiemg.com.br\/iel\/#organization","name":"IEL","url":"https:\/\/www.fiemg.com.br\/iel\/","logo":{"@type":"ImageObject","inLanguage":"pt-BR","@id":"https:\/\/www.fiemg.com.br\/iel\/#\/schema\/logo\/image\/","url":"https:\/\/www.fiemg.com.br\/iel\/wp-content\/uploads\/sites\/13\/2023\/02\/IEL_branco.svg","contentUrl":"https:\/\/www.fiemg.com.br\/iel\/wp-content\/uploads\/sites\/13\/2023\/02\/IEL_branco.svg","width":103,"height":59,"caption":"IEL"},"image":{"@id":"https:\/\/www.fiemg.com.br\/iel\/#\/schema\/logo\/image\/"}}]}},"_links":{"self":[{"href":"https:\/\/www.fiemg.com.br\/iel\/wp-json\/wp\/v2\/noticias\/2135","targetHints":{"allow":["GET"]}}],"collection":[{"href":"https:\/\/www.fiemg.com.br\/iel\/wp-json\/wp\/v2\/noticias"}],"about":[{"href":"https:\/\/www.fiemg.com.br\/iel\/wp-json\/wp\/v2\/types\/noticias"}],"wp:featuredmedia":[{"embeddable":true,"href":"https:\/\/www.fiemg.com.br\/iel\/wp-json\/wp\/v2\/media\/2136"}],"wp:attachment":[{"href":"https:\/\/www.fiemg.com.br\/iel\/wp-json\/wp\/v2\/media?parent=2135"}],"wp:term":[{"taxonomy":"category","embeddable":true,"href":"https:\/\/www.fiemg.com.br\/iel\/wp-json\/wp\/v2\/categories?post=2135"},{"taxonomy":"post_tag","embeddable":true,"href":"https:\/\/www.fiemg.com.br\/iel\/wp-json\/wp\/v2\/tags?post=2135"}],"curies":[{"name":"wp","href":"https:\/\/api.w.org\/{rel}","templated":true}]}}