{"id":2235,"date":"2024-03-19T17:45:22","date_gmt":"2024-03-19T20:45:22","guid":{"rendered":"https:\/\/www.fiemg.com.br\/iel\/noticias\/alianca-ambiental-estrategica-e-apresentada-na-semana-da-agua-2024\/"},"modified":"2024-03-19T17:51:34","modified_gmt":"2024-03-19T20:51:34","slug":"alianca-ambiental-estrategica-e-apresentada-na-semana-da-agua-2024","status":"publish","type":"noticias","link":"https:\/\/www.fiemg.com.br\/iel\/noticias\/alianca-ambiental-estrategica-e-apresentada-na-semana-da-agua-2024\/","title":{"rendered":"Alian\u00e7a Ambiental Estrat\u00e9gica \u00e9 apresentada na Semana da \u00c1gua 2024"},"content":{"rendered":"\n<p><\/p>\n\n\n\n<p>Com o objetivo de conscientiza\u00e7\u00e3o da iniciativa privada acerca da import\u00e2ncia do desenvolvimento sustent\u00e1vel, o programa Alian\u00e7a Ambiental Estrat\u00e9gica foi apresentado para empresas na \u00faltima segunda-feira (18\/3), durante evento virtual que marcou a abertura da Semana da \u00c1gua 2024, do governo de Minas Gerais.<\/p>\n\n\n\n<p>Iniciativa da Secretaria de Estado de Meio Ambiente e Desenvolvimento Sustent\u00e1vel (Semad) em parceria com o Instituto Euvaldo Lodi (IEL), da Federa\u00e7\u00e3o das Ind\u00fastrias de Minas Gerais (FIEMG), o programa Alian\u00e7a Ambiental Estrat\u00e9gica tem como objetivo reconhecer empresas que desejam contribuir voluntariamente com o desenvolvimento sustent\u00e1vel em Minas Gerais, atrav\u00e9s da implementa\u00e7\u00e3o de projetos socioambientais.<\/p>\n\n\n\n<p>Realizada pela Diretoria de Projetos Ambientais e Instrumentos Econ\u00f4micos da Semad e o IEL, a apresenta\u00e7\u00e3o virtual mostrou as diretrizes do programa e os benef\u00edcios para as empresas, al\u00e9m de esclarecer as eventuais d\u00favidas referentes \u00e0 ades\u00e3o dos interessados.&nbsp;<\/p>\n\n\n\n<p>\u201cA Alian\u00e7a Ambiental Estrat\u00e9gica \u00e9 uma parceria do governo de Minas com a ind\u00fastria, a partir da Semad e do IEL. O foco \u00e9 em projetos volunt\u00e1rios que v\u00e3o para al\u00e9m das obriga\u00e7\u00f5es legais\u201d, definiu a diretora de Projetos Ambientais e Instrumentos Econ\u00f4micos (DPAI) da Semad, Fabiana Moreira.&nbsp;<\/p>\n\n\n\n<p>A Alian\u00e7a Ambiental Estrat\u00e9gica leva em considera\u00e7\u00e3o a agenda ESG (Environmental, Social and Governance),&nbsp; sigla que se refere a pr\u00e1ticas ambientais, sociais e de governan\u00e7a corporativa. Esse termo tornou-se uma forma de se referir ao que empresas e entidades est\u00e3o fazendo para serem socialmente respons\u00e1veis, ambientalmente sustent\u00e1veis e administradas de forma correta.<\/p>\n\n\n\n<p>\u201cO programa parte dessa necessidade entre os p\u00fablicos, empresas e as comunidades de valoriza\u00e7\u00e3o da responsabilidade socioambiental, trazendo isso para uma esfera macro, divulgando as boas pr\u00e1ticas realizadas em todo o Estado\u201d, comentou o analista ambiental do IEL, Mateus Oliveira Claudino.&nbsp;<\/p>\n\n\n\n<p>&#8220;Esse programa representa um marco significativo n\u00e3o apenas para a ind\u00fastria mineira e para nossos parceiros, mas tamb\u00e9m para o cen\u00e1rio ambiental e de sustentabilidade em nosso Estado, pois, por meio dele, as empresas t\u00eam a oportunidade de se destacar como verdadeiros agentes de mudan\u00e7a em nosso Estado&#8221;, avalia a coordenadora do N\u00facleo de Meio Ambiental e Sustentabilidade da Ger\u00eancia de Consultoria para Neg\u00f3cios do IEL, Kamila Vilela.&nbsp;<\/p>\n\n\n\n<p><strong>Alian\u00e7a Estrat\u00e9gica<\/strong><\/p>\n\n\n\n<p>A Alian\u00e7a Estrat\u00e9gica funciona por meio de fases, sendo a primeira delas a de Triagem de Elegibilidade, na qual as empresas interessadas em desenvolver ou patrocinar projetos ambientais volunt\u00e1rios em Minas submetem o projeto ao edital.&nbsp;<\/p>\n\n\n\n<p>Em seguida, a Semad e o IEL fazem uma an\u00e1lise de atendimento aos crit\u00e9rios de ades\u00e3o para sele\u00e7\u00e3o do projeto. Com a aprova\u00e7\u00e3o, a empresa assina um Termo de Investimento com o IEL\/MG e recebe a Declara\u00e7\u00e3o de Ades\u00e3o \u00e0 Alian\u00e7a Ambiental.&nbsp;&nbsp;<\/p>\n\n\n\n<p>A segunda fase prev\u00ea a avalia\u00e7\u00e3o e o monitoramento do projeto executado pela empresa, por meio de an\u00e1lise documental, reuni\u00f5es peri\u00f3dicas on-line, auditorias in loco, an\u00e1lise e consolida\u00e7\u00e3o de resultados. E, os projetos que cumprirem com o determinado pelo programa e obtiverem boa avalia\u00e7\u00e3o da Semad e do IEL s\u00e3o reconhecidas com o Selo Sustentabilidade Alian\u00e7a Ambiental Semad e IEL\/MG.&nbsp;&nbsp;&nbsp;<\/p>\n\n\n\n<p>&#8220;Esse reconhecimento \u00e9 uma propaganda, uma forma de divulga\u00e7\u00e3o muito importante para a empresa. Ajuda tamb\u00e9m a ampliar o relacionamento das empresas com as comunidades e os pr\u00f3prios \u00f3rg\u00e3os p\u00fablicos. Ter o aval t\u00e9cnico do IEL e da Semad, duas entidades de peso, com certeza, j\u00e1 d\u00e3o muita credibilidade aos projetos&#8221;, disse Mateus Oliveira Claudino.&nbsp;<\/p>\n\n\n\n<p>\u201cAl\u00e9m disso, a participa\u00e7\u00e3o na Alian\u00e7a Ambiental Estrat\u00e9gica confere \u00e0s empresas uma credibilidade inestim\u00e1vel. Em um mundo onde a sustentabilidade \u00e9 cada vez mais valorizada, o selo de aprova\u00e7\u00e3o da Alian\u00e7a n\u00e3o apenas valida os esfor\u00e7os das empresas em dire\u00e7\u00e3o \u00e0 responsabilidade ambiental, mas tamb\u00e9m as diferencia como l\u00edderes em seus setores&#8221;, completou Kamila Vilela.&nbsp;<\/p>\n\n\n\n<p>Saiba mais sobre o programa Alian\u00e7a Ambiental Estrat\u00e9gica clicando <a href=\"https:\/\/www.fiemg.com.br\/iel\/area-de-interesse\/alianca-ambiental-estrategica\/\">aqu<\/a><a href=\"https:\/\/www.fiemg.com.br\/iel\/area-de-interesse\/alianca-ambiental-estrategica\/\" target=\"_blank\" rel=\"noreferrer noopener\">i<\/a>.<\/p>\n\n\n\n<p><strong>Pr\u00eamio<\/strong><\/p>\n\n\n\n<p>Em novembro de 2023, o Alian\u00e7a Ambiental Estrat\u00e9gica foi agraciado pelo pr\u00eamio Gest\u00e3o Ambiental 2023, realizado pela Associa\u00e7\u00e3o Ambiental e Cultural Zeladoria do Planeta. O programa foi reconhecido como exemplo de modernidade para o meio ambiente em Minas Gerais.<\/p>\n\n\n\n<p><em>Tha\u00eds Mota<\/em>*<br><strong>Imprensa FIEMG<\/strong><br><br><em>*Com informa\u00e7\u00f5es da Ag\u00eancia Minas<\/em><\/p>\n","protected":false},"featured_media":2236,"template":"","categories":[221],"tags":[161,91,222,223],"class_list":["post-2235","noticias","type-noticias","status-publish","has-post-thumbnail","hentry","category-associativismo","tag-alianca-ambiental-estrategica","tag-fiemg","tag-semad","tag-semana-da-agua-2024"],"acf":[],"yoast_head":"<!-- This site is optimized with the Yoast SEO plugin v26.2 - https:\/\/yoast.com\/wordpress\/plugins\/seo\/ -->\n<title>Alian\u00e7a Ambiental Estrat\u00e9gica \u00e9 apresentada na Semana da \u00c1gua 2024 - IEL<\/title>\n<meta name=\"description\" content=\"Iniciativa do governo de Minas com a FIEMG, programa visa reconhecer empresas que desejam contribuir voluntariamente com o desenvolvimento sustent\u00e1vel em Minas\" \/>\n<meta name=\"robots\" content=\"index, follow, max-snippet:-1, max-image-preview:large, max-video-preview:-1\" \/>\n<link rel=\"canonical\" href=\"https:\/\/www.fiemg.com.br\/iel\/noticias\/alianca-ambiental-estrategica-e-apresentada-na-semana-da-agua-2024\/\" \/>\n<meta property=\"og:locale\" content=\"pt_BR\" \/>\n<meta property=\"og:type\" content=\"article\" \/>\n<meta property=\"og:title\" content=\"Alian\u00e7a Ambiental Estrat\u00e9gica \u00e9 apresentada na Semana da \u00c1gua 2024 - IEL\" \/>\n<meta property=\"og:description\" content=\"Iniciativa do governo de Minas com a FIEMG, programa visa reconhecer empresas que desejam contribuir voluntariamente com o desenvolvimento sustent\u00e1vel em Minas\" \/>\n<meta property=\"og:url\" content=\"https:\/\/www.fiemg.com.br\/iel\/noticias\/alianca-ambiental-estrategica-e-apresentada-na-semana-da-agua-2024\/\" \/>\n<meta property=\"og:site_name\" content=\"IEL\" \/>\n<meta property=\"article:modified_time\" content=\"2024-03-19T20:51:34+00:00\" \/>\n<meta property=\"og:image\" content=\"https:\/\/www.fiemg.com.br\/iel\/wp-content\/uploads\/sites\/13\/2024\/03\/Alianca-Estrategica-1.jpg\" \/>\n\t<meta property=\"og:image:width\" content=\"512\" \/>\n\t<meta property=\"og:image:height\" content=\"512\" \/>\n\t<meta property=\"og:image:type\" content=\"image\/jpeg\" \/>\n<meta name=\"twitter:card\" content=\"summary_large_image\" \/>\n<meta name=\"twitter:label1\" content=\"Est. tempo de leitura\" \/>\n\t<meta name=\"twitter:data1\" content=\"4 minutos\" \/>\n<script type=\"application\/ld+json\" class=\"yoast-schema-graph\">{\"@context\":\"https:\/\/schema.org\",\"@graph\":[{\"@type\":\"WebPage\",\"@id\":\"https:\/\/www.fiemg.com.br\/iel\/noticias\/alianca-ambiental-estrategica-e-apresentada-na-semana-da-agua-2024\/\",\"url\":\"https:\/\/www.fiemg.com.br\/iel\/noticias\/alianca-ambiental-estrategica-e-apresentada-na-semana-da-agua-2024\/\",\"name\":\"Alian\u00e7a Ambiental Estrat\u00e9gica \u00e9 apresentada na Semana da \u00c1gua 2024 - IEL\",\"isPartOf\":{\"@id\":\"https:\/\/www.fiemg.com.br\/iel\/#website\"},\"primaryImageOfPage\":{\"@id\":\"https:\/\/www.fiemg.com.br\/iel\/noticias\/alianca-ambiental-estrategica-e-apresentada-na-semana-da-agua-2024\/#primaryimage\"},\"image\":{\"@id\":\"https:\/\/www.fiemg.com.br\/iel\/noticias\/alianca-ambiental-estrategica-e-apresentada-na-semana-da-agua-2024\/#primaryimage\"},\"thumbnailUrl\":\"https:\/\/www.fiemg.com.br\/iel\/wp-content\/uploads\/sites\/13\/2024\/03\/Alianca-Estrategica-1.jpg\",\"datePublished\":\"2024-03-19T20:45:22+00:00\",\"dateModified\":\"2024-03-19T20:51:34+00:00\",\"description\":\"Iniciativa do governo de Minas com a FIEMG, programa visa reconhecer empresas que desejam contribuir voluntariamente com o desenvolvimento sustent\u00e1vel em Minas\",\"breadcrumb\":{\"@id\":\"https:\/\/www.fiemg.com.br\/iel\/noticias\/alianca-ambiental-estrategica-e-apresentada-na-semana-da-agua-2024\/#breadcrumb\"},\"inLanguage\":\"pt-BR\",\"potentialAction\":[{\"@type\":\"ReadAction\",\"target\":[\"https:\/\/www.fiemg.com.br\/iel\/noticias\/alianca-ambiental-estrategica-e-apresentada-na-semana-da-agua-2024\/\"]}]},{\"@type\":\"ImageObject\",\"inLanguage\":\"pt-BR\",\"@id\":\"https:\/\/www.fiemg.com.br\/iel\/noticias\/alianca-ambiental-estrategica-e-apresentada-na-semana-da-agua-2024\/#primaryimage\",\"url\":\"https:\/\/www.fiemg.com.br\/iel\/wp-content\/uploads\/sites\/13\/2024\/03\/Alianca-Estrategica-1.jpg\",\"contentUrl\":\"https:\/\/www.fiemg.com.br\/iel\/wp-content\/uploads\/sites\/13\/2024\/03\/Alianca-Estrategica-1.jpg\",\"width\":512,\"height\":512,\"caption\":\"Alian\u00e7a Ambiental Estrat\u00e9gica \u00e9 apresentada na Semana da \u00c1gua 2024\"},{\"@type\":\"BreadcrumbList\",\"@id\":\"https:\/\/www.fiemg.com.br\/iel\/noticias\/alianca-ambiental-estrategica-e-apresentada-na-semana-da-agua-2024\/#breadcrumb\",\"itemListElement\":[{\"@type\":\"ListItem\",\"position\":1,\"name\":\"In\u00edcio\",\"item\":\"https:\/\/www.fiemg.com.br\/iel\/\"},{\"@type\":\"ListItem\",\"position\":2,\"name\":\"Alian\u00e7a Ambiental Estrat\u00e9gica \u00e9 apresentada na Semana da \u00c1gua 2024\"}]},{\"@type\":\"WebSite\",\"@id\":\"https:\/\/www.fiemg.com.br\/iel\/#website\",\"url\":\"https:\/\/www.fiemg.com.br\/iel\/\",\"name\":\"IEL\",\"description\":\"Federa\u00e7\u00e3o das Ind\u00fastrias do Estado de Minas Gerais\",\"publisher\":{\"@id\":\"https:\/\/www.fiemg.com.br\/iel\/#organization\"},\"potentialAction\":[{\"@type\":\"SearchAction\",\"target\":{\"@type\":\"EntryPoint\",\"urlTemplate\":\"https:\/\/www.fiemg.com.br\/iel\/?s={search_term_string}\"},\"query-input\":{\"@type\":\"PropertyValueSpecification\",\"valueRequired\":true,\"valueName\":\"search_term_string\"}}],\"inLanguage\":\"pt-BR\"},{\"@type\":\"Organization\",\"@id\":\"https:\/\/www.fiemg.com.br\/iel\/#organization\",\"name\":\"IEL\",\"url\":\"https:\/\/www.fiemg.com.br\/iel\/\",\"logo\":{\"@type\":\"ImageObject\",\"inLanguage\":\"pt-BR\",\"@id\":\"https:\/\/www.fiemg.com.br\/iel\/#\/schema\/logo\/image\/\",\"url\":\"https:\/\/www.fiemg.com.br\/iel\/wp-content\/uploads\/sites\/13\/2023\/02\/IEL_branco.svg\",\"contentUrl\":\"https:\/\/www.fiemg.com.br\/iel\/wp-content\/uploads\/sites\/13\/2023\/02\/IEL_branco.svg\",\"width\":103,\"height\":59,\"caption\":\"IEL\"},\"image\":{\"@id\":\"https:\/\/www.fiemg.com.br\/iel\/#\/schema\/logo\/image\/\"}}]}<\/script>\n<!-- \/ Yoast SEO plugin. -->","yoast_head_json":{"title":"Alian\u00e7a Ambiental Estrat\u00e9gica \u00e9 apresentada na Semana da \u00c1gua 2024 - IEL","description":"Iniciativa do governo de Minas com a FIEMG, programa visa reconhecer empresas que desejam contribuir voluntariamente com o desenvolvimento sustent\u00e1vel em Minas","robots":{"index":"index","follow":"follow","max-snippet":"max-snippet:-1","max-image-preview":"max-image-preview:large","max-video-preview":"max-video-preview:-1"},"canonical":"https:\/\/www.fiemg.com.br\/iel\/noticias\/alianca-ambiental-estrategica-e-apresentada-na-semana-da-agua-2024\/","og_locale":"pt_BR","og_type":"article","og_title":"Alian\u00e7a Ambiental Estrat\u00e9gica \u00e9 apresentada na Semana da \u00c1gua 2024 - IEL","og_description":"Iniciativa do governo de Minas com a FIEMG, programa visa reconhecer empresas que desejam contribuir voluntariamente com o desenvolvimento sustent\u00e1vel em Minas","og_url":"https:\/\/www.fiemg.com.br\/iel\/noticias\/alianca-ambiental-estrategica-e-apresentada-na-semana-da-agua-2024\/","og_site_name":"IEL","article_modified_time":"2024-03-19T20:51:34+00:00","og_image":[{"width":512,"height":512,"url":"https:\/\/www.fiemg.com.br\/iel\/wp-content\/uploads\/sites\/13\/2024\/03\/Alianca-Estrategica-1.jpg","type":"image\/jpeg"}],"twitter_card":"summary_large_image","twitter_misc":{"Est. tempo de leitura":"4 minutos"},"schema":{"@context":"https:\/\/schema.org","@graph":[{"@type":"WebPage","@id":"https:\/\/www.fiemg.com.br\/iel\/noticias\/alianca-ambiental-estrategica-e-apresentada-na-semana-da-agua-2024\/","url":"https:\/\/www.fiemg.com.br\/iel\/noticias\/alianca-ambiental-estrategica-e-apresentada-na-semana-da-agua-2024\/","name":"Alian\u00e7a Ambiental Estrat\u00e9gica \u00e9 apresentada na Semana da \u00c1gua 2024 - IEL","isPartOf":{"@id":"https:\/\/www.fiemg.com.br\/iel\/#website"},"primaryImageOfPage":{"@id":"https:\/\/www.fiemg.com.br\/iel\/noticias\/alianca-ambiental-estrategica-e-apresentada-na-semana-da-agua-2024\/#primaryimage"},"image":{"@id":"https:\/\/www.fiemg.com.br\/iel\/noticias\/alianca-ambiental-estrategica-e-apresentada-na-semana-da-agua-2024\/#primaryimage"},"thumbnailUrl":"https:\/\/www.fiemg.com.br\/iel\/wp-content\/uploads\/sites\/13\/2024\/03\/Alianca-Estrategica-1.jpg","datePublished":"2024-03-19T20:45:22+00:00","dateModified":"2024-03-19T20:51:34+00:00","description":"Iniciativa do governo de Minas com a FIEMG, programa visa reconhecer empresas que desejam contribuir voluntariamente com o desenvolvimento sustent\u00e1vel em Minas","breadcrumb":{"@id":"https:\/\/www.fiemg.com.br\/iel\/noticias\/alianca-ambiental-estrategica-e-apresentada-na-semana-da-agua-2024\/#breadcrumb"},"inLanguage":"pt-BR","potentialAction":[{"@type":"ReadAction","target":["https:\/\/www.fiemg.com.br\/iel\/noticias\/alianca-ambiental-estrategica-e-apresentada-na-semana-da-agua-2024\/"]}]},{"@type":"ImageObject","inLanguage":"pt-BR","@id":"https:\/\/www.fiemg.com.br\/iel\/noticias\/alianca-ambiental-estrategica-e-apresentada-na-semana-da-agua-2024\/#primaryimage","url":"https:\/\/www.fiemg.com.br\/iel\/wp-content\/uploads\/sites\/13\/2024\/03\/Alianca-Estrategica-1.jpg","contentUrl":"https:\/\/www.fiemg.com.br\/iel\/wp-content\/uploads\/sites\/13\/2024\/03\/Alianca-Estrategica-1.jpg","width":512,"height":512,"caption":"Alian\u00e7a Ambiental Estrat\u00e9gica \u00e9 apresentada na Semana da \u00c1gua 2024"},{"@type":"BreadcrumbList","@id":"https:\/\/www.fiemg.com.br\/iel\/noticias\/alianca-ambiental-estrategica-e-apresentada-na-semana-da-agua-2024\/#breadcrumb","itemListElement":[{"@type":"ListItem","position":1,"name":"In\u00edcio","item":"https:\/\/www.fiemg.com.br\/iel\/"},{"@type":"ListItem","position":2,"name":"Alian\u00e7a Ambiental Estrat\u00e9gica \u00e9 apresentada na Semana da \u00c1gua 2024"}]},{"@type":"WebSite","@id":"https:\/\/www.fiemg.com.br\/iel\/#website","url":"https:\/\/www.fiemg.com.br\/iel\/","name":"IEL","description":"Federa\u00e7\u00e3o das Ind\u00fastrias do Estado de Minas Gerais","publisher":{"@id":"https:\/\/www.fiemg.com.br\/iel\/#organization"},"potentialAction":[{"@type":"SearchAction","target":{"@type":"EntryPoint","urlTemplate":"https:\/\/www.fiemg.com.br\/iel\/?s={search_term_string}"},"query-input":{"@type":"PropertyValueSpecification","valueRequired":true,"valueName":"search_term_string"}}],"inLanguage":"pt-BR"},{"@type":"Organization","@id":"https:\/\/www.fiemg.com.br\/iel\/#organization","name":"IEL","url":"https:\/\/www.fiemg.com.br\/iel\/","logo":{"@type":"ImageObject","inLanguage":"pt-BR","@id":"https:\/\/www.fiemg.com.br\/iel\/#\/schema\/logo\/image\/","url":"https:\/\/www.fiemg.com.br\/iel\/wp-content\/uploads\/sites\/13\/2023\/02\/IEL_branco.svg","contentUrl":"https:\/\/www.fiemg.com.br\/iel\/wp-content\/uploads\/sites\/13\/2023\/02\/IEL_branco.svg","width":103,"height":59,"caption":"IEL"},"image":{"@id":"https:\/\/www.fiemg.com.br\/iel\/#\/schema\/logo\/image\/"}}]}},"_links":{"self":[{"href":"https:\/\/www.fiemg.com.br\/iel\/wp-json\/wp\/v2\/noticias\/2235","targetHints":{"allow":["GET"]}}],"collection":[{"href":"https:\/\/www.fiemg.com.br\/iel\/wp-json\/wp\/v2\/noticias"}],"about":[{"href":"https:\/\/www.fiemg.com.br\/iel\/wp-json\/wp\/v2\/types\/noticias"}],"wp:featuredmedia":[{"embeddable":true,"href":"https:\/\/www.fiemg.com.br\/iel\/wp-json\/wp\/v2\/media\/2236"}],"wp:attachment":[{"href":"https:\/\/www.fiemg.com.br\/iel\/wp-json\/wp\/v2\/media?parent=2235"}],"wp:term":[{"taxonomy":"category","embeddable":true,"href":"https:\/\/www.fiemg.com.br\/iel\/wp-json\/wp\/v2\/categories?post=2235"},{"taxonomy":"post_tag","embeddable":true,"href":"https:\/\/www.fiemg.com.br\/iel\/wp-json\/wp\/v2\/tags?post=2235"}],"curies":[{"name":"wp","href":"https:\/\/api.w.org\/{rel}","templated":true}]}}