{"id":2591,"date":"2024-08-20T15:16:22","date_gmt":"2024-08-20T18:16:22","guid":{"rendered":"https:\/\/www.fiemg.com.br\/iel\/noticias\/fiemg-assina-protocolo-de-intencoes-para-criacao-da-rota-dos-vinhos\/"},"modified":"2024-08-22T16:43:34","modified_gmt":"2024-08-22T19:43:34","slug":"fiemg-assina-protocolo-de-intencoes-para-criacao-da-rota-dos-vinhos","status":"publish","type":"noticias","link":"https:\/\/www.fiemg.com.br\/iel\/noticias\/fiemg-assina-protocolo-de-intencoes-para-criacao-da-rota-dos-vinhos\/","title":{"rendered":"FIEMG assina protocolo de inten\u00e7\u00f5es para cria\u00e7\u00e3o da Rota dos Vinhos"},"content":{"rendered":"\n<figure class=\"wp-block-image aligncenter size-full\"><img fetchpriority=\"high\" decoding=\"async\" width=\"940\" height=\"350\" src=\"https:\/\/www.fiemg.com.br\/iel\/wp-content\/uploads\/sites\/13\/2024\/08\/20240819163132_IMG_6148_GL.jpg\" alt=\"\" class=\"wp-image-2593\" srcset=\"https:\/\/www.fiemg.com.br\/iel\/wp-content\/uploads\/sites\/13\/2024\/08\/20240819163132_IMG_6148_GL.jpg 940w, https:\/\/www.fiemg.com.br\/iel\/wp-content\/uploads\/sites\/13\/2024\/08\/20240819163132_IMG_6148_GL-300x112.jpg 300w, https:\/\/www.fiemg.com.br\/iel\/wp-content\/uploads\/sites\/13\/2024\/08\/20240819163132_IMG_6148_GL-768x286.jpg 768w\" sizes=\"(max-width: 940px) 100vw, 940px\" \/><\/figure>\n\n\n\n<p><\/p>\n\n\n\n<p>A Federa\u00e7\u00e3o das Ind\u00fastrias do Estado de Minas Gerais (FIEMG), por meio do Instituto Euvaldo Lodi (IEL), assinou um protocolo de inten\u00e7\u00f5es para a cria\u00e7\u00e3o da \u2018\u2019Rota dos Vinhos\u2019\u2019. \u200bA iniciativa visa impulsionar a expans\u00e3o do setor de vinicultura, que contempla a produ\u00e7\u00e3o de vinhos, e a viticultura, para o produtor que produz uvas <em>in natura<\/em>. Dessa forma, o enoturismo \u2013 turismo voltado ao consumo e aprecia\u00e7\u00e3o de vinhos \u2013 passar\u00e1 a ser o foco de uma pol\u00edtica p\u00fablica para atrair visitantes e investimentos, al\u00e9m de gerar emprego e renda.<\/p>\n\n\n\n<p><\/p>\n\n\n\n<figure class=\"wp-block-image aligncenter size-large is-resized\"><img decoding=\"async\" width=\"768\" height=\"1024\" src=\"https:\/\/www.fiemg.com.br\/iel\/wp-content\/uploads\/sites\/13\/2024\/08\/WhatsApp-Image-2024-08-20-at-15.53.49-768x1024.jpeg\" alt=\"\" class=\"wp-image-2599\" style=\"width:447px;height:auto\" srcset=\"https:\/\/www.fiemg.com.br\/iel\/wp-content\/uploads\/sites\/13\/2024\/08\/WhatsApp-Image-2024-08-20-at-15.53.49-768x1024.jpeg 768w, https:\/\/www.fiemg.com.br\/iel\/wp-content\/uploads\/sites\/13\/2024\/08\/WhatsApp-Image-2024-08-20-at-15.53.49-225x300.jpeg 225w, https:\/\/www.fiemg.com.br\/iel\/wp-content\/uploads\/sites\/13\/2024\/08\/WhatsApp-Image-2024-08-20-at-15.53.49-1152x1536.jpeg 1152w, https:\/\/www.fiemg.com.br\/iel\/wp-content\/uploads\/sites\/13\/2024\/08\/WhatsApp-Image-2024-08-20-at-15.53.49.jpeg 1200w\" sizes=\"(max-width: 768px) 100vw, 768px\" \/><\/figure>\n\n\n\n<p><\/p>\n\n\n\n<p><\/p>\n\n\n\n<p>Durante cerim\u00f4nia realizada nessa segunda-feira (20) no Pal\u00e1cio da Liberdade, em Belo Horizonte, o documento foi assinado pelo Governo de Minas &#8211; via Secretarias de Estado de Cultura e Turismo (Secult) e de Desenvolvimento Econ\u00f4mico (Sede), pela Companhia de Desenvolvimento de Minas Gerais (Codemge), pelo Sebrae Minas e pela FIEMG, por meio do Instituto Euvaldo Lodi (IEL). A Federa\u00e7\u00e3o foi representada por Heloisa Bertoli,&nbsp;presidente do Sindicato da Ind\u00fastria do Vinho do Estado de Minas Gerais (SINDVINHO-MG). De acordo com ela, a iniciativa \u00e9 uma estrat\u00e9gia crucial para inserir Minas Gerais nos cen\u00e1rios nacional e internacional do vinho. \u2018\u2019Com a cria\u00e7\u00e3o de um roteiro tur\u00edstico que conecta as principais vin\u00edcolas da regi\u00e3o, ser\u00e1 poss\u00edvel promover o vinho mineiro, que tem ganhado reconhecimento pela sua qualidade e caracter\u00edsticas \u00fanicas\u2019\u2019, destaca. A dirigente sindical lembra, ainda, que esse tipo de projeto facilita a cria\u00e7\u00e3o de uma rede de colabora\u00e7\u00e3o entre os produtores, possibilitando a troca de conhecimento entre eles.<\/p>\n\n\n\n<p>O governador Romeu Zema e&nbsp;o vice-governador Professor Mateus participaram do evento que marcou a assinatura do protocolo, acompanhados por mais&nbsp;de 40 produtores mineiros, entre viticultores e vinicultores. Na ocasi\u00e3o, Zema afirmou que deseja \u2018\u2019aproveitar todo o potencial que a cultura da uva e a produ\u00e7\u00e3o de vinho t\u00eam para despertar o interesse das pessoas\u201d. A ideia \u00e9 que a iniciativa da Rota dos Vinhos contemple oito regi\u00f5es: Zona da Mata, Tri\u00e2ngulo Mineiro, Sul\/Sudoeste, Oeste, Norte, Metropolitana, Jequitinhonha, Central e Campo das Vertentes. Para Professor Mateus, o projeto \u00e9 uma oportunidade \u2018\u2019n\u00e3o apenas comercial, mas tamb\u00e9m para atrair aqueles que praticam o enoturismo\u2019\u2019.<\/p>\n\n\n\n<p>Agora, segundo Thadeu Neves, gerente de Projetos para Ind\u00fastria do IEL-MG, um Acordo de Coopera\u00e7\u00e3o T\u00e9cnica (ACT) ser\u00e1 assinado entre as partes visando a cria\u00e7\u00e3o de plano de trabalho com as atividades e serem desenvolvidas durante a execu\u00e7\u00e3o do programa. Atualmente, a estimativa do Governo de Minas \u00e9 de que o mercado de vinhos movimente R$120 milh\u00f5es por ano.<\/p>\n\n\n\n<p>Representantes do Governo de Minas, SEAPA-MG, SECULT-MG, SECOM-MG, EMATER, EPAMIG, IMA, CODEMGE, FAEMG, FIEMG, IEL\/MG, SINDVINHO e da Associa\u00e7\u00e3o dos Produtores de Uva tamb\u00e9m participaram da cerim\u00f4nia.<\/p>\n\n\n\n<p><strong>Imprensa FIEMG\/Ag\u00eancia Minas<\/strong><\/p>\n","protected":false},"featured_media":2592,"template":"","categories":[15],"tags":[],"class_list":["post-2591","noticias","type-noticias","status-publish","has-post-thumbnail","hentry","category-desenvolvimento-industrial"],"acf":[],"yoast_head":"<!-- This site is optimized with the Yoast SEO plugin v26.2 - https:\/\/yoast.com\/wordpress\/plugins\/seo\/ -->\n<title>FIEMG assina protocolo de inten\u00e7\u00f5es para cria\u00e7\u00e3o da Rota dos Vinhos - IEL<\/title>\n<meta name=\"description\" content=\"Iniciativa busca contribuir com o crescimento e a valoriza\u00e7\u00e3o do setor no Estado\" \/>\n<meta name=\"robots\" content=\"index, follow, max-snippet:-1, max-image-preview:large, max-video-preview:-1\" \/>\n<link rel=\"canonical\" href=\"https:\/\/www.fiemg.com.br\/iel\/noticias\/fiemg-assina-protocolo-de-intencoes-para-criacao-da-rota-dos-vinhos\/\" \/>\n<meta property=\"og:locale\" content=\"pt_BR\" \/>\n<meta property=\"og:type\" content=\"article\" \/>\n<meta property=\"og:title\" content=\"FIEMG assina protocolo de inten\u00e7\u00f5es para cria\u00e7\u00e3o da Rota dos Vinhos - IEL\" \/>\n<meta property=\"og:description\" content=\"Iniciativa busca contribuir com o crescimento e a valoriza\u00e7\u00e3o do setor no Estado\" \/>\n<meta property=\"og:url\" content=\"https:\/\/www.fiemg.com.br\/iel\/noticias\/fiemg-assina-protocolo-de-intencoes-para-criacao-da-rota-dos-vinhos\/\" \/>\n<meta property=\"og:site_name\" content=\"IEL\" \/>\n<meta property=\"article:modified_time\" content=\"2024-08-22T19:43:34+00:00\" \/>\n<meta property=\"og:image\" content=\"https:\/\/www.fiemg.com.br\/iel\/wp-content\/uploads\/sites\/13\/2024\/08\/VINHO-1.png\" \/>\n\t<meta property=\"og:image:width\" content=\"300\" \/>\n\t<meta property=\"og:image:height\" content=\"300\" \/>\n\t<meta property=\"og:image:type\" content=\"image\/png\" \/>\n<meta name=\"twitter:card\" content=\"summary_large_image\" \/>\n<meta name=\"twitter:label1\" content=\"Est. tempo de leitura\" \/>\n\t<meta name=\"twitter:data1\" content=\"3 minutos\" \/>\n<script type=\"application\/ld+json\" class=\"yoast-schema-graph\">{\"@context\":\"https:\/\/schema.org\",\"@graph\":[{\"@type\":\"WebPage\",\"@id\":\"https:\/\/www.fiemg.com.br\/iel\/noticias\/fiemg-assina-protocolo-de-intencoes-para-criacao-da-rota-dos-vinhos\/\",\"url\":\"https:\/\/www.fiemg.com.br\/iel\/noticias\/fiemg-assina-protocolo-de-intencoes-para-criacao-da-rota-dos-vinhos\/\",\"name\":\"FIEMG assina protocolo de inten\u00e7\u00f5es para cria\u00e7\u00e3o da Rota dos Vinhos - IEL\",\"isPartOf\":{\"@id\":\"https:\/\/www.fiemg.com.br\/iel\/#website\"},\"primaryImageOfPage\":{\"@id\":\"https:\/\/www.fiemg.com.br\/iel\/noticias\/fiemg-assina-protocolo-de-intencoes-para-criacao-da-rota-dos-vinhos\/#primaryimage\"},\"image\":{\"@id\":\"https:\/\/www.fiemg.com.br\/iel\/noticias\/fiemg-assina-protocolo-de-intencoes-para-criacao-da-rota-dos-vinhos\/#primaryimage\"},\"thumbnailUrl\":\"https:\/\/www.fiemg.com.br\/iel\/wp-content\/uploads\/sites\/13\/2024\/08\/VINHO-1.png\",\"datePublished\":\"2024-08-20T18:16:22+00:00\",\"dateModified\":\"2024-08-22T19:43:34+00:00\",\"description\":\"Iniciativa busca contribuir com o crescimento e a valoriza\u00e7\u00e3o do setor no Estado\",\"breadcrumb\":{\"@id\":\"https:\/\/www.fiemg.com.br\/iel\/noticias\/fiemg-assina-protocolo-de-intencoes-para-criacao-da-rota-dos-vinhos\/#breadcrumb\"},\"inLanguage\":\"pt-BR\",\"potentialAction\":[{\"@type\":\"ReadAction\",\"target\":[\"https:\/\/www.fiemg.com.br\/iel\/noticias\/fiemg-assina-protocolo-de-intencoes-para-criacao-da-rota-dos-vinhos\/\"]}]},{\"@type\":\"ImageObject\",\"inLanguage\":\"pt-BR\",\"@id\":\"https:\/\/www.fiemg.com.br\/iel\/noticias\/fiemg-assina-protocolo-de-intencoes-para-criacao-da-rota-dos-vinhos\/#primaryimage\",\"url\":\"https:\/\/www.fiemg.com.br\/iel\/wp-content\/uploads\/sites\/13\/2024\/08\/VINHO-1.png\",\"contentUrl\":\"https:\/\/www.fiemg.com.br\/iel\/wp-content\/uploads\/sites\/13\/2024\/08\/VINHO-1.png\",\"width\":300,\"height\":300},{\"@type\":\"BreadcrumbList\",\"@id\":\"https:\/\/www.fiemg.com.br\/iel\/noticias\/fiemg-assina-protocolo-de-intencoes-para-criacao-da-rota-dos-vinhos\/#breadcrumb\",\"itemListElement\":[{\"@type\":\"ListItem\",\"position\":1,\"name\":\"In\u00edcio\",\"item\":\"https:\/\/www.fiemg.com.br\/iel\/\"},{\"@type\":\"ListItem\",\"position\":2,\"name\":\"FIEMG assina protocolo de inten\u00e7\u00f5es para cria\u00e7\u00e3o da Rota dos Vinhos\"}]},{\"@type\":\"WebSite\",\"@id\":\"https:\/\/www.fiemg.com.br\/iel\/#website\",\"url\":\"https:\/\/www.fiemg.com.br\/iel\/\",\"name\":\"IEL\",\"description\":\"Federa\u00e7\u00e3o das Ind\u00fastrias do Estado de Minas Gerais\",\"publisher\":{\"@id\":\"https:\/\/www.fiemg.com.br\/iel\/#organization\"},\"potentialAction\":[{\"@type\":\"SearchAction\",\"target\":{\"@type\":\"EntryPoint\",\"urlTemplate\":\"https:\/\/www.fiemg.com.br\/iel\/?s={search_term_string}\"},\"query-input\":{\"@type\":\"PropertyValueSpecification\",\"valueRequired\":true,\"valueName\":\"search_term_string\"}}],\"inLanguage\":\"pt-BR\"},{\"@type\":\"Organization\",\"@id\":\"https:\/\/www.fiemg.com.br\/iel\/#organization\",\"name\":\"IEL\",\"url\":\"https:\/\/www.fiemg.com.br\/iel\/\",\"logo\":{\"@type\":\"ImageObject\",\"inLanguage\":\"pt-BR\",\"@id\":\"https:\/\/www.fiemg.com.br\/iel\/#\/schema\/logo\/image\/\",\"url\":\"https:\/\/www.fiemg.com.br\/iel\/wp-content\/uploads\/sites\/13\/2023\/02\/IEL_branco.svg\",\"contentUrl\":\"https:\/\/www.fiemg.com.br\/iel\/wp-content\/uploads\/sites\/13\/2023\/02\/IEL_branco.svg\",\"width\":103,\"height\":59,\"caption\":\"IEL\"},\"image\":{\"@id\":\"https:\/\/www.fiemg.com.br\/iel\/#\/schema\/logo\/image\/\"}}]}<\/script>\n<!-- \/ Yoast SEO plugin. -->","yoast_head_json":{"title":"FIEMG assina protocolo de inten\u00e7\u00f5es para cria\u00e7\u00e3o da Rota dos Vinhos - IEL","description":"Iniciativa busca contribuir com o crescimento e a valoriza\u00e7\u00e3o do setor no Estado","robots":{"index":"index","follow":"follow","max-snippet":"max-snippet:-1","max-image-preview":"max-image-preview:large","max-video-preview":"max-video-preview:-1"},"canonical":"https:\/\/www.fiemg.com.br\/iel\/noticias\/fiemg-assina-protocolo-de-intencoes-para-criacao-da-rota-dos-vinhos\/","og_locale":"pt_BR","og_type":"article","og_title":"FIEMG assina protocolo de inten\u00e7\u00f5es para cria\u00e7\u00e3o da Rota dos Vinhos - IEL","og_description":"Iniciativa busca contribuir com o crescimento e a valoriza\u00e7\u00e3o do setor no Estado","og_url":"https:\/\/www.fiemg.com.br\/iel\/noticias\/fiemg-assina-protocolo-de-intencoes-para-criacao-da-rota-dos-vinhos\/","og_site_name":"IEL","article_modified_time":"2024-08-22T19:43:34+00:00","og_image":[{"width":300,"height":300,"url":"https:\/\/www.fiemg.com.br\/iel\/wp-content\/uploads\/sites\/13\/2024\/08\/VINHO-1.png","type":"image\/png"}],"twitter_card":"summary_large_image","twitter_misc":{"Est. tempo de leitura":"3 minutos"},"schema":{"@context":"https:\/\/schema.org","@graph":[{"@type":"WebPage","@id":"https:\/\/www.fiemg.com.br\/iel\/noticias\/fiemg-assina-protocolo-de-intencoes-para-criacao-da-rota-dos-vinhos\/","url":"https:\/\/www.fiemg.com.br\/iel\/noticias\/fiemg-assina-protocolo-de-intencoes-para-criacao-da-rota-dos-vinhos\/","name":"FIEMG assina protocolo de inten\u00e7\u00f5es para cria\u00e7\u00e3o da Rota dos Vinhos - IEL","isPartOf":{"@id":"https:\/\/www.fiemg.com.br\/iel\/#website"},"primaryImageOfPage":{"@id":"https:\/\/www.fiemg.com.br\/iel\/noticias\/fiemg-assina-protocolo-de-intencoes-para-criacao-da-rota-dos-vinhos\/#primaryimage"},"image":{"@id":"https:\/\/www.fiemg.com.br\/iel\/noticias\/fiemg-assina-protocolo-de-intencoes-para-criacao-da-rota-dos-vinhos\/#primaryimage"},"thumbnailUrl":"https:\/\/www.fiemg.com.br\/iel\/wp-content\/uploads\/sites\/13\/2024\/08\/VINHO-1.png","datePublished":"2024-08-20T18:16:22+00:00","dateModified":"2024-08-22T19:43:34+00:00","description":"Iniciativa busca contribuir com o crescimento e a valoriza\u00e7\u00e3o do setor no Estado","breadcrumb":{"@id":"https:\/\/www.fiemg.com.br\/iel\/noticias\/fiemg-assina-protocolo-de-intencoes-para-criacao-da-rota-dos-vinhos\/#breadcrumb"},"inLanguage":"pt-BR","potentialAction":[{"@type":"ReadAction","target":["https:\/\/www.fiemg.com.br\/iel\/noticias\/fiemg-assina-protocolo-de-intencoes-para-criacao-da-rota-dos-vinhos\/"]}]},{"@type":"ImageObject","inLanguage":"pt-BR","@id":"https:\/\/www.fiemg.com.br\/iel\/noticias\/fiemg-assina-protocolo-de-intencoes-para-criacao-da-rota-dos-vinhos\/#primaryimage","url":"https:\/\/www.fiemg.com.br\/iel\/wp-content\/uploads\/sites\/13\/2024\/08\/VINHO-1.png","contentUrl":"https:\/\/www.fiemg.com.br\/iel\/wp-content\/uploads\/sites\/13\/2024\/08\/VINHO-1.png","width":300,"height":300},{"@type":"BreadcrumbList","@id":"https:\/\/www.fiemg.com.br\/iel\/noticias\/fiemg-assina-protocolo-de-intencoes-para-criacao-da-rota-dos-vinhos\/#breadcrumb","itemListElement":[{"@type":"ListItem","position":1,"name":"In\u00edcio","item":"https:\/\/www.fiemg.com.br\/iel\/"},{"@type":"ListItem","position":2,"name":"FIEMG assina protocolo de inten\u00e7\u00f5es para cria\u00e7\u00e3o da Rota dos Vinhos"}]},{"@type":"WebSite","@id":"https:\/\/www.fiemg.com.br\/iel\/#website","url":"https:\/\/www.fiemg.com.br\/iel\/","name":"IEL","description":"Federa\u00e7\u00e3o das Ind\u00fastrias do Estado de Minas Gerais","publisher":{"@id":"https:\/\/www.fiemg.com.br\/iel\/#organization"},"potentialAction":[{"@type":"SearchAction","target":{"@type":"EntryPoint","urlTemplate":"https:\/\/www.fiemg.com.br\/iel\/?s={search_term_string}"},"query-input":{"@type":"PropertyValueSpecification","valueRequired":true,"valueName":"search_term_string"}}],"inLanguage":"pt-BR"},{"@type":"Organization","@id":"https:\/\/www.fiemg.com.br\/iel\/#organization","name":"IEL","url":"https:\/\/www.fiemg.com.br\/iel\/","logo":{"@type":"ImageObject","inLanguage":"pt-BR","@id":"https:\/\/www.fiemg.com.br\/iel\/#\/schema\/logo\/image\/","url":"https:\/\/www.fiemg.com.br\/iel\/wp-content\/uploads\/sites\/13\/2023\/02\/IEL_branco.svg","contentUrl":"https:\/\/www.fiemg.com.br\/iel\/wp-content\/uploads\/sites\/13\/2023\/02\/IEL_branco.svg","width":103,"height":59,"caption":"IEL"},"image":{"@id":"https:\/\/www.fiemg.com.br\/iel\/#\/schema\/logo\/image\/"}}]}},"_links":{"self":[{"href":"https:\/\/www.fiemg.com.br\/iel\/wp-json\/wp\/v2\/noticias\/2591","targetHints":{"allow":["GET"]}}],"collection":[{"href":"https:\/\/www.fiemg.com.br\/iel\/wp-json\/wp\/v2\/noticias"}],"about":[{"href":"https:\/\/www.fiemg.com.br\/iel\/wp-json\/wp\/v2\/types\/noticias"}],"wp:featuredmedia":[{"embeddable":true,"href":"https:\/\/www.fiemg.com.br\/iel\/wp-json\/wp\/v2\/media\/2592"}],"wp:attachment":[{"href":"https:\/\/www.fiemg.com.br\/iel\/wp-json\/wp\/v2\/media?parent=2591"}],"wp:term":[{"taxonomy":"category","embeddable":true,"href":"https:\/\/www.fiemg.com.br\/iel\/wp-json\/wp\/v2\/categories?post=2591"},{"taxonomy":"post_tag","embeddable":true,"href":"https:\/\/www.fiemg.com.br\/iel\/wp-json\/wp\/v2\/tags?post=2591"}],"curies":[{"name":"wp","href":"https:\/\/api.w.org\/{rel}","templated":true}]}}