{"id":2594,"date":"2024-08-20T15:42:03","date_gmt":"2024-08-20T18:42:03","guid":{"rendered":"https:\/\/www.fiemg.com.br\/iel\/noticias\/workshop-compartilha-experiencias-e-debate-sucessao-empresarial\/"},"modified":"2024-08-22T14:06:55","modified_gmt":"2024-08-22T17:06:55","slug":"workshop-compartilha-experiencias-e-debate-sucessao-empresarial","status":"publish","type":"noticias","link":"https:\/\/www.fiemg.com.br\/iel\/noticias\/workshop-compartilha-experiencias-e-debate-sucessao-empresarial\/","title":{"rendered":"Workshop compartilha experi\u00eancias e debate sucess\u00e3o familiar"},"content":{"rendered":"\n<p>Temas essenciais que permeiam a sucess\u00e3o em empresas familiares foram debatidos durante o workshop Sucess\u00e3o de Sucesso, realizado na sexta-feira (16\/8), em Belo Horizonte, pelo programa FIEMG Jovem. O evento teve a participa\u00e7\u00e3o de empres\u00e1rios, empreendedores e executivos de empresas de diferentes segmentos que compartilharam as experi\u00eancias deles \u00e0 frente dos neg\u00f3cios.&nbsp;<\/p>\n\n\n\n<p>Fundador do FIEMG Jovem, o presidente da Fl\u00e1vio Roscoe foi um dos palestrantes convidados e ele falou sobre a import\u00e2ncia de uma sucess\u00e3o bem implementada a partir de crit\u00e9rios claros e objetivos e como esse processo influencia nos resultados da empresa. \u201cDiscutir sucess\u00e3o familiar \u00e9 discutir a perenidade da empresa\u201d, afirmou Roscoe ao destacar a necessidade de os gestores planejar estrategicamente a passagem de fun\u00e7\u00f5es e cargos entre familiares.&nbsp;<\/p>\n\n\n\n<p>Roscoe considera, por exemplo, que problemas entre pais e filhos podem, em algum momento, impactar negativamente os neg\u00f3cios. Desse modo e para evitar contratempos, o l\u00edder empresarial sugeriu que a sucess\u00e3o familiar deve estar ancorada na governan\u00e7a corporativa, \u00e9tica e transpar\u00eancia. Al\u00e9m disso, ele v\u00ea como fundamental o treinamento dos futuros gestores.<\/p>\n\n\n\n<p>Ao longo do dia, o p\u00fablico que participou do workshop teve a oportunidade de conhecer hist\u00f3rias de sucesso marcadas por desafios e supera\u00e7\u00e3o contadas por quem vivenciou a sucess\u00e3o familiar, seja quem assumiu cargos de dire\u00e7\u00e3o em empresas consolidadas e longevas ou transferiu a responsabilidade para os familiares. Foram os casos da diretora superintendente e membro do conselho de administra\u00e7\u00e3o da L\u00edder Avia\u00e7\u00e3o, Bruna Assump\u00e7\u00e3o, e da diretora do Grupo Hope, Sandra Chayo. Ambas falaram do trabalho delas na condu\u00e7\u00e3o dos neg\u00f3cios, bem como do legado deixado pelos fundadores dessas empresas.&nbsp;<\/p>\n\n\n\n<figure class=\"wp-block-image alignright size-full is-resized\"><img fetchpriority=\"high\" decoding=\"async\" width=\"512\" height=\"512\" src=\"https:\/\/www.fiemg.com.br\/iel\/wp-content\/uploads\/sites\/13\/2024\/08\/sucessao_thumb.jpeg\" alt=\"Workshop compartilha experi\u00eancias e debate desafios da sucess\u00e3o empresarial\" class=\"wp-image-2597\" style=\"width:359px;height:auto\" srcset=\"https:\/\/www.fiemg.com.br\/iel\/wp-content\/uploads\/sites\/13\/2024\/08\/sucessao_thumb.jpeg 512w, https:\/\/www.fiemg.com.br\/iel\/wp-content\/uploads\/sites\/13\/2024\/08\/sucessao_thumb-300x300.jpeg 300w, https:\/\/www.fiemg.com.br\/iel\/wp-content\/uploads\/sites\/13\/2024\/08\/sucessao_thumb-150x150.jpeg 150w\" sizes=\"(max-width: 512px) 100vw, 512px\" \/><\/figure>\n\n\n\n<p>Tanto Bruna quanto Sandra t\u00eam experi\u00eancia no mundo corporativo por terem atuado em diferentes setores da L\u00edder Avia\u00e7\u00e3o e do Grupo Hope,&nbsp; o que, segundo elas, contribui no exerc\u00edcio de cargos de lideran\u00e7a.&nbsp;&nbsp;<\/p>\n\n\n\n<p>Consultora e especialista em governan\u00e7a familiar, corporativa e planejamento sucess\u00f3rio, a jornalista Juliana Costa Gon\u00e7alves apresentou alguns argumentos que refor\u00e7am a relev\u00e2ncia das empresas para a economia do Brasil. De acordo com ela, o segmento responde por 65% do Produto Interno Bruto (PIB) nacional e 75% da for\u00e7a de trabalho.<\/p>\n\n\n\n<p>Dada essa magnitude, Juliana entende ser preciso compreender e refletir acerca dos desafios que envolvem a sucess\u00e3o que, para ela, \u201cdeve ser conduzida com sabedoria, empatia e vis\u00e3o de longo prazo\u201d.<\/p>\n\n\n\n<p>\u201cNo ambiente corporativo, a sucess\u00e3o \u00e9 um processo de transfer\u00eancia de poder nas decis\u00f5es empresariais, de conhecimento e constitui-se com a mudan\u00e7a de patrim\u00f4nio entre gera\u00e7\u00f5es. Sucess\u00e3o envolve aspectos t\u00e9cnicos e socioemocionais porque somos seres humanos, com frustra\u00e7\u00f5es e desejos\u201d, acrescentou.<\/p>\n\n\n\n<p><strong>Troca de conhecimento<\/strong><\/p>\n\n\n\n<p>O superintende do Instituto Euvaldo Lodi (IEL) em Minas Gerais, Gustavo Macena, o presidente da Funda\u00e7\u00e3o de Amparo \u00e0 Pesquisa do Estado de Minas Gerais (Fapemig) e conselheiro fiscal da CEMIG, Carlos Arruda, e consultora de projetos de estrat\u00e9gia e governan\u00e7a para fam\u00edlias empres\u00e1rias e empresas familiares, Gilda Alves, participaram de um painel cujo tema foi identificando a maturidade da fam\u00edlia empres\u00e1ria . Durante o painel, foi apresentado um estudo desenvolvido pela Cambridge, com o apoio da Ger\u00eancia de Projetos da Ind\u00fastria do IEL e do SICOOB Credifiemg, baseado nos participantes do FIEMG Jovem.<\/p>\n\n\n\n<p>J\u00e1 Ricardo Moreira, s\u00f3cio-fundador da VMS Advogados e mestre em direito societ\u00e1rio, e Leonardo Montesanto, fundador da Coffee ++, ministram palestras sobre \u201cestrat\u00e9gias e ferramentas para garantir a perenidade de uma empresa\u201d e \u201cinflu\u00eancia da cultura organizacional\u201d, respectivamente.<\/p>\n\n\n\n<p>O workshop teve tamb\u00e9m a participa\u00e7\u00e3o de Ricardo Valadares Gontijo, engenheiro e fundador da Direcional Engenharia, que falou sobre a trajet\u00f3ria dele na construtora e o processo sucess\u00f3rio que envolveu o filho do empres\u00e1rio.<\/p>\n\n\n\n<p>Presidente do FIEMG Jovem, Izabella Lages encerrou o evento, agradecendo a presen\u00e7a dos integrantes do programa e participa\u00e7\u00e3o enriquecedora de todos os palestrantes. \u201cTodos n\u00f3s tivemos a oportunidade de conhecer experi\u00eancias incr\u00edveis de primeira, segunda e terceira gera\u00e7\u00e3o que servem de aprendizado\u201d, afirmou.<br><\/p>\n\n\n\n<figure class=\"wp-block-image aligncenter size-large\"><img decoding=\"async\" width=\"1024\" height=\"396\" src=\"https:\/\/www.fiemg.com.br\/iel\/wp-content\/uploads\/sites\/13\/2024\/08\/sucessao_interna_2-1024x396.jpeg\" alt=\"Workshop compartilha experi\u00eancias e debate desafios da sucess\u00e3o empresarial\" class=\"wp-image-2596\" srcset=\"https:\/\/www.fiemg.com.br\/iel\/wp-content\/uploads\/sites\/13\/2024\/08\/sucessao_interna_2-1024x396.jpeg 1024w, https:\/\/www.fiemg.com.br\/iel\/wp-content\/uploads\/sites\/13\/2024\/08\/sucessao_interna_2-300x116.jpeg 300w, https:\/\/www.fiemg.com.br\/iel\/wp-content\/uploads\/sites\/13\/2024\/08\/sucessao_interna_2-768x297.jpeg 768w, https:\/\/www.fiemg.com.br\/iel\/wp-content\/uploads\/sites\/13\/2024\/08\/sucessao_interna_2.jpeg 1080w\" sizes=\"(max-width: 1024px) 100vw, 1024px\" \/><\/figure>\n\n\n\n<p><\/p>\n\n\n\n<p>Clique <strong><a href=\"https:\/\/www.flickr.com\/photos\/sistemafiemg\/albums\/72177720319637987\/with\/53934242839\">aqui<\/a> <\/strong>e veja mais fotos do evento<br><br><em>Rafael Passos<br><\/em><strong>Imprensa FIEMG<\/strong><\/p>\n","protected":false},"featured_media":2595,"template":"","categories":[221,15],"tags":[91,219,99,266,242],"class_list":["post-2594","noticias","type-noticias","status-publish","has-post-thumbnail","hentry","category-associativismo","category-desenvolvimento-industrial","tag-fiemg","tag-fiemg-jovem","tag-industria","tag-sucessao-familiar","tag-workshop"],"acf":[],"yoast_head":"<!-- This site is optimized with the Yoast SEO plugin v26.2 - https:\/\/yoast.com\/wordpress\/plugins\/seo\/ -->\n<title>Workshop compartilha experi\u00eancias e debate sucess\u00e3o familiar - IEL<\/title>\n<meta name=\"description\" content=\"Evento do FIEMG Jovem re\u00fane empres\u00e1rios, executivos e empreendedores em pain\u00e9is e palestras sobre temas relevantes acerca da transi\u00e7\u00e3o empresarial\" \/>\n<meta name=\"robots\" content=\"index, follow, max-snippet:-1, max-image-preview:large, max-video-preview:-1\" \/>\n<link rel=\"canonical\" href=\"https:\/\/www.fiemg.com.br\/iel\/noticias\/workshop-compartilha-experiencias-e-debate-sucessao-empresarial\/\" \/>\n<meta property=\"og:locale\" content=\"pt_BR\" \/>\n<meta property=\"og:type\" content=\"article\" \/>\n<meta property=\"og:title\" content=\"Workshop compartilha experi\u00eancias e debate sucess\u00e3o familiar - IEL\" \/>\n<meta property=\"og:description\" content=\"Evento do FIEMG Jovem re\u00fane empres\u00e1rios, executivos e empreendedores em pain\u00e9is e palestras sobre temas relevantes acerca da transi\u00e7\u00e3o empresarial\" \/>\n<meta property=\"og:url\" content=\"https:\/\/www.fiemg.com.br\/iel\/noticias\/workshop-compartilha-experiencias-e-debate-sucessao-empresarial\/\" \/>\n<meta property=\"og:site_name\" content=\"IEL\" \/>\n<meta property=\"article:modified_time\" content=\"2024-08-22T17:06:55+00:00\" \/>\n<meta property=\"og:image\" content=\"https:\/\/www.fiemg.com.br\/iel\/wp-content\/uploads\/sites\/13\/2024\/08\/fiemg-jovem-capa.jpeg\" \/>\n\t<meta property=\"og:image:width\" content=\"512\" \/>\n\t<meta property=\"og:image:height\" content=\"512\" \/>\n\t<meta property=\"og:image:type\" content=\"image\/jpeg\" \/>\n<meta name=\"twitter:card\" content=\"summary_large_image\" \/>\n<meta name=\"twitter:label1\" content=\"Est. tempo de leitura\" \/>\n\t<meta name=\"twitter:data1\" content=\"4 minutos\" \/>\n<script type=\"application\/ld+json\" class=\"yoast-schema-graph\">{\"@context\":\"https:\/\/schema.org\",\"@graph\":[{\"@type\":\"WebPage\",\"@id\":\"https:\/\/www.fiemg.com.br\/iel\/noticias\/workshop-compartilha-experiencias-e-debate-sucessao-empresarial\/\",\"url\":\"https:\/\/www.fiemg.com.br\/iel\/noticias\/workshop-compartilha-experiencias-e-debate-sucessao-empresarial\/\",\"name\":\"Workshop compartilha experi\u00eancias e debate sucess\u00e3o familiar - IEL\",\"isPartOf\":{\"@id\":\"https:\/\/www.fiemg.com.br\/iel\/#website\"},\"primaryImageOfPage\":{\"@id\":\"https:\/\/www.fiemg.com.br\/iel\/noticias\/workshop-compartilha-experiencias-e-debate-sucessao-empresarial\/#primaryimage\"},\"image\":{\"@id\":\"https:\/\/www.fiemg.com.br\/iel\/noticias\/workshop-compartilha-experiencias-e-debate-sucessao-empresarial\/#primaryimage\"},\"thumbnailUrl\":\"https:\/\/www.fiemg.com.br\/iel\/wp-content\/uploads\/sites\/13\/2024\/08\/fiemg-jovem-capa.jpeg\",\"datePublished\":\"2024-08-20T18:42:03+00:00\",\"dateModified\":\"2024-08-22T17:06:55+00:00\",\"description\":\"Evento do FIEMG Jovem re\u00fane empres\u00e1rios, executivos e empreendedores em pain\u00e9is e palestras sobre temas relevantes acerca da transi\u00e7\u00e3o empresarial\",\"breadcrumb\":{\"@id\":\"https:\/\/www.fiemg.com.br\/iel\/noticias\/workshop-compartilha-experiencias-e-debate-sucessao-empresarial\/#breadcrumb\"},\"inLanguage\":\"pt-BR\",\"potentialAction\":[{\"@type\":\"ReadAction\",\"target\":[\"https:\/\/www.fiemg.com.br\/iel\/noticias\/workshop-compartilha-experiencias-e-debate-sucessao-empresarial\/\"]}]},{\"@type\":\"ImageObject\",\"inLanguage\":\"pt-BR\",\"@id\":\"https:\/\/www.fiemg.com.br\/iel\/noticias\/workshop-compartilha-experiencias-e-debate-sucessao-empresarial\/#primaryimage\",\"url\":\"https:\/\/www.fiemg.com.br\/iel\/wp-content\/uploads\/sites\/13\/2024\/08\/fiemg-jovem-capa.jpeg\",\"contentUrl\":\"https:\/\/www.fiemg.com.br\/iel\/wp-content\/uploads\/sites\/13\/2024\/08\/fiemg-jovem-capa.jpeg\",\"width\":512,\"height\":512,\"caption\":\"Workshop compartilha experi\u00eancias e debate desafios da sucess\u00e3o empresarial\"},{\"@type\":\"BreadcrumbList\",\"@id\":\"https:\/\/www.fiemg.com.br\/iel\/noticias\/workshop-compartilha-experiencias-e-debate-sucessao-empresarial\/#breadcrumb\",\"itemListElement\":[{\"@type\":\"ListItem\",\"position\":1,\"name\":\"In\u00edcio\",\"item\":\"https:\/\/www.fiemg.com.br\/iel\/\"},{\"@type\":\"ListItem\",\"position\":2,\"name\":\"Workshop compartilha experi\u00eancias e debate sucess\u00e3o familiar\"}]},{\"@type\":\"WebSite\",\"@id\":\"https:\/\/www.fiemg.com.br\/iel\/#website\",\"url\":\"https:\/\/www.fiemg.com.br\/iel\/\",\"name\":\"IEL\",\"description\":\"Federa\u00e7\u00e3o das Ind\u00fastrias do Estado de Minas Gerais\",\"publisher\":{\"@id\":\"https:\/\/www.fiemg.com.br\/iel\/#organization\"},\"potentialAction\":[{\"@type\":\"SearchAction\",\"target\":{\"@type\":\"EntryPoint\",\"urlTemplate\":\"https:\/\/www.fiemg.com.br\/iel\/?s={search_term_string}\"},\"query-input\":{\"@type\":\"PropertyValueSpecification\",\"valueRequired\":true,\"valueName\":\"search_term_string\"}}],\"inLanguage\":\"pt-BR\"},{\"@type\":\"Organization\",\"@id\":\"https:\/\/www.fiemg.com.br\/iel\/#organization\",\"name\":\"IEL\",\"url\":\"https:\/\/www.fiemg.com.br\/iel\/\",\"logo\":{\"@type\":\"ImageObject\",\"inLanguage\":\"pt-BR\",\"@id\":\"https:\/\/www.fiemg.com.br\/iel\/#\/schema\/logo\/image\/\",\"url\":\"https:\/\/www.fiemg.com.br\/iel\/wp-content\/uploads\/sites\/13\/2023\/02\/IEL_branco.svg\",\"contentUrl\":\"https:\/\/www.fiemg.com.br\/iel\/wp-content\/uploads\/sites\/13\/2023\/02\/IEL_branco.svg\",\"width\":103,\"height\":59,\"caption\":\"IEL\"},\"image\":{\"@id\":\"https:\/\/www.fiemg.com.br\/iel\/#\/schema\/logo\/image\/\"}}]}<\/script>\n<!-- \/ Yoast SEO plugin. -->","yoast_head_json":{"title":"Workshop compartilha experi\u00eancias e debate sucess\u00e3o familiar - IEL","description":"Evento do FIEMG Jovem re\u00fane empres\u00e1rios, executivos e empreendedores em pain\u00e9is e palestras sobre temas relevantes acerca da transi\u00e7\u00e3o empresarial","robots":{"index":"index","follow":"follow","max-snippet":"max-snippet:-1","max-image-preview":"max-image-preview:large","max-video-preview":"max-video-preview:-1"},"canonical":"https:\/\/www.fiemg.com.br\/iel\/noticias\/workshop-compartilha-experiencias-e-debate-sucessao-empresarial\/","og_locale":"pt_BR","og_type":"article","og_title":"Workshop compartilha experi\u00eancias e debate sucess\u00e3o familiar - IEL","og_description":"Evento do FIEMG Jovem re\u00fane empres\u00e1rios, executivos e empreendedores em pain\u00e9is e palestras sobre temas relevantes acerca da transi\u00e7\u00e3o empresarial","og_url":"https:\/\/www.fiemg.com.br\/iel\/noticias\/workshop-compartilha-experiencias-e-debate-sucessao-empresarial\/","og_site_name":"IEL","article_modified_time":"2024-08-22T17:06:55+00:00","og_image":[{"width":512,"height":512,"url":"https:\/\/www.fiemg.com.br\/iel\/wp-content\/uploads\/sites\/13\/2024\/08\/fiemg-jovem-capa.jpeg","type":"image\/jpeg"}],"twitter_card":"summary_large_image","twitter_misc":{"Est. tempo de leitura":"4 minutos"},"schema":{"@context":"https:\/\/schema.org","@graph":[{"@type":"WebPage","@id":"https:\/\/www.fiemg.com.br\/iel\/noticias\/workshop-compartilha-experiencias-e-debate-sucessao-empresarial\/","url":"https:\/\/www.fiemg.com.br\/iel\/noticias\/workshop-compartilha-experiencias-e-debate-sucessao-empresarial\/","name":"Workshop compartilha experi\u00eancias e debate sucess\u00e3o familiar - IEL","isPartOf":{"@id":"https:\/\/www.fiemg.com.br\/iel\/#website"},"primaryImageOfPage":{"@id":"https:\/\/www.fiemg.com.br\/iel\/noticias\/workshop-compartilha-experiencias-e-debate-sucessao-empresarial\/#primaryimage"},"image":{"@id":"https:\/\/www.fiemg.com.br\/iel\/noticias\/workshop-compartilha-experiencias-e-debate-sucessao-empresarial\/#primaryimage"},"thumbnailUrl":"https:\/\/www.fiemg.com.br\/iel\/wp-content\/uploads\/sites\/13\/2024\/08\/fiemg-jovem-capa.jpeg","datePublished":"2024-08-20T18:42:03+00:00","dateModified":"2024-08-22T17:06:55+00:00","description":"Evento do FIEMG Jovem re\u00fane empres\u00e1rios, executivos e empreendedores em pain\u00e9is e palestras sobre temas relevantes acerca da transi\u00e7\u00e3o empresarial","breadcrumb":{"@id":"https:\/\/www.fiemg.com.br\/iel\/noticias\/workshop-compartilha-experiencias-e-debate-sucessao-empresarial\/#breadcrumb"},"inLanguage":"pt-BR","potentialAction":[{"@type":"ReadAction","target":["https:\/\/www.fiemg.com.br\/iel\/noticias\/workshop-compartilha-experiencias-e-debate-sucessao-empresarial\/"]}]},{"@type":"ImageObject","inLanguage":"pt-BR","@id":"https:\/\/www.fiemg.com.br\/iel\/noticias\/workshop-compartilha-experiencias-e-debate-sucessao-empresarial\/#primaryimage","url":"https:\/\/www.fiemg.com.br\/iel\/wp-content\/uploads\/sites\/13\/2024\/08\/fiemg-jovem-capa.jpeg","contentUrl":"https:\/\/www.fiemg.com.br\/iel\/wp-content\/uploads\/sites\/13\/2024\/08\/fiemg-jovem-capa.jpeg","width":512,"height":512,"caption":"Workshop compartilha experi\u00eancias e debate desafios da sucess\u00e3o empresarial"},{"@type":"BreadcrumbList","@id":"https:\/\/www.fiemg.com.br\/iel\/noticias\/workshop-compartilha-experiencias-e-debate-sucessao-empresarial\/#breadcrumb","itemListElement":[{"@type":"ListItem","position":1,"name":"In\u00edcio","item":"https:\/\/www.fiemg.com.br\/iel\/"},{"@type":"ListItem","position":2,"name":"Workshop compartilha experi\u00eancias e debate sucess\u00e3o familiar"}]},{"@type":"WebSite","@id":"https:\/\/www.fiemg.com.br\/iel\/#website","url":"https:\/\/www.fiemg.com.br\/iel\/","name":"IEL","description":"Federa\u00e7\u00e3o das Ind\u00fastrias do Estado de Minas Gerais","publisher":{"@id":"https:\/\/www.fiemg.com.br\/iel\/#organization"},"potentialAction":[{"@type":"SearchAction","target":{"@type":"EntryPoint","urlTemplate":"https:\/\/www.fiemg.com.br\/iel\/?s={search_term_string}"},"query-input":{"@type":"PropertyValueSpecification","valueRequired":true,"valueName":"search_term_string"}}],"inLanguage":"pt-BR"},{"@type":"Organization","@id":"https:\/\/www.fiemg.com.br\/iel\/#organization","name":"IEL","url":"https:\/\/www.fiemg.com.br\/iel\/","logo":{"@type":"ImageObject","inLanguage":"pt-BR","@id":"https:\/\/www.fiemg.com.br\/iel\/#\/schema\/logo\/image\/","url":"https:\/\/www.fiemg.com.br\/iel\/wp-content\/uploads\/sites\/13\/2023\/02\/IEL_branco.svg","contentUrl":"https:\/\/www.fiemg.com.br\/iel\/wp-content\/uploads\/sites\/13\/2023\/02\/IEL_branco.svg","width":103,"height":59,"caption":"IEL"},"image":{"@id":"https:\/\/www.fiemg.com.br\/iel\/#\/schema\/logo\/image\/"}}]}},"_links":{"self":[{"href":"https:\/\/www.fiemg.com.br\/iel\/wp-json\/wp\/v2\/noticias\/2594","targetHints":{"allow":["GET"]}}],"collection":[{"href":"https:\/\/www.fiemg.com.br\/iel\/wp-json\/wp\/v2\/noticias"}],"about":[{"href":"https:\/\/www.fiemg.com.br\/iel\/wp-json\/wp\/v2\/types\/noticias"}],"wp:featuredmedia":[{"embeddable":true,"href":"https:\/\/www.fiemg.com.br\/iel\/wp-json\/wp\/v2\/media\/2595"}],"wp:attachment":[{"href":"https:\/\/www.fiemg.com.br\/iel\/wp-json\/wp\/v2\/media?parent=2594"}],"wp:term":[{"taxonomy":"category","embeddable":true,"href":"https:\/\/www.fiemg.com.br\/iel\/wp-json\/wp\/v2\/categories?post=2594"},{"taxonomy":"post_tag","embeddable":true,"href":"https:\/\/www.fiemg.com.br\/iel\/wp-json\/wp\/v2\/tags?post=2594"}],"curies":[{"name":"wp","href":"https:\/\/api.w.org\/{rel}","templated":true}]}}