{"id":2703,"date":"2024-09-03T14:11:37","date_gmt":"2024-09-03T17:11:37","guid":{"rendered":"https:\/\/www.fiemg.com.br\/iel\/noticias\/cin-tera-capacitacao-em-duimp-e-catalogo-de-produtos\/"},"modified":"2024-09-03T14:13:11","modified_gmt":"2024-09-03T17:13:11","slug":"cin-tera-capacitacao-em-duimp-e-catalogo-de-produtos","status":"publish","type":"noticias","link":"https:\/\/www.fiemg.com.br\/iel\/noticias\/cin-tera-capacitacao-em-duimp-e-catalogo-de-produtos\/","title":{"rendered":"CIN ter\u00e1 capacita\u00e7\u00e3o em DUIMP e cat\u00e1logo de produtos"},"content":{"rendered":"\n<p>O Centro de Neg\u00f3cios Internacionais (CIN) da FIEMG vai realizar, em 10 e 11 de setembro, um curso importante para quem atua no processo de importa\u00e7\u00e3o. Trata-se da Capacita\u00e7\u00e3o em DUIMP com \u00eanfase no cat\u00e1logo de produtos, que ser\u00e1 transmitida online e ao vivo, por meio da plataforma Google Meet. As inscri\u00e7\u00f5es podem ser realizadas por meio deste <a href=\"https:\/\/docs.google.com\/forms\/d\/e\/1FAIpQLScYyfSfPY4Mkd11-xipNL07fYiIfJN1mrAR5qIhECxsxv0w6w\/viewform\"><strong>link<\/strong><\/a>.<\/p>\n\n\n\n<p>O objetivo \u00e9 capacitar profissionais no uso correto e assertivo das novas funcionalidades do Portal \u00danico de Com\u00e9rcio Exterior, que visam agilizar e reduzir os custos das opera\u00e7\u00f5es de importa\u00e7\u00e3o. Desse modo, a capacita\u00e7\u00e3o vai orientar os participantes a preencher devidamente o DUIMP e cat\u00e1logo de produtos.<\/p>\n\n\n\n<p>As aulas ser\u00e3o das 14h \u00e0s 17h e os inscritos v\u00e3o receber por e-mail o link de acesso 24 horas antes do in\u00edcio da capacita\u00e7\u00e3o.<\/p>\n\n\n\n<p>O curso ser\u00e1 ministrado por T\u00e2nia Cristina Pryplotski. Ela \u00e9 bacharel em administra\u00e7\u00e3o de empresas, com habilita\u00e7\u00e3o em com\u00e9rcio exterior pela Universidade Tuiuti do Paran\u00e1 (UTP), especialista em direito tribut\u00e1rio pelo Instituto Brasileiro de Estudos Jur\u00eddicos da Infraestrutura (IBEJ) e gest\u00e3o internacional para executivos pela Pontif\u00edcia Universidade Cat\u00f3lica do Paran\u00e1 (PUC-PR).<br><br><strong>Servi\u00e7o<\/strong><br><br>Curso \u201cDUIMP \u2013 \u00canfase no Cat\u00e1logo de Produtos\u201d<br>Data e hor\u00e1rio: 10 e 11 de setembro, das 14h \u00e0s 17h<br>Carga Hor\u00e1ria: 6h<br>Investimento: R$ 240<br>Interessados podem se inscrever neste <a href=\"https:\/\/docs.google.com\/forms\/d\/e\/1FAIpQLScYyfSfPY4Mkd11-xipNL07fYiIfJN1mrAR5qIhECxsxv0w6w\/viewform\"><strong>link<\/strong><\/a>.<br><br><\/p>\n","protected":false},"featured_media":2704,"template":"","categories":[15],"tags":[134,106,274,243,275],"class_list":["post-2703","noticias","type-noticias","status-publish","has-post-thumbnail","hentry","category-desenvolvimento-industrial","tag-capacitacao","tag-cin","tag-comercio-exterior","tag-curso","tag-industrias"],"acf":[],"yoast_head":"<!-- This site is optimized with the Yoast SEO plugin v26.2 - https:\/\/yoast.com\/wordpress\/plugins\/seo\/ -->\n<title>CIN ter\u00e1 capacita\u00e7\u00e3o em DUIMP e cat\u00e1logo de produtos - IEL<\/title>\n<meta name=\"description\" content=\"Curso vai ser realizado em 10 e 11 de setembro, com transmiss\u00e3o remota e ao vivo; inscri\u00e7\u00f5es est\u00e3o abertas\" \/>\n<meta name=\"robots\" content=\"index, follow, max-snippet:-1, max-image-preview:large, max-video-preview:-1\" \/>\n<link rel=\"canonical\" href=\"https:\/\/www.fiemg.com.br\/iel\/noticias\/cin-tera-capacitacao-em-duimp-e-catalogo-de-produtos\/\" \/>\n<meta property=\"og:locale\" content=\"pt_BR\" \/>\n<meta property=\"og:type\" content=\"article\" \/>\n<meta property=\"og:title\" content=\"CIN ter\u00e1 capacita\u00e7\u00e3o em DUIMP e cat\u00e1logo de produtos - IEL\" \/>\n<meta property=\"og:description\" content=\"Curso vai ser realizado em 10 e 11 de setembro, com transmiss\u00e3o remota e ao vivo; inscri\u00e7\u00f5es est\u00e3o abertas\" \/>\n<meta property=\"og:url\" content=\"https:\/\/www.fiemg.com.br\/iel\/noticias\/cin-tera-capacitacao-em-duimp-e-catalogo-de-produtos\/\" \/>\n<meta property=\"og:site_name\" content=\"IEL\" \/>\n<meta property=\"article:modified_time\" content=\"2024-09-03T17:13:11+00:00\" \/>\n<meta property=\"og:image\" content=\"https:\/\/www.fiemg.com.br\/iel\/wp-content\/uploads\/sites\/13\/2024\/09\/cin_thumb.jpeg\" \/>\n\t<meta property=\"og:image:width\" content=\"512\" \/>\n\t<meta property=\"og:image:height\" content=\"512\" \/>\n\t<meta property=\"og:image:type\" content=\"image\/jpeg\" \/>\n<meta name=\"twitter:card\" content=\"summary_large_image\" \/>\n<meta name=\"twitter:label1\" content=\"Est. tempo de leitura\" \/>\n\t<meta name=\"twitter:data1\" content=\"2 minutos\" \/>\n<script type=\"application\/ld+json\" class=\"yoast-schema-graph\">{\"@context\":\"https:\/\/schema.org\",\"@graph\":[{\"@type\":\"WebPage\",\"@id\":\"https:\/\/www.fiemg.com.br\/iel\/noticias\/cin-tera-capacitacao-em-duimp-e-catalogo-de-produtos\/\",\"url\":\"https:\/\/www.fiemg.com.br\/iel\/noticias\/cin-tera-capacitacao-em-duimp-e-catalogo-de-produtos\/\",\"name\":\"CIN ter\u00e1 capacita\u00e7\u00e3o em DUIMP e cat\u00e1logo de produtos - IEL\",\"isPartOf\":{\"@id\":\"https:\/\/www.fiemg.com.br\/iel\/#website\"},\"primaryImageOfPage\":{\"@id\":\"https:\/\/www.fiemg.com.br\/iel\/noticias\/cin-tera-capacitacao-em-duimp-e-catalogo-de-produtos\/#primaryimage\"},\"image\":{\"@id\":\"https:\/\/www.fiemg.com.br\/iel\/noticias\/cin-tera-capacitacao-em-duimp-e-catalogo-de-produtos\/#primaryimage\"},\"thumbnailUrl\":\"https:\/\/www.fiemg.com.br\/iel\/wp-content\/uploads\/sites\/13\/2024\/09\/cin_thumb.jpeg\",\"datePublished\":\"2024-09-03T17:11:37+00:00\",\"dateModified\":\"2024-09-03T17:13:11+00:00\",\"description\":\"Curso vai ser realizado em 10 e 11 de setembro, com transmiss\u00e3o remota e ao vivo; inscri\u00e7\u00f5es est\u00e3o abertas\",\"breadcrumb\":{\"@id\":\"https:\/\/www.fiemg.com.br\/iel\/noticias\/cin-tera-capacitacao-em-duimp-e-catalogo-de-produtos\/#breadcrumb\"},\"inLanguage\":\"pt-BR\",\"potentialAction\":[{\"@type\":\"ReadAction\",\"target\":[\"https:\/\/www.fiemg.com.br\/iel\/noticias\/cin-tera-capacitacao-em-duimp-e-catalogo-de-produtos\/\"]}]},{\"@type\":\"ImageObject\",\"inLanguage\":\"pt-BR\",\"@id\":\"https:\/\/www.fiemg.com.br\/iel\/noticias\/cin-tera-capacitacao-em-duimp-e-catalogo-de-produtos\/#primaryimage\",\"url\":\"https:\/\/www.fiemg.com.br\/iel\/wp-content\/uploads\/sites\/13\/2024\/09\/cin_thumb.jpeg\",\"contentUrl\":\"https:\/\/www.fiemg.com.br\/iel\/wp-content\/uploads\/sites\/13\/2024\/09\/cin_thumb.jpeg\",\"width\":512,\"height\":512,\"caption\":\"Curso \u201cDUIMP \u2013 \u00canfase no Cat\u00e1logo de Produtos\u201d\"},{\"@type\":\"BreadcrumbList\",\"@id\":\"https:\/\/www.fiemg.com.br\/iel\/noticias\/cin-tera-capacitacao-em-duimp-e-catalogo-de-produtos\/#breadcrumb\",\"itemListElement\":[{\"@type\":\"ListItem\",\"position\":1,\"name\":\"In\u00edcio\",\"item\":\"https:\/\/www.fiemg.com.br\/iel\/\"},{\"@type\":\"ListItem\",\"position\":2,\"name\":\"CIN ter\u00e1 capacita\u00e7\u00e3o em DUIMP e cat\u00e1logo de produtos\"}]},{\"@type\":\"WebSite\",\"@id\":\"https:\/\/www.fiemg.com.br\/iel\/#website\",\"url\":\"https:\/\/www.fiemg.com.br\/iel\/\",\"name\":\"IEL\",\"description\":\"Federa\u00e7\u00e3o das Ind\u00fastrias do Estado de Minas Gerais\",\"publisher\":{\"@id\":\"https:\/\/www.fiemg.com.br\/iel\/#organization\"},\"potentialAction\":[{\"@type\":\"SearchAction\",\"target\":{\"@type\":\"EntryPoint\",\"urlTemplate\":\"https:\/\/www.fiemg.com.br\/iel\/?s={search_term_string}\"},\"query-input\":{\"@type\":\"PropertyValueSpecification\",\"valueRequired\":true,\"valueName\":\"search_term_string\"}}],\"inLanguage\":\"pt-BR\"},{\"@type\":\"Organization\",\"@id\":\"https:\/\/www.fiemg.com.br\/iel\/#organization\",\"name\":\"IEL\",\"url\":\"https:\/\/www.fiemg.com.br\/iel\/\",\"logo\":{\"@type\":\"ImageObject\",\"inLanguage\":\"pt-BR\",\"@id\":\"https:\/\/www.fiemg.com.br\/iel\/#\/schema\/logo\/image\/\",\"url\":\"https:\/\/www.fiemg.com.br\/iel\/wp-content\/uploads\/sites\/13\/2023\/02\/IEL_branco.svg\",\"contentUrl\":\"https:\/\/www.fiemg.com.br\/iel\/wp-content\/uploads\/sites\/13\/2023\/02\/IEL_branco.svg\",\"width\":103,\"height\":59,\"caption\":\"IEL\"},\"image\":{\"@id\":\"https:\/\/www.fiemg.com.br\/iel\/#\/schema\/logo\/image\/\"}}]}<\/script>\n<!-- \/ Yoast SEO plugin. -->","yoast_head_json":{"title":"CIN ter\u00e1 capacita\u00e7\u00e3o em DUIMP e cat\u00e1logo de produtos - IEL","description":"Curso vai ser realizado em 10 e 11 de setembro, com transmiss\u00e3o remota e ao vivo; inscri\u00e7\u00f5es est\u00e3o abertas","robots":{"index":"index","follow":"follow","max-snippet":"max-snippet:-1","max-image-preview":"max-image-preview:large","max-video-preview":"max-video-preview:-1"},"canonical":"https:\/\/www.fiemg.com.br\/iel\/noticias\/cin-tera-capacitacao-em-duimp-e-catalogo-de-produtos\/","og_locale":"pt_BR","og_type":"article","og_title":"CIN ter\u00e1 capacita\u00e7\u00e3o em DUIMP e cat\u00e1logo de produtos - IEL","og_description":"Curso vai ser realizado em 10 e 11 de setembro, com transmiss\u00e3o remota e ao vivo; inscri\u00e7\u00f5es est\u00e3o abertas","og_url":"https:\/\/www.fiemg.com.br\/iel\/noticias\/cin-tera-capacitacao-em-duimp-e-catalogo-de-produtos\/","og_site_name":"IEL","article_modified_time":"2024-09-03T17:13:11+00:00","og_image":[{"width":512,"height":512,"url":"https:\/\/www.fiemg.com.br\/iel\/wp-content\/uploads\/sites\/13\/2024\/09\/cin_thumb.jpeg","type":"image\/jpeg"}],"twitter_card":"summary_large_image","twitter_misc":{"Est. tempo de leitura":"2 minutos"},"schema":{"@context":"https:\/\/schema.org","@graph":[{"@type":"WebPage","@id":"https:\/\/www.fiemg.com.br\/iel\/noticias\/cin-tera-capacitacao-em-duimp-e-catalogo-de-produtos\/","url":"https:\/\/www.fiemg.com.br\/iel\/noticias\/cin-tera-capacitacao-em-duimp-e-catalogo-de-produtos\/","name":"CIN ter\u00e1 capacita\u00e7\u00e3o em DUIMP e cat\u00e1logo de produtos - IEL","isPartOf":{"@id":"https:\/\/www.fiemg.com.br\/iel\/#website"},"primaryImageOfPage":{"@id":"https:\/\/www.fiemg.com.br\/iel\/noticias\/cin-tera-capacitacao-em-duimp-e-catalogo-de-produtos\/#primaryimage"},"image":{"@id":"https:\/\/www.fiemg.com.br\/iel\/noticias\/cin-tera-capacitacao-em-duimp-e-catalogo-de-produtos\/#primaryimage"},"thumbnailUrl":"https:\/\/www.fiemg.com.br\/iel\/wp-content\/uploads\/sites\/13\/2024\/09\/cin_thumb.jpeg","datePublished":"2024-09-03T17:11:37+00:00","dateModified":"2024-09-03T17:13:11+00:00","description":"Curso vai ser realizado em 10 e 11 de setembro, com transmiss\u00e3o remota e ao vivo; inscri\u00e7\u00f5es est\u00e3o abertas","breadcrumb":{"@id":"https:\/\/www.fiemg.com.br\/iel\/noticias\/cin-tera-capacitacao-em-duimp-e-catalogo-de-produtos\/#breadcrumb"},"inLanguage":"pt-BR","potentialAction":[{"@type":"ReadAction","target":["https:\/\/www.fiemg.com.br\/iel\/noticias\/cin-tera-capacitacao-em-duimp-e-catalogo-de-produtos\/"]}]},{"@type":"ImageObject","inLanguage":"pt-BR","@id":"https:\/\/www.fiemg.com.br\/iel\/noticias\/cin-tera-capacitacao-em-duimp-e-catalogo-de-produtos\/#primaryimage","url":"https:\/\/www.fiemg.com.br\/iel\/wp-content\/uploads\/sites\/13\/2024\/09\/cin_thumb.jpeg","contentUrl":"https:\/\/www.fiemg.com.br\/iel\/wp-content\/uploads\/sites\/13\/2024\/09\/cin_thumb.jpeg","width":512,"height":512,"caption":"Curso \u201cDUIMP \u2013 \u00canfase no Cat\u00e1logo de Produtos\u201d"},{"@type":"BreadcrumbList","@id":"https:\/\/www.fiemg.com.br\/iel\/noticias\/cin-tera-capacitacao-em-duimp-e-catalogo-de-produtos\/#breadcrumb","itemListElement":[{"@type":"ListItem","position":1,"name":"In\u00edcio","item":"https:\/\/www.fiemg.com.br\/iel\/"},{"@type":"ListItem","position":2,"name":"CIN ter\u00e1 capacita\u00e7\u00e3o em DUIMP e cat\u00e1logo de produtos"}]},{"@type":"WebSite","@id":"https:\/\/www.fiemg.com.br\/iel\/#website","url":"https:\/\/www.fiemg.com.br\/iel\/","name":"IEL","description":"Federa\u00e7\u00e3o das Ind\u00fastrias do Estado de Minas Gerais","publisher":{"@id":"https:\/\/www.fiemg.com.br\/iel\/#organization"},"potentialAction":[{"@type":"SearchAction","target":{"@type":"EntryPoint","urlTemplate":"https:\/\/www.fiemg.com.br\/iel\/?s={search_term_string}"},"query-input":{"@type":"PropertyValueSpecification","valueRequired":true,"valueName":"search_term_string"}}],"inLanguage":"pt-BR"},{"@type":"Organization","@id":"https:\/\/www.fiemg.com.br\/iel\/#organization","name":"IEL","url":"https:\/\/www.fiemg.com.br\/iel\/","logo":{"@type":"ImageObject","inLanguage":"pt-BR","@id":"https:\/\/www.fiemg.com.br\/iel\/#\/schema\/logo\/image\/","url":"https:\/\/www.fiemg.com.br\/iel\/wp-content\/uploads\/sites\/13\/2023\/02\/IEL_branco.svg","contentUrl":"https:\/\/www.fiemg.com.br\/iel\/wp-content\/uploads\/sites\/13\/2023\/02\/IEL_branco.svg","width":103,"height":59,"caption":"IEL"},"image":{"@id":"https:\/\/www.fiemg.com.br\/iel\/#\/schema\/logo\/image\/"}}]}},"_links":{"self":[{"href":"https:\/\/www.fiemg.com.br\/iel\/wp-json\/wp\/v2\/noticias\/2703","targetHints":{"allow":["GET"]}}],"collection":[{"href":"https:\/\/www.fiemg.com.br\/iel\/wp-json\/wp\/v2\/noticias"}],"about":[{"href":"https:\/\/www.fiemg.com.br\/iel\/wp-json\/wp\/v2\/types\/noticias"}],"wp:featuredmedia":[{"embeddable":true,"href":"https:\/\/www.fiemg.com.br\/iel\/wp-json\/wp\/v2\/media\/2704"}],"wp:attachment":[{"href":"https:\/\/www.fiemg.com.br\/iel\/wp-json\/wp\/v2\/media?parent=2703"}],"wp:term":[{"taxonomy":"category","embeddable":true,"href":"https:\/\/www.fiemg.com.br\/iel\/wp-json\/wp\/v2\/categories?post=2703"},{"taxonomy":"post_tag","embeddable":true,"href":"https:\/\/www.fiemg.com.br\/iel\/wp-json\/wp\/v2\/tags?post=2703"}],"curies":[{"name":"wp","href":"https:\/\/api.w.org\/{rel}","templated":true}]}}