{"id":2964,"date":"2024-11-07T16:10:47","date_gmt":"2024-11-07T19:10:47","guid":{"rendered":"https:\/\/www.fiemg.com.br\/iel\/noticias\/de-visitas-e-a-palestras-dia-intenso-de-atividades-encerra-21a-turma-de-conselheiros\/"},"modified":"2024-11-07T16:14:24","modified_gmt":"2024-11-07T19:14:24","slug":"de-visitas-e-a-palestras-dia-intenso-de-atividades-encerra-21a-turma-de-conselheiros","status":"publish","type":"noticias","link":"https:\/\/www.fiemg.com.br\/iel\/noticias\/de-visitas-e-a-palestras-dia-intenso-de-atividades-encerra-21a-turma-de-conselheiros\/","title":{"rendered":"De visitas a palestras: dia intenso de atividades encerra 21\u00aa turma de conselheiros"},"content":{"rendered":"\n<p>Um dia intenso de atividades, entre palestras, visitas guiadas, encontros, apresenta\u00e7\u00e3o de trabalhos e networking, marcou, nessa quarta-feira (6\/11), o encerramento da 21\u00aa turma do Programa de Desenvolvimento de Conselheiros do Instituto Euvaldo Lodi (IEL). A programa\u00e7\u00e3o foi dividida em dois locais do Sistema FIEMG: o Centro de Treinamento de Desenvolvimento da Ind\u00fastria 4.0\/SENAI, em Contagem, na Regi\u00e3o Metropolitana de Belo Horizonte, e o P7 Criativo, pr\u00e9dio no Centro da capital que abriga um hub de fomento \u00e0 economia criativa.<br>Gerido pela ger\u00eancia de Educa\u00e7\u00e3o Executiva e Ambiente de Neg\u00f3cios do IEL, o programa j\u00e1 formou mais de 700 de conselheiros que, inclusive, j\u00e1 atuavam na fun\u00e7\u00e3o e outros de diferentes segmentos econ\u00f4micos. O curso foi lan\u00e7ado em 2019.<\/p>\n\n\n\n<p>Uma das palestras do encerramento foi sobre economia criativa e a gerente de Educa\u00e7\u00e3o Executiva do Ambiente de Neg\u00f3cios do Instituto Euvaldo Lodi (IEL), M\u00e1rcia Andrade de Azevedo, falou sobre o assunto.Ela explicou que a inten\u00e7\u00e3o de reunir os participantes do curso no P7 foi para enfatizar a import\u00e2ncia da economia criativa para a BH e Minas Gerais, agregando valor a produtos e servi\u00e7os.<\/p>\n\n\n\n<p>A gestora citou uma defini\u00e7\u00e3o da Confer\u00eancia das Na\u00e7\u00f5es Unidas sobre Com\u00e9rcio e Desenvolvimento (Unctad) ao dizer que economia criativa \u00e9 &#8220;um conjunto de neg\u00f3cios que gera valor econ\u00f4mico, tendo como base o capital intelectual, cultural e criatividade, abrangendo os ciclos de cria\u00e7\u00e3o, produ\u00e7\u00e3o e distribui\u00e7\u00e3o de bens e servi\u00e7os&#8221;.<\/p>\n\n\n\n<figure class=\"wp-block-image aligncenter size-large\"><img fetchpriority=\"high\" decoding=\"async\" width=\"1024\" height=\"396\" src=\"https:\/\/www.fiemg.com.br\/iel\/wp-content\/uploads\/sites\/13\/2024\/11\/visita_interna-1024x396.jpeg\" alt=\"De visitas e a palestras: dia intenso de atividades encerra 21\u00aa turma de conselheiros\" class=\"wp-image-2967\" srcset=\"https:\/\/www.fiemg.com.br\/iel\/wp-content\/uploads\/sites\/13\/2024\/11\/visita_interna-1024x396.jpeg 1024w, https:\/\/www.fiemg.com.br\/iel\/wp-content\/uploads\/sites\/13\/2024\/11\/visita_interna-300x116.jpeg 300w, https:\/\/www.fiemg.com.br\/iel\/wp-content\/uploads\/sites\/13\/2024\/11\/visita_interna-768x297.jpeg 768w, https:\/\/www.fiemg.com.br\/iel\/wp-content\/uploads\/sites\/13\/2024\/11\/visita_interna.jpeg 1080w\" sizes=\"(max-width: 1024px) 100vw, 1024px\" \/><\/figure>\n\n\n\n<p><\/p>\n\n\n\n<p>Para M\u00e1rcia Azevedo, um dos diferenciais da economia criativa &#8220;\u00e9 a inova\u00e7\u00e3o, que surge justamente da criatividade, ponto-chave do setor, para solucionar os mais variados problemas e necessidades, o que proporciona vantagens em um cen\u00e1rio cada vez mais competitivo&#8221;.<br><br>Outro destaque do encerramento da turma do dia foi a apresenta\u00e7\u00e3o dos trabalhos no formato<em> board case<\/em> pelos alunos, que se dividiram em quatro grupos. Cada um teve cerca de 15 minutos para mostrar aos professores respons\u00e1veis o que eles produziram a partir das disciplinas do curso. O tema que norteou as atividades foi o rompimento da barragem da Vale em Brumadinho.<\/p>\n\n\n\n<p>CEO e fundadora da Khen\u0113 Brazil, ind\u00fastria de qu\u00edmica, biotecnologia e inova\u00e7\u00e3o, com sede em Te\u00f3filo Otoni, no Vale do Jequitinhonha, foi uma das participantes do programa e o considera importante por evidenciar a atua\u00e7\u00e3o do conselheiro para a sustentabilidade e crescimento das organiza\u00e7\u00f5es e empresas. \u201cNo curso tive acesso ao conhecimento t\u00e9cnico, como tamb\u00e9m \u00e0 troca rica de experi\u00eancias com outros l\u00edderes e especialistas. Eu pude compreender, de forma ainda mais profunda, o papel de um conselheiro em apoiar a cria\u00e7\u00e3o de valor de maneira \u00e9tica e estrat\u00e9gica, especialmente em um cen\u00e1rio de constantes transforma\u00e7\u00f5es\u201d, acrescentou.<\/p>\n\n\n\n<p>&#8220;A FIEMG, atrav\u00e9s do IEL, conseguiu criar um ambiente acolhedor e din\u00e2mico onde a diversidade de ideias se transforma em um ativo poderoso. A forma\u00e7\u00e3o me ajudou a consolidar a vis\u00e3o de que a governan\u00e7a n\u00e3o \u00e9 apenas um pilar de crescimento, mas um compromisso com a excel\u00eancia e com o impacto que queremos deixar no mercado e na sociedade&#8221;, disse a empres\u00e1ria.<\/p>\n\n\n\n<p>Cyro Braga, executivo da ESC Neg\u00f3cios, empresa de consultoria e treinamentos, enalteceu a qualidade do curso. &#8220;Foi um privil\u00e9gio participar do Programa de Desenvolvimento de Conselheiros do IEL. Organiza\u00e7\u00e3o impec\u00e1vel, corpo docente excepcional com professores de alto n\u00edvel, promovendo debates riqu\u00edssimos com troca de experi\u00eancias entre os alunos, sendo alguns, inclusive, j\u00e1 conselheiros em algumas das maiores empresas de Minas Gerais. Eu recomento o curso a executivos, conselheiros de diversas \u00e1reas e experi\u00eancias profissionais e empreendedores&#8221;.<\/p>\n\n\n\n<p><\/p>\n\n\n\n<figure class=\"wp-block-image aligncenter size-large\"><img decoding=\"async\" width=\"1024\" height=\"396\" src=\"https:\/\/www.fiemg.com.br\/iel\/wp-content\/uploads\/sites\/13\/2024\/11\/conselheiros_interna_2-1024x396.jpeg\" alt=\"De visitas e a palestras: dia intenso de atividades encerra 21\u00aa turma de conselheiros\" class=\"wp-image-2966\" srcset=\"https:\/\/www.fiemg.com.br\/iel\/wp-content\/uploads\/sites\/13\/2024\/11\/conselheiros_interna_2-1024x396.jpeg 1024w, https:\/\/www.fiemg.com.br\/iel\/wp-content\/uploads\/sites\/13\/2024\/11\/conselheiros_interna_2-300x116.jpeg 300w, https:\/\/www.fiemg.com.br\/iel\/wp-content\/uploads\/sites\/13\/2024\/11\/conselheiros_interna_2-768x297.jpeg 768w, https:\/\/www.fiemg.com.br\/iel\/wp-content\/uploads\/sites\/13\/2024\/11\/conselheiros_interna_2.jpeg 1080w\" sizes=\"(max-width: 1024px) 100vw, 1024px\" \/><\/figure>\n\n\n\n<p><\/p>\n\n\n\n<p>Clique <a href=\"https:\/\/www.flickr.com\/photos\/sistemafiemg\/albums\/72177720321765991\/with\/54123179938\"><strong>aqui<\/strong><\/a> e veja mais fotos do evento<br><br><em>Rafael Passos<br><\/em><strong>Imprensa FIEMG<\/strong><\/p>\n","protected":false},"featured_media":2965,"template":"","categories":[15],"tags":[104,243,91,96,97],"class_list":["post-2964","noticias","type-noticias","status-publish","has-post-thumbnail","hentry","category-desenvolvimento-industrial","tag-conselheiros","tag-curso","tag-fiemg","tag-governanca","tag-iel"],"acf":[],"yoast_head":"<!-- This site is optimized with the Yoast SEO plugin v26.2 - https:\/\/yoast.com\/wordpress\/plugins\/seo\/ -->\n<title>De visitas a palestras: dia intenso de atividades encerra 21\u00aa turma de conselheiros - IEL<\/title>\n<meta name=\"description\" content=\"Desenvolvido pela ger\u00eancia de Educa\u00e7\u00e3o Executiva e Ambiente de Neg\u00f3cios do IEL, programa j\u00e1 formou mais de 700 profissionais\" \/>\n<meta name=\"robots\" content=\"index, follow, max-snippet:-1, max-image-preview:large, max-video-preview:-1\" \/>\n<link rel=\"canonical\" href=\"https:\/\/www.fiemg.com.br\/iel\/noticias\/de-visitas-e-a-palestras-dia-intenso-de-atividades-encerra-21a-turma-de-conselheiros\/\" \/>\n<meta property=\"og:locale\" content=\"pt_BR\" \/>\n<meta property=\"og:type\" content=\"article\" \/>\n<meta property=\"og:title\" content=\"De visitas a palestras: dia intenso de atividades encerra 21\u00aa turma de conselheiros - IEL\" \/>\n<meta property=\"og:description\" content=\"Desenvolvido pela ger\u00eancia de Educa\u00e7\u00e3o Executiva e Ambiente de Neg\u00f3cios do IEL, programa j\u00e1 formou mais de 700 profissionais\" \/>\n<meta property=\"og:url\" content=\"https:\/\/www.fiemg.com.br\/iel\/noticias\/de-visitas-e-a-palestras-dia-intenso-de-atividades-encerra-21a-turma-de-conselheiros\/\" \/>\n<meta property=\"og:site_name\" content=\"IEL\" \/>\n<meta property=\"article:modified_time\" content=\"2024-11-07T19:14:24+00:00\" \/>\n<meta property=\"og:image\" content=\"https:\/\/www.fiemg.com.br\/iel\/wp-content\/uploads\/sites\/13\/2024\/11\/marcia_interna.jpeg\" \/>\n\t<meta property=\"og:image:width\" content=\"512\" \/>\n\t<meta property=\"og:image:height\" content=\"512\" \/>\n\t<meta property=\"og:image:type\" content=\"image\/jpeg\" \/>\n<meta name=\"twitter:card\" content=\"summary_large_image\" \/>\n<meta name=\"twitter:label1\" content=\"Est. tempo de leitura\" \/>\n\t<meta name=\"twitter:data1\" content=\"4 minutos\" \/>\n<script type=\"application\/ld+json\" class=\"yoast-schema-graph\">{\"@context\":\"https:\/\/schema.org\",\"@graph\":[{\"@type\":\"WebPage\",\"@id\":\"https:\/\/www.fiemg.com.br\/iel\/noticias\/de-visitas-e-a-palestras-dia-intenso-de-atividades-encerra-21a-turma-de-conselheiros\/\",\"url\":\"https:\/\/www.fiemg.com.br\/iel\/noticias\/de-visitas-e-a-palestras-dia-intenso-de-atividades-encerra-21a-turma-de-conselheiros\/\",\"name\":\"De visitas a palestras: dia intenso de atividades encerra 21\u00aa turma de conselheiros - IEL\",\"isPartOf\":{\"@id\":\"https:\/\/www.fiemg.com.br\/iel\/#website\"},\"primaryImageOfPage\":{\"@id\":\"https:\/\/www.fiemg.com.br\/iel\/noticias\/de-visitas-e-a-palestras-dia-intenso-de-atividades-encerra-21a-turma-de-conselheiros\/#primaryimage\"},\"image\":{\"@id\":\"https:\/\/www.fiemg.com.br\/iel\/noticias\/de-visitas-e-a-palestras-dia-intenso-de-atividades-encerra-21a-turma-de-conselheiros\/#primaryimage\"},\"thumbnailUrl\":\"https:\/\/www.fiemg.com.br\/iel\/wp-content\/uploads\/sites\/13\/2024\/11\/marcia_interna.jpeg\",\"datePublished\":\"2024-11-07T19:10:47+00:00\",\"dateModified\":\"2024-11-07T19:14:24+00:00\",\"description\":\"Desenvolvido pela ger\u00eancia de Educa\u00e7\u00e3o Executiva e Ambiente de Neg\u00f3cios do IEL, programa j\u00e1 formou mais de 700 profissionais\",\"breadcrumb\":{\"@id\":\"https:\/\/www.fiemg.com.br\/iel\/noticias\/de-visitas-e-a-palestras-dia-intenso-de-atividades-encerra-21a-turma-de-conselheiros\/#breadcrumb\"},\"inLanguage\":\"pt-BR\",\"potentialAction\":[{\"@type\":\"ReadAction\",\"target\":[\"https:\/\/www.fiemg.com.br\/iel\/noticias\/de-visitas-e-a-palestras-dia-intenso-de-atividades-encerra-21a-turma-de-conselheiros\/\"]}]},{\"@type\":\"ImageObject\",\"inLanguage\":\"pt-BR\",\"@id\":\"https:\/\/www.fiemg.com.br\/iel\/noticias\/de-visitas-e-a-palestras-dia-intenso-de-atividades-encerra-21a-turma-de-conselheiros\/#primaryimage\",\"url\":\"https:\/\/www.fiemg.com.br\/iel\/wp-content\/uploads\/sites\/13\/2024\/11\/marcia_interna.jpeg\",\"contentUrl\":\"https:\/\/www.fiemg.com.br\/iel\/wp-content\/uploads\/sites\/13\/2024\/11\/marcia_interna.jpeg\",\"width\":512,\"height\":512,\"caption\":\"De visitas e a palestras: dia intenso de atividades encerra 21\u00aa turma de conselheiros\"},{\"@type\":\"BreadcrumbList\",\"@id\":\"https:\/\/www.fiemg.com.br\/iel\/noticias\/de-visitas-e-a-palestras-dia-intenso-de-atividades-encerra-21a-turma-de-conselheiros\/#breadcrumb\",\"itemListElement\":[{\"@type\":\"ListItem\",\"position\":1,\"name\":\"In\u00edcio\",\"item\":\"https:\/\/www.fiemg.com.br\/iel\/\"},{\"@type\":\"ListItem\",\"position\":2,\"name\":\"De visitas a palestras: dia intenso de atividades encerra 21\u00aa turma de conselheiros\"}]},{\"@type\":\"WebSite\",\"@id\":\"https:\/\/www.fiemg.com.br\/iel\/#website\",\"url\":\"https:\/\/www.fiemg.com.br\/iel\/\",\"name\":\"IEL\",\"description\":\"Federa\u00e7\u00e3o das Ind\u00fastrias do Estado de Minas Gerais\",\"publisher\":{\"@id\":\"https:\/\/www.fiemg.com.br\/iel\/#organization\"},\"potentialAction\":[{\"@type\":\"SearchAction\",\"target\":{\"@type\":\"EntryPoint\",\"urlTemplate\":\"https:\/\/www.fiemg.com.br\/iel\/?s={search_term_string}\"},\"query-input\":{\"@type\":\"PropertyValueSpecification\",\"valueRequired\":true,\"valueName\":\"search_term_string\"}}],\"inLanguage\":\"pt-BR\"},{\"@type\":\"Organization\",\"@id\":\"https:\/\/www.fiemg.com.br\/iel\/#organization\",\"name\":\"IEL\",\"url\":\"https:\/\/www.fiemg.com.br\/iel\/\",\"logo\":{\"@type\":\"ImageObject\",\"inLanguage\":\"pt-BR\",\"@id\":\"https:\/\/www.fiemg.com.br\/iel\/#\/schema\/logo\/image\/\",\"url\":\"https:\/\/www.fiemg.com.br\/iel\/wp-content\/uploads\/sites\/13\/2023\/02\/IEL_branco.svg\",\"contentUrl\":\"https:\/\/www.fiemg.com.br\/iel\/wp-content\/uploads\/sites\/13\/2023\/02\/IEL_branco.svg\",\"width\":103,\"height\":59,\"caption\":\"IEL\"},\"image\":{\"@id\":\"https:\/\/www.fiemg.com.br\/iel\/#\/schema\/logo\/image\/\"}}]}<\/script>\n<!-- \/ Yoast SEO plugin. -->","yoast_head_json":{"title":"De visitas a palestras: dia intenso de atividades encerra 21\u00aa turma de conselheiros - IEL","description":"Desenvolvido pela ger\u00eancia de Educa\u00e7\u00e3o Executiva e Ambiente de Neg\u00f3cios do IEL, programa j\u00e1 formou mais de 700 profissionais","robots":{"index":"index","follow":"follow","max-snippet":"max-snippet:-1","max-image-preview":"max-image-preview:large","max-video-preview":"max-video-preview:-1"},"canonical":"https:\/\/www.fiemg.com.br\/iel\/noticias\/de-visitas-e-a-palestras-dia-intenso-de-atividades-encerra-21a-turma-de-conselheiros\/","og_locale":"pt_BR","og_type":"article","og_title":"De visitas a palestras: dia intenso de atividades encerra 21\u00aa turma de conselheiros - IEL","og_description":"Desenvolvido pela ger\u00eancia de Educa\u00e7\u00e3o Executiva e Ambiente de Neg\u00f3cios do IEL, programa j\u00e1 formou mais de 700 profissionais","og_url":"https:\/\/www.fiemg.com.br\/iel\/noticias\/de-visitas-e-a-palestras-dia-intenso-de-atividades-encerra-21a-turma-de-conselheiros\/","og_site_name":"IEL","article_modified_time":"2024-11-07T19:14:24+00:00","og_image":[{"width":512,"height":512,"url":"https:\/\/www.fiemg.com.br\/iel\/wp-content\/uploads\/sites\/13\/2024\/11\/marcia_interna.jpeg","type":"image\/jpeg"}],"twitter_card":"summary_large_image","twitter_misc":{"Est. tempo de leitura":"4 minutos"},"schema":{"@context":"https:\/\/schema.org","@graph":[{"@type":"WebPage","@id":"https:\/\/www.fiemg.com.br\/iel\/noticias\/de-visitas-e-a-palestras-dia-intenso-de-atividades-encerra-21a-turma-de-conselheiros\/","url":"https:\/\/www.fiemg.com.br\/iel\/noticias\/de-visitas-e-a-palestras-dia-intenso-de-atividades-encerra-21a-turma-de-conselheiros\/","name":"De visitas a palestras: dia intenso de atividades encerra 21\u00aa turma de conselheiros - IEL","isPartOf":{"@id":"https:\/\/www.fiemg.com.br\/iel\/#website"},"primaryImageOfPage":{"@id":"https:\/\/www.fiemg.com.br\/iel\/noticias\/de-visitas-e-a-palestras-dia-intenso-de-atividades-encerra-21a-turma-de-conselheiros\/#primaryimage"},"image":{"@id":"https:\/\/www.fiemg.com.br\/iel\/noticias\/de-visitas-e-a-palestras-dia-intenso-de-atividades-encerra-21a-turma-de-conselheiros\/#primaryimage"},"thumbnailUrl":"https:\/\/www.fiemg.com.br\/iel\/wp-content\/uploads\/sites\/13\/2024\/11\/marcia_interna.jpeg","datePublished":"2024-11-07T19:10:47+00:00","dateModified":"2024-11-07T19:14:24+00:00","description":"Desenvolvido pela ger\u00eancia de Educa\u00e7\u00e3o Executiva e Ambiente de Neg\u00f3cios do IEL, programa j\u00e1 formou mais de 700 profissionais","breadcrumb":{"@id":"https:\/\/www.fiemg.com.br\/iel\/noticias\/de-visitas-e-a-palestras-dia-intenso-de-atividades-encerra-21a-turma-de-conselheiros\/#breadcrumb"},"inLanguage":"pt-BR","potentialAction":[{"@type":"ReadAction","target":["https:\/\/www.fiemg.com.br\/iel\/noticias\/de-visitas-e-a-palestras-dia-intenso-de-atividades-encerra-21a-turma-de-conselheiros\/"]}]},{"@type":"ImageObject","inLanguage":"pt-BR","@id":"https:\/\/www.fiemg.com.br\/iel\/noticias\/de-visitas-e-a-palestras-dia-intenso-de-atividades-encerra-21a-turma-de-conselheiros\/#primaryimage","url":"https:\/\/www.fiemg.com.br\/iel\/wp-content\/uploads\/sites\/13\/2024\/11\/marcia_interna.jpeg","contentUrl":"https:\/\/www.fiemg.com.br\/iel\/wp-content\/uploads\/sites\/13\/2024\/11\/marcia_interna.jpeg","width":512,"height":512,"caption":"De visitas e a palestras: dia intenso de atividades encerra 21\u00aa turma de conselheiros"},{"@type":"BreadcrumbList","@id":"https:\/\/www.fiemg.com.br\/iel\/noticias\/de-visitas-e-a-palestras-dia-intenso-de-atividades-encerra-21a-turma-de-conselheiros\/#breadcrumb","itemListElement":[{"@type":"ListItem","position":1,"name":"In\u00edcio","item":"https:\/\/www.fiemg.com.br\/iel\/"},{"@type":"ListItem","position":2,"name":"De visitas a palestras: dia intenso de atividades encerra 21\u00aa turma de conselheiros"}]},{"@type":"WebSite","@id":"https:\/\/www.fiemg.com.br\/iel\/#website","url":"https:\/\/www.fiemg.com.br\/iel\/","name":"IEL","description":"Federa\u00e7\u00e3o das Ind\u00fastrias do Estado de Minas Gerais","publisher":{"@id":"https:\/\/www.fiemg.com.br\/iel\/#organization"},"potentialAction":[{"@type":"SearchAction","target":{"@type":"EntryPoint","urlTemplate":"https:\/\/www.fiemg.com.br\/iel\/?s={search_term_string}"},"query-input":{"@type":"PropertyValueSpecification","valueRequired":true,"valueName":"search_term_string"}}],"inLanguage":"pt-BR"},{"@type":"Organization","@id":"https:\/\/www.fiemg.com.br\/iel\/#organization","name":"IEL","url":"https:\/\/www.fiemg.com.br\/iel\/","logo":{"@type":"ImageObject","inLanguage":"pt-BR","@id":"https:\/\/www.fiemg.com.br\/iel\/#\/schema\/logo\/image\/","url":"https:\/\/www.fiemg.com.br\/iel\/wp-content\/uploads\/sites\/13\/2023\/02\/IEL_branco.svg","contentUrl":"https:\/\/www.fiemg.com.br\/iel\/wp-content\/uploads\/sites\/13\/2023\/02\/IEL_branco.svg","width":103,"height":59,"caption":"IEL"},"image":{"@id":"https:\/\/www.fiemg.com.br\/iel\/#\/schema\/logo\/image\/"}}]}},"_links":{"self":[{"href":"https:\/\/www.fiemg.com.br\/iel\/wp-json\/wp\/v2\/noticias\/2964","targetHints":{"allow":["GET"]}}],"collection":[{"href":"https:\/\/www.fiemg.com.br\/iel\/wp-json\/wp\/v2\/noticias"}],"about":[{"href":"https:\/\/www.fiemg.com.br\/iel\/wp-json\/wp\/v2\/types\/noticias"}],"wp:featuredmedia":[{"embeddable":true,"href":"https:\/\/www.fiemg.com.br\/iel\/wp-json\/wp\/v2\/media\/2965"}],"wp:attachment":[{"href":"https:\/\/www.fiemg.com.br\/iel\/wp-json\/wp\/v2\/media?parent=2964"}],"wp:term":[{"taxonomy":"category","embeddable":true,"href":"https:\/\/www.fiemg.com.br\/iel\/wp-json\/wp\/v2\/categories?post=2964"},{"taxonomy":"post_tag","embeddable":true,"href":"https:\/\/www.fiemg.com.br\/iel\/wp-json\/wp\/v2\/tags?post=2964"}],"curies":[{"name":"wp","href":"https:\/\/api.w.org\/{rel}","templated":true}]}}