{"id":3157,"date":"2024-12-16T17:48:32","date_gmt":"2024-12-16T20:48:32","guid":{"rendered":"https:\/\/www.fiemg.com.br\/iel\/noticias\/dia-do-tecelao-e-comemorado-com-o-encerramento-do-projeto-malharia-produtiva\/"},"modified":"2024-12-16T17:50:25","modified_gmt":"2024-12-16T20:50:25","slug":"dia-do-tecelao-e-comemorado-com-o-encerramento-do-projeto-malharia-produtiva","status":"publish","type":"noticias","link":"https:\/\/www.fiemg.com.br\/iel\/noticias\/dia-do-tecelao-e-comemorado-com-o-encerramento-do-projeto-malharia-produtiva\/","title":{"rendered":"Dia do Tecel\u00e3o \u00e9 comemorado com o encerramento do Projeto Malharia Produtiva"},"content":{"rendered":"\n<p>No dia 3 de dezembro, foi celebrado o Dia do Tecel\u00e3o, data que marcou tamb\u00e9m o encerramento do Projeto Malharia Produtiva &#8211; Aprimorando Processos e Resultados, uma das iniciativas do Programa Procompi em Minas Gerais. O programa, executado pelo IEL Minas e fomentado por meio de uma parceria entre a Confedera\u00e7\u00e3o Nacional da Ind\u00fastria (CNI) e o Sebrae Nacional, tem como objetivo o fortalecimento da competitividade da ind\u00fastria por meio da capacita\u00e7\u00e3o e do desenvolvimento de solu\u00e7\u00f5es inovadoras.<\/p>\n\n\n\n<p>O encerramento do projeto aconteceu em Jacutinga, cidade localizada no sul de Minas Gerais, que integra o Circuito das Malhas. De acordo com dados do Sebrae Minas, a regi\u00e3o possui mais de 1.000 ind\u00fastrias de malharia e \u00e9 um reconhecido Arranjo Produtivo Local (APL) pelo Governo de Minas.<\/p>\n\n\n\n<p>O Projeto Malharia Produtiva foi desenvolvido para atender a uma antiga demanda das ind\u00fastrias da regi\u00e3o: a necessidade de capacita\u00e7\u00e3o de m\u00e3o de obra qualificada. Como resposta, foi elaborado um curso espec\u00edfico para tecel\u00f5es, com carga hor\u00e1ria de 40 horas, divididas em duas etapas: treinamento coletivo e treinamento individual. Durante o curso, as empresas participantes receberam uma forma\u00e7\u00e3o te\u00f3rica de quatro horas e, posteriormente, um instrutor visitou a produ\u00e7\u00e3o para capacitar diretamente at\u00e9 dois funcion\u00e1rios em melhores pr\u00e1ticas de opera\u00e7\u00e3o do tear SHIMA SEIKI, tecnologia amplamente utilizada na regi\u00e3o.<\/p>\n\n\n\n<p>A cerim\u00f4nia de encerramento contou com a presen\u00e7a de importantes lideran\u00e7as da regi\u00e3o, como os vice-presidentes das associa\u00e7\u00f5es comerciais e industriais de Jacutinga e Monte Si\u00e3o, Euclides Nascimento e Tadeu Machado, respectivamente, al\u00e9m de representantes do Sebrae e do IEL Minas. Durante o evento, foi destacada a import\u00e2ncia de iniciativas como esta para o fortalecimento do setor, promovendo inova\u00e7\u00e3o, qualifica\u00e7\u00e3o e maior competitividade para as ind\u00fastrias locais.<\/p>\n\n\n\n<p>Funcion\u00e1rios capacitados compartilharam suas experi\u00eancias com o projeto. Josieli Vicente, funcion\u00e1ria da empresa Valencia Tricot e \u00fanica mulher a participar do treinamento, destacou que j\u00e1 possu\u00eda conhecimento pr\u00e9vio sobre a opera\u00e7\u00e3o da m\u00e1quina, mas que o curso permitiu o aprofundamento em t\u00e9cnicas para resolver problemas mais complexos. \u201cFoi uma experi\u00eancia muito rica, que certamente contribuir\u00e1 para minha evolu\u00e7\u00e3o profissional\u201d, afirmou.<\/p>\n\n\n\n<p>Com o encerramento do Projeto Malharia Produtiva, a regi\u00e3o do sul de Minas reafirma seu protagonismo no setor de malharia e demonstra que iniciativas de capacita\u00e7\u00e3o, alinhadas \u00e0s necessidades das ind\u00fastrias, podem gerar resultados concretos e fortalecer o mercado como um todo.<\/p>\n\n\n\n<p><\/p>\n","protected":false},"featured_media":3158,"template":"","categories":[5],"tags":[307,97,308,306,309],"class_list":["post-3157","noticias","type-noticias","status-publish","has-post-thumbnail","hentry","category-capacitacao-empresarial","tag-dia-do-tecelao","tag-iel","tag-jacutinga","tag-procompi","tag-projeto-malharia-produtiva"],"acf":[],"yoast_head":"<!-- This site is optimized with the Yoast SEO plugin v26.2 - https:\/\/yoast.com\/wordpress\/plugins\/seo\/ -->\n<title>Dia do Tecel\u00e3o \u00e9 comemorado com o encerramento do Projeto Malharia Produtiva - IEL<\/title>\n<meta name=\"robots\" content=\"index, follow, max-snippet:-1, max-image-preview:large, max-video-preview:-1\" \/>\n<link rel=\"canonical\" href=\"https:\/\/www.fiemg.com.br\/iel\/noticias\/dia-do-tecelao-e-comemorado-com-o-encerramento-do-projeto-malharia-produtiva\/\" \/>\n<meta property=\"og:locale\" content=\"pt_BR\" \/>\n<meta property=\"og:type\" content=\"article\" \/>\n<meta property=\"og:title\" content=\"Dia do Tecel\u00e3o \u00e9 comemorado com o encerramento do Projeto Malharia Produtiva - IEL\" \/>\n<meta property=\"og:description\" content=\"No dia 3 de dezembro, foi celebrado o Dia do Tecel\u00e3o, data que marcou tamb\u00e9m o encerramento do Projeto Malharia Produtiva &#8211; Aprimorando Processos e Resultados, uma das iniciativas do Programa Procompi em Minas Gerais. O programa, executado pelo IEL Minas e fomentado por meio de uma parceria entre a Confedera\u00e7\u00e3o Nacional da Ind\u00fastria (CNI) [&hellip;]\" \/>\n<meta property=\"og:url\" content=\"https:\/\/www.fiemg.com.br\/iel\/noticias\/dia-do-tecelao-e-comemorado-com-o-encerramento-do-projeto-malharia-produtiva\/\" \/>\n<meta property=\"og:site_name\" content=\"IEL\" \/>\n<meta property=\"article:modified_time\" content=\"2024-12-16T20:50:25+00:00\" \/>\n<meta property=\"og:image\" content=\"https:\/\/www.fiemg.com.br\/iel\/wp-content\/uploads\/sites\/13\/2024\/12\/512-x-512-27.jpg\" \/>\n\t<meta property=\"og:image:width\" content=\"512\" \/>\n\t<meta property=\"og:image:height\" content=\"512\" \/>\n\t<meta property=\"og:image:type\" content=\"image\/jpeg\" \/>\n<meta name=\"twitter:card\" content=\"summary_large_image\" \/>\n<meta name=\"twitter:label1\" content=\"Est. tempo de leitura\" \/>\n\t<meta name=\"twitter:data1\" content=\"3 minutos\" \/>\n<script type=\"application\/ld+json\" class=\"yoast-schema-graph\">{\"@context\":\"https:\/\/schema.org\",\"@graph\":[{\"@type\":\"WebPage\",\"@id\":\"https:\/\/www.fiemg.com.br\/iel\/noticias\/dia-do-tecelao-e-comemorado-com-o-encerramento-do-projeto-malharia-produtiva\/\",\"url\":\"https:\/\/www.fiemg.com.br\/iel\/noticias\/dia-do-tecelao-e-comemorado-com-o-encerramento-do-projeto-malharia-produtiva\/\",\"name\":\"Dia do Tecel\u00e3o \u00e9 comemorado com o encerramento do Projeto Malharia Produtiva - IEL\",\"isPartOf\":{\"@id\":\"https:\/\/www.fiemg.com.br\/iel\/#website\"},\"primaryImageOfPage\":{\"@id\":\"https:\/\/www.fiemg.com.br\/iel\/noticias\/dia-do-tecelao-e-comemorado-com-o-encerramento-do-projeto-malharia-produtiva\/#primaryimage\"},\"image\":{\"@id\":\"https:\/\/www.fiemg.com.br\/iel\/noticias\/dia-do-tecelao-e-comemorado-com-o-encerramento-do-projeto-malharia-produtiva\/#primaryimage\"},\"thumbnailUrl\":\"https:\/\/www.fiemg.com.br\/iel\/wp-content\/uploads\/sites\/13\/2024\/12\/512-x-512-27.jpg\",\"datePublished\":\"2024-12-16T20:48:32+00:00\",\"dateModified\":\"2024-12-16T20:50:25+00:00\",\"breadcrumb\":{\"@id\":\"https:\/\/www.fiemg.com.br\/iel\/noticias\/dia-do-tecelao-e-comemorado-com-o-encerramento-do-projeto-malharia-produtiva\/#breadcrumb\"},\"inLanguage\":\"pt-BR\",\"potentialAction\":[{\"@type\":\"ReadAction\",\"target\":[\"https:\/\/www.fiemg.com.br\/iel\/noticias\/dia-do-tecelao-e-comemorado-com-o-encerramento-do-projeto-malharia-produtiva\/\"]}]},{\"@type\":\"ImageObject\",\"inLanguage\":\"pt-BR\",\"@id\":\"https:\/\/www.fiemg.com.br\/iel\/noticias\/dia-do-tecelao-e-comemorado-com-o-encerramento-do-projeto-malharia-produtiva\/#primaryimage\",\"url\":\"https:\/\/www.fiemg.com.br\/iel\/wp-content\/uploads\/sites\/13\/2024\/12\/512-x-512-27.jpg\",\"contentUrl\":\"https:\/\/www.fiemg.com.br\/iel\/wp-content\/uploads\/sites\/13\/2024\/12\/512-x-512-27.jpg\",\"width\":512,\"height\":512},{\"@type\":\"BreadcrumbList\",\"@id\":\"https:\/\/www.fiemg.com.br\/iel\/noticias\/dia-do-tecelao-e-comemorado-com-o-encerramento-do-projeto-malharia-produtiva\/#breadcrumb\",\"itemListElement\":[{\"@type\":\"ListItem\",\"position\":1,\"name\":\"In\u00edcio\",\"item\":\"https:\/\/www.fiemg.com.br\/iel\/\"},{\"@type\":\"ListItem\",\"position\":2,\"name\":\"Dia do Tecel\u00e3o \u00e9 comemorado com o encerramento do Projeto Malharia Produtiva\"}]},{\"@type\":\"WebSite\",\"@id\":\"https:\/\/www.fiemg.com.br\/iel\/#website\",\"url\":\"https:\/\/www.fiemg.com.br\/iel\/\",\"name\":\"IEL\",\"description\":\"Federa\u00e7\u00e3o das Ind\u00fastrias do Estado de Minas Gerais\",\"publisher\":{\"@id\":\"https:\/\/www.fiemg.com.br\/iel\/#organization\"},\"potentialAction\":[{\"@type\":\"SearchAction\",\"target\":{\"@type\":\"EntryPoint\",\"urlTemplate\":\"https:\/\/www.fiemg.com.br\/iel\/?s={search_term_string}\"},\"query-input\":{\"@type\":\"PropertyValueSpecification\",\"valueRequired\":true,\"valueName\":\"search_term_string\"}}],\"inLanguage\":\"pt-BR\"},{\"@type\":\"Organization\",\"@id\":\"https:\/\/www.fiemg.com.br\/iel\/#organization\",\"name\":\"IEL\",\"url\":\"https:\/\/www.fiemg.com.br\/iel\/\",\"logo\":{\"@type\":\"ImageObject\",\"inLanguage\":\"pt-BR\",\"@id\":\"https:\/\/www.fiemg.com.br\/iel\/#\/schema\/logo\/image\/\",\"url\":\"https:\/\/www.fiemg.com.br\/iel\/wp-content\/uploads\/sites\/13\/2023\/02\/IEL_branco.svg\",\"contentUrl\":\"https:\/\/www.fiemg.com.br\/iel\/wp-content\/uploads\/sites\/13\/2023\/02\/IEL_branco.svg\",\"width\":103,\"height\":59,\"caption\":\"IEL\"},\"image\":{\"@id\":\"https:\/\/www.fiemg.com.br\/iel\/#\/schema\/logo\/image\/\"}}]}<\/script>\n<!-- \/ Yoast SEO plugin. -->","yoast_head_json":{"title":"Dia do Tecel\u00e3o \u00e9 comemorado com o encerramento do Projeto Malharia Produtiva - IEL","robots":{"index":"index","follow":"follow","max-snippet":"max-snippet:-1","max-image-preview":"max-image-preview:large","max-video-preview":"max-video-preview:-1"},"canonical":"https:\/\/www.fiemg.com.br\/iel\/noticias\/dia-do-tecelao-e-comemorado-com-o-encerramento-do-projeto-malharia-produtiva\/","og_locale":"pt_BR","og_type":"article","og_title":"Dia do Tecel\u00e3o \u00e9 comemorado com o encerramento do Projeto Malharia Produtiva - IEL","og_description":"No dia 3 de dezembro, foi celebrado o Dia do Tecel\u00e3o, data que marcou tamb\u00e9m o encerramento do Projeto Malharia Produtiva &#8211; Aprimorando Processos e Resultados, uma das iniciativas do Programa Procompi em Minas Gerais. O programa, executado pelo IEL Minas e fomentado por meio de uma parceria entre a Confedera\u00e7\u00e3o Nacional da Ind\u00fastria (CNI) [&hellip;]","og_url":"https:\/\/www.fiemg.com.br\/iel\/noticias\/dia-do-tecelao-e-comemorado-com-o-encerramento-do-projeto-malharia-produtiva\/","og_site_name":"IEL","article_modified_time":"2024-12-16T20:50:25+00:00","og_image":[{"width":512,"height":512,"url":"https:\/\/www.fiemg.com.br\/iel\/wp-content\/uploads\/sites\/13\/2024\/12\/512-x-512-27.jpg","type":"image\/jpeg"}],"twitter_card":"summary_large_image","twitter_misc":{"Est. tempo de leitura":"3 minutos"},"schema":{"@context":"https:\/\/schema.org","@graph":[{"@type":"WebPage","@id":"https:\/\/www.fiemg.com.br\/iel\/noticias\/dia-do-tecelao-e-comemorado-com-o-encerramento-do-projeto-malharia-produtiva\/","url":"https:\/\/www.fiemg.com.br\/iel\/noticias\/dia-do-tecelao-e-comemorado-com-o-encerramento-do-projeto-malharia-produtiva\/","name":"Dia do Tecel\u00e3o \u00e9 comemorado com o encerramento do Projeto Malharia Produtiva - IEL","isPartOf":{"@id":"https:\/\/www.fiemg.com.br\/iel\/#website"},"primaryImageOfPage":{"@id":"https:\/\/www.fiemg.com.br\/iel\/noticias\/dia-do-tecelao-e-comemorado-com-o-encerramento-do-projeto-malharia-produtiva\/#primaryimage"},"image":{"@id":"https:\/\/www.fiemg.com.br\/iel\/noticias\/dia-do-tecelao-e-comemorado-com-o-encerramento-do-projeto-malharia-produtiva\/#primaryimage"},"thumbnailUrl":"https:\/\/www.fiemg.com.br\/iel\/wp-content\/uploads\/sites\/13\/2024\/12\/512-x-512-27.jpg","datePublished":"2024-12-16T20:48:32+00:00","dateModified":"2024-12-16T20:50:25+00:00","breadcrumb":{"@id":"https:\/\/www.fiemg.com.br\/iel\/noticias\/dia-do-tecelao-e-comemorado-com-o-encerramento-do-projeto-malharia-produtiva\/#breadcrumb"},"inLanguage":"pt-BR","potentialAction":[{"@type":"ReadAction","target":["https:\/\/www.fiemg.com.br\/iel\/noticias\/dia-do-tecelao-e-comemorado-com-o-encerramento-do-projeto-malharia-produtiva\/"]}]},{"@type":"ImageObject","inLanguage":"pt-BR","@id":"https:\/\/www.fiemg.com.br\/iel\/noticias\/dia-do-tecelao-e-comemorado-com-o-encerramento-do-projeto-malharia-produtiva\/#primaryimage","url":"https:\/\/www.fiemg.com.br\/iel\/wp-content\/uploads\/sites\/13\/2024\/12\/512-x-512-27.jpg","contentUrl":"https:\/\/www.fiemg.com.br\/iel\/wp-content\/uploads\/sites\/13\/2024\/12\/512-x-512-27.jpg","width":512,"height":512},{"@type":"BreadcrumbList","@id":"https:\/\/www.fiemg.com.br\/iel\/noticias\/dia-do-tecelao-e-comemorado-com-o-encerramento-do-projeto-malharia-produtiva\/#breadcrumb","itemListElement":[{"@type":"ListItem","position":1,"name":"In\u00edcio","item":"https:\/\/www.fiemg.com.br\/iel\/"},{"@type":"ListItem","position":2,"name":"Dia do Tecel\u00e3o \u00e9 comemorado com o encerramento do Projeto Malharia Produtiva"}]},{"@type":"WebSite","@id":"https:\/\/www.fiemg.com.br\/iel\/#website","url":"https:\/\/www.fiemg.com.br\/iel\/","name":"IEL","description":"Federa\u00e7\u00e3o das Ind\u00fastrias do Estado de Minas Gerais","publisher":{"@id":"https:\/\/www.fiemg.com.br\/iel\/#organization"},"potentialAction":[{"@type":"SearchAction","target":{"@type":"EntryPoint","urlTemplate":"https:\/\/www.fiemg.com.br\/iel\/?s={search_term_string}"},"query-input":{"@type":"PropertyValueSpecification","valueRequired":true,"valueName":"search_term_string"}}],"inLanguage":"pt-BR"},{"@type":"Organization","@id":"https:\/\/www.fiemg.com.br\/iel\/#organization","name":"IEL","url":"https:\/\/www.fiemg.com.br\/iel\/","logo":{"@type":"ImageObject","inLanguage":"pt-BR","@id":"https:\/\/www.fiemg.com.br\/iel\/#\/schema\/logo\/image\/","url":"https:\/\/www.fiemg.com.br\/iel\/wp-content\/uploads\/sites\/13\/2023\/02\/IEL_branco.svg","contentUrl":"https:\/\/www.fiemg.com.br\/iel\/wp-content\/uploads\/sites\/13\/2023\/02\/IEL_branco.svg","width":103,"height":59,"caption":"IEL"},"image":{"@id":"https:\/\/www.fiemg.com.br\/iel\/#\/schema\/logo\/image\/"}}]}},"_links":{"self":[{"href":"https:\/\/www.fiemg.com.br\/iel\/wp-json\/wp\/v2\/noticias\/3157","targetHints":{"allow":["GET"]}}],"collection":[{"href":"https:\/\/www.fiemg.com.br\/iel\/wp-json\/wp\/v2\/noticias"}],"about":[{"href":"https:\/\/www.fiemg.com.br\/iel\/wp-json\/wp\/v2\/types\/noticias"}],"wp:featuredmedia":[{"embeddable":true,"href":"https:\/\/www.fiemg.com.br\/iel\/wp-json\/wp\/v2\/media\/3158"}],"wp:attachment":[{"href":"https:\/\/www.fiemg.com.br\/iel\/wp-json\/wp\/v2\/media?parent=3157"}],"wp:term":[{"taxonomy":"category","embeddable":true,"href":"https:\/\/www.fiemg.com.br\/iel\/wp-json\/wp\/v2\/categories?post=3157"},{"taxonomy":"post_tag","embeddable":true,"href":"https:\/\/www.fiemg.com.br\/iel\/wp-json\/wp\/v2\/tags?post=3157"}],"curies":[{"name":"wp","href":"https:\/\/api.w.org\/{rel}","templated":true}]}}