{"id":3205,"date":"2025-02-14T09:00:35","date_gmt":"2025-02-14T12:00:35","guid":{"rendered":"https:\/\/www.fiemg.com.br\/iel\/noticias\/visitas-tecnicas-fomentam-integracao-e-compartilham-tecnologia\/"},"modified":"2025-02-19T14:27:50","modified_gmt":"2025-02-19T17:27:50","slug":"visitas-tecnicas-fomentam-integracao-e-compartilham-tecnologia","status":"publish","type":"noticias","link":"https:\/\/www.fiemg.com.br\/iel\/noticias\/visitas-tecnicas-fomentam-integracao-e-compartilham-tecnologia\/","title":{"rendered":"Visitas t\u00e9cnicas fomentam integra\u00e7\u00e3o e compartilham tecnologia"},"content":{"rendered":"\n<p>Representantes de empresas do segmento metalmec\u00e2nico da regi\u00e3o do Vale do A\u00e7o realizaram, em 12 e 13 de fevereiro, visitas t\u00e9cnicas \u00e0s empresas Cer\u00e2mica Brasileira e Agropeu. O objetivo foi apresentar aos profissionais um panorama detalhado sobre inova\u00e7\u00f5es tecnol\u00f3gicas e processos industriais de ponta, al\u00e9m de fomentar neg\u00f3cios.<\/p>\n\n\n\n<p>Localizada em Caetan\u00f3polis, A Cer\u00e2mica Brasileira \u00e9 considerada a f\u00e1brica de telhas de cer\u00e2mica mais moderna do pa\u00eds e disp\u00f5e de uma cadeia produtiva 100% automatizada. A visita \u00e0 planta industrial foi na quarta-feira.<\/p>\n\n\n\n<p>No dia seguinte, os representantes das empresas seguiram para a Agropeu, empresa do setor sucroenerg\u00e9tico que funciona em Pomp\u00e9u. A iniciativa \u00e9 um desdobramento da \u00faltima rodada de neg\u00f3cios realizada na Expometal 2024, feira metalmec\u00e2nica do Vale do A\u00e7o, que fortalece a intera\u00e7\u00e3o entre o segmento e ind\u00fastria sucroenerg\u00e9tica e amplia as oportunidades estrat\u00e9gicas de colabora\u00e7\u00e3o.<\/p>\n\n\n\n<p>Essas a\u00e7\u00f5es fazem parte do Programa Ind\u00fastria Forte, do IEL-MG e do SEBRAE-MG, que visa impulsionar o crescimento do setor industrial, promovendo troca de conhecimento, networking e desenvolvimento de novos mercados. &#8220;A visita \u00e0s empresas representou um passo estrat\u00e9gico na consolida\u00e7\u00e3o de oportunidades entre os setores metalmec\u00e2nico e sucroenerg\u00e9tico. Essa iniciativa \u00e9 um movimento concreto para ampliar mercados, fortalecer parcerias e impulsionar a competitividade das empresas envolvidas. O interc\u00e2mbio gerado fortalece n\u00e3o apenas as conex\u00f5es comerciais, mas tamb\u00e9m o desenvolvimento tecnol\u00f3gico e a inova\u00e7\u00e3o, abrindo caminho para neg\u00f3cios s\u00f3lidos e duradouros&#8221;, avaliou Victor Hugo da Silva, analista de projetos para a ind\u00fastria do IEL.<\/p>\n\n\n\n<figure class=\"wp-block-image aligncenter size-large\"><img fetchpriority=\"high\" decoding=\"async\" width=\"1024\" height=\"396\" src=\"https:\/\/www.fiemg.com.br\/iel\/wp-content\/uploads\/sites\/13\/2025\/02\/visita_interna_2-1024x396.jpeg\" alt=\"Visita t\u00e9cnica do setor metalomec\u00e2nico \" class=\"wp-image-3207\" srcset=\"https:\/\/www.fiemg.com.br\/iel\/wp-content\/uploads\/sites\/13\/2025\/02\/visita_interna_2-1024x396.jpeg 1024w, https:\/\/www.fiemg.com.br\/iel\/wp-content\/uploads\/sites\/13\/2025\/02\/visita_interna_2-300x116.jpeg 300w, https:\/\/www.fiemg.com.br\/iel\/wp-content\/uploads\/sites\/13\/2025\/02\/visita_interna_2-768x297.jpeg 768w, https:\/\/www.fiemg.com.br\/iel\/wp-content\/uploads\/sites\/13\/2025\/02\/visita_interna_2.jpeg 1080w\" sizes=\"(max-width: 1024px) 100vw, 1024px\" \/><\/figure>\n\n\n\n<p><strong>Imprensa FIEMG<\/strong><\/p>\n\n\n\n<p><\/p>\n","protected":false},"featured_media":3206,"template":"","categories":[15],"tags":[97,241,315,140],"class_list":["post-3205","noticias","type-noticias","status-publish","has-post-thumbnail","hentry","category-desenvolvimento-industrial","tag-iel","tag-negocios","tag-setor-metalmecanico","tag-vale-do-aco"],"acf":[],"yoast_head":"<!-- This site is optimized with the Yoast SEO plugin v26.2 - https:\/\/yoast.com\/wordpress\/plugins\/seo\/ -->\n<title>Visitas t\u00e9cnicas fomentam integra\u00e7\u00e3o e compartilham tecnologia - IEL<\/title>\n<meta name=\"description\" content=\"Representantes de empresas do segmento metalmec\u00e2nico da regi\u00e3o do Vale do A\u00e7o conhecem novas empresas, trocam experi\u00eancias e fazem networking\" \/>\n<meta name=\"robots\" content=\"index, follow, max-snippet:-1, max-image-preview:large, max-video-preview:-1\" \/>\n<link rel=\"canonical\" href=\"https:\/\/www.fiemg.com.br\/iel\/noticias\/visitas-tecnicas-fomentam-integracao-e-compartilham-tecnologia\/\" \/>\n<meta property=\"og:locale\" content=\"pt_BR\" \/>\n<meta property=\"og:type\" content=\"article\" \/>\n<meta property=\"og:title\" content=\"Visitas t\u00e9cnicas fomentam integra\u00e7\u00e3o e compartilham tecnologia - IEL\" \/>\n<meta property=\"og:description\" content=\"Representantes de empresas do segmento metalmec\u00e2nico da regi\u00e3o do Vale do A\u00e7o conhecem novas empresas, trocam experi\u00eancias e fazem networking\" \/>\n<meta property=\"og:url\" content=\"https:\/\/www.fiemg.com.br\/iel\/noticias\/visitas-tecnicas-fomentam-integracao-e-compartilham-tecnologia\/\" \/>\n<meta property=\"og:site_name\" content=\"IEL\" \/>\n<meta property=\"article:modified_time\" content=\"2025-02-19T17:27:50+00:00\" \/>\n<meta property=\"og:image\" content=\"https:\/\/www.fiemg.com.br\/iel\/wp-content\/uploads\/sites\/13\/2025\/02\/visita_thumb.jpeg\" \/>\n\t<meta property=\"og:image:width\" content=\"512\" \/>\n\t<meta property=\"og:image:height\" content=\"512\" \/>\n\t<meta property=\"og:image:type\" content=\"image\/jpeg\" \/>\n<meta name=\"twitter:card\" content=\"summary_large_image\" \/>\n<meta name=\"twitter:label1\" content=\"Est. tempo de leitura\" \/>\n\t<meta name=\"twitter:data1\" content=\"2 minutos\" \/>\n<script type=\"application\/ld+json\" class=\"yoast-schema-graph\">{\"@context\":\"https:\/\/schema.org\",\"@graph\":[{\"@type\":\"WebPage\",\"@id\":\"https:\/\/www.fiemg.com.br\/iel\/noticias\/visitas-tecnicas-fomentam-integracao-e-compartilham-tecnologia\/\",\"url\":\"https:\/\/www.fiemg.com.br\/iel\/noticias\/visitas-tecnicas-fomentam-integracao-e-compartilham-tecnologia\/\",\"name\":\"Visitas t\u00e9cnicas fomentam integra\u00e7\u00e3o e compartilham tecnologia - IEL\",\"isPartOf\":{\"@id\":\"https:\/\/www.fiemg.com.br\/iel\/#website\"},\"primaryImageOfPage\":{\"@id\":\"https:\/\/www.fiemg.com.br\/iel\/noticias\/visitas-tecnicas-fomentam-integracao-e-compartilham-tecnologia\/#primaryimage\"},\"image\":{\"@id\":\"https:\/\/www.fiemg.com.br\/iel\/noticias\/visitas-tecnicas-fomentam-integracao-e-compartilham-tecnologia\/#primaryimage\"},\"thumbnailUrl\":\"https:\/\/www.fiemg.com.br\/iel\/wp-content\/uploads\/sites\/13\/2025\/02\/visita_thumb.jpeg\",\"datePublished\":\"2025-02-14T12:00:35+00:00\",\"dateModified\":\"2025-02-19T17:27:50+00:00\",\"description\":\"Representantes de empresas do segmento metalmec\u00e2nico da regi\u00e3o do Vale do A\u00e7o conhecem novas empresas, trocam experi\u00eancias e fazem networking\",\"breadcrumb\":{\"@id\":\"https:\/\/www.fiemg.com.br\/iel\/noticias\/visitas-tecnicas-fomentam-integracao-e-compartilham-tecnologia\/#breadcrumb\"},\"inLanguage\":\"pt-BR\",\"potentialAction\":[{\"@type\":\"ReadAction\",\"target\":[\"https:\/\/www.fiemg.com.br\/iel\/noticias\/visitas-tecnicas-fomentam-integracao-e-compartilham-tecnologia\/\"]}]},{\"@type\":\"ImageObject\",\"inLanguage\":\"pt-BR\",\"@id\":\"https:\/\/www.fiemg.com.br\/iel\/noticias\/visitas-tecnicas-fomentam-integracao-e-compartilham-tecnologia\/#primaryimage\",\"url\":\"https:\/\/www.fiemg.com.br\/iel\/wp-content\/uploads\/sites\/13\/2025\/02\/visita_thumb.jpeg\",\"contentUrl\":\"https:\/\/www.fiemg.com.br\/iel\/wp-content\/uploads\/sites\/13\/2025\/02\/visita_thumb.jpeg\",\"width\":512,\"height\":512,\"caption\":\"Visita t\u00e9cnica do setor metalomec\u00e2nico\"},{\"@type\":\"BreadcrumbList\",\"@id\":\"https:\/\/www.fiemg.com.br\/iel\/noticias\/visitas-tecnicas-fomentam-integracao-e-compartilham-tecnologia\/#breadcrumb\",\"itemListElement\":[{\"@type\":\"ListItem\",\"position\":1,\"name\":\"In\u00edcio\",\"item\":\"https:\/\/www.fiemg.com.br\/iel\/\"},{\"@type\":\"ListItem\",\"position\":2,\"name\":\"Visitas t\u00e9cnicas fomentam integra\u00e7\u00e3o e compartilham tecnologia\"}]},{\"@type\":\"WebSite\",\"@id\":\"https:\/\/www.fiemg.com.br\/iel\/#website\",\"url\":\"https:\/\/www.fiemg.com.br\/iel\/\",\"name\":\"IEL\",\"description\":\"Federa\u00e7\u00e3o das Ind\u00fastrias do Estado de Minas Gerais\",\"publisher\":{\"@id\":\"https:\/\/www.fiemg.com.br\/iel\/#organization\"},\"potentialAction\":[{\"@type\":\"SearchAction\",\"target\":{\"@type\":\"EntryPoint\",\"urlTemplate\":\"https:\/\/www.fiemg.com.br\/iel\/?s={search_term_string}\"},\"query-input\":{\"@type\":\"PropertyValueSpecification\",\"valueRequired\":true,\"valueName\":\"search_term_string\"}}],\"inLanguage\":\"pt-BR\"},{\"@type\":\"Organization\",\"@id\":\"https:\/\/www.fiemg.com.br\/iel\/#organization\",\"name\":\"IEL\",\"url\":\"https:\/\/www.fiemg.com.br\/iel\/\",\"logo\":{\"@type\":\"ImageObject\",\"inLanguage\":\"pt-BR\",\"@id\":\"https:\/\/www.fiemg.com.br\/iel\/#\/schema\/logo\/image\/\",\"url\":\"https:\/\/www.fiemg.com.br\/iel\/wp-content\/uploads\/sites\/13\/2023\/02\/IEL_branco.svg\",\"contentUrl\":\"https:\/\/www.fiemg.com.br\/iel\/wp-content\/uploads\/sites\/13\/2023\/02\/IEL_branco.svg\",\"width\":103,\"height\":59,\"caption\":\"IEL\"},\"image\":{\"@id\":\"https:\/\/www.fiemg.com.br\/iel\/#\/schema\/logo\/image\/\"}}]}<\/script>\n<!-- \/ Yoast SEO plugin. -->","yoast_head_json":{"title":"Visitas t\u00e9cnicas fomentam integra\u00e7\u00e3o e compartilham tecnologia - IEL","description":"Representantes de empresas do segmento metalmec\u00e2nico da regi\u00e3o do Vale do A\u00e7o conhecem novas empresas, trocam experi\u00eancias e fazem networking","robots":{"index":"index","follow":"follow","max-snippet":"max-snippet:-1","max-image-preview":"max-image-preview:large","max-video-preview":"max-video-preview:-1"},"canonical":"https:\/\/www.fiemg.com.br\/iel\/noticias\/visitas-tecnicas-fomentam-integracao-e-compartilham-tecnologia\/","og_locale":"pt_BR","og_type":"article","og_title":"Visitas t\u00e9cnicas fomentam integra\u00e7\u00e3o e compartilham tecnologia - IEL","og_description":"Representantes de empresas do segmento metalmec\u00e2nico da regi\u00e3o do Vale do A\u00e7o conhecem novas empresas, trocam experi\u00eancias e fazem networking","og_url":"https:\/\/www.fiemg.com.br\/iel\/noticias\/visitas-tecnicas-fomentam-integracao-e-compartilham-tecnologia\/","og_site_name":"IEL","article_modified_time":"2025-02-19T17:27:50+00:00","og_image":[{"width":512,"height":512,"url":"https:\/\/www.fiemg.com.br\/iel\/wp-content\/uploads\/sites\/13\/2025\/02\/visita_thumb.jpeg","type":"image\/jpeg"}],"twitter_card":"summary_large_image","twitter_misc":{"Est. tempo de leitura":"2 minutos"},"schema":{"@context":"https:\/\/schema.org","@graph":[{"@type":"WebPage","@id":"https:\/\/www.fiemg.com.br\/iel\/noticias\/visitas-tecnicas-fomentam-integracao-e-compartilham-tecnologia\/","url":"https:\/\/www.fiemg.com.br\/iel\/noticias\/visitas-tecnicas-fomentam-integracao-e-compartilham-tecnologia\/","name":"Visitas t\u00e9cnicas fomentam integra\u00e7\u00e3o e compartilham tecnologia - IEL","isPartOf":{"@id":"https:\/\/www.fiemg.com.br\/iel\/#website"},"primaryImageOfPage":{"@id":"https:\/\/www.fiemg.com.br\/iel\/noticias\/visitas-tecnicas-fomentam-integracao-e-compartilham-tecnologia\/#primaryimage"},"image":{"@id":"https:\/\/www.fiemg.com.br\/iel\/noticias\/visitas-tecnicas-fomentam-integracao-e-compartilham-tecnologia\/#primaryimage"},"thumbnailUrl":"https:\/\/www.fiemg.com.br\/iel\/wp-content\/uploads\/sites\/13\/2025\/02\/visita_thumb.jpeg","datePublished":"2025-02-14T12:00:35+00:00","dateModified":"2025-02-19T17:27:50+00:00","description":"Representantes de empresas do segmento metalmec\u00e2nico da regi\u00e3o do Vale do A\u00e7o conhecem novas empresas, trocam experi\u00eancias e fazem networking","breadcrumb":{"@id":"https:\/\/www.fiemg.com.br\/iel\/noticias\/visitas-tecnicas-fomentam-integracao-e-compartilham-tecnologia\/#breadcrumb"},"inLanguage":"pt-BR","potentialAction":[{"@type":"ReadAction","target":["https:\/\/www.fiemg.com.br\/iel\/noticias\/visitas-tecnicas-fomentam-integracao-e-compartilham-tecnologia\/"]}]},{"@type":"ImageObject","inLanguage":"pt-BR","@id":"https:\/\/www.fiemg.com.br\/iel\/noticias\/visitas-tecnicas-fomentam-integracao-e-compartilham-tecnologia\/#primaryimage","url":"https:\/\/www.fiemg.com.br\/iel\/wp-content\/uploads\/sites\/13\/2025\/02\/visita_thumb.jpeg","contentUrl":"https:\/\/www.fiemg.com.br\/iel\/wp-content\/uploads\/sites\/13\/2025\/02\/visita_thumb.jpeg","width":512,"height":512,"caption":"Visita t\u00e9cnica do setor metalomec\u00e2nico"},{"@type":"BreadcrumbList","@id":"https:\/\/www.fiemg.com.br\/iel\/noticias\/visitas-tecnicas-fomentam-integracao-e-compartilham-tecnologia\/#breadcrumb","itemListElement":[{"@type":"ListItem","position":1,"name":"In\u00edcio","item":"https:\/\/www.fiemg.com.br\/iel\/"},{"@type":"ListItem","position":2,"name":"Visitas t\u00e9cnicas fomentam integra\u00e7\u00e3o e compartilham tecnologia"}]},{"@type":"WebSite","@id":"https:\/\/www.fiemg.com.br\/iel\/#website","url":"https:\/\/www.fiemg.com.br\/iel\/","name":"IEL","description":"Federa\u00e7\u00e3o das Ind\u00fastrias do Estado de Minas Gerais","publisher":{"@id":"https:\/\/www.fiemg.com.br\/iel\/#organization"},"potentialAction":[{"@type":"SearchAction","target":{"@type":"EntryPoint","urlTemplate":"https:\/\/www.fiemg.com.br\/iel\/?s={search_term_string}"},"query-input":{"@type":"PropertyValueSpecification","valueRequired":true,"valueName":"search_term_string"}}],"inLanguage":"pt-BR"},{"@type":"Organization","@id":"https:\/\/www.fiemg.com.br\/iel\/#organization","name":"IEL","url":"https:\/\/www.fiemg.com.br\/iel\/","logo":{"@type":"ImageObject","inLanguage":"pt-BR","@id":"https:\/\/www.fiemg.com.br\/iel\/#\/schema\/logo\/image\/","url":"https:\/\/www.fiemg.com.br\/iel\/wp-content\/uploads\/sites\/13\/2023\/02\/IEL_branco.svg","contentUrl":"https:\/\/www.fiemg.com.br\/iel\/wp-content\/uploads\/sites\/13\/2023\/02\/IEL_branco.svg","width":103,"height":59,"caption":"IEL"},"image":{"@id":"https:\/\/www.fiemg.com.br\/iel\/#\/schema\/logo\/image\/"}}]}},"_links":{"self":[{"href":"https:\/\/www.fiemg.com.br\/iel\/wp-json\/wp\/v2\/noticias\/3205","targetHints":{"allow":["GET"]}}],"collection":[{"href":"https:\/\/www.fiemg.com.br\/iel\/wp-json\/wp\/v2\/noticias"}],"about":[{"href":"https:\/\/www.fiemg.com.br\/iel\/wp-json\/wp\/v2\/types\/noticias"}],"wp:featuredmedia":[{"embeddable":true,"href":"https:\/\/www.fiemg.com.br\/iel\/wp-json\/wp\/v2\/media\/3206"}],"wp:attachment":[{"href":"https:\/\/www.fiemg.com.br\/iel\/wp-json\/wp\/v2\/media?parent=3205"}],"wp:term":[{"taxonomy":"category","embeddable":true,"href":"https:\/\/www.fiemg.com.br\/iel\/wp-json\/wp\/v2\/categories?post=3205"},{"taxonomy":"post_tag","embeddable":true,"href":"https:\/\/www.fiemg.com.br\/iel\/wp-json\/wp\/v2\/tags?post=3205"}],"curies":[{"name":"wp","href":"https:\/\/api.w.org\/{rel}","templated":true}]}}