{"id":3209,"date":"2025-02-19T16:29:28","date_gmt":"2025-02-19T19:29:28","guid":{"rendered":"https:\/\/www.fiemg.com.br\/iel\/noticias\/fiemg-apoia-missao-a-principal-feira-de-tecnologia-industrial\/"},"modified":"2025-02-19T16:29:28","modified_gmt":"2025-02-19T19:29:28","slug":"fiemg-apoia-missao-a-principal-feira-de-tecnologia-industrial","status":"publish","type":"noticias","link":"https:\/\/www.fiemg.com.br\/iel\/noticias\/fiemg-apoia-missao-a-principal-feira-de-tecnologia-industrial\/","title":{"rendered":"FIEMG apoia miss\u00e3o a principal feira de tecnologia industrial"},"content":{"rendered":"\n<figure class=\"wp-block-image alignright size-full is-resized\"><img fetchpriority=\"high\" decoding=\"async\" width=\"512\" height=\"512\" src=\"https:\/\/www.fiemg.com.br\/iel\/wp-content\/uploads\/sites\/13\/2025\/02\/hannover_messe_thumb.jpeg\" alt=\"Miss\u00e3o \u00e0 Feira de Hannover 2025\" class=\"wp-image-3210\" style=\"width:286px;height:auto\" srcset=\"https:\/\/www.fiemg.com.br\/iel\/wp-content\/uploads\/sites\/13\/2025\/02\/hannover_messe_thumb.jpeg 512w, https:\/\/www.fiemg.com.br\/iel\/wp-content\/uploads\/sites\/13\/2025\/02\/hannover_messe_thumb-300x300.jpeg 300w, https:\/\/www.fiemg.com.br\/iel\/wp-content\/uploads\/sites\/13\/2025\/02\/hannover_messe_thumb-150x150.jpeg 150w\" sizes=\"(max-width: 512px) 100vw, 512px\" \/><\/figure>\n\n\n\n<p>Tecnologia de ponta e inova\u00e7\u00e3o s\u00e3o alguns dos grandes atrativos da Hannover Messe 2025. Refer\u00eancia no setor industrial, a feira ser\u00e1 realizada de 30 de mar\u00e7o a 4 de abril, na cidade alem\u00e3 de mesmo nome, e os empres\u00e1rios mineiros podem participar do evento. A FIEMG, o Instituo Euvaldo Lodi (IEL) e Centro Internacional de Neg\u00f3cios (CIN) da Federa\u00e7\u00e3o s\u00e3o apoiadores da miss\u00e3o Hannover, liderada pela Federa\u00e7\u00e3o das Ind\u00fastrias do Estado do Rio Grande do Sul (FIERGS). As inscri\u00e7\u00f5es podem ser realizadas <a href=\"https:\/\/www.portaldaindustria.com.br\/eventos\/pt\/edicoes\/missao-empresarial-hannover-2025-missao-empresaria\"><strong>neste link<\/strong><\/a>, onde o interessado encontra mais informa\u00e7\u00f5es. <\/p>\n\n\n\n<p>Em 2024, a FIEMG levou mais de industriais \u00e0 feira, proporcionando \u00e0s empresas mineiras oportunidades de neg\u00f3cios com mercados diversificados, networking e acesso \u00e0s novas tecnologias para o setor produtivo. Neste ano, o evento vai refor\u00e7ar o seu papel como epicentro das tend\u00eancias e inova\u00e7\u00f5es dos setores industriais e de manufatura avan\u00e7ada.<\/p>\n\n\n\n<p>A tem\u00e1tica da chamada Ind\u00fastria 4.0 e a digitaliza\u00e7\u00e3o industrial ser\u00e3o os grandes destaques, demonstrando que esses movimentos seguem gerando mudan\u00e7as expressivas em diversas \u00e1reas industriais. Os temas em destaques desta edi\u00e7\u00e3o s\u00e3o automa\u00e7\u00e3o e tecnologia de sensores, automa\u00e7\u00e3o de processos e de log\u00edstica, energia fluida, manuseio e montagem de materiais, rob\u00f3tica, sistemas embarcados, tecnologia de acionamento e linear.<\/p>\n\n\n\n<p>A miss\u00e3o faz parte do Conv\u00eanio de Coopera\u00e7\u00e3o T\u00e9cnica e Financeira entre a Confedera\u00e7\u00e3o Nacional da Ind\u00fastria (CNI) e a Ag\u00eancia Brasileira de Promo\u00e7\u00e3o de Exporta\u00e7\u00f5es e Investimentos (ApexBrasil).<br><br><em>Com informa\u00e7\u00f5es do Portal da Ind\u00fastria <\/em><\/p>\n\n\n\n<p><em>Rafael Passos<br><\/em><strong>Imprensa FIEMG<\/strong><\/p>\n\n\n\n<p><\/p>\n","protected":false},"featured_media":3210,"template":"","categories":[15],"tags":[316,91,317,318],"class_list":["post-3209","noticias","type-noticias","status-publish","has-post-thumbnail","hentry","category-desenvolvimento-industrial","tag-feira-de-hannover","tag-fiemg","tag-missao","tag-tecnologia-industria"],"acf":[],"yoast_head":"<!-- This site is optimized with the Yoast SEO plugin v26.2 - https:\/\/yoast.com\/wordpress\/plugins\/seo\/ -->\n<title>FIEMG apoia miss\u00e3o a principal feira de tecnologia industrial - IEL<\/title>\n<meta name=\"description\" content=\"Com inscri\u00e7\u00f5es abertas, Hannover Messe 2025 vai acontecer de 30 de mar\u00e7o a 4 de abril, na Alemanha\" \/>\n<meta name=\"robots\" content=\"index, follow, max-snippet:-1, max-image-preview:large, max-video-preview:-1\" \/>\n<link rel=\"canonical\" href=\"https:\/\/www.fiemg.com.br\/iel\/noticias\/fiemg-apoia-missao-a-principal-feira-de-tecnologia-industrial\/\" \/>\n<meta property=\"og:locale\" content=\"pt_BR\" \/>\n<meta property=\"og:type\" content=\"article\" \/>\n<meta property=\"og:title\" content=\"FIEMG apoia miss\u00e3o a principal feira de tecnologia industrial - IEL\" \/>\n<meta property=\"og:description\" content=\"Com inscri\u00e7\u00f5es abertas, Hannover Messe 2025 vai acontecer de 30 de mar\u00e7o a 4 de abril, na Alemanha\" \/>\n<meta property=\"og:url\" content=\"https:\/\/www.fiemg.com.br\/iel\/noticias\/fiemg-apoia-missao-a-principal-feira-de-tecnologia-industrial\/\" \/>\n<meta property=\"og:site_name\" content=\"IEL\" \/>\n<meta property=\"og:image\" content=\"https:\/\/www.fiemg.com.br\/iel\/wp-content\/uploads\/sites\/13\/2025\/02\/hannover_messe_thumb.jpeg\" \/>\n\t<meta property=\"og:image:width\" content=\"512\" \/>\n\t<meta property=\"og:image:height\" content=\"512\" \/>\n\t<meta property=\"og:image:type\" content=\"image\/jpeg\" \/>\n<meta name=\"twitter:card\" content=\"summary_large_image\" \/>\n<meta name=\"twitter:label1\" content=\"Est. tempo de leitura\" \/>\n\t<meta name=\"twitter:data1\" content=\"2 minutos\" \/>\n<script type=\"application\/ld+json\" class=\"yoast-schema-graph\">{\"@context\":\"https:\/\/schema.org\",\"@graph\":[{\"@type\":\"WebPage\",\"@id\":\"https:\/\/www.fiemg.com.br\/iel\/noticias\/fiemg-apoia-missao-a-principal-feira-de-tecnologia-industrial\/\",\"url\":\"https:\/\/www.fiemg.com.br\/iel\/noticias\/fiemg-apoia-missao-a-principal-feira-de-tecnologia-industrial\/\",\"name\":\"FIEMG apoia miss\u00e3o a principal feira de tecnologia industrial - IEL\",\"isPartOf\":{\"@id\":\"https:\/\/www.fiemg.com.br\/iel\/#website\"},\"primaryImageOfPage\":{\"@id\":\"https:\/\/www.fiemg.com.br\/iel\/noticias\/fiemg-apoia-missao-a-principal-feira-de-tecnologia-industrial\/#primaryimage\"},\"image\":{\"@id\":\"https:\/\/www.fiemg.com.br\/iel\/noticias\/fiemg-apoia-missao-a-principal-feira-de-tecnologia-industrial\/#primaryimage\"},\"thumbnailUrl\":\"https:\/\/www.fiemg.com.br\/iel\/wp-content\/uploads\/sites\/13\/2025\/02\/hannover_messe_thumb.jpeg\",\"datePublished\":\"2025-02-19T19:29:28+00:00\",\"description\":\"Com inscri\u00e7\u00f5es abertas, Hannover Messe 2025 vai acontecer de 30 de mar\u00e7o a 4 de abril, na Alemanha\",\"breadcrumb\":{\"@id\":\"https:\/\/www.fiemg.com.br\/iel\/noticias\/fiemg-apoia-missao-a-principal-feira-de-tecnologia-industrial\/#breadcrumb\"},\"inLanguage\":\"pt-BR\",\"potentialAction\":[{\"@type\":\"ReadAction\",\"target\":[\"https:\/\/www.fiemg.com.br\/iel\/noticias\/fiemg-apoia-missao-a-principal-feira-de-tecnologia-industrial\/\"]}]},{\"@type\":\"ImageObject\",\"inLanguage\":\"pt-BR\",\"@id\":\"https:\/\/www.fiemg.com.br\/iel\/noticias\/fiemg-apoia-missao-a-principal-feira-de-tecnologia-industrial\/#primaryimage\",\"url\":\"https:\/\/www.fiemg.com.br\/iel\/wp-content\/uploads\/sites\/13\/2025\/02\/hannover_messe_thumb.jpeg\",\"contentUrl\":\"https:\/\/www.fiemg.com.br\/iel\/wp-content\/uploads\/sites\/13\/2025\/02\/hannover_messe_thumb.jpeg\",\"width\":512,\"height\":512,\"caption\":\"Miss\u00e3o \u00e0 Feira de Hannover 2025\"},{\"@type\":\"BreadcrumbList\",\"@id\":\"https:\/\/www.fiemg.com.br\/iel\/noticias\/fiemg-apoia-missao-a-principal-feira-de-tecnologia-industrial\/#breadcrumb\",\"itemListElement\":[{\"@type\":\"ListItem\",\"position\":1,\"name\":\"In\u00edcio\",\"item\":\"https:\/\/www.fiemg.com.br\/iel\/\"},{\"@type\":\"ListItem\",\"position\":2,\"name\":\"FIEMG apoia miss\u00e3o a principal feira de tecnologia industrial\"}]},{\"@type\":\"WebSite\",\"@id\":\"https:\/\/www.fiemg.com.br\/iel\/#website\",\"url\":\"https:\/\/www.fiemg.com.br\/iel\/\",\"name\":\"IEL\",\"description\":\"Federa\u00e7\u00e3o das Ind\u00fastrias do Estado de Minas Gerais\",\"publisher\":{\"@id\":\"https:\/\/www.fiemg.com.br\/iel\/#organization\"},\"potentialAction\":[{\"@type\":\"SearchAction\",\"target\":{\"@type\":\"EntryPoint\",\"urlTemplate\":\"https:\/\/www.fiemg.com.br\/iel\/?s={search_term_string}\"},\"query-input\":{\"@type\":\"PropertyValueSpecification\",\"valueRequired\":true,\"valueName\":\"search_term_string\"}}],\"inLanguage\":\"pt-BR\"},{\"@type\":\"Organization\",\"@id\":\"https:\/\/www.fiemg.com.br\/iel\/#organization\",\"name\":\"IEL\",\"url\":\"https:\/\/www.fiemg.com.br\/iel\/\",\"logo\":{\"@type\":\"ImageObject\",\"inLanguage\":\"pt-BR\",\"@id\":\"https:\/\/www.fiemg.com.br\/iel\/#\/schema\/logo\/image\/\",\"url\":\"https:\/\/www.fiemg.com.br\/iel\/wp-content\/uploads\/sites\/13\/2023\/02\/IEL_branco.svg\",\"contentUrl\":\"https:\/\/www.fiemg.com.br\/iel\/wp-content\/uploads\/sites\/13\/2023\/02\/IEL_branco.svg\",\"width\":103,\"height\":59,\"caption\":\"IEL\"},\"image\":{\"@id\":\"https:\/\/www.fiemg.com.br\/iel\/#\/schema\/logo\/image\/\"}}]}<\/script>\n<!-- \/ Yoast SEO plugin. -->","yoast_head_json":{"title":"FIEMG apoia miss\u00e3o a principal feira de tecnologia industrial - IEL","description":"Com inscri\u00e7\u00f5es abertas, Hannover Messe 2025 vai acontecer de 30 de mar\u00e7o a 4 de abril, na Alemanha","robots":{"index":"index","follow":"follow","max-snippet":"max-snippet:-1","max-image-preview":"max-image-preview:large","max-video-preview":"max-video-preview:-1"},"canonical":"https:\/\/www.fiemg.com.br\/iel\/noticias\/fiemg-apoia-missao-a-principal-feira-de-tecnologia-industrial\/","og_locale":"pt_BR","og_type":"article","og_title":"FIEMG apoia miss\u00e3o a principal feira de tecnologia industrial - IEL","og_description":"Com inscri\u00e7\u00f5es abertas, Hannover Messe 2025 vai acontecer de 30 de mar\u00e7o a 4 de abril, na Alemanha","og_url":"https:\/\/www.fiemg.com.br\/iel\/noticias\/fiemg-apoia-missao-a-principal-feira-de-tecnologia-industrial\/","og_site_name":"IEL","og_image":[{"width":512,"height":512,"url":"https:\/\/www.fiemg.com.br\/iel\/wp-content\/uploads\/sites\/13\/2025\/02\/hannover_messe_thumb.jpeg","type":"image\/jpeg"}],"twitter_card":"summary_large_image","twitter_misc":{"Est. tempo de leitura":"2 minutos"},"schema":{"@context":"https:\/\/schema.org","@graph":[{"@type":"WebPage","@id":"https:\/\/www.fiemg.com.br\/iel\/noticias\/fiemg-apoia-missao-a-principal-feira-de-tecnologia-industrial\/","url":"https:\/\/www.fiemg.com.br\/iel\/noticias\/fiemg-apoia-missao-a-principal-feira-de-tecnologia-industrial\/","name":"FIEMG apoia miss\u00e3o a principal feira de tecnologia industrial - IEL","isPartOf":{"@id":"https:\/\/www.fiemg.com.br\/iel\/#website"},"primaryImageOfPage":{"@id":"https:\/\/www.fiemg.com.br\/iel\/noticias\/fiemg-apoia-missao-a-principal-feira-de-tecnologia-industrial\/#primaryimage"},"image":{"@id":"https:\/\/www.fiemg.com.br\/iel\/noticias\/fiemg-apoia-missao-a-principal-feira-de-tecnologia-industrial\/#primaryimage"},"thumbnailUrl":"https:\/\/www.fiemg.com.br\/iel\/wp-content\/uploads\/sites\/13\/2025\/02\/hannover_messe_thumb.jpeg","datePublished":"2025-02-19T19:29:28+00:00","description":"Com inscri\u00e7\u00f5es abertas, Hannover Messe 2025 vai acontecer de 30 de mar\u00e7o a 4 de abril, na Alemanha","breadcrumb":{"@id":"https:\/\/www.fiemg.com.br\/iel\/noticias\/fiemg-apoia-missao-a-principal-feira-de-tecnologia-industrial\/#breadcrumb"},"inLanguage":"pt-BR","potentialAction":[{"@type":"ReadAction","target":["https:\/\/www.fiemg.com.br\/iel\/noticias\/fiemg-apoia-missao-a-principal-feira-de-tecnologia-industrial\/"]}]},{"@type":"ImageObject","inLanguage":"pt-BR","@id":"https:\/\/www.fiemg.com.br\/iel\/noticias\/fiemg-apoia-missao-a-principal-feira-de-tecnologia-industrial\/#primaryimage","url":"https:\/\/www.fiemg.com.br\/iel\/wp-content\/uploads\/sites\/13\/2025\/02\/hannover_messe_thumb.jpeg","contentUrl":"https:\/\/www.fiemg.com.br\/iel\/wp-content\/uploads\/sites\/13\/2025\/02\/hannover_messe_thumb.jpeg","width":512,"height":512,"caption":"Miss\u00e3o \u00e0 Feira de Hannover 2025"},{"@type":"BreadcrumbList","@id":"https:\/\/www.fiemg.com.br\/iel\/noticias\/fiemg-apoia-missao-a-principal-feira-de-tecnologia-industrial\/#breadcrumb","itemListElement":[{"@type":"ListItem","position":1,"name":"In\u00edcio","item":"https:\/\/www.fiemg.com.br\/iel\/"},{"@type":"ListItem","position":2,"name":"FIEMG apoia miss\u00e3o a principal feira de tecnologia industrial"}]},{"@type":"WebSite","@id":"https:\/\/www.fiemg.com.br\/iel\/#website","url":"https:\/\/www.fiemg.com.br\/iel\/","name":"IEL","description":"Federa\u00e7\u00e3o das Ind\u00fastrias do Estado de Minas Gerais","publisher":{"@id":"https:\/\/www.fiemg.com.br\/iel\/#organization"},"potentialAction":[{"@type":"SearchAction","target":{"@type":"EntryPoint","urlTemplate":"https:\/\/www.fiemg.com.br\/iel\/?s={search_term_string}"},"query-input":{"@type":"PropertyValueSpecification","valueRequired":true,"valueName":"search_term_string"}}],"inLanguage":"pt-BR"},{"@type":"Organization","@id":"https:\/\/www.fiemg.com.br\/iel\/#organization","name":"IEL","url":"https:\/\/www.fiemg.com.br\/iel\/","logo":{"@type":"ImageObject","inLanguage":"pt-BR","@id":"https:\/\/www.fiemg.com.br\/iel\/#\/schema\/logo\/image\/","url":"https:\/\/www.fiemg.com.br\/iel\/wp-content\/uploads\/sites\/13\/2023\/02\/IEL_branco.svg","contentUrl":"https:\/\/www.fiemg.com.br\/iel\/wp-content\/uploads\/sites\/13\/2023\/02\/IEL_branco.svg","width":103,"height":59,"caption":"IEL"},"image":{"@id":"https:\/\/www.fiemg.com.br\/iel\/#\/schema\/logo\/image\/"}}]}},"_links":{"self":[{"href":"https:\/\/www.fiemg.com.br\/iel\/wp-json\/wp\/v2\/noticias\/3209","targetHints":{"allow":["GET"]}}],"collection":[{"href":"https:\/\/www.fiemg.com.br\/iel\/wp-json\/wp\/v2\/noticias"}],"about":[{"href":"https:\/\/www.fiemg.com.br\/iel\/wp-json\/wp\/v2\/types\/noticias"}],"wp:featuredmedia":[{"embeddable":true,"href":"https:\/\/www.fiemg.com.br\/iel\/wp-json\/wp\/v2\/media\/3210"}],"wp:attachment":[{"href":"https:\/\/www.fiemg.com.br\/iel\/wp-json\/wp\/v2\/media?parent=3209"}],"wp:term":[{"taxonomy":"category","embeddable":true,"href":"https:\/\/www.fiemg.com.br\/iel\/wp-json\/wp\/v2\/categories?post=3209"},{"taxonomy":"post_tag","embeddable":true,"href":"https:\/\/www.fiemg.com.br\/iel\/wp-json\/wp\/v2\/tags?post=3209"}],"curies":[{"name":"wp","href":"https:\/\/api.w.org\/{rel}","templated":true}]}}