{"id":3263,"date":"2025-04-05T22:01:10","date_gmt":"2025-04-06T01:01:10","guid":{"rendered":"https:\/\/www.fiemg.com.br\/iel\/noticias\/hub-de-carreiras-experience-conecta-jovens-talentos-ao-mercado-de-trabalho\/"},"modified":"2025-04-07T15:17:26","modified_gmt":"2025-04-07T18:17:26","slug":"hub-de-carreiras-experience-conecta-jovens-talentos-ao-mercado-de-trabalho","status":"publish","type":"noticias","link":"https:\/\/www.fiemg.com.br\/iel\/noticias\/hub-de-carreiras-experience-conecta-jovens-talentos-ao-mercado-de-trabalho\/","title":{"rendered":"Hub de Carreiras Experience conecta jovens talentos ao mercado de trabalho"},"content":{"rendered":"\n<p>O Instituto Euvaldo Lodi (IEL) e a Federa\u00e7\u00e3o das Ind\u00fastrias do Estado de Minas Gerais (FIEMG) realizaram neste s\u00e1bado (5\/04) o Hub de Carreiras Experience, evento voltado \u00e0 capacita\u00e7\u00e3o e prospec\u00e7\u00e3o de jovens talentos interessados em impulsionar suas carreiras.<\/p>\n\n\n\n<p>A abertura foi conduzida pelo superintendente do IEL, Gustavo Macena, que destacou a import\u00e2ncia da forma\u00e7\u00e3o e qualifica\u00e7\u00e3o profissional em todos os setores da economia. \u201cA relev\u00e2ncia do evento est\u00e1 diretamente ligada a uma demanda comum a todos os segmentos da ind\u00fastria: a forma\u00e7\u00e3o de m\u00e3o de obra qualificada e sua inser\u00e7\u00e3o no mercado de trabalho. O Hub de Carreiras Experience congrega pessoas com a inten\u00e7\u00e3o de serem capacitadas para ingressarem no mercado de trabalho, pessoas j\u00e1 s\u00e3o e que querem se conectar com a ind\u00fastria na busca por sua primeira oportunidade &#8211; seja est\u00e1gio, seja emprego &#8211; e a troca de experi\u00eancias com palestrantes e com as entidades que nos apoiaram e estiveram presentes no evento\u201d, afirmou.<\/p>\n\n\n\n<p>Com um p\u00fablico formado por estudantes, estagi\u00e1rios e jovens profissionais, o evento contou com palestras e pain\u00e9is sobre trajet\u00f3rias profissionais, empreendedorismo e desenvolvimento de compet\u00eancias.<\/p>\n\n\n\n<p>Um dos destaques foi a palestra \u201cDe Office Boy a Empres\u00e1rio\u201d, ministrada pelo consultor, escritor e especialista em finan\u00e7as Diogo Dias Gon\u00e7alves. Ele compartilhou sua trajet\u00f3ria desde o primeiro emprego, aos 17 anos, como office boy em uma escola de ingl\u00eas, at\u00e9 alcan\u00e7ar o cargo de presidente da R\u00e1dio Itatiaia, a maior de Minas Gerais. \u201cDurante os tr\u00eas anos e meio em que estive na presid\u00eancia, triplicamos o faturamento da empresa. Transformamos uma gest\u00e3o familiar em uma estrutura profissional, com governan\u00e7a corporativa, novas \u00e1reas e sede mais tecnol\u00f3gica. Nos tornamos a r\u00e1dio mais ouvida do Brasil\u201d, ressaltou.<\/p>\n\n\n\n<p>Diogo tamb\u00e9m compartilhou a origem do seu projeto pessoal, \u201cDiogo e Sua Grana\u201d, que come\u00e7ou com palestras e consultorias gratuitas e hoje se consolidou como um neg\u00f3cio e um livro. \u201cTodo in\u00edcio no empreendedorismo deve come\u00e7ar de gra\u00e7a. Teste, entregue valor. Se tiver valor, o pre\u00e7o vir\u00e1 naturalmente. Foi assim que tudo come\u00e7ou para mim\u201d, contou.<\/p>\n\n\n\n<p>Outro momento marcante foi a fala de Igor Esp\u00edrito Santo, coordenador do hub de inova\u00e7\u00e3o aberta FIEMG Lab. Ele compartilhou sua jornada no ecossistema de startups e deu conselhos sobre prop\u00f3sito, cultura e \u00e9tica nos neg\u00f3cios. \u201cEmpreender come\u00e7a com um prop\u00f3sito de vida. Al\u00e9m disso, seus valores precisam ser inegoci\u00e1veis. E nunca esque\u00e7a de cultivar a melhor cultura poss\u00edvel no ambiente de trabalho \u2014 para voc\u00ea e para o seu time\u201d, afirmou. Ele tamb\u00e9m refor\u00e7ou a import\u00e2ncia de montar uma equipe forte, buscar capacita\u00e7\u00e3o constante e utilizar as ferramentas certas.<br><\/p>\n\n\n\n<figure class=\"wp-block-image aligncenter size-large\"><img fetchpriority=\"high\" decoding=\"async\" width=\"1024\" height=\"396\" src=\"https:\/\/www.fiemg.com.br\/iel\/wp-content\/uploads\/sites\/13\/2025\/04\/macena_interna-1024x396.jpeg\" alt=\"Hub de Carreiras Experience conecta jovens talentos ao mercado de trabalho\" class=\"wp-image-3265\" srcset=\"https:\/\/www.fiemg.com.br\/iel\/wp-content\/uploads\/sites\/13\/2025\/04\/macena_interna-1024x396.jpeg 1024w, https:\/\/www.fiemg.com.br\/iel\/wp-content\/uploads\/sites\/13\/2025\/04\/macena_interna-300x116.jpeg 300w, https:\/\/www.fiemg.com.br\/iel\/wp-content\/uploads\/sites\/13\/2025\/04\/macena_interna-768x297.jpeg 768w, https:\/\/www.fiemg.com.br\/iel\/wp-content\/uploads\/sites\/13\/2025\/04\/macena_interna.jpeg 1080w\" sizes=\"(max-width: 1024px) 100vw, 1024px\" \/><\/figure>\n\n\n\n<p>O evento contou ainda com um painel com representantes da universidade UNA e da sider\u00fargica Aperam, que discutiram o papel da educa\u00e7\u00e3o e da forma\u00e7\u00e3o profissional frente aos desafios e oportunidades do mercado atual. Um estagi\u00e1rio da Aperam compartilhou sua experi\u00eancia na empresa e ressaltou a import\u00e2ncia do est\u00e1gio como parte essencial da forma\u00e7\u00e3o profissional.<br><br><strong>Carreira, desafios, oportunidades e redes sociais<\/strong><\/p>\n\n\n\n<p>J\u00eaniffer Moreira, consultora de carreira, falou sobre a import\u00e2ncia de os jovens utilizarem assertivamente a Intelig\u00eancia Artificial e a tecnologia no mercado de trabalho, sobretudo em processos seletivos. Nesse contexto, J\u00eaniffer considera fundamental que os futuros profissionais tenham um perfil adequado no Linkedin em fun\u00e7\u00e3o das possibilidades que a ferramenta oferece, sobretudo em rela\u00e7\u00e3o \u00e0 visibilidade e adequa\u00e7\u00e3o de perfis \u00e0s vagas<\/p>\n\n\n\n<p>Para a consultora, o universo do trabalho vem mudando e a forma como as empresas recrutam os profissionais, tamb\u00e9m. A IA, segundo ela, tem sido cada vez mais utilizada por recrutadores para a capta\u00e7\u00e3o mais precisa, levando em conta as habilidades exigidas no preenchimento da vaga.<br>Por isso, J\u00eaniffer refor\u00e7ou \u201ca necessidade de os jovens usarem assertivamente a IA dispon\u00edvel no Linkedin para torn\u00e1-lo uma ferramenta de networking e contatos\u201d. Al\u00e9m disso, a palestrante citou \u201ca import\u00e2ncia de atualizar o perfil na rede social com atividades e cursos realizados de forma a deix\u00e1-lo mais chamativo para os recrutadores\u201d.<\/p>\n\n\n\n<p>Por fim, a consultora apontou que, em um mundo cada vez mais conectado e multifacetado, o trabalho remoto ganhou signific\u00e2ncia e a capacidade de adapta\u00e7\u00e3o do futuro profissional \u00e9 essencial para alcan\u00e7ar o sucesso.<\/p>\n\n\n\n<p>Outro assunto do semin\u00e1rio foi carreira no exterior, com a palestrante Ana Paula Soares, gerente de Rela\u00e7\u00f5es Corporativas e Talento da Skema Brasil. Ela falou sobre algumas habilidades importantes e como se preparar para as oportunidades internacionais, al\u00e9m dos desafios.<\/p>\n\n\n\n<p>Para Ana Paula, o mundo globalizado exige capacidade de adaptabilidade, networking, comunica\u00e7\u00e3o e aprendizagem de idiomas. Nesse sentido, as chamadas soft skills (compet\u00eancias subjetivas) s\u00e3o essenciais, incluindo resili\u00eancia, proatividade e trabalho em equipe. A prepara\u00e7\u00e3o para carreira internacional deve passar pelo o que ela classificou de \u201ceduca\u00e7\u00e3o global, interc\u00e2mbio, voluntariado, presen\u00e7a digital e mentoria\u201d, entre outros caminhos.<\/p>\n\n\n\n<p>\u201cEmpreendedorismo e carreira: o presente do futuro\u201d foi destacado por Luzia Xavier, psic\u00f3loga e professora da Escola Sebrae em Belo Horizonte. Segundo ela, o empreendedorismo n\u00e3o tem a ver obrigatoriamente com abertura de um neg\u00f3cio, mas um \u201cprojeto de vida\u201d, nas palavras, dela porque envolve autoconhecimento e carreira.<br><\/p>\n\n\n\n<figure class=\"wp-block-image aligncenter size-large\"><img decoding=\"async\" width=\"1024\" height=\"396\" src=\"https:\/\/www.fiemg.com.br\/iel\/wp-content\/uploads\/sites\/13\/2025\/04\/palestrante_interna-1024x396.jpeg\" alt=\"Hub de Carreiras Experience conecta jovens talentos ao mercado de trabalho\" class=\"wp-image-3264\" srcset=\"https:\/\/www.fiemg.com.br\/iel\/wp-content\/uploads\/sites\/13\/2025\/04\/palestrante_interna-1024x396.jpeg 1024w, https:\/\/www.fiemg.com.br\/iel\/wp-content\/uploads\/sites\/13\/2025\/04\/palestrante_interna-300x116.jpeg 300w, https:\/\/www.fiemg.com.br\/iel\/wp-content\/uploads\/sites\/13\/2025\/04\/palestrante_interna-768x297.jpeg 768w, https:\/\/www.fiemg.com.br\/iel\/wp-content\/uploads\/sites\/13\/2025\/04\/palestrante_interna.jpeg 1080w\" sizes=\"(max-width: 1024px) 100vw, 1024px\" \/><\/figure>\n\n\n\n<p>No primeiro ponto, conforme a psic\u00f3loga, \u201ca autoavalia\u00e7\u00e3o ajuda os adolescentes a identificar habilidades e \u00e1reas que precisam de melhoria, promovendo o crescimento pessoal. O autoconhecimento \u00e9 fundamental para tra\u00e7ar um projeto de vida que reflita as verdadeiras aspira\u00e7\u00f5es de cada um\u201d. Em rela\u00e7\u00e3o \u00e0 carreira, prosseguiu a professora, \u00e9 importante que os jovens compreendam interesses e habilidades na escolha daquilo que ir\u00e1 proporcionar satisfa\u00e7\u00e3o a longo prazo. \u201cA escolha da carreira tem um impacto significativo na qualidade de vida, influenciando aspectos sociais e emocionais\u201d, concluiu.<\/p>\n\n\n\n<p>O HUB de Carreiras Experience foi encerrado com um bate-papo com a influenciadora Danielle Diniz, que contou a sua trajet\u00f3ria profissional, especialmente depois que ela come\u00e7ou a produzir conte\u00fado nas redes sociais. Publicit\u00e1ria de forma\u00e7\u00e3o, Danielle cursou jornalismo at\u00e9 o sexto per\u00edodo, no entanto ela decidiu mudar os caminhos e investiu em outra gradua\u00e7\u00e3o que estivesse mais alinhada com os anseios dela. Com sete milh\u00f5es de seguidores no Instagram, sendo a maioria formada por mulheres, a influencer produz conte\u00fado para diferentes marcas e acredita que o conhecimento foi a base para alcan\u00e7ar os resultados.<\/p>\n\n\n\n<p>Antes, por\u00e9m, Danielle contou que fez um estudo acerca do mercado e da concorr\u00eancia para entender com quem ela deseja conversar. \u201cEu sempre quis falar para as pessoas, me posicionando. Eu comecei produzindo conte\u00fado para um p\u00fablico infantil e tive que me reinventar para atingir o p\u00fablico desejado. De forma natural e planejada, eu consegui mudar o meu conte\u00fado\u201d, explicou.<\/p>\n\n\n\n<p>Para quem deseja se lan\u00e7ar \u00e0s redes sociais e explorar comercialmente esse universo, a influenciadora digital entende que autenticidade, coragem e resili\u00eancia s\u00e3o atributos importantes para alcan\u00e7ar o reconhecimento. Por outro lado, Danielle disse tamb\u00e9m que a compara\u00e7\u00e3o \u00e9 natural em uma atmosfera virtual marcada pelo imediatismo e status, mas que ela deve ser evitada, tendo como aliado o autoconhecimento.<\/p>\n\n\n\n<p>O Hub de Carreiras Experience foi uma realiza\u00e7\u00e3o do Instituto Euvaldo Lodi (IEL), juntamente com a Federa\u00e7\u00e3o das Ind\u00fastrias do Estado de Minas Gerais (FIEMG), e teve o apoio da Escola Sebrae e da UNA.<br><br><em>Clique <a href=\"https:\/\/www.flickr.com\/photos\/sistemafiemg\/albums\/72177720324944573\/with\/54437211060\" target=\"_blank\" rel=\"noreferrer noopener\"><strong>aqui<\/strong><\/a> e veja mais fotos do evento<\/em><\/p>\n\n\n\n<figure class=\"wp-block-image aligncenter size-large\"><img decoding=\"async\" width=\"1024\" height=\"396\" src=\"https:\/\/www.fiemg.com.br\/iel\/wp-content\/uploads\/sites\/13\/2025\/04\/influencer_interna.jpg-1024x396.jpeg\" alt=\"Hub de Carreiras Experience conecta jovens talentos ao mercado de trabalho\" class=\"wp-image-3272\" srcset=\"https:\/\/www.fiemg.com.br\/iel\/wp-content\/uploads\/sites\/13\/2025\/04\/influencer_interna.jpg-1024x396.jpeg 1024w, https:\/\/www.fiemg.com.br\/iel\/wp-content\/uploads\/sites\/13\/2025\/04\/influencer_interna.jpg-300x116.jpeg 300w, https:\/\/www.fiemg.com.br\/iel\/wp-content\/uploads\/sites\/13\/2025\/04\/influencer_interna.jpg-768x297.jpeg 768w, https:\/\/www.fiemg.com.br\/iel\/wp-content\/uploads\/sites\/13\/2025\/04\/influencer_interna.jpg.jpeg 1080w\" sizes=\"(max-width: 1024px) 100vw, 1024px\" \/><\/figure>\n\n\n\n<p><br><em>Rafael Passos e Tha\u00eds Mota<br><\/em><strong>Imprensa FIEMG<\/strong><\/p>\n","protected":false},"featured_media":3266,"template":"","categories":[16],"tags":[91,327,97,328],"class_list":["post-3263","noticias","type-noticias","status-publish","has-post-thumbnail","hentry","category-educacao","tag-fiemg","tag-hub-de-carreiras","tag-iel","tag-profissao"],"acf":[],"yoast_head":"<!-- This site is optimized with the Yoast SEO plugin v26.2 - https:\/\/yoast.com\/wordpress\/plugins\/seo\/ -->\n<title>Hub de Carreiras Experience conecta jovens talentos ao mercado de trabalho - IEL<\/title>\n<meta name=\"robots\" content=\"index, follow, max-snippet:-1, max-image-preview:large, max-video-preview:-1\" \/>\n<link rel=\"canonical\" href=\"https:\/\/www.fiemg.com.br\/iel\/noticias\/hub-de-carreiras-experience-conecta-jovens-talentos-ao-mercado-de-trabalho\/\" \/>\n<meta property=\"og:locale\" content=\"pt_BR\" \/>\n<meta property=\"og:type\" content=\"article\" \/>\n<meta property=\"og:title\" content=\"Hub de Carreiras Experience conecta jovens talentos ao mercado de trabalho - IEL\" \/>\n<meta property=\"og:description\" content=\"O Instituto Euvaldo Lodi (IEL) e a Federa\u00e7\u00e3o das Ind\u00fastrias do Estado de Minas Gerais (FIEMG) realizaram neste s\u00e1bado (5\/04) o Hub de Carreiras Experience, evento voltado \u00e0 capacita\u00e7\u00e3o e prospec\u00e7\u00e3o de jovens talentos interessados em impulsionar suas carreiras. A abertura foi conduzida pelo superintendente do IEL, Gustavo Macena, que destacou a import\u00e2ncia da forma\u00e7\u00e3o [&hellip;]\" \/>\n<meta property=\"og:url\" content=\"https:\/\/www.fiemg.com.br\/iel\/noticias\/hub-de-carreiras-experience-conecta-jovens-talentos-ao-mercado-de-trabalho\/\" \/>\n<meta property=\"og:site_name\" content=\"IEL\" \/>\n<meta property=\"article:modified_time\" content=\"2025-04-07T18:17:26+00:00\" \/>\n<meta property=\"og:image\" content=\"https:\/\/www.fiemg.com.br\/iel\/wp-content\/uploads\/sites\/13\/2025\/04\/diogo_thumb.jpeg\" \/>\n\t<meta property=\"og:image:width\" content=\"512\" \/>\n\t<meta property=\"og:image:height\" content=\"512\" \/>\n\t<meta property=\"og:image:type\" content=\"image\/jpeg\" \/>\n<meta name=\"twitter:card\" content=\"summary_large_image\" \/>\n<meta name=\"twitter:label1\" content=\"Est. tempo de leitura\" \/>\n\t<meta name=\"twitter:data1\" content=\"8 minutos\" \/>\n<script type=\"application\/ld+json\" class=\"yoast-schema-graph\">{\"@context\":\"https:\/\/schema.org\",\"@graph\":[{\"@type\":\"WebPage\",\"@id\":\"https:\/\/www.fiemg.com.br\/iel\/noticias\/hub-de-carreiras-experience-conecta-jovens-talentos-ao-mercado-de-trabalho\/\",\"url\":\"https:\/\/www.fiemg.com.br\/iel\/noticias\/hub-de-carreiras-experience-conecta-jovens-talentos-ao-mercado-de-trabalho\/\",\"name\":\"Hub de Carreiras Experience conecta jovens talentos ao mercado de trabalho - IEL\",\"isPartOf\":{\"@id\":\"https:\/\/www.fiemg.com.br\/iel\/#website\"},\"primaryImageOfPage\":{\"@id\":\"https:\/\/www.fiemg.com.br\/iel\/noticias\/hub-de-carreiras-experience-conecta-jovens-talentos-ao-mercado-de-trabalho\/#primaryimage\"},\"image\":{\"@id\":\"https:\/\/www.fiemg.com.br\/iel\/noticias\/hub-de-carreiras-experience-conecta-jovens-talentos-ao-mercado-de-trabalho\/#primaryimage\"},\"thumbnailUrl\":\"https:\/\/www.fiemg.com.br\/iel\/wp-content\/uploads\/sites\/13\/2025\/04\/diogo_thumb.jpeg\",\"datePublished\":\"2025-04-06T01:01:10+00:00\",\"dateModified\":\"2025-04-07T18:17:26+00:00\",\"breadcrumb\":{\"@id\":\"https:\/\/www.fiemg.com.br\/iel\/noticias\/hub-de-carreiras-experience-conecta-jovens-talentos-ao-mercado-de-trabalho\/#breadcrumb\"},\"inLanguage\":\"pt-BR\",\"potentialAction\":[{\"@type\":\"ReadAction\",\"target\":[\"https:\/\/www.fiemg.com.br\/iel\/noticias\/hub-de-carreiras-experience-conecta-jovens-talentos-ao-mercado-de-trabalho\/\"]}]},{\"@type\":\"ImageObject\",\"inLanguage\":\"pt-BR\",\"@id\":\"https:\/\/www.fiemg.com.br\/iel\/noticias\/hub-de-carreiras-experience-conecta-jovens-talentos-ao-mercado-de-trabalho\/#primaryimage\",\"url\":\"https:\/\/www.fiemg.com.br\/iel\/wp-content\/uploads\/sites\/13\/2025\/04\/diogo_thumb.jpeg\",\"contentUrl\":\"https:\/\/www.fiemg.com.br\/iel\/wp-content\/uploads\/sites\/13\/2025\/04\/diogo_thumb.jpeg\",\"width\":512,\"height\":512,\"caption\":\"Hub de Carreiras Experience conecta jovens talentos ao mercado de trabalho\"},{\"@type\":\"BreadcrumbList\",\"@id\":\"https:\/\/www.fiemg.com.br\/iel\/noticias\/hub-de-carreiras-experience-conecta-jovens-talentos-ao-mercado-de-trabalho\/#breadcrumb\",\"itemListElement\":[{\"@type\":\"ListItem\",\"position\":1,\"name\":\"In\u00edcio\",\"item\":\"https:\/\/www.fiemg.com.br\/iel\/\"},{\"@type\":\"ListItem\",\"position\":2,\"name\":\"Hub de Carreiras Experience conecta jovens talentos ao mercado de trabalho\"}]},{\"@type\":\"WebSite\",\"@id\":\"https:\/\/www.fiemg.com.br\/iel\/#website\",\"url\":\"https:\/\/www.fiemg.com.br\/iel\/\",\"name\":\"IEL\",\"description\":\"Federa\u00e7\u00e3o das Ind\u00fastrias do Estado de Minas Gerais\",\"publisher\":{\"@id\":\"https:\/\/www.fiemg.com.br\/iel\/#organization\"},\"potentialAction\":[{\"@type\":\"SearchAction\",\"target\":{\"@type\":\"EntryPoint\",\"urlTemplate\":\"https:\/\/www.fiemg.com.br\/iel\/?s={search_term_string}\"},\"query-input\":{\"@type\":\"PropertyValueSpecification\",\"valueRequired\":true,\"valueName\":\"search_term_string\"}}],\"inLanguage\":\"pt-BR\"},{\"@type\":\"Organization\",\"@id\":\"https:\/\/www.fiemg.com.br\/iel\/#organization\",\"name\":\"IEL\",\"url\":\"https:\/\/www.fiemg.com.br\/iel\/\",\"logo\":{\"@type\":\"ImageObject\",\"inLanguage\":\"pt-BR\",\"@id\":\"https:\/\/www.fiemg.com.br\/iel\/#\/schema\/logo\/image\/\",\"url\":\"https:\/\/www.fiemg.com.br\/iel\/wp-content\/uploads\/sites\/13\/2023\/02\/IEL_branco.svg\",\"contentUrl\":\"https:\/\/www.fiemg.com.br\/iel\/wp-content\/uploads\/sites\/13\/2023\/02\/IEL_branco.svg\",\"width\":103,\"height\":59,\"caption\":\"IEL\"},\"image\":{\"@id\":\"https:\/\/www.fiemg.com.br\/iel\/#\/schema\/logo\/image\/\"}}]}<\/script>\n<!-- \/ Yoast SEO plugin. -->","yoast_head_json":{"title":"Hub de Carreiras Experience conecta jovens talentos ao mercado de trabalho - IEL","robots":{"index":"index","follow":"follow","max-snippet":"max-snippet:-1","max-image-preview":"max-image-preview:large","max-video-preview":"max-video-preview:-1"},"canonical":"https:\/\/www.fiemg.com.br\/iel\/noticias\/hub-de-carreiras-experience-conecta-jovens-talentos-ao-mercado-de-trabalho\/","og_locale":"pt_BR","og_type":"article","og_title":"Hub de Carreiras Experience conecta jovens talentos ao mercado de trabalho - IEL","og_description":"O Instituto Euvaldo Lodi (IEL) e a Federa\u00e7\u00e3o das Ind\u00fastrias do Estado de Minas Gerais (FIEMG) realizaram neste s\u00e1bado (5\/04) o Hub de Carreiras Experience, evento voltado \u00e0 capacita\u00e7\u00e3o e prospec\u00e7\u00e3o de jovens talentos interessados em impulsionar suas carreiras. A abertura foi conduzida pelo superintendente do IEL, Gustavo Macena, que destacou a import\u00e2ncia da forma\u00e7\u00e3o [&hellip;]","og_url":"https:\/\/www.fiemg.com.br\/iel\/noticias\/hub-de-carreiras-experience-conecta-jovens-talentos-ao-mercado-de-trabalho\/","og_site_name":"IEL","article_modified_time":"2025-04-07T18:17:26+00:00","og_image":[{"width":512,"height":512,"url":"https:\/\/www.fiemg.com.br\/iel\/wp-content\/uploads\/sites\/13\/2025\/04\/diogo_thumb.jpeg","type":"image\/jpeg"}],"twitter_card":"summary_large_image","twitter_misc":{"Est. tempo de leitura":"8 minutos"},"schema":{"@context":"https:\/\/schema.org","@graph":[{"@type":"WebPage","@id":"https:\/\/www.fiemg.com.br\/iel\/noticias\/hub-de-carreiras-experience-conecta-jovens-talentos-ao-mercado-de-trabalho\/","url":"https:\/\/www.fiemg.com.br\/iel\/noticias\/hub-de-carreiras-experience-conecta-jovens-talentos-ao-mercado-de-trabalho\/","name":"Hub de Carreiras Experience conecta jovens talentos ao mercado de trabalho - IEL","isPartOf":{"@id":"https:\/\/www.fiemg.com.br\/iel\/#website"},"primaryImageOfPage":{"@id":"https:\/\/www.fiemg.com.br\/iel\/noticias\/hub-de-carreiras-experience-conecta-jovens-talentos-ao-mercado-de-trabalho\/#primaryimage"},"image":{"@id":"https:\/\/www.fiemg.com.br\/iel\/noticias\/hub-de-carreiras-experience-conecta-jovens-talentos-ao-mercado-de-trabalho\/#primaryimage"},"thumbnailUrl":"https:\/\/www.fiemg.com.br\/iel\/wp-content\/uploads\/sites\/13\/2025\/04\/diogo_thumb.jpeg","datePublished":"2025-04-06T01:01:10+00:00","dateModified":"2025-04-07T18:17:26+00:00","breadcrumb":{"@id":"https:\/\/www.fiemg.com.br\/iel\/noticias\/hub-de-carreiras-experience-conecta-jovens-talentos-ao-mercado-de-trabalho\/#breadcrumb"},"inLanguage":"pt-BR","potentialAction":[{"@type":"ReadAction","target":["https:\/\/www.fiemg.com.br\/iel\/noticias\/hub-de-carreiras-experience-conecta-jovens-talentos-ao-mercado-de-trabalho\/"]}]},{"@type":"ImageObject","inLanguage":"pt-BR","@id":"https:\/\/www.fiemg.com.br\/iel\/noticias\/hub-de-carreiras-experience-conecta-jovens-talentos-ao-mercado-de-trabalho\/#primaryimage","url":"https:\/\/www.fiemg.com.br\/iel\/wp-content\/uploads\/sites\/13\/2025\/04\/diogo_thumb.jpeg","contentUrl":"https:\/\/www.fiemg.com.br\/iel\/wp-content\/uploads\/sites\/13\/2025\/04\/diogo_thumb.jpeg","width":512,"height":512,"caption":"Hub de Carreiras Experience conecta jovens talentos ao mercado de trabalho"},{"@type":"BreadcrumbList","@id":"https:\/\/www.fiemg.com.br\/iel\/noticias\/hub-de-carreiras-experience-conecta-jovens-talentos-ao-mercado-de-trabalho\/#breadcrumb","itemListElement":[{"@type":"ListItem","position":1,"name":"In\u00edcio","item":"https:\/\/www.fiemg.com.br\/iel\/"},{"@type":"ListItem","position":2,"name":"Hub de Carreiras Experience conecta jovens talentos ao mercado de trabalho"}]},{"@type":"WebSite","@id":"https:\/\/www.fiemg.com.br\/iel\/#website","url":"https:\/\/www.fiemg.com.br\/iel\/","name":"IEL","description":"Federa\u00e7\u00e3o das Ind\u00fastrias do Estado de Minas Gerais","publisher":{"@id":"https:\/\/www.fiemg.com.br\/iel\/#organization"},"potentialAction":[{"@type":"SearchAction","target":{"@type":"EntryPoint","urlTemplate":"https:\/\/www.fiemg.com.br\/iel\/?s={search_term_string}"},"query-input":{"@type":"PropertyValueSpecification","valueRequired":true,"valueName":"search_term_string"}}],"inLanguage":"pt-BR"},{"@type":"Organization","@id":"https:\/\/www.fiemg.com.br\/iel\/#organization","name":"IEL","url":"https:\/\/www.fiemg.com.br\/iel\/","logo":{"@type":"ImageObject","inLanguage":"pt-BR","@id":"https:\/\/www.fiemg.com.br\/iel\/#\/schema\/logo\/image\/","url":"https:\/\/www.fiemg.com.br\/iel\/wp-content\/uploads\/sites\/13\/2023\/02\/IEL_branco.svg","contentUrl":"https:\/\/www.fiemg.com.br\/iel\/wp-content\/uploads\/sites\/13\/2023\/02\/IEL_branco.svg","width":103,"height":59,"caption":"IEL"},"image":{"@id":"https:\/\/www.fiemg.com.br\/iel\/#\/schema\/logo\/image\/"}}]}},"_links":{"self":[{"href":"https:\/\/www.fiemg.com.br\/iel\/wp-json\/wp\/v2\/noticias\/3263","targetHints":{"allow":["GET"]}}],"collection":[{"href":"https:\/\/www.fiemg.com.br\/iel\/wp-json\/wp\/v2\/noticias"}],"about":[{"href":"https:\/\/www.fiemg.com.br\/iel\/wp-json\/wp\/v2\/types\/noticias"}],"wp:featuredmedia":[{"embeddable":true,"href":"https:\/\/www.fiemg.com.br\/iel\/wp-json\/wp\/v2\/media\/3266"}],"wp:attachment":[{"href":"https:\/\/www.fiemg.com.br\/iel\/wp-json\/wp\/v2\/media?parent=3263"}],"wp:term":[{"taxonomy":"category","embeddable":true,"href":"https:\/\/www.fiemg.com.br\/iel\/wp-json\/wp\/v2\/categories?post=3263"},{"taxonomy":"post_tag","embeddable":true,"href":"https:\/\/www.fiemg.com.br\/iel\/wp-json\/wp\/v2\/tags?post=3263"}],"curies":[{"name":"wp","href":"https:\/\/api.w.org\/{rel}","templated":true}]}}