{"id":3371,"date":"2025-05-07T16:56:20","date_gmt":"2025-05-07T19:56:20","guid":{"rendered":"https:\/\/www.fiemg.com.br\/iel\/noticias\/iel-apresenta-a-empresas-projeto-de-inovacao-sustentabilidade-e-conexoes-estrategicas\/"},"modified":"2025-05-07T16:56:26","modified_gmt":"2025-05-07T19:56:26","slug":"iel-apresenta-a-empresas-projeto-de-inovacao-sustentabilidade-e-conexoes-estrategicas","status":"publish","type":"noticias","link":"https:\/\/www.fiemg.com.br\/iel\/noticias\/iel-apresenta-a-empresas-projeto-de-inovacao-sustentabilidade-e-conexoes-estrategicas\/","title":{"rendered":"IEL apresenta a empresas projeto de inova\u00e7\u00e3o, sustentabilidade e conex\u00f5es estrat\u00e9gicas"},"content":{"rendered":"\n<p>O Instituto Euvaldo Lodi (IEL) promoveu, em 29 de abril, no SENAI 4.0, em Contagem, na Regi\u00e3o Metropolitana de Belo Horizonte, um encontro com a participa\u00e7\u00e3o de representantes de 13 empresas de diferentes setores da Grande BH, visando parcerias que geram valor para o neg\u00f3cio e para a sociedade. No evento foi apresentado aos participantes o projeto Olimpa, que faz um convite para as ind\u00fastrias atuarem diretamente nos territ\u00f3rios onde est\u00e3o inseridas por meio de a\u00e7\u00f5es socioambientais, esportivas e educativas.<\/p>\n\n\n\n<p>Segundo a coordenadora de Sustentabilidade do IEL, Kamila Vilela, todas as empresas participantes do Olimpa ter\u00e3o acesso a uma capacita\u00e7\u00e3o ESG online e gratuita para seus colaboradores. &#8220;O conte\u00fado \u00e9 pr\u00e1tico, acess\u00edvel e atualizado, com foco na aplica\u00e7\u00e3o real dos princ\u00edpios ESG no cotidiano das empresas e com direito a certificado&#8221;, destaca Kamila. Al\u00e9m de estar integrado \u00e0s pr\u00e1ticas ESG, o Olimpa atende \u00e0s crescentes demandas do setor industrial por pr\u00e1ticas sustent\u00e1veis.<\/p>\n\n\n\n<p>Para Winicius Oliveira Freitas, coordenador de vendas da FIEMG, a realiza\u00e7\u00e3o do evento, que teve a parceria do SESI e SENAI, refor\u00e7a o compromisso da Federa\u00e7\u00e3o com a promo\u00e7\u00e3o da sustentabilidade e responsabilidade socioambiental nas empresas. \u201cReunimos diversas ind\u00fastrias da regi\u00e3o em uma experi\u00eancia \u00fanica, que certamente despertou reflex\u00f5es e interesse por pr\u00e1ticas mais sustent\u00e1veis, especialmente no programa Olimpa. Foi uma excelente oportunidade de conex\u00e3o entre as empresas, com foco em uma a\u00e7\u00e3o colaborativa de impacto real para a nossa regi\u00e3o\u201d, acrescentou.<\/p>\n\n\n\n<p>A programa\u00e7\u00e3o do encontro foi intensa e, al\u00e9m da apresenta\u00e7\u00e3o do Olimpa, teve palestra sobre transforma\u00e7\u00e3o digital na ind\u00fastria Transforma\u00e7\u00e3o Digital na Ind\u00fastria e visita guiada pela SENAI 4.0. O projeto est\u00e1 previsto para ser realizado nas regi\u00f5es Norte, Sul e Centro-Oeste de Minas.<\/p>\n\n\n\n<p>No evento foi apresentado aos empres\u00e1rios a Alian\u00e7a Ambiental Estrat\u00e9gica, uma parceria entre o IEL e a Secretaria de Estado de Meio Ambiente e Desenvolvimento Sustent\u00e1vel (Semad), que reconhece empresas engajadas em a\u00e7\u00f5es socioambientais volunt\u00e1rias em Minas Gerais, por meio do Selo Sustentabilidade Alian\u00e7a Ambiental, da qual o Olimpa faz parte.<\/p>\n\n\n\n<p>&#8220;O Olimpa est\u00e1 proporcionando \u00e0s empresas a oportunidade de adquirir um produto ESG de alta qualidade, que integra esporte e sustentabilidade, promove uma competi\u00e7\u00e3o saud\u00e1vel entre elas e fortalece a articula\u00e7\u00e3o com institui\u00e7\u00f5es p\u00fablicas. Queremos reconhec\u00ea-las por esses esfor\u00e7os que v\u00e3o al\u00e9m das obriga\u00e7\u00f5es legais, por meio do Selo Alian\u00e7a Ambiental Estrat\u00e9gica&#8221;, disse Lucas de Freitas Santos Gon\u00e7alves, assessor da Superintend\u00eancia de Gest\u00e3o Territorial Ambiental e Instrumentos Econ\u00f4micos da Semad.<br><br><strong>Imprensa FIEMG<\/strong><\/p>\n","protected":false},"featured_media":3372,"template":"","categories":[15],"tags":[332,97,333,257],"class_list":["post-3371","noticias","type-noticias","status-publish","has-post-thumbnail","hentry","category-desenvolvimento-industrial","tag-empresas","tag-iel","tag-projeto-olimpa","tag-sustentabilidade"],"acf":[],"yoast_head":"<!-- This site is optimized with the Yoast SEO plugin v26.2 - https:\/\/yoast.com\/wordpress\/plugins\/seo\/ -->\n<title>IEL apresenta a empresas projeto de inova\u00e7\u00e3o, sustentabilidade e conex\u00f5es estrat\u00e9gicas - IEL<\/title>\n<meta name=\"description\" content=\"Chamada de Olimpa, iniciativa fomenta ind\u00fastrias a atuarem nos territ\u00f3rios onde est\u00e3o inseridas por meio de a\u00e7\u00f5es socioambientais\" \/>\n<meta name=\"robots\" content=\"index, follow, max-snippet:-1, max-image-preview:large, max-video-preview:-1\" \/>\n<link rel=\"canonical\" href=\"https:\/\/www.fiemg.com.br\/iel\/noticias\/iel-apresenta-a-empresas-projeto-de-inovacao-sustentabilidade-e-conexoes-estrategicas\/\" \/>\n<meta property=\"og:locale\" content=\"pt_BR\" \/>\n<meta property=\"og:type\" content=\"article\" \/>\n<meta property=\"og:title\" content=\"IEL apresenta a empresas projeto de inova\u00e7\u00e3o, sustentabilidade e conex\u00f5es estrat\u00e9gicas - IEL\" \/>\n<meta property=\"og:description\" content=\"Chamada de Olimpa, iniciativa fomenta ind\u00fastrias a atuarem nos territ\u00f3rios onde est\u00e3o inseridas por meio de a\u00e7\u00f5es socioambientais\" \/>\n<meta property=\"og:url\" content=\"https:\/\/www.fiemg.com.br\/iel\/noticias\/iel-apresenta-a-empresas-projeto-de-inovacao-sustentabilidade-e-conexoes-estrategicas\/\" \/>\n<meta property=\"og:site_name\" content=\"IEL\" \/>\n<meta property=\"article:modified_time\" content=\"2025-05-07T19:56:26+00:00\" \/>\n<meta property=\"og:image\" content=\"https:\/\/www.fiemg.com.br\/iel\/wp-content\/uploads\/sites\/13\/2025\/05\/projeto_olimpa_thumb.jpeg\" \/>\n\t<meta property=\"og:image:width\" content=\"512\" \/>\n\t<meta property=\"og:image:height\" content=\"512\" \/>\n\t<meta property=\"og:image:type\" content=\"image\/jpeg\" \/>\n<meta name=\"twitter:card\" content=\"summary_large_image\" \/>\n<meta name=\"twitter:label1\" content=\"Est. tempo de leitura\" \/>\n\t<meta name=\"twitter:data1\" content=\"3 minutos\" \/>\n<script type=\"application\/ld+json\" class=\"yoast-schema-graph\">{\"@context\":\"https:\/\/schema.org\",\"@graph\":[{\"@type\":\"WebPage\",\"@id\":\"https:\/\/www.fiemg.com.br\/iel\/noticias\/iel-apresenta-a-empresas-projeto-de-inovacao-sustentabilidade-e-conexoes-estrategicas\/\",\"url\":\"https:\/\/www.fiemg.com.br\/iel\/noticias\/iel-apresenta-a-empresas-projeto-de-inovacao-sustentabilidade-e-conexoes-estrategicas\/\",\"name\":\"IEL apresenta a empresas projeto de inova\u00e7\u00e3o, sustentabilidade e conex\u00f5es estrat\u00e9gicas - IEL\",\"isPartOf\":{\"@id\":\"https:\/\/www.fiemg.com.br\/iel\/#website\"},\"primaryImageOfPage\":{\"@id\":\"https:\/\/www.fiemg.com.br\/iel\/noticias\/iel-apresenta-a-empresas-projeto-de-inovacao-sustentabilidade-e-conexoes-estrategicas\/#primaryimage\"},\"image\":{\"@id\":\"https:\/\/www.fiemg.com.br\/iel\/noticias\/iel-apresenta-a-empresas-projeto-de-inovacao-sustentabilidade-e-conexoes-estrategicas\/#primaryimage\"},\"thumbnailUrl\":\"https:\/\/www.fiemg.com.br\/iel\/wp-content\/uploads\/sites\/13\/2025\/05\/projeto_olimpa_thumb.jpeg\",\"datePublished\":\"2025-05-07T19:56:20+00:00\",\"dateModified\":\"2025-05-07T19:56:26+00:00\",\"description\":\"Chamada de Olimpa, iniciativa fomenta ind\u00fastrias a atuarem nos territ\u00f3rios onde est\u00e3o inseridas por meio de a\u00e7\u00f5es socioambientais\",\"breadcrumb\":{\"@id\":\"https:\/\/www.fiemg.com.br\/iel\/noticias\/iel-apresenta-a-empresas-projeto-de-inovacao-sustentabilidade-e-conexoes-estrategicas\/#breadcrumb\"},\"inLanguage\":\"pt-BR\",\"potentialAction\":[{\"@type\":\"ReadAction\",\"target\":[\"https:\/\/www.fiemg.com.br\/iel\/noticias\/iel-apresenta-a-empresas-projeto-de-inovacao-sustentabilidade-e-conexoes-estrategicas\/\"]}]},{\"@type\":\"ImageObject\",\"inLanguage\":\"pt-BR\",\"@id\":\"https:\/\/www.fiemg.com.br\/iel\/noticias\/iel-apresenta-a-empresas-projeto-de-inovacao-sustentabilidade-e-conexoes-estrategicas\/#primaryimage\",\"url\":\"https:\/\/www.fiemg.com.br\/iel\/wp-content\/uploads\/sites\/13\/2025\/05\/projeto_olimpa_thumb.jpeg\",\"contentUrl\":\"https:\/\/www.fiemg.com.br\/iel\/wp-content\/uploads\/sites\/13\/2025\/05\/projeto_olimpa_thumb.jpeg\",\"width\":512,\"height\":512,\"caption\":\"IEL apresenta a empresas projeto de inova\u00e7\u00e3o, sustentabilidade e conex\u00f5es estrat\u00e9gicas\"},{\"@type\":\"BreadcrumbList\",\"@id\":\"https:\/\/www.fiemg.com.br\/iel\/noticias\/iel-apresenta-a-empresas-projeto-de-inovacao-sustentabilidade-e-conexoes-estrategicas\/#breadcrumb\",\"itemListElement\":[{\"@type\":\"ListItem\",\"position\":1,\"name\":\"In\u00edcio\",\"item\":\"https:\/\/www.fiemg.com.br\/iel\/\"},{\"@type\":\"ListItem\",\"position\":2,\"name\":\"IEL apresenta a empresas projeto de inova\u00e7\u00e3o, sustentabilidade e conex\u00f5es estrat\u00e9gicas\"}]},{\"@type\":\"WebSite\",\"@id\":\"https:\/\/www.fiemg.com.br\/iel\/#website\",\"url\":\"https:\/\/www.fiemg.com.br\/iel\/\",\"name\":\"IEL\",\"description\":\"Federa\u00e7\u00e3o das Ind\u00fastrias do Estado de Minas Gerais\",\"publisher\":{\"@id\":\"https:\/\/www.fiemg.com.br\/iel\/#organization\"},\"potentialAction\":[{\"@type\":\"SearchAction\",\"target\":{\"@type\":\"EntryPoint\",\"urlTemplate\":\"https:\/\/www.fiemg.com.br\/iel\/?s={search_term_string}\"},\"query-input\":{\"@type\":\"PropertyValueSpecification\",\"valueRequired\":true,\"valueName\":\"search_term_string\"}}],\"inLanguage\":\"pt-BR\"},{\"@type\":\"Organization\",\"@id\":\"https:\/\/www.fiemg.com.br\/iel\/#organization\",\"name\":\"IEL\",\"url\":\"https:\/\/www.fiemg.com.br\/iel\/\",\"logo\":{\"@type\":\"ImageObject\",\"inLanguage\":\"pt-BR\",\"@id\":\"https:\/\/www.fiemg.com.br\/iel\/#\/schema\/logo\/image\/\",\"url\":\"https:\/\/www.fiemg.com.br\/iel\/wp-content\/uploads\/sites\/13\/2023\/02\/IEL_branco.svg\",\"contentUrl\":\"https:\/\/www.fiemg.com.br\/iel\/wp-content\/uploads\/sites\/13\/2023\/02\/IEL_branco.svg\",\"width\":103,\"height\":59,\"caption\":\"IEL\"},\"image\":{\"@id\":\"https:\/\/www.fiemg.com.br\/iel\/#\/schema\/logo\/image\/\"}}]}<\/script>\n<!-- \/ Yoast SEO plugin. -->","yoast_head_json":{"title":"IEL apresenta a empresas projeto de inova\u00e7\u00e3o, sustentabilidade e conex\u00f5es estrat\u00e9gicas - IEL","description":"Chamada de Olimpa, iniciativa fomenta ind\u00fastrias a atuarem nos territ\u00f3rios onde est\u00e3o inseridas por meio de a\u00e7\u00f5es socioambientais","robots":{"index":"index","follow":"follow","max-snippet":"max-snippet:-1","max-image-preview":"max-image-preview:large","max-video-preview":"max-video-preview:-1"},"canonical":"https:\/\/www.fiemg.com.br\/iel\/noticias\/iel-apresenta-a-empresas-projeto-de-inovacao-sustentabilidade-e-conexoes-estrategicas\/","og_locale":"pt_BR","og_type":"article","og_title":"IEL apresenta a empresas projeto de inova\u00e7\u00e3o, sustentabilidade e conex\u00f5es estrat\u00e9gicas - IEL","og_description":"Chamada de Olimpa, iniciativa fomenta ind\u00fastrias a atuarem nos territ\u00f3rios onde est\u00e3o inseridas por meio de a\u00e7\u00f5es socioambientais","og_url":"https:\/\/www.fiemg.com.br\/iel\/noticias\/iel-apresenta-a-empresas-projeto-de-inovacao-sustentabilidade-e-conexoes-estrategicas\/","og_site_name":"IEL","article_modified_time":"2025-05-07T19:56:26+00:00","og_image":[{"width":512,"height":512,"url":"https:\/\/www.fiemg.com.br\/iel\/wp-content\/uploads\/sites\/13\/2025\/05\/projeto_olimpa_thumb.jpeg","type":"image\/jpeg"}],"twitter_card":"summary_large_image","twitter_misc":{"Est. tempo de leitura":"3 minutos"},"schema":{"@context":"https:\/\/schema.org","@graph":[{"@type":"WebPage","@id":"https:\/\/www.fiemg.com.br\/iel\/noticias\/iel-apresenta-a-empresas-projeto-de-inovacao-sustentabilidade-e-conexoes-estrategicas\/","url":"https:\/\/www.fiemg.com.br\/iel\/noticias\/iel-apresenta-a-empresas-projeto-de-inovacao-sustentabilidade-e-conexoes-estrategicas\/","name":"IEL apresenta a empresas projeto de inova\u00e7\u00e3o, sustentabilidade e conex\u00f5es estrat\u00e9gicas - IEL","isPartOf":{"@id":"https:\/\/www.fiemg.com.br\/iel\/#website"},"primaryImageOfPage":{"@id":"https:\/\/www.fiemg.com.br\/iel\/noticias\/iel-apresenta-a-empresas-projeto-de-inovacao-sustentabilidade-e-conexoes-estrategicas\/#primaryimage"},"image":{"@id":"https:\/\/www.fiemg.com.br\/iel\/noticias\/iel-apresenta-a-empresas-projeto-de-inovacao-sustentabilidade-e-conexoes-estrategicas\/#primaryimage"},"thumbnailUrl":"https:\/\/www.fiemg.com.br\/iel\/wp-content\/uploads\/sites\/13\/2025\/05\/projeto_olimpa_thumb.jpeg","datePublished":"2025-05-07T19:56:20+00:00","dateModified":"2025-05-07T19:56:26+00:00","description":"Chamada de Olimpa, iniciativa fomenta ind\u00fastrias a atuarem nos territ\u00f3rios onde est\u00e3o inseridas por meio de a\u00e7\u00f5es socioambientais","breadcrumb":{"@id":"https:\/\/www.fiemg.com.br\/iel\/noticias\/iel-apresenta-a-empresas-projeto-de-inovacao-sustentabilidade-e-conexoes-estrategicas\/#breadcrumb"},"inLanguage":"pt-BR","potentialAction":[{"@type":"ReadAction","target":["https:\/\/www.fiemg.com.br\/iel\/noticias\/iel-apresenta-a-empresas-projeto-de-inovacao-sustentabilidade-e-conexoes-estrategicas\/"]}]},{"@type":"ImageObject","inLanguage":"pt-BR","@id":"https:\/\/www.fiemg.com.br\/iel\/noticias\/iel-apresenta-a-empresas-projeto-de-inovacao-sustentabilidade-e-conexoes-estrategicas\/#primaryimage","url":"https:\/\/www.fiemg.com.br\/iel\/wp-content\/uploads\/sites\/13\/2025\/05\/projeto_olimpa_thumb.jpeg","contentUrl":"https:\/\/www.fiemg.com.br\/iel\/wp-content\/uploads\/sites\/13\/2025\/05\/projeto_olimpa_thumb.jpeg","width":512,"height":512,"caption":"IEL apresenta a empresas projeto de inova\u00e7\u00e3o, sustentabilidade e conex\u00f5es estrat\u00e9gicas"},{"@type":"BreadcrumbList","@id":"https:\/\/www.fiemg.com.br\/iel\/noticias\/iel-apresenta-a-empresas-projeto-de-inovacao-sustentabilidade-e-conexoes-estrategicas\/#breadcrumb","itemListElement":[{"@type":"ListItem","position":1,"name":"In\u00edcio","item":"https:\/\/www.fiemg.com.br\/iel\/"},{"@type":"ListItem","position":2,"name":"IEL apresenta a empresas projeto de inova\u00e7\u00e3o, sustentabilidade e conex\u00f5es estrat\u00e9gicas"}]},{"@type":"WebSite","@id":"https:\/\/www.fiemg.com.br\/iel\/#website","url":"https:\/\/www.fiemg.com.br\/iel\/","name":"IEL","description":"Federa\u00e7\u00e3o das Ind\u00fastrias do Estado de Minas Gerais","publisher":{"@id":"https:\/\/www.fiemg.com.br\/iel\/#organization"},"potentialAction":[{"@type":"SearchAction","target":{"@type":"EntryPoint","urlTemplate":"https:\/\/www.fiemg.com.br\/iel\/?s={search_term_string}"},"query-input":{"@type":"PropertyValueSpecification","valueRequired":true,"valueName":"search_term_string"}}],"inLanguage":"pt-BR"},{"@type":"Organization","@id":"https:\/\/www.fiemg.com.br\/iel\/#organization","name":"IEL","url":"https:\/\/www.fiemg.com.br\/iel\/","logo":{"@type":"ImageObject","inLanguage":"pt-BR","@id":"https:\/\/www.fiemg.com.br\/iel\/#\/schema\/logo\/image\/","url":"https:\/\/www.fiemg.com.br\/iel\/wp-content\/uploads\/sites\/13\/2023\/02\/IEL_branco.svg","contentUrl":"https:\/\/www.fiemg.com.br\/iel\/wp-content\/uploads\/sites\/13\/2023\/02\/IEL_branco.svg","width":103,"height":59,"caption":"IEL"},"image":{"@id":"https:\/\/www.fiemg.com.br\/iel\/#\/schema\/logo\/image\/"}}]}},"_links":{"self":[{"href":"https:\/\/www.fiemg.com.br\/iel\/wp-json\/wp\/v2\/noticias\/3371","targetHints":{"allow":["GET"]}}],"collection":[{"href":"https:\/\/www.fiemg.com.br\/iel\/wp-json\/wp\/v2\/noticias"}],"about":[{"href":"https:\/\/www.fiemg.com.br\/iel\/wp-json\/wp\/v2\/types\/noticias"}],"wp:featuredmedia":[{"embeddable":true,"href":"https:\/\/www.fiemg.com.br\/iel\/wp-json\/wp\/v2\/media\/3372"}],"wp:attachment":[{"href":"https:\/\/www.fiemg.com.br\/iel\/wp-json\/wp\/v2\/media?parent=3371"}],"wp:term":[{"taxonomy":"category","embeddable":true,"href":"https:\/\/www.fiemg.com.br\/iel\/wp-json\/wp\/v2\/categories?post=3371"},{"taxonomy":"post_tag","embeddable":true,"href":"https:\/\/www.fiemg.com.br\/iel\/wp-json\/wp\/v2\/tags?post=3371"}],"curies":[{"name":"wp","href":"https:\/\/api.w.org\/{rel}","templated":true}]}}