{"id":3439,"date":"2025-05-23T16:04:13","date_gmt":"2025-05-23T19:04:13","guid":{"rendered":"https:\/\/www.fiemg.com.br\/iel\/noticias\/iel-conclui-23a-turma-do-programa-de-desenvolvimento-de-conselheiros\/"},"modified":"2025-05-23T16:04:18","modified_gmt":"2025-05-23T19:04:18","slug":"iel-conclui-23a-turma-do-programa-de-desenvolvimento-de-conselheiros","status":"publish","type":"noticias","link":"https:\/\/www.fiemg.com.br\/iel\/noticias\/iel-conclui-23a-turma-do-programa-de-desenvolvimento-de-conselheiros\/","title":{"rendered":"IEL conclui 23\u00aa turma do Programa de Desenvolvimento de Conselheiros\u00a0"},"content":{"rendered":"\n<p><\/p>\n\n\n\n<p>O Instituto Euvaldo Lodi (IEL) concluiu neste m\u00eas de maio a 23\u00aa turma do Programa de Desenvolvimento de Conselheiros (PDC), consolidando mais uma etapa de capacita\u00e7\u00e3o voltada \u00e0 excel\u00eancia em governan\u00e7a corporativa.&nbsp;<\/p>\n\n\n\n<p>Nesta edi\u00e7\u00e3o, 52 profissionais de diferentes setores foram preparados para atuar em conselhos de administra\u00e7\u00e3o, conselhos consultivos e comit\u00eas estrat\u00e9gicos, totalizando mais de 800 conselheiros formados desde a cria\u00e7\u00e3o do programa, em 2019.<\/p>\n\n\n\n<p>Com uma metodologia atualizada, corpo docente renomado e foco em experi\u00eancias reais do mundo corporativo, o PDC tem se destacado como refer\u00eancia na forma\u00e7\u00e3o de l\u00edderes capazes de contribuir com uma atua\u00e7\u00e3o \u00e9tica, estrat\u00e9gica e alinhada aos desafios contempor\u00e2neos das organiza\u00e7\u00f5es.<\/p>\n\n\n\n<p>A programa\u00e7\u00e3o da 23\u00aa turma incluiu uma visita t\u00e9cnica ao SENAI 4.0, onde os participantes puderam conhecer de perto as inova\u00e7\u00f5es aplicadas \u00e0 ind\u00fastria, al\u00e9m de uma imers\u00e3o no ambiente do P7 Criativo, espa\u00e7o que estimulou a aplica\u00e7\u00e3o pr\u00e1tica dos conceitos discutidos durante a forma\u00e7\u00e3o.&nbsp;<\/p>\n\n\n\n<p><strong>Imprensa FIEMG<\/strong><\/p>\n","protected":false},"featured_media":3440,"template":"","categories":[5],"tags":[97,194],"class_list":["post-3439","noticias","type-noticias","status-publish","has-post-thumbnail","hentry","category-capacitacao-empresarial","tag-iel","tag-programa-de-desenvolvimento-de-conselheiros"],"acf":[],"yoast_head":"<!-- This site is optimized with the Yoast SEO plugin v26.2 - https:\/\/yoast.com\/wordpress\/plugins\/seo\/ -->\n<title>IEL conclui 23\u00aa turma do Programa de Desenvolvimento de Conselheiros\u00a0 - IEL<\/title>\n<meta name=\"description\" content=\"Com o foco em aprimorar a governan\u00e7a corporativa, curso j\u00e1 capacitou mais de 800 profissionais de diferentes setores econ\u00f4micos\" \/>\n<meta name=\"robots\" content=\"index, follow, max-snippet:-1, max-image-preview:large, max-video-preview:-1\" \/>\n<link rel=\"canonical\" href=\"https:\/\/www.fiemg.com.br\/iel\/noticias\/iel-conclui-23a-turma-do-programa-de-desenvolvimento-de-conselheiros\/\" \/>\n<meta property=\"og:locale\" content=\"pt_BR\" \/>\n<meta property=\"og:type\" content=\"article\" \/>\n<meta property=\"og:title\" content=\"IEL conclui 23\u00aa turma do Programa de Desenvolvimento de Conselheiros\u00a0 - IEL\" \/>\n<meta property=\"og:description\" content=\"Com o foco em aprimorar a governan\u00e7a corporativa, curso j\u00e1 capacitou mais de 800 profissionais de diferentes setores econ\u00f4micos\" \/>\n<meta property=\"og:url\" content=\"https:\/\/www.fiemg.com.br\/iel\/noticias\/iel-conclui-23a-turma-do-programa-de-desenvolvimento-de-conselheiros\/\" \/>\n<meta property=\"og:site_name\" content=\"IEL\" \/>\n<meta property=\"article:modified_time\" content=\"2025-05-23T19:04:18+00:00\" \/>\n<meta property=\"og:image\" content=\"https:\/\/www.fiemg.com.br\/iel\/wp-content\/uploads\/sites\/13\/2025\/05\/Programa-de-Conselheiros-1.jpg\" \/>\n\t<meta property=\"og:image:width\" content=\"512\" \/>\n\t<meta property=\"og:image:height\" content=\"512\" \/>\n\t<meta property=\"og:image:type\" content=\"image\/jpeg\" \/>\n<meta name=\"twitter:card\" content=\"summary_large_image\" \/>\n<meta name=\"twitter:label1\" content=\"Est. tempo de leitura\" \/>\n\t<meta name=\"twitter:data1\" content=\"2 minutos\" \/>\n<script type=\"application\/ld+json\" class=\"yoast-schema-graph\">{\"@context\":\"https:\/\/schema.org\",\"@graph\":[{\"@type\":\"WebPage\",\"@id\":\"https:\/\/www.fiemg.com.br\/iel\/noticias\/iel-conclui-23a-turma-do-programa-de-desenvolvimento-de-conselheiros\/\",\"url\":\"https:\/\/www.fiemg.com.br\/iel\/noticias\/iel-conclui-23a-turma-do-programa-de-desenvolvimento-de-conselheiros\/\",\"name\":\"IEL conclui 23\u00aa turma do Programa de Desenvolvimento de Conselheiros\u00a0 - IEL\",\"isPartOf\":{\"@id\":\"https:\/\/www.fiemg.com.br\/iel\/#website\"},\"primaryImageOfPage\":{\"@id\":\"https:\/\/www.fiemg.com.br\/iel\/noticias\/iel-conclui-23a-turma-do-programa-de-desenvolvimento-de-conselheiros\/#primaryimage\"},\"image\":{\"@id\":\"https:\/\/www.fiemg.com.br\/iel\/noticias\/iel-conclui-23a-turma-do-programa-de-desenvolvimento-de-conselheiros\/#primaryimage\"},\"thumbnailUrl\":\"https:\/\/www.fiemg.com.br\/iel\/wp-content\/uploads\/sites\/13\/2025\/05\/Programa-de-Conselheiros-1.jpg\",\"datePublished\":\"2025-05-23T19:04:13+00:00\",\"dateModified\":\"2025-05-23T19:04:18+00:00\",\"description\":\"Com o foco em aprimorar a governan\u00e7a corporativa, curso j\u00e1 capacitou mais de 800 profissionais de diferentes setores econ\u00f4micos\",\"breadcrumb\":{\"@id\":\"https:\/\/www.fiemg.com.br\/iel\/noticias\/iel-conclui-23a-turma-do-programa-de-desenvolvimento-de-conselheiros\/#breadcrumb\"},\"inLanguage\":\"pt-BR\",\"potentialAction\":[{\"@type\":\"ReadAction\",\"target\":[\"https:\/\/www.fiemg.com.br\/iel\/noticias\/iel-conclui-23a-turma-do-programa-de-desenvolvimento-de-conselheiros\/\"]}]},{\"@type\":\"ImageObject\",\"inLanguage\":\"pt-BR\",\"@id\":\"https:\/\/www.fiemg.com.br\/iel\/noticias\/iel-conclui-23a-turma-do-programa-de-desenvolvimento-de-conselheiros\/#primaryimage\",\"url\":\"https:\/\/www.fiemg.com.br\/iel\/wp-content\/uploads\/sites\/13\/2025\/05\/Programa-de-Conselheiros-1.jpg\",\"contentUrl\":\"https:\/\/www.fiemg.com.br\/iel\/wp-content\/uploads\/sites\/13\/2025\/05\/Programa-de-Conselheiros-1.jpg\",\"width\":512,\"height\":512},{\"@type\":\"BreadcrumbList\",\"@id\":\"https:\/\/www.fiemg.com.br\/iel\/noticias\/iel-conclui-23a-turma-do-programa-de-desenvolvimento-de-conselheiros\/#breadcrumb\",\"itemListElement\":[{\"@type\":\"ListItem\",\"position\":1,\"name\":\"In\u00edcio\",\"item\":\"https:\/\/www.fiemg.com.br\/iel\/\"},{\"@type\":\"ListItem\",\"position\":2,\"name\":\"IEL conclui 23\u00aa turma do Programa de Desenvolvimento de Conselheiros\u00a0\"}]},{\"@type\":\"WebSite\",\"@id\":\"https:\/\/www.fiemg.com.br\/iel\/#website\",\"url\":\"https:\/\/www.fiemg.com.br\/iel\/\",\"name\":\"IEL\",\"description\":\"Federa\u00e7\u00e3o das Ind\u00fastrias do Estado de Minas Gerais\",\"publisher\":{\"@id\":\"https:\/\/www.fiemg.com.br\/iel\/#organization\"},\"potentialAction\":[{\"@type\":\"SearchAction\",\"target\":{\"@type\":\"EntryPoint\",\"urlTemplate\":\"https:\/\/www.fiemg.com.br\/iel\/?s={search_term_string}\"},\"query-input\":{\"@type\":\"PropertyValueSpecification\",\"valueRequired\":true,\"valueName\":\"search_term_string\"}}],\"inLanguage\":\"pt-BR\"},{\"@type\":\"Organization\",\"@id\":\"https:\/\/www.fiemg.com.br\/iel\/#organization\",\"name\":\"IEL\",\"url\":\"https:\/\/www.fiemg.com.br\/iel\/\",\"logo\":{\"@type\":\"ImageObject\",\"inLanguage\":\"pt-BR\",\"@id\":\"https:\/\/www.fiemg.com.br\/iel\/#\/schema\/logo\/image\/\",\"url\":\"https:\/\/www.fiemg.com.br\/iel\/wp-content\/uploads\/sites\/13\/2023\/02\/IEL_branco.svg\",\"contentUrl\":\"https:\/\/www.fiemg.com.br\/iel\/wp-content\/uploads\/sites\/13\/2023\/02\/IEL_branco.svg\",\"width\":103,\"height\":59,\"caption\":\"IEL\"},\"image\":{\"@id\":\"https:\/\/www.fiemg.com.br\/iel\/#\/schema\/logo\/image\/\"}}]}<\/script>\n<!-- \/ Yoast SEO plugin. -->","yoast_head_json":{"title":"IEL conclui 23\u00aa turma do Programa de Desenvolvimento de Conselheiros\u00a0 - IEL","description":"Com o foco em aprimorar a governan\u00e7a corporativa, curso j\u00e1 capacitou mais de 800 profissionais de diferentes setores econ\u00f4micos","robots":{"index":"index","follow":"follow","max-snippet":"max-snippet:-1","max-image-preview":"max-image-preview:large","max-video-preview":"max-video-preview:-1"},"canonical":"https:\/\/www.fiemg.com.br\/iel\/noticias\/iel-conclui-23a-turma-do-programa-de-desenvolvimento-de-conselheiros\/","og_locale":"pt_BR","og_type":"article","og_title":"IEL conclui 23\u00aa turma do Programa de Desenvolvimento de Conselheiros\u00a0 - IEL","og_description":"Com o foco em aprimorar a governan\u00e7a corporativa, curso j\u00e1 capacitou mais de 800 profissionais de diferentes setores econ\u00f4micos","og_url":"https:\/\/www.fiemg.com.br\/iel\/noticias\/iel-conclui-23a-turma-do-programa-de-desenvolvimento-de-conselheiros\/","og_site_name":"IEL","article_modified_time":"2025-05-23T19:04:18+00:00","og_image":[{"width":512,"height":512,"url":"https:\/\/www.fiemg.com.br\/iel\/wp-content\/uploads\/sites\/13\/2025\/05\/Programa-de-Conselheiros-1.jpg","type":"image\/jpeg"}],"twitter_card":"summary_large_image","twitter_misc":{"Est. tempo de leitura":"2 minutos"},"schema":{"@context":"https:\/\/schema.org","@graph":[{"@type":"WebPage","@id":"https:\/\/www.fiemg.com.br\/iel\/noticias\/iel-conclui-23a-turma-do-programa-de-desenvolvimento-de-conselheiros\/","url":"https:\/\/www.fiemg.com.br\/iel\/noticias\/iel-conclui-23a-turma-do-programa-de-desenvolvimento-de-conselheiros\/","name":"IEL conclui 23\u00aa turma do Programa de Desenvolvimento de Conselheiros\u00a0 - IEL","isPartOf":{"@id":"https:\/\/www.fiemg.com.br\/iel\/#website"},"primaryImageOfPage":{"@id":"https:\/\/www.fiemg.com.br\/iel\/noticias\/iel-conclui-23a-turma-do-programa-de-desenvolvimento-de-conselheiros\/#primaryimage"},"image":{"@id":"https:\/\/www.fiemg.com.br\/iel\/noticias\/iel-conclui-23a-turma-do-programa-de-desenvolvimento-de-conselheiros\/#primaryimage"},"thumbnailUrl":"https:\/\/www.fiemg.com.br\/iel\/wp-content\/uploads\/sites\/13\/2025\/05\/Programa-de-Conselheiros-1.jpg","datePublished":"2025-05-23T19:04:13+00:00","dateModified":"2025-05-23T19:04:18+00:00","description":"Com o foco em aprimorar a governan\u00e7a corporativa, curso j\u00e1 capacitou mais de 800 profissionais de diferentes setores econ\u00f4micos","breadcrumb":{"@id":"https:\/\/www.fiemg.com.br\/iel\/noticias\/iel-conclui-23a-turma-do-programa-de-desenvolvimento-de-conselheiros\/#breadcrumb"},"inLanguage":"pt-BR","potentialAction":[{"@type":"ReadAction","target":["https:\/\/www.fiemg.com.br\/iel\/noticias\/iel-conclui-23a-turma-do-programa-de-desenvolvimento-de-conselheiros\/"]}]},{"@type":"ImageObject","inLanguage":"pt-BR","@id":"https:\/\/www.fiemg.com.br\/iel\/noticias\/iel-conclui-23a-turma-do-programa-de-desenvolvimento-de-conselheiros\/#primaryimage","url":"https:\/\/www.fiemg.com.br\/iel\/wp-content\/uploads\/sites\/13\/2025\/05\/Programa-de-Conselheiros-1.jpg","contentUrl":"https:\/\/www.fiemg.com.br\/iel\/wp-content\/uploads\/sites\/13\/2025\/05\/Programa-de-Conselheiros-1.jpg","width":512,"height":512},{"@type":"BreadcrumbList","@id":"https:\/\/www.fiemg.com.br\/iel\/noticias\/iel-conclui-23a-turma-do-programa-de-desenvolvimento-de-conselheiros\/#breadcrumb","itemListElement":[{"@type":"ListItem","position":1,"name":"In\u00edcio","item":"https:\/\/www.fiemg.com.br\/iel\/"},{"@type":"ListItem","position":2,"name":"IEL conclui 23\u00aa turma do Programa de Desenvolvimento de Conselheiros\u00a0"}]},{"@type":"WebSite","@id":"https:\/\/www.fiemg.com.br\/iel\/#website","url":"https:\/\/www.fiemg.com.br\/iel\/","name":"IEL","description":"Federa\u00e7\u00e3o das Ind\u00fastrias do Estado de Minas Gerais","publisher":{"@id":"https:\/\/www.fiemg.com.br\/iel\/#organization"},"potentialAction":[{"@type":"SearchAction","target":{"@type":"EntryPoint","urlTemplate":"https:\/\/www.fiemg.com.br\/iel\/?s={search_term_string}"},"query-input":{"@type":"PropertyValueSpecification","valueRequired":true,"valueName":"search_term_string"}}],"inLanguage":"pt-BR"},{"@type":"Organization","@id":"https:\/\/www.fiemg.com.br\/iel\/#organization","name":"IEL","url":"https:\/\/www.fiemg.com.br\/iel\/","logo":{"@type":"ImageObject","inLanguage":"pt-BR","@id":"https:\/\/www.fiemg.com.br\/iel\/#\/schema\/logo\/image\/","url":"https:\/\/www.fiemg.com.br\/iel\/wp-content\/uploads\/sites\/13\/2023\/02\/IEL_branco.svg","contentUrl":"https:\/\/www.fiemg.com.br\/iel\/wp-content\/uploads\/sites\/13\/2023\/02\/IEL_branco.svg","width":103,"height":59,"caption":"IEL"},"image":{"@id":"https:\/\/www.fiemg.com.br\/iel\/#\/schema\/logo\/image\/"}}]}},"_links":{"self":[{"href":"https:\/\/www.fiemg.com.br\/iel\/wp-json\/wp\/v2\/noticias\/3439","targetHints":{"allow":["GET"]}}],"collection":[{"href":"https:\/\/www.fiemg.com.br\/iel\/wp-json\/wp\/v2\/noticias"}],"about":[{"href":"https:\/\/www.fiemg.com.br\/iel\/wp-json\/wp\/v2\/types\/noticias"}],"wp:featuredmedia":[{"embeddable":true,"href":"https:\/\/www.fiemg.com.br\/iel\/wp-json\/wp\/v2\/media\/3440"}],"wp:attachment":[{"href":"https:\/\/www.fiemg.com.br\/iel\/wp-json\/wp\/v2\/media?parent=3439"}],"wp:term":[{"taxonomy":"category","embeddable":true,"href":"https:\/\/www.fiemg.com.br\/iel\/wp-json\/wp\/v2\/categories?post=3439"},{"taxonomy":"post_tag","embeddable":true,"href":"https:\/\/www.fiemg.com.br\/iel\/wp-json\/wp\/v2\/tags?post=3439"}],"curies":[{"name":"wp","href":"https:\/\/api.w.org\/{rel}","templated":true}]}}