{"id":3649,"date":"2025-11-07T08:06:00","date_gmt":"2025-11-07T11:06:00","guid":{"rendered":"https:\/\/www.fiemg.com.br\/iel\/noticias\/evento-reuniu-especialistas-e-lideres-industriais-para-discutir-produtividade-sustentabilidade-e-saude-mental-no-trabalho\/"},"modified":"2025-11-07T09:44:32","modified_gmt":"2025-11-07T12:44:32","slug":"evento-reuniu-especialistas-e-lideres-industriais-para-discutir-produtividade-sustentabilidade-e-saude-mental-no-trabalho","status":"publish","type":"noticias","link":"https:\/\/www.fiemg.com.br\/iel\/noticias\/evento-reuniu-especialistas-e-lideres-industriais-para-discutir-produtividade-sustentabilidade-e-saude-mental-no-trabalho\/","title":{"rendered":"FIEMG Lab Summit debateu inova\u00e7\u00e3o e resili\u00eancia nas organiza\u00e7\u00f5es"},"content":{"rendered":"\n<p>O <a href=\"https:\/\/fiemglab.com.br\/\">FIEMG Lab <\/a>Summit reuniu, nos dias 5 e 6 de novembro, especialistas, empres\u00e1rios e gestores de inova\u00e7\u00e3o para debater o papel da inova\u00e7\u00e3o como for\u00e7a de resili\u00eancia e transforma\u00e7\u00e3o nas organiza\u00e7\u00f5es. Promovido pelo FIEMG Lab, o primeiro hub de inova\u00e7\u00e3o aberta entre ind\u00fastrias e startups do pa\u00eds \u2014 uma iniciativa da FIEMG, por meio do <a href=\"https:\/\/www.fiemg.com.br\/iel\/?utm_source&amp;utm_medium&amp;utm_campaign=%3B%3B&amp;utm_term&amp;utm_id=23093521600&amp;adastra_correspondence&amp;adastra_creative&amp;gad_source=1&amp;gad_campaignid=23083495122&amp;gbraid=0AAAAADAmDLiquvaXvCk1zQfdvteI-X4M2&amp;gclid=CjwKCAiAzrbIBhA3EiwAUBaUdRjePGDs8kCTWxjGUN1y1uSLyNPnkTg9O22Izdo4ed70DnBnIJi9RBoCEu0QAvD_BwE\">IEL-MG<\/a> \u2014, o evento foi realizado no<a href=\"https:\/\/p7criativo.com.br\/\"> P7 Criativo<\/a>, em Belo Horizonte. A programa\u00e7\u00e3o contou com palestras, pain\u00e9is e rodadas de neg\u00f3cios que abordaram temas como produtividade, sustentabilidade, ecossistemas de inova\u00e7\u00e3o e os impactos das mudan\u00e7as clim\u00e1ticas e emocionais no ambiente de trabalho.<\/p>\n\n\n\n<p>Durante a abertura, o presidente interino da FIEMG, Emir Cadar Filho, destacou o papel estrat\u00e9gico da inova\u00e7\u00e3o na competitividade industrial. Ele afirmou que participar de encontros como o FIEMG Lab Summit renova o entusiasmo dos empres\u00e1rios diante das transforma\u00e7\u00f5es do mercado.&nbsp; \u201c\u00c9 inspirador participar de eventos que promovem conhecimento e inova\u00e7\u00e3o. A transforma\u00e7\u00e3o \u00e9 constante, e temos a certeza de que o que vivemos hoje nas empresas n\u00e3o ser\u00e1 o mesmo cen\u00e1rio de um ou dois anos \u00e0 frente. Em nossas pr\u00f3prias opera\u00e7\u00f5es j\u00e1 implementamos solu\u00e7\u00f5es desenvolvidas por startups e acompanhamos, na pr\u00e1tica, a for\u00e7a da inova\u00e7\u00e3o\u201d, afirmou.<\/p>\n\n\n\n<p>O superintendente de Ambiente de Neg\u00f3cios e Administrativo da FIEMG e presidente do P7 Criativo, Gustavo Macena, ressaltou que a mudan\u00e7a de mentalidade no setor industrial \u00e9 um reflexo da constru\u00e7\u00e3o conjunta do ecossistema mineiro de inova\u00e7\u00e3o.&nbsp; \u201cQuando iniciamos esse projeto, poucas dezenas de ind\u00fastrias se declaravam adeptas a modelos de inova\u00e7\u00e3o. Hoje, esse n\u00famero chega a milhares. A ind\u00fastria mineira passou por um processo de reconstru\u00e7\u00e3o, deixando o modelo tradicional e hierarquizado para adotar pr\u00e1ticas mais \u00e1geis e colaborativas\u201d, destacou.<\/p>\n\n\n\n<figure class=\"wp-block-image aligncenter size-large is-resized\"><img decoding=\"async\" src=\"https:\/\/www.fiemg.com.br\/iel\/wp-content\/uploads\/sites\/13\/2025\/11\/FIEMG-SUMMIT-BANNER-1-1024x569.png\" alt=\"\" class=\"wp-image-3657\" style=\"width:900px\" \/><\/figure>\n\n\n\n<p>Macena tamb\u00e9m lembrou que o P7 Criativo tem papel central na revitaliza\u00e7\u00e3o do hipercentro de Belo Horizonte, atraindo pessoas, empresas e ideias. Segundo ele, a FIEMG, que assumiu a gest\u00e3o do espa\u00e7o em 2022, tem contribu\u00eddo para consolidar o pr\u00e9dio como um polo de desenvolvimento econ\u00f4mico e tecnol\u00f3gico da capital.<\/p>\n\n\n\n<p>A gerente do FIEMG Lab, Mariana Yazbeck, apresentou a trajet\u00f3ria e as novas frentes de atua\u00e7\u00e3o do hub pioneiro de inova\u00e7\u00e3o aberta da Federa\u00e7\u00e3o, que conecta ind\u00fastrias a startups de todo o pa\u00eds. O programa j\u00e1 impactou mais de 260 ind\u00fastrias e 380 startups desde 2019, com mais de 7 mil encontros de neg\u00f3cios realizados. \u201cO FIEMG Lab nasceu como um programa de acelera\u00e7\u00e3o e se transformou em um hub de desenvolvimento e neg\u00f3cios. Nosso papel \u00e9 apoiar a ind\u00fastria em sua jornada de transforma\u00e7\u00e3o sustent\u00e1vel, equilibrando inova\u00e7\u00e3o, efici\u00eancia produtiva e gera\u00e7\u00e3o de valor\u201d, afirmou Mariana.<br><br>A executiva destacou que o FIEMG Lab, criado em 2017 pelo IEL, consolidou-se como refer\u00eancia nacional em inova\u00e7\u00e3o aberta, sendo reconhecido por dois anos consecutivos (2023 e 2024) como Top 1 Nacional Ecossistema na categoria Sistema S, Entidades P\u00fablicas, Sindicais e Patronais, segundo o Ranking 100 Open Startups.<\/p>\n\n\n\n<p>Entre as novidades do hub, ela destacou o lan\u00e7amento da plataforma FIEMG Lab Digital com intelig\u00eancia artificial integrada, que recomendar\u00e1 solu\u00e7\u00f5es tecnol\u00f3gicas personalizadas para as empresas, e o in\u00edcio das a\u00e7\u00f5es por cadeias industriais, em parceria com sindicatos, incluindo o projeto-piloto, o SILEMG Lab, junto ao Sindicato da Ind\u00fastria de Latic\u00ednios do Estado de Minas Gerais (SILEMG).<\/p>\n\n\n\n<p>A programa\u00e7\u00e3o do Summit incluiu palestras como a de Paulo Emediato, do <em>MIT Sloan Review Brasil<\/em>, sobre os riscos da efici\u00eancia extrema nas empresas, e a de Jos\u00e9 Luciano de Assis, do CIT SENAI, que apresentou o tema <em>\u201cTerras Raras: a matriz oculta da inova\u00e7\u00e3o\u201d<\/em>, destacando a import\u00e2ncia do LabFabITR, primeiro laborat\u00f3rio-f\u00e1brica de \u00edm\u00e3s e ligas de terras raras do hemisf\u00e9rio sul, operado pela FIEMG desde 2023.<\/p>\n\n\n\n<figure class=\"wp-block-image aligncenter size-large is-resized\"><img fetchpriority=\"high\" decoding=\"async\" width=\"1024\" height=\"683\" src=\"https:\/\/www.fiemg.com.br\/iel\/wp-content\/uploads\/sites\/13\/2025\/11\/image-7-1024x683.png\" alt=\"\" class=\"wp-image-3653\" style=\"width:900px\" srcset=\"https:\/\/www.fiemg.com.br\/iel\/wp-content\/uploads\/sites\/13\/2025\/11\/image-7-1024x683.png 1024w, https:\/\/www.fiemg.com.br\/iel\/wp-content\/uploads\/sites\/13\/2025\/11\/image-7-300x200.png 300w, https:\/\/www.fiemg.com.br\/iel\/wp-content\/uploads\/sites\/13\/2025\/11\/image-7-768x512.png 768w, https:\/\/www.fiemg.com.br\/iel\/wp-content\/uploads\/sites\/13\/2025\/11\/image-7.png 1244w\" sizes=\"(max-width: 1024px) 100vw, 1024px\" \/><\/figure>\n\n\n\n<p>Outros pain\u00e9is abordaram temas como ecossistemas de inova\u00e7\u00e3o, tecnologias clim\u00e1ticas e inova\u00e7\u00e3o centrada em pessoas, com a participa\u00e7\u00e3o de representantes da Stellantis, Embraer, Vale, Pif Paf Alimentos, Cubo Ita\u00fa, Instituto Caldeira, Gerdau, Copasa, CSN Minera\u00e7\u00e3o, Anglo American, Telavita e Minu.<\/p>\n\n\n\n<p>O evento tamb\u00e9m contou com a premia\u00e7\u00e3o das Empresas do Futuro, que investem e acreditam na proposta do FIEMG Lab, e o reconhecimento das startups destaque do programa. A programa\u00e7\u00e3o incluiu ainda a apresenta\u00e7\u00e3o de resultados, com a exposi\u00e7\u00e3o de um caso de sucesso de prova de conceito desenvolvida para a Vale, em parceria com uma startup do hub. Tamb\u00e9m foram realizadas as Rodadas de Neg\u00f3cios, em formato de speed dating, que promoveram encontros r\u00e1pidos entre ind\u00fastrias e startups, estimulando parcerias, conex\u00f5es estrat\u00e9gicas e o surgimento de novos projetos voltados \u00e0 inova\u00e7\u00e3o industrial. O&nbsp; encerramento foi marcado por um happy hour de integra\u00e7\u00e3o, refor\u00e7ando o clima de colabora\u00e7\u00e3o e troca de experi\u00eancias entre os participantes.<br><br><\/p>\n\n\n\n<figure class=\"wp-block-image aligncenter size-large is-resized\"><img decoding=\"async\" src=\"https:\/\/www.fiemg.com.br\/iel\/wp-content\/uploads\/sites\/13\/2025\/11\/premiacao-1024x569.png\" alt=\"\" class=\"wp-image-3650\" style=\"width:900px\" \/><\/figure>\n\n\n\n<p>Durante dois dias, o FIEMG Lab Summit promoveu integra\u00e7\u00e3o e colabora\u00e7\u00e3o, fortalecendo o esp\u00edrito de troca de experi\u00eancias entre os participantes.\u201cO segundo dia (06\/11)&nbsp; do evento reflete o car\u00e1ter gerador de neg\u00f3cios do hub. Discutimos resultados de casos reais de projetos de inova\u00e7\u00e3o, com foco no impacto atual e futuro das tecnologias testadas \u2014 n\u00e3o apenas nas ind\u00fastrias, mas tamb\u00e9m em \u00e1reas da pr\u00f3pria Federa\u00e7\u00e3o mineira. Esse debate sobre os resultados j\u00e1 alcan\u00e7ados e os pr\u00f3ximos passos de expans\u00e3o refor\u00e7a o potencial de coopera\u00e7\u00e3o promovido pelo hub no cotidiano da inova\u00e7\u00e3o aberta\u201d, explica Carmen Castro, coordenadora de Inova\u00e7\u00e3o Industrial do FIEMG Lab.<\/p>\n\n\n\n<p>Segundo a coordenadora, o foco se volta para a concretiza\u00e7\u00e3o de novas oportunidades, com uma opera\u00e7\u00e3o totalmente voltada a conex\u00f5es assertivas entre ind\u00fastrias e startups. Foram realizadas cerca de 200 conex\u00f5es em torno de demandas reais, o que demonstra o verdadeiro prop\u00f3sito do hub: gerar neg\u00f3cios e impulsionar o desenvolvimento da ind\u00fastria\u201d, explica Carmen Castro, coordenadora de Inova\u00e7\u00e3o Industrial do FIEMG Lab.<br><\/p>\n\n\n\n<figure class=\"wp-block-image aligncenter size-large is-resized\"><img decoding=\"async\" width=\"1024\" height=\"676\" src=\"https:\/\/www.fiemg.com.br\/iel\/wp-content\/uploads\/sites\/13\/2025\/11\/image-9-1024x676.png\" alt=\"\" class=\"wp-image-3651\" style=\"width:900px\" srcset=\"https:\/\/www.fiemg.com.br\/iel\/wp-content\/uploads\/sites\/13\/2025\/11\/image-9-1024x676.png 1024w, https:\/\/www.fiemg.com.br\/iel\/wp-content\/uploads\/sites\/13\/2025\/11\/image-9-300x198.png 300w, https:\/\/www.fiemg.com.br\/iel\/wp-content\/uploads\/sites\/13\/2025\/11\/image-9-768x507.png 768w, https:\/\/www.fiemg.com.br\/iel\/wp-content\/uploads\/sites\/13\/2025\/11\/image-9.png 1261w\" sizes=\"(max-width: 1024px) 100vw, 1024px\" \/><\/figure>\n\n\n\n<p><em>Denise Lucas<\/em><br><strong>Imprensa FIEMG<\/strong><\/p>\n","protected":false},"featured_media":3655,"template":"","categories":[15],"tags":[91,114,145],"class_list":["post-3649","noticias","type-noticias","status-publish","has-post-thumbnail","hentry","category-desenvolvimento-industrial","tag-fiemg","tag-fiemg-lab","tag-p7-criativo"],"acf":[],"yoast_head":"<!-- This site is optimized with the Yoast SEO plugin v26.2 - https:\/\/yoast.com\/wordpress\/plugins\/seo\/ -->\n<title>FIEMG Lab Summit debateu inova\u00e7\u00e3o e resili\u00eancia nas organiza\u00e7\u00f5es - IEL<\/title>\n<meta name=\"description\" content=\"Evento reuniu especialistas e l\u00edderes industriais para discutir produtividade, sustentabilidade e sa\u00fade mental no trabalho\" \/>\n<meta name=\"robots\" content=\"index, follow, max-snippet:-1, max-image-preview:large, max-video-preview:-1\" \/>\n<link rel=\"canonical\" href=\"https:\/\/www.fiemg.com.br\/iel\/noticias\/evento-reuniu-especialistas-e-lideres-industriais-para-discutir-produtividade-sustentabilidade-e-saude-mental-no-trabalho\/\" \/>\n<meta property=\"og:locale\" content=\"pt_BR\" \/>\n<meta property=\"og:type\" content=\"article\" \/>\n<meta property=\"og:title\" content=\"FIEMG Lab Summit debateu inova\u00e7\u00e3o e resili\u00eancia nas organiza\u00e7\u00f5es - IEL\" \/>\n<meta property=\"og:description\" content=\"Evento reuniu especialistas e l\u00edderes industriais para discutir produtividade, sustentabilidade e sa\u00fade mental no trabalho\" \/>\n<meta property=\"og:url\" content=\"https:\/\/www.fiemg.com.br\/iel\/noticias\/evento-reuniu-especialistas-e-lideres-industriais-para-discutir-produtividade-sustentabilidade-e-saude-mental-no-trabalho\/\" \/>\n<meta property=\"og:site_name\" content=\"IEL\" \/>\n<meta property=\"article:modified_time\" content=\"2025-11-07T12:44:32+00:00\" \/>\n<meta property=\"og:image\" content=\"https:\/\/www.fiemg.com.br\/iel\/wp-content\/uploads\/sites\/13\/2025\/11\/fiemg-lab-thumb.png\" \/>\n\t<meta property=\"og:image:width\" content=\"1600\" \/>\n\t<meta property=\"og:image:height\" content=\"1600\" \/>\n\t<meta property=\"og:image:type\" content=\"image\/png\" \/>\n<meta name=\"twitter:card\" content=\"summary_large_image\" \/>\n<meta name=\"twitter:label1\" content=\"Est. tempo de leitura\" \/>\n\t<meta name=\"twitter:data1\" content=\"7 minutos\" \/>\n<script type=\"application\/ld+json\" class=\"yoast-schema-graph\">{\"@context\":\"https:\/\/schema.org\",\"@graph\":[{\"@type\":\"WebPage\",\"@id\":\"https:\/\/www.fiemg.com.br\/iel\/noticias\/evento-reuniu-especialistas-e-lideres-industriais-para-discutir-produtividade-sustentabilidade-e-saude-mental-no-trabalho\/\",\"url\":\"https:\/\/www.fiemg.com.br\/iel\/noticias\/evento-reuniu-especialistas-e-lideres-industriais-para-discutir-produtividade-sustentabilidade-e-saude-mental-no-trabalho\/\",\"name\":\"FIEMG Lab Summit debateu inova\u00e7\u00e3o e resili\u00eancia nas organiza\u00e7\u00f5es - IEL\",\"isPartOf\":{\"@id\":\"https:\/\/www.fiemg.com.br\/iel\/#website\"},\"primaryImageOfPage\":{\"@id\":\"https:\/\/www.fiemg.com.br\/iel\/noticias\/evento-reuniu-especialistas-e-lideres-industriais-para-discutir-produtividade-sustentabilidade-e-saude-mental-no-trabalho\/#primaryimage\"},\"image\":{\"@id\":\"https:\/\/www.fiemg.com.br\/iel\/noticias\/evento-reuniu-especialistas-e-lideres-industriais-para-discutir-produtividade-sustentabilidade-e-saude-mental-no-trabalho\/#primaryimage\"},\"thumbnailUrl\":\"https:\/\/www.fiemg.com.br\/iel\/wp-content\/uploads\/sites\/13\/2025\/11\/fiemg-lab-thumb.png\",\"datePublished\":\"2025-11-07T11:06:00+00:00\",\"dateModified\":\"2025-11-07T12:44:32+00:00\",\"description\":\"Evento reuniu especialistas e l\u00edderes industriais para discutir produtividade, sustentabilidade e sa\u00fade mental no trabalho\",\"breadcrumb\":{\"@id\":\"https:\/\/www.fiemg.com.br\/iel\/noticias\/evento-reuniu-especialistas-e-lideres-industriais-para-discutir-produtividade-sustentabilidade-e-saude-mental-no-trabalho\/#breadcrumb\"},\"inLanguage\":\"pt-BR\",\"potentialAction\":[{\"@type\":\"ReadAction\",\"target\":[\"https:\/\/www.fiemg.com.br\/iel\/noticias\/evento-reuniu-especialistas-e-lideres-industriais-para-discutir-produtividade-sustentabilidade-e-saude-mental-no-trabalho\/\"]}]},{\"@type\":\"ImageObject\",\"inLanguage\":\"pt-BR\",\"@id\":\"https:\/\/www.fiemg.com.br\/iel\/noticias\/evento-reuniu-especialistas-e-lideres-industriais-para-discutir-produtividade-sustentabilidade-e-saude-mental-no-trabalho\/#primaryimage\",\"url\":\"https:\/\/www.fiemg.com.br\/iel\/wp-content\/uploads\/sites\/13\/2025\/11\/fiemg-lab-thumb.png\",\"contentUrl\":\"https:\/\/www.fiemg.com.br\/iel\/wp-content\/uploads\/sites\/13\/2025\/11\/fiemg-lab-thumb.png\",\"width\":1600,\"height\":1600},{\"@type\":\"BreadcrumbList\",\"@id\":\"https:\/\/www.fiemg.com.br\/iel\/noticias\/evento-reuniu-especialistas-e-lideres-industriais-para-discutir-produtividade-sustentabilidade-e-saude-mental-no-trabalho\/#breadcrumb\",\"itemListElement\":[{\"@type\":\"ListItem\",\"position\":1,\"name\":\"In\u00edcio\",\"item\":\"https:\/\/www.fiemg.com.br\/iel\/\"},{\"@type\":\"ListItem\",\"position\":2,\"name\":\"FIEMG Lab Summit debateu inova\u00e7\u00e3o e resili\u00eancia nas organiza\u00e7\u00f5es\"}]},{\"@type\":\"WebSite\",\"@id\":\"https:\/\/www.fiemg.com.br\/iel\/#website\",\"url\":\"https:\/\/www.fiemg.com.br\/iel\/\",\"name\":\"IEL\",\"description\":\"Federa\u00e7\u00e3o das Ind\u00fastrias do Estado de Minas Gerais\",\"publisher\":{\"@id\":\"https:\/\/www.fiemg.com.br\/iel\/#organization\"},\"potentialAction\":[{\"@type\":\"SearchAction\",\"target\":{\"@type\":\"EntryPoint\",\"urlTemplate\":\"https:\/\/www.fiemg.com.br\/iel\/?s={search_term_string}\"},\"query-input\":{\"@type\":\"PropertyValueSpecification\",\"valueRequired\":true,\"valueName\":\"search_term_string\"}}],\"inLanguage\":\"pt-BR\"},{\"@type\":\"Organization\",\"@id\":\"https:\/\/www.fiemg.com.br\/iel\/#organization\",\"name\":\"IEL\",\"url\":\"https:\/\/www.fiemg.com.br\/iel\/\",\"logo\":{\"@type\":\"ImageObject\",\"inLanguage\":\"pt-BR\",\"@id\":\"https:\/\/www.fiemg.com.br\/iel\/#\/schema\/logo\/image\/\",\"url\":\"https:\/\/www.fiemg.com.br\/iel\/wp-content\/uploads\/sites\/13\/2023\/02\/IEL_branco.svg\",\"contentUrl\":\"https:\/\/www.fiemg.com.br\/iel\/wp-content\/uploads\/sites\/13\/2023\/02\/IEL_branco.svg\",\"width\":103,\"height\":59,\"caption\":\"IEL\"},\"image\":{\"@id\":\"https:\/\/www.fiemg.com.br\/iel\/#\/schema\/logo\/image\/\"}}]}<\/script>\n<!-- \/ Yoast SEO plugin. -->","yoast_head_json":{"title":"FIEMG Lab Summit debateu inova\u00e7\u00e3o e resili\u00eancia nas organiza\u00e7\u00f5es - IEL","description":"Evento reuniu especialistas e l\u00edderes industriais para discutir produtividade, sustentabilidade e sa\u00fade mental no trabalho","robots":{"index":"index","follow":"follow","max-snippet":"max-snippet:-1","max-image-preview":"max-image-preview:large","max-video-preview":"max-video-preview:-1"},"canonical":"https:\/\/www.fiemg.com.br\/iel\/noticias\/evento-reuniu-especialistas-e-lideres-industriais-para-discutir-produtividade-sustentabilidade-e-saude-mental-no-trabalho\/","og_locale":"pt_BR","og_type":"article","og_title":"FIEMG Lab Summit debateu inova\u00e7\u00e3o e resili\u00eancia nas organiza\u00e7\u00f5es - IEL","og_description":"Evento reuniu especialistas e l\u00edderes industriais para discutir produtividade, sustentabilidade e sa\u00fade mental no trabalho","og_url":"https:\/\/www.fiemg.com.br\/iel\/noticias\/evento-reuniu-especialistas-e-lideres-industriais-para-discutir-produtividade-sustentabilidade-e-saude-mental-no-trabalho\/","og_site_name":"IEL","article_modified_time":"2025-11-07T12:44:32+00:00","og_image":[{"width":1600,"height":1600,"url":"https:\/\/www.fiemg.com.br\/iel\/wp-content\/uploads\/sites\/13\/2025\/11\/fiemg-lab-thumb.png","type":"image\/png"}],"twitter_card":"summary_large_image","twitter_misc":{"Est. tempo de leitura":"7 minutos"},"schema":{"@context":"https:\/\/schema.org","@graph":[{"@type":"WebPage","@id":"https:\/\/www.fiemg.com.br\/iel\/noticias\/evento-reuniu-especialistas-e-lideres-industriais-para-discutir-produtividade-sustentabilidade-e-saude-mental-no-trabalho\/","url":"https:\/\/www.fiemg.com.br\/iel\/noticias\/evento-reuniu-especialistas-e-lideres-industriais-para-discutir-produtividade-sustentabilidade-e-saude-mental-no-trabalho\/","name":"FIEMG Lab Summit debateu inova\u00e7\u00e3o e resili\u00eancia nas organiza\u00e7\u00f5es - IEL","isPartOf":{"@id":"https:\/\/www.fiemg.com.br\/iel\/#website"},"primaryImageOfPage":{"@id":"https:\/\/www.fiemg.com.br\/iel\/noticias\/evento-reuniu-especialistas-e-lideres-industriais-para-discutir-produtividade-sustentabilidade-e-saude-mental-no-trabalho\/#primaryimage"},"image":{"@id":"https:\/\/www.fiemg.com.br\/iel\/noticias\/evento-reuniu-especialistas-e-lideres-industriais-para-discutir-produtividade-sustentabilidade-e-saude-mental-no-trabalho\/#primaryimage"},"thumbnailUrl":"https:\/\/www.fiemg.com.br\/iel\/wp-content\/uploads\/sites\/13\/2025\/11\/fiemg-lab-thumb.png","datePublished":"2025-11-07T11:06:00+00:00","dateModified":"2025-11-07T12:44:32+00:00","description":"Evento reuniu especialistas e l\u00edderes industriais para discutir produtividade, sustentabilidade e sa\u00fade mental no trabalho","breadcrumb":{"@id":"https:\/\/www.fiemg.com.br\/iel\/noticias\/evento-reuniu-especialistas-e-lideres-industriais-para-discutir-produtividade-sustentabilidade-e-saude-mental-no-trabalho\/#breadcrumb"},"inLanguage":"pt-BR","potentialAction":[{"@type":"ReadAction","target":["https:\/\/www.fiemg.com.br\/iel\/noticias\/evento-reuniu-especialistas-e-lideres-industriais-para-discutir-produtividade-sustentabilidade-e-saude-mental-no-trabalho\/"]}]},{"@type":"ImageObject","inLanguage":"pt-BR","@id":"https:\/\/www.fiemg.com.br\/iel\/noticias\/evento-reuniu-especialistas-e-lideres-industriais-para-discutir-produtividade-sustentabilidade-e-saude-mental-no-trabalho\/#primaryimage","url":"https:\/\/www.fiemg.com.br\/iel\/wp-content\/uploads\/sites\/13\/2025\/11\/fiemg-lab-thumb.png","contentUrl":"https:\/\/www.fiemg.com.br\/iel\/wp-content\/uploads\/sites\/13\/2025\/11\/fiemg-lab-thumb.png","width":1600,"height":1600},{"@type":"BreadcrumbList","@id":"https:\/\/www.fiemg.com.br\/iel\/noticias\/evento-reuniu-especialistas-e-lideres-industriais-para-discutir-produtividade-sustentabilidade-e-saude-mental-no-trabalho\/#breadcrumb","itemListElement":[{"@type":"ListItem","position":1,"name":"In\u00edcio","item":"https:\/\/www.fiemg.com.br\/iel\/"},{"@type":"ListItem","position":2,"name":"FIEMG Lab Summit debateu inova\u00e7\u00e3o e resili\u00eancia nas organiza\u00e7\u00f5es"}]},{"@type":"WebSite","@id":"https:\/\/www.fiemg.com.br\/iel\/#website","url":"https:\/\/www.fiemg.com.br\/iel\/","name":"IEL","description":"Federa\u00e7\u00e3o das Ind\u00fastrias do Estado de Minas Gerais","publisher":{"@id":"https:\/\/www.fiemg.com.br\/iel\/#organization"},"potentialAction":[{"@type":"SearchAction","target":{"@type":"EntryPoint","urlTemplate":"https:\/\/www.fiemg.com.br\/iel\/?s={search_term_string}"},"query-input":{"@type":"PropertyValueSpecification","valueRequired":true,"valueName":"search_term_string"}}],"inLanguage":"pt-BR"},{"@type":"Organization","@id":"https:\/\/www.fiemg.com.br\/iel\/#organization","name":"IEL","url":"https:\/\/www.fiemg.com.br\/iel\/","logo":{"@type":"ImageObject","inLanguage":"pt-BR","@id":"https:\/\/www.fiemg.com.br\/iel\/#\/schema\/logo\/image\/","url":"https:\/\/www.fiemg.com.br\/iel\/wp-content\/uploads\/sites\/13\/2023\/02\/IEL_branco.svg","contentUrl":"https:\/\/www.fiemg.com.br\/iel\/wp-content\/uploads\/sites\/13\/2023\/02\/IEL_branco.svg","width":103,"height":59,"caption":"IEL"},"image":{"@id":"https:\/\/www.fiemg.com.br\/iel\/#\/schema\/logo\/image\/"}}]}},"_links":{"self":[{"href":"https:\/\/www.fiemg.com.br\/iel\/wp-json\/wp\/v2\/noticias\/3649","targetHints":{"allow":["GET"]}}],"collection":[{"href":"https:\/\/www.fiemg.com.br\/iel\/wp-json\/wp\/v2\/noticias"}],"about":[{"href":"https:\/\/www.fiemg.com.br\/iel\/wp-json\/wp\/v2\/types\/noticias"}],"wp:featuredmedia":[{"embeddable":true,"href":"https:\/\/www.fiemg.com.br\/iel\/wp-json\/wp\/v2\/media\/3655"}],"wp:attachment":[{"href":"https:\/\/www.fiemg.com.br\/iel\/wp-json\/wp\/v2\/media?parent=3649"}],"wp:term":[{"taxonomy":"category","embeddable":true,"href":"https:\/\/www.fiemg.com.br\/iel\/wp-json\/wp\/v2\/categories?post=3649"},{"taxonomy":"post_tag","embeddable":true,"href":"https:\/\/www.fiemg.com.br\/iel\/wp-json\/wp\/v2\/tags?post=3649"}],"curies":[{"name":"wp","href":"https:\/\/api.w.org\/{rel}","templated":true}]}}