{"id":3659,"date":"2025-11-10T11:31:56","date_gmt":"2025-11-10T14:31:56","guid":{"rendered":"https:\/\/www.fiemg.com.br\/iel\/noticias\/workshop-reuniu-executivos-de-10-industrias-mineiras-em-uma-experiencia-pratica-sobre-aplicacao-da-ia-nos-negocios\/"},"modified":"2025-11-10T11:32:05","modified_gmt":"2025-11-10T14:32:05","slug":"workshop-reuniu-executivos-de-10-industrias-mineiras-em-uma-experiencia-pratica-sobre-aplicacao-da-ia-nos-negocios","status":"publish","type":"noticias","link":"https:\/\/www.fiemg.com.br\/iel\/noticias\/workshop-reuniu-executivos-de-10-industrias-mineiras-em-uma-experiencia-pratica-sobre-aplicacao-da-ia-nos-negocios\/","title":{"rendered":"L\u00edderes industriais participam de imers\u00e3o sobre uso estrat\u00e9gico da Intelig\u00eancia Artificial promovida pelo IEL"},"content":{"rendered":"\n<h3 class=\"wp-block-heading\"><\/h3>\n\n\n\n<p>A ger\u00eancia de Projetos para Ind\u00fastria do Instituto Euvaldo Lodi (IEL) realizou, no dia 5 de novembro, uma imers\u00e3o exclusiva sobre o uso estrat\u00e9gico da Intelig\u00eancia Artificial (IA) voltada para l\u00edderes industriais. A turma contou com 15 executivos representantes de 10 ind\u00fastrias mineiras, reunidos com o objetivo de compreender como a IA pode ser aplicada como alicerce para a tomada de decis\u00e3o e vantagem competitiva nos neg\u00f3cios.<\/p>\n\n\n\n<p>O encontro abordou, na parte te\u00f3rica, os conceitos fundamentais sobre IA, seus benef\u00edcios reais e o desafio de separar o sinal do ru\u00eddo \u2014 ou seja, identificar o que \u00e9 de fato relevante e aplic\u00e1vel \u00e0s empresas. J\u00e1 no momento pr\u00e1tico, os participantes trabalharam o desenho de solu\u00e7\u00f5es baseadas em IA, partindo do diagn\u00f3stico de problemas reais, da prioriza\u00e7\u00e3o de a\u00e7\u00f5es e do planejamento de projetos.<\/p>\n\n\n\n<p>O workshop \u201cm\u00e3o na massa\u201d foi conduzido em etapas: Diagn\u00f3stico (problema e contexto) e Planejamento (prioriza\u00e7\u00e3o e a\u00e7\u00e3o). O intuito foi que os executivos pudessem vivenciar o processo completo de constru\u00e7\u00e3o de uma estrat\u00e9gia de IA alinhada aos desafios de cada neg\u00f3cio.<\/p>\n\n\n\n<p>Para Alexandre Almeida, propriet\u00e1rio da Rima Industrial SA, o aprendizado teve aplica\u00e7\u00e3o direta na gest\u00e3o empresarial. \u201cAprendemos muito sobre a IA de forma estrat\u00e9gica para a aplica\u00e7\u00e3o na empresa. Vimos v\u00e1rias formas de implementar projetos dentro das organiza\u00e7\u00f5es e acreditamos que isso tem uma aplicabilidade muito grande no nosso setor, inclusive nas \u00e1reas comercial e operacional, facilitando processos e a tomada de decis\u00f5es\u201d, destacou.<\/p>\n\n\n\n<p>Jo\u00e3o Batista, vice-presidente FIEMG Regional Vale do A\u00e7o e executivo da empresa Central de N\u00facleos Siliciosos (CNS), ressaltou o impacto transformador da experi\u00eancia. \u201cRecomendo muito esse curso. Ele abriu a minha mente. Achei que IA era apenas uma pesquisa e descobri que \u00e9 muito mais do que isso. A IA n\u00e3o traz uma resposta certa, mas nos ensina a fazer as perguntas certas e valorizar o olhar humano como fonte essencial de informa\u00e7\u00e3o.\u201d<\/p>\n\n\n\n<p>A iniciativa integra o conjunto de a\u00e7\u00f5es do IEL voltadas ao desenvolvimento de lideran\u00e7as industriais e \u00e0 transforma\u00e7\u00e3o digital, fortalecendo a competitividade e a inova\u00e7\u00e3o no setor.<br><br><em>Denise Lucas<\/em><br><strong>Imprensa FIEMG<\/strong><\/p>\n\n\n\n<p><\/p>\n","protected":false},"featured_media":3661,"template":"","categories":[15],"tags":[91,379,97],"class_list":["post-3659","noticias","type-noticias","status-publish","has-post-thumbnail","hentry","category-desenvolvimento-industrial","tag-fiemg","tag-ia","tag-iel"],"acf":[],"yoast_head":"<!-- This site is optimized with the Yoast SEO plugin v26.2 - https:\/\/yoast.com\/wordpress\/plugins\/seo\/ -->\n<title>L\u00edderes industriais participam de imers\u00e3o sobre uso estrat\u00e9gico da Intelig\u00eancia Artificial promovida pelo IEL - IEL<\/title>\n<meta name=\"description\" content=\"Workshop reuniu executivos de 10 ind\u00fastrias mineiras em uma experi\u00eancia pr\u00e1tica sobre aplica\u00e7\u00e3o da IA nos neg\u00f3cios\" \/>\n<meta name=\"robots\" content=\"index, follow, max-snippet:-1, max-image-preview:large, max-video-preview:-1\" \/>\n<link rel=\"canonical\" href=\"https:\/\/www.fiemg.com.br\/iel\/noticias\/workshop-reuniu-executivos-de-10-industrias-mineiras-em-uma-experiencia-pratica-sobre-aplicacao-da-ia-nos-negocios\/\" \/>\n<meta property=\"og:locale\" content=\"pt_BR\" \/>\n<meta property=\"og:type\" content=\"article\" \/>\n<meta property=\"og:title\" content=\"L\u00edderes industriais participam de imers\u00e3o sobre uso estrat\u00e9gico da Intelig\u00eancia Artificial promovida pelo IEL - IEL\" \/>\n<meta property=\"og:description\" content=\"Workshop reuniu executivos de 10 ind\u00fastrias mineiras em uma experi\u00eancia pr\u00e1tica sobre aplica\u00e7\u00e3o da IA nos neg\u00f3cios\" \/>\n<meta property=\"og:url\" content=\"https:\/\/www.fiemg.com.br\/iel\/noticias\/workshop-reuniu-executivos-de-10-industrias-mineiras-em-uma-experiencia-pratica-sobre-aplicacao-da-ia-nos-negocios\/\" \/>\n<meta property=\"og:site_name\" content=\"IEL\" \/>\n<meta property=\"article:modified_time\" content=\"2025-11-10T14:32:05+00:00\" \/>\n<meta property=\"og:image\" content=\"https:\/\/www.fiemg.com.br\/iel\/wp-content\/uploads\/sites\/13\/2025\/11\/IA-IEL.png\" \/>\n\t<meta property=\"og:image:width\" content=\"1600\" \/>\n\t<meta property=\"og:image:height\" content=\"1600\" \/>\n\t<meta property=\"og:image:type\" content=\"image\/png\" \/>\n<meta name=\"twitter:card\" content=\"summary_large_image\" \/>\n<meta name=\"twitter:label1\" content=\"Est. tempo de leitura\" \/>\n\t<meta name=\"twitter:data1\" content=\"3 minutos\" \/>\n<script type=\"application\/ld+json\" class=\"yoast-schema-graph\">{\"@context\":\"https:\/\/schema.org\",\"@graph\":[{\"@type\":\"WebPage\",\"@id\":\"https:\/\/www.fiemg.com.br\/iel\/noticias\/workshop-reuniu-executivos-de-10-industrias-mineiras-em-uma-experiencia-pratica-sobre-aplicacao-da-ia-nos-negocios\/\",\"url\":\"https:\/\/www.fiemg.com.br\/iel\/noticias\/workshop-reuniu-executivos-de-10-industrias-mineiras-em-uma-experiencia-pratica-sobre-aplicacao-da-ia-nos-negocios\/\",\"name\":\"L\u00edderes industriais participam de imers\u00e3o sobre uso estrat\u00e9gico da Intelig\u00eancia Artificial promovida pelo IEL - IEL\",\"isPartOf\":{\"@id\":\"https:\/\/www.fiemg.com.br\/iel\/#website\"},\"primaryImageOfPage\":{\"@id\":\"https:\/\/www.fiemg.com.br\/iel\/noticias\/workshop-reuniu-executivos-de-10-industrias-mineiras-em-uma-experiencia-pratica-sobre-aplicacao-da-ia-nos-negocios\/#primaryimage\"},\"image\":{\"@id\":\"https:\/\/www.fiemg.com.br\/iel\/noticias\/workshop-reuniu-executivos-de-10-industrias-mineiras-em-uma-experiencia-pratica-sobre-aplicacao-da-ia-nos-negocios\/#primaryimage\"},\"thumbnailUrl\":\"https:\/\/www.fiemg.com.br\/iel\/wp-content\/uploads\/sites\/13\/2025\/11\/IA-IEL.png\",\"datePublished\":\"2025-11-10T14:31:56+00:00\",\"dateModified\":\"2025-11-10T14:32:05+00:00\",\"description\":\"Workshop reuniu executivos de 10 ind\u00fastrias mineiras em uma experi\u00eancia pr\u00e1tica sobre aplica\u00e7\u00e3o da IA nos neg\u00f3cios\",\"breadcrumb\":{\"@id\":\"https:\/\/www.fiemg.com.br\/iel\/noticias\/workshop-reuniu-executivos-de-10-industrias-mineiras-em-uma-experiencia-pratica-sobre-aplicacao-da-ia-nos-negocios\/#breadcrumb\"},\"inLanguage\":\"pt-BR\",\"potentialAction\":[{\"@type\":\"ReadAction\",\"target\":[\"https:\/\/www.fiemg.com.br\/iel\/noticias\/workshop-reuniu-executivos-de-10-industrias-mineiras-em-uma-experiencia-pratica-sobre-aplicacao-da-ia-nos-negocios\/\"]}]},{\"@type\":\"ImageObject\",\"inLanguage\":\"pt-BR\",\"@id\":\"https:\/\/www.fiemg.com.br\/iel\/noticias\/workshop-reuniu-executivos-de-10-industrias-mineiras-em-uma-experiencia-pratica-sobre-aplicacao-da-ia-nos-negocios\/#primaryimage\",\"url\":\"https:\/\/www.fiemg.com.br\/iel\/wp-content\/uploads\/sites\/13\/2025\/11\/IA-IEL.png\",\"contentUrl\":\"https:\/\/www.fiemg.com.br\/iel\/wp-content\/uploads\/sites\/13\/2025\/11\/IA-IEL.png\",\"width\":1600,\"height\":1600},{\"@type\":\"BreadcrumbList\",\"@id\":\"https:\/\/www.fiemg.com.br\/iel\/noticias\/workshop-reuniu-executivos-de-10-industrias-mineiras-em-uma-experiencia-pratica-sobre-aplicacao-da-ia-nos-negocios\/#breadcrumb\",\"itemListElement\":[{\"@type\":\"ListItem\",\"position\":1,\"name\":\"In\u00edcio\",\"item\":\"https:\/\/www.fiemg.com.br\/iel\/\"},{\"@type\":\"ListItem\",\"position\":2,\"name\":\"L\u00edderes industriais participam de imers\u00e3o sobre uso estrat\u00e9gico da Intelig\u00eancia Artificial promovida pelo IEL\"}]},{\"@type\":\"WebSite\",\"@id\":\"https:\/\/www.fiemg.com.br\/iel\/#website\",\"url\":\"https:\/\/www.fiemg.com.br\/iel\/\",\"name\":\"IEL\",\"description\":\"Federa\u00e7\u00e3o das Ind\u00fastrias do Estado de Minas Gerais\",\"publisher\":{\"@id\":\"https:\/\/www.fiemg.com.br\/iel\/#organization\"},\"potentialAction\":[{\"@type\":\"SearchAction\",\"target\":{\"@type\":\"EntryPoint\",\"urlTemplate\":\"https:\/\/www.fiemg.com.br\/iel\/?s={search_term_string}\"},\"query-input\":{\"@type\":\"PropertyValueSpecification\",\"valueRequired\":true,\"valueName\":\"search_term_string\"}}],\"inLanguage\":\"pt-BR\"},{\"@type\":\"Organization\",\"@id\":\"https:\/\/www.fiemg.com.br\/iel\/#organization\",\"name\":\"IEL\",\"url\":\"https:\/\/www.fiemg.com.br\/iel\/\",\"logo\":{\"@type\":\"ImageObject\",\"inLanguage\":\"pt-BR\",\"@id\":\"https:\/\/www.fiemg.com.br\/iel\/#\/schema\/logo\/image\/\",\"url\":\"https:\/\/www.fiemg.com.br\/iel\/wp-content\/uploads\/sites\/13\/2023\/02\/IEL_branco.svg\",\"contentUrl\":\"https:\/\/www.fiemg.com.br\/iel\/wp-content\/uploads\/sites\/13\/2023\/02\/IEL_branco.svg\",\"width\":103,\"height\":59,\"caption\":\"IEL\"},\"image\":{\"@id\":\"https:\/\/www.fiemg.com.br\/iel\/#\/schema\/logo\/image\/\"}}]}<\/script>\n<!-- \/ Yoast SEO plugin. -->","yoast_head_json":{"title":"L\u00edderes industriais participam de imers\u00e3o sobre uso estrat\u00e9gico da Intelig\u00eancia Artificial promovida pelo IEL - IEL","description":"Workshop reuniu executivos de 10 ind\u00fastrias mineiras em uma experi\u00eancia pr\u00e1tica sobre aplica\u00e7\u00e3o da IA nos neg\u00f3cios","robots":{"index":"index","follow":"follow","max-snippet":"max-snippet:-1","max-image-preview":"max-image-preview:large","max-video-preview":"max-video-preview:-1"},"canonical":"https:\/\/www.fiemg.com.br\/iel\/noticias\/workshop-reuniu-executivos-de-10-industrias-mineiras-em-uma-experiencia-pratica-sobre-aplicacao-da-ia-nos-negocios\/","og_locale":"pt_BR","og_type":"article","og_title":"L\u00edderes industriais participam de imers\u00e3o sobre uso estrat\u00e9gico da Intelig\u00eancia Artificial promovida pelo IEL - IEL","og_description":"Workshop reuniu executivos de 10 ind\u00fastrias mineiras em uma experi\u00eancia pr\u00e1tica sobre aplica\u00e7\u00e3o da IA nos neg\u00f3cios","og_url":"https:\/\/www.fiemg.com.br\/iel\/noticias\/workshop-reuniu-executivos-de-10-industrias-mineiras-em-uma-experiencia-pratica-sobre-aplicacao-da-ia-nos-negocios\/","og_site_name":"IEL","article_modified_time":"2025-11-10T14:32:05+00:00","og_image":[{"width":1600,"height":1600,"url":"https:\/\/www.fiemg.com.br\/iel\/wp-content\/uploads\/sites\/13\/2025\/11\/IA-IEL.png","type":"image\/png"}],"twitter_card":"summary_large_image","twitter_misc":{"Est. tempo de leitura":"3 minutos"},"schema":{"@context":"https:\/\/schema.org","@graph":[{"@type":"WebPage","@id":"https:\/\/www.fiemg.com.br\/iel\/noticias\/workshop-reuniu-executivos-de-10-industrias-mineiras-em-uma-experiencia-pratica-sobre-aplicacao-da-ia-nos-negocios\/","url":"https:\/\/www.fiemg.com.br\/iel\/noticias\/workshop-reuniu-executivos-de-10-industrias-mineiras-em-uma-experiencia-pratica-sobre-aplicacao-da-ia-nos-negocios\/","name":"L\u00edderes industriais participam de imers\u00e3o sobre uso estrat\u00e9gico da Intelig\u00eancia Artificial promovida pelo IEL - IEL","isPartOf":{"@id":"https:\/\/www.fiemg.com.br\/iel\/#website"},"primaryImageOfPage":{"@id":"https:\/\/www.fiemg.com.br\/iel\/noticias\/workshop-reuniu-executivos-de-10-industrias-mineiras-em-uma-experiencia-pratica-sobre-aplicacao-da-ia-nos-negocios\/#primaryimage"},"image":{"@id":"https:\/\/www.fiemg.com.br\/iel\/noticias\/workshop-reuniu-executivos-de-10-industrias-mineiras-em-uma-experiencia-pratica-sobre-aplicacao-da-ia-nos-negocios\/#primaryimage"},"thumbnailUrl":"https:\/\/www.fiemg.com.br\/iel\/wp-content\/uploads\/sites\/13\/2025\/11\/IA-IEL.png","datePublished":"2025-11-10T14:31:56+00:00","dateModified":"2025-11-10T14:32:05+00:00","description":"Workshop reuniu executivos de 10 ind\u00fastrias mineiras em uma experi\u00eancia pr\u00e1tica sobre aplica\u00e7\u00e3o da IA nos neg\u00f3cios","breadcrumb":{"@id":"https:\/\/www.fiemg.com.br\/iel\/noticias\/workshop-reuniu-executivos-de-10-industrias-mineiras-em-uma-experiencia-pratica-sobre-aplicacao-da-ia-nos-negocios\/#breadcrumb"},"inLanguage":"pt-BR","potentialAction":[{"@type":"ReadAction","target":["https:\/\/www.fiemg.com.br\/iel\/noticias\/workshop-reuniu-executivos-de-10-industrias-mineiras-em-uma-experiencia-pratica-sobre-aplicacao-da-ia-nos-negocios\/"]}]},{"@type":"ImageObject","inLanguage":"pt-BR","@id":"https:\/\/www.fiemg.com.br\/iel\/noticias\/workshop-reuniu-executivos-de-10-industrias-mineiras-em-uma-experiencia-pratica-sobre-aplicacao-da-ia-nos-negocios\/#primaryimage","url":"https:\/\/www.fiemg.com.br\/iel\/wp-content\/uploads\/sites\/13\/2025\/11\/IA-IEL.png","contentUrl":"https:\/\/www.fiemg.com.br\/iel\/wp-content\/uploads\/sites\/13\/2025\/11\/IA-IEL.png","width":1600,"height":1600},{"@type":"BreadcrumbList","@id":"https:\/\/www.fiemg.com.br\/iel\/noticias\/workshop-reuniu-executivos-de-10-industrias-mineiras-em-uma-experiencia-pratica-sobre-aplicacao-da-ia-nos-negocios\/#breadcrumb","itemListElement":[{"@type":"ListItem","position":1,"name":"In\u00edcio","item":"https:\/\/www.fiemg.com.br\/iel\/"},{"@type":"ListItem","position":2,"name":"L\u00edderes industriais participam de imers\u00e3o sobre uso estrat\u00e9gico da Intelig\u00eancia Artificial promovida pelo IEL"}]},{"@type":"WebSite","@id":"https:\/\/www.fiemg.com.br\/iel\/#website","url":"https:\/\/www.fiemg.com.br\/iel\/","name":"IEL","description":"Federa\u00e7\u00e3o das Ind\u00fastrias do Estado de Minas Gerais","publisher":{"@id":"https:\/\/www.fiemg.com.br\/iel\/#organization"},"potentialAction":[{"@type":"SearchAction","target":{"@type":"EntryPoint","urlTemplate":"https:\/\/www.fiemg.com.br\/iel\/?s={search_term_string}"},"query-input":{"@type":"PropertyValueSpecification","valueRequired":true,"valueName":"search_term_string"}}],"inLanguage":"pt-BR"},{"@type":"Organization","@id":"https:\/\/www.fiemg.com.br\/iel\/#organization","name":"IEL","url":"https:\/\/www.fiemg.com.br\/iel\/","logo":{"@type":"ImageObject","inLanguage":"pt-BR","@id":"https:\/\/www.fiemg.com.br\/iel\/#\/schema\/logo\/image\/","url":"https:\/\/www.fiemg.com.br\/iel\/wp-content\/uploads\/sites\/13\/2023\/02\/IEL_branco.svg","contentUrl":"https:\/\/www.fiemg.com.br\/iel\/wp-content\/uploads\/sites\/13\/2023\/02\/IEL_branco.svg","width":103,"height":59,"caption":"IEL"},"image":{"@id":"https:\/\/www.fiemg.com.br\/iel\/#\/schema\/logo\/image\/"}}]}},"_links":{"self":[{"href":"https:\/\/www.fiemg.com.br\/iel\/wp-json\/wp\/v2\/noticias\/3659","targetHints":{"allow":["GET"]}}],"collection":[{"href":"https:\/\/www.fiemg.com.br\/iel\/wp-json\/wp\/v2\/noticias"}],"about":[{"href":"https:\/\/www.fiemg.com.br\/iel\/wp-json\/wp\/v2\/types\/noticias"}],"wp:featuredmedia":[{"embeddable":true,"href":"https:\/\/www.fiemg.com.br\/iel\/wp-json\/wp\/v2\/media\/3661"}],"wp:attachment":[{"href":"https:\/\/www.fiemg.com.br\/iel\/wp-json\/wp\/v2\/media?parent=3659"}],"wp:term":[{"taxonomy":"category","embeddable":true,"href":"https:\/\/www.fiemg.com.br\/iel\/wp-json\/wp\/v2\/categories?post=3659"},{"taxonomy":"post_tag","embeddable":true,"href":"https:\/\/www.fiemg.com.br\/iel\/wp-json\/wp\/v2\/tags?post=3659"}],"curies":[{"name":"wp","href":"https:\/\/api.w.org\/{rel}","templated":true}]}}