{"id":3726,"date":"2025-11-27T18:01:41","date_gmt":"2025-11-27T21:01:41","guid":{"rendered":"https:\/\/www.fiemg.com.br\/iel\/noticias\/projeto-olimpa-2025-premia-empresas-e-renova-compromisso-com-a-sustentabilidade\/"},"modified":"2025-11-28T14:19:03","modified_gmt":"2025-11-28T17:19:03","slug":"projeto-olimpa-2025-premia-empresas-e-renova-compromisso-com-a-sustentabilidade","status":"publish","type":"noticias","link":"https:\/\/www.fiemg.com.br\/iel\/noticias\/projeto-olimpa-2025-premia-empresas-e-renova-compromisso-com-a-sustentabilidade\/","title":{"rendered":"Projeto Olimpa 2025 premia empresas e renova compromisso com a sustentabilidade"},"content":{"rendered":"\n<p>Pouso Alegre, no Sul de Minas Gerais, recebeu, nessa quarta-feira (26\/11), a cerim\u00f4nia que marcou o encerramento da segunda edi\u00e7\u00e3o do <a href=\"https:\/\/www.fiemg.com.br\/olimpa\/\"><strong>projeto Olimpa<\/strong><\/a> e premiou as empresas que se destacaram no programa. A iniciativa, da Ger\u00eancia de Consultoria para Neg\u00f3cios do Instituto Euvaldo Lodi (IEL) em parceria com o SESI e integrado ao programa Alian\u00e7a Ambiental Estrat\u00e9gica, implementado pela Secretaria de Estado de Meio Ambiente e Desenvolvimento Sustent\u00e1vel (Semad), desafia empresas a entrarem em uma competi\u00e7\u00e3o saud\u00e1vel, unindo sustentabilidade e responsabilidade socioambiental e promo\u00e7\u00e3o da sa\u00fade<\/p>\n\n\n\n<p>Os premiados foram a ACG, Adient, Britasul Ebam e XCMG, que participaram ativamente das a\u00e7\u00f5es ao longo do ano e receberam o selo e o Trof\u00e9u Sustentabilidade Alian\u00e7a Ambiental (FIEMG + SEMAD). Ambos os reconhecimentos evidenicam o comprometimento das empresas com boas pr\u00e1ticas, inova\u00e7\u00e3o e responsabilidade socioambiental no ambiente industrial. A Adient foi a grande campe\u00e3 da competi\u00e7\u00e3o, recebendo o Trof\u00e9u Olimpa 2025 pelo destaque nas atividades ambientais e esportivas.<\/p>\n\n\n\n<p>O Olimpa 2025 teve uma s\u00e9rie de a\u00e7\u00f5es alinhadas aos Objetivos de Desenvolvimento Sustent\u00e1vel (ODS) da ONU. Al\u00e9m disso, as empresas realizaram juntas o plantio de 70 mudas de plantas nativas e coletaram 612 quilos de res\u00edduos eletr\u00f4nicos para a adequada destina\u00e7\u00e3o.<\/p>\n\n\n\n<p>\u201cProjetos em ESG que visam disseminar a consci\u00eancia ambiental, social e a governan\u00e7a ser\u00e3o sempre abra\u00e7ados com dedica\u00e7\u00e3o pelos times de todas as \u00e1reas da empresa. Dedicamos este pr\u00eamio e o selo ESG a cada um que participou das atividades esportivas e sociais\u201d, disse Juliana Campos, supervisora de RH da ADIENT.<\/p>\n\n\n\n<p><strong>Confira o calend\u00e1rio de eventos do Olimpa 2025 &#8211; Pouso Alegre:<\/strong><\/p>\n\n\n\n<p>14\/8 &#8211; Curso ESG: capacita\u00e7\u00e3o on-line voltada aos colaboradores das empresas participantes com emiss\u00e3o de certificado.<br>31\/8 Pedal com plantio: a\u00e7\u00e3o de integra\u00e7\u00e3o entre ciclistas, colaboradores e comunidade, em celebra\u00e7\u00e3o ao Dia do Combate \u00e0 Polui\u00e7\u00e3o.<br>21\/9 &#8211; Canoagem ecol\u00f3gica: atividade de remo e plantio de mudas em refer\u00eancia ao Dia da \u00c1rvore.<br>26\/10 &#8211; Caminhada ecol\u00f3gica e corrida de orienta\u00e7\u00e3o: homenagem ao Dia da Natureza, dos Animais e do Consumo Consciente, promovendo uni\u00e3o entre esporte e preserva\u00e7\u00e3o ambiental.<br>Agosto a outubro: oficinas e a\u00e7\u00f5es educativas com crian\u00e7as e jovens da comunidade.<\/p>\n\n\n\n<p><strong>Imprensa FIEMG<\/strong><\/p>\n\n\n\n<figure class=\"wp-block-image aligncenter size-large\"><img fetchpriority=\"high\" decoding=\"async\" width=\"1024\" height=\"396\" src=\"https:\/\/www.fiemg.com.br\/iel\/wp-content\/uploads\/sites\/13\/2025\/11\/vencedores_projeto-olimpa_interna-1024x396.jpeg\" alt=\"Empresas celebram encerramento do Projeto Olimpa 2025\" class=\"wp-image-3728\" srcset=\"https:\/\/www.fiemg.com.br\/iel\/wp-content\/uploads\/sites\/13\/2025\/11\/vencedores_projeto-olimpa_interna-1024x396.jpeg 1024w, https:\/\/www.fiemg.com.br\/iel\/wp-content\/uploads\/sites\/13\/2025\/11\/vencedores_projeto-olimpa_interna-300x116.jpeg 300w, https:\/\/www.fiemg.com.br\/iel\/wp-content\/uploads\/sites\/13\/2025\/11\/vencedores_projeto-olimpa_interna-768x297.jpeg 768w, https:\/\/www.fiemg.com.br\/iel\/wp-content\/uploads\/sites\/13\/2025\/11\/vencedores_projeto-olimpa_interna.jpeg 1080w\" sizes=\"(max-width: 1024px) 100vw, 1024px\" \/><\/figure>\n","protected":false},"featured_media":3727,"template":"","categories":[15],"tags":[97,270,333,257],"class_list":["post-3726","noticias","type-noticias","status-publish","has-post-thumbnail","hentry","category-desenvolvimento-industrial","tag-iel","tag-meio-ambiente","tag-projeto-olimpa","tag-sustentabilidade"],"acf":[],"yoast_head":"<!-- This site is optimized with the Yoast SEO plugin v26.2 - https:\/\/yoast.com\/wordpress\/plugins\/seo\/ -->\n<title>Projeto Olimpa 2025 premia empresas e renova compromisso com a sustentabilidade - IEL<\/title>\n<meta name=\"robots\" content=\"index, follow, max-snippet:-1, max-image-preview:large, max-video-preview:-1\" \/>\n<link rel=\"canonical\" href=\"https:\/\/www.fiemg.com.br\/iel\/noticias\/projeto-olimpa-2025-premia-empresas-e-renova-compromisso-com-a-sustentabilidade\/\" \/>\n<meta property=\"og:locale\" content=\"pt_BR\" \/>\n<meta property=\"og:type\" content=\"article\" \/>\n<meta property=\"og:title\" content=\"Projeto Olimpa 2025 premia empresas e renova compromisso com a sustentabilidade - IEL\" \/>\n<meta property=\"og:description\" content=\"Pouso Alegre, no Sul de Minas Gerais, recebeu, nessa quarta-feira (26\/11), a cerim\u00f4nia que marcou o encerramento da segunda edi\u00e7\u00e3o do projeto Olimpa e premiou as empresas que se destacaram no programa. A iniciativa, da Ger\u00eancia de Consultoria para Neg\u00f3cios do Instituto Euvaldo Lodi (IEL) em parceria com o SESI e integrado ao programa Alian\u00e7a [&hellip;]\" \/>\n<meta property=\"og:url\" content=\"https:\/\/www.fiemg.com.br\/iel\/noticias\/projeto-olimpa-2025-premia-empresas-e-renova-compromisso-com-a-sustentabilidade\/\" \/>\n<meta property=\"og:site_name\" content=\"IEL\" \/>\n<meta property=\"article:modified_time\" content=\"2025-11-28T17:19:03+00:00\" \/>\n<meta property=\"og:image\" content=\"https:\/\/www.fiemg.com.br\/iel\/wp-content\/uploads\/sites\/13\/2025\/11\/projeto-olimpa.jpeg\" \/>\n\t<meta property=\"og:image:width\" content=\"512\" \/>\n\t<meta property=\"og:image:height\" content=\"512\" \/>\n\t<meta property=\"og:image:type\" content=\"image\/jpeg\" \/>\n<meta name=\"twitter:card\" content=\"summary_large_image\" \/>\n<meta name=\"twitter:label1\" content=\"Est. tempo de leitura\" \/>\n\t<meta name=\"twitter:data1\" content=\"3 minutos\" \/>\n<script type=\"application\/ld+json\" class=\"yoast-schema-graph\">{\"@context\":\"https:\/\/schema.org\",\"@graph\":[{\"@type\":\"WebPage\",\"@id\":\"https:\/\/www.fiemg.com.br\/iel\/noticias\/projeto-olimpa-2025-premia-empresas-e-renova-compromisso-com-a-sustentabilidade\/\",\"url\":\"https:\/\/www.fiemg.com.br\/iel\/noticias\/projeto-olimpa-2025-premia-empresas-e-renova-compromisso-com-a-sustentabilidade\/\",\"name\":\"Projeto Olimpa 2025 premia empresas e renova compromisso com a sustentabilidade - IEL\",\"isPartOf\":{\"@id\":\"https:\/\/www.fiemg.com.br\/iel\/#website\"},\"primaryImageOfPage\":{\"@id\":\"https:\/\/www.fiemg.com.br\/iel\/noticias\/projeto-olimpa-2025-premia-empresas-e-renova-compromisso-com-a-sustentabilidade\/#primaryimage\"},\"image\":{\"@id\":\"https:\/\/www.fiemg.com.br\/iel\/noticias\/projeto-olimpa-2025-premia-empresas-e-renova-compromisso-com-a-sustentabilidade\/#primaryimage\"},\"thumbnailUrl\":\"https:\/\/www.fiemg.com.br\/iel\/wp-content\/uploads\/sites\/13\/2025\/11\/projeto-olimpa.jpeg\",\"datePublished\":\"2025-11-27T21:01:41+00:00\",\"dateModified\":\"2025-11-28T17:19:03+00:00\",\"breadcrumb\":{\"@id\":\"https:\/\/www.fiemg.com.br\/iel\/noticias\/projeto-olimpa-2025-premia-empresas-e-renova-compromisso-com-a-sustentabilidade\/#breadcrumb\"},\"inLanguage\":\"pt-BR\",\"potentialAction\":[{\"@type\":\"ReadAction\",\"target\":[\"https:\/\/www.fiemg.com.br\/iel\/noticias\/projeto-olimpa-2025-premia-empresas-e-renova-compromisso-com-a-sustentabilidade\/\"]}]},{\"@type\":\"ImageObject\",\"inLanguage\":\"pt-BR\",\"@id\":\"https:\/\/www.fiemg.com.br\/iel\/noticias\/projeto-olimpa-2025-premia-empresas-e-renova-compromisso-com-a-sustentabilidade\/#primaryimage\",\"url\":\"https:\/\/www.fiemg.com.br\/iel\/wp-content\/uploads\/sites\/13\/2025\/11\/projeto-olimpa.jpeg\",\"contentUrl\":\"https:\/\/www.fiemg.com.br\/iel\/wp-content\/uploads\/sites\/13\/2025\/11\/projeto-olimpa.jpeg\",\"width\":512,\"height\":512,\"caption\":\"Projeto Olimpa 2025 premia empresas e renova compromisso com a sustentabilidade\"},{\"@type\":\"BreadcrumbList\",\"@id\":\"https:\/\/www.fiemg.com.br\/iel\/noticias\/projeto-olimpa-2025-premia-empresas-e-renova-compromisso-com-a-sustentabilidade\/#breadcrumb\",\"itemListElement\":[{\"@type\":\"ListItem\",\"position\":1,\"name\":\"In\u00edcio\",\"item\":\"https:\/\/www.fiemg.com.br\/iel\/\"},{\"@type\":\"ListItem\",\"position\":2,\"name\":\"Projeto Olimpa 2025 premia empresas e renova compromisso com a sustentabilidade\"}]},{\"@type\":\"WebSite\",\"@id\":\"https:\/\/www.fiemg.com.br\/iel\/#website\",\"url\":\"https:\/\/www.fiemg.com.br\/iel\/\",\"name\":\"IEL\",\"description\":\"Federa\u00e7\u00e3o das Ind\u00fastrias do Estado de Minas Gerais\",\"publisher\":{\"@id\":\"https:\/\/www.fiemg.com.br\/iel\/#organization\"},\"potentialAction\":[{\"@type\":\"SearchAction\",\"target\":{\"@type\":\"EntryPoint\",\"urlTemplate\":\"https:\/\/www.fiemg.com.br\/iel\/?s={search_term_string}\"},\"query-input\":{\"@type\":\"PropertyValueSpecification\",\"valueRequired\":true,\"valueName\":\"search_term_string\"}}],\"inLanguage\":\"pt-BR\"},{\"@type\":\"Organization\",\"@id\":\"https:\/\/www.fiemg.com.br\/iel\/#organization\",\"name\":\"IEL\",\"url\":\"https:\/\/www.fiemg.com.br\/iel\/\",\"logo\":{\"@type\":\"ImageObject\",\"inLanguage\":\"pt-BR\",\"@id\":\"https:\/\/www.fiemg.com.br\/iel\/#\/schema\/logo\/image\/\",\"url\":\"https:\/\/www.fiemg.com.br\/iel\/wp-content\/uploads\/sites\/13\/2023\/02\/IEL_branco.svg\",\"contentUrl\":\"https:\/\/www.fiemg.com.br\/iel\/wp-content\/uploads\/sites\/13\/2023\/02\/IEL_branco.svg\",\"width\":103,\"height\":59,\"caption\":\"IEL\"},\"image\":{\"@id\":\"https:\/\/www.fiemg.com.br\/iel\/#\/schema\/logo\/image\/\"}}]}<\/script>\n<!-- \/ Yoast SEO plugin. -->","yoast_head_json":{"title":"Projeto Olimpa 2025 premia empresas e renova compromisso com a sustentabilidade - IEL","robots":{"index":"index","follow":"follow","max-snippet":"max-snippet:-1","max-image-preview":"max-image-preview:large","max-video-preview":"max-video-preview:-1"},"canonical":"https:\/\/www.fiemg.com.br\/iel\/noticias\/projeto-olimpa-2025-premia-empresas-e-renova-compromisso-com-a-sustentabilidade\/","og_locale":"pt_BR","og_type":"article","og_title":"Projeto Olimpa 2025 premia empresas e renova compromisso com a sustentabilidade - IEL","og_description":"Pouso Alegre, no Sul de Minas Gerais, recebeu, nessa quarta-feira (26\/11), a cerim\u00f4nia que marcou o encerramento da segunda edi\u00e7\u00e3o do projeto Olimpa e premiou as empresas que se destacaram no programa. A iniciativa, da Ger\u00eancia de Consultoria para Neg\u00f3cios do Instituto Euvaldo Lodi (IEL) em parceria com o SESI e integrado ao programa Alian\u00e7a [&hellip;]","og_url":"https:\/\/www.fiemg.com.br\/iel\/noticias\/projeto-olimpa-2025-premia-empresas-e-renova-compromisso-com-a-sustentabilidade\/","og_site_name":"IEL","article_modified_time":"2025-11-28T17:19:03+00:00","og_image":[{"width":512,"height":512,"url":"https:\/\/www.fiemg.com.br\/iel\/wp-content\/uploads\/sites\/13\/2025\/11\/projeto-olimpa.jpeg","type":"image\/jpeg"}],"twitter_card":"summary_large_image","twitter_misc":{"Est. tempo de leitura":"3 minutos"},"schema":{"@context":"https:\/\/schema.org","@graph":[{"@type":"WebPage","@id":"https:\/\/www.fiemg.com.br\/iel\/noticias\/projeto-olimpa-2025-premia-empresas-e-renova-compromisso-com-a-sustentabilidade\/","url":"https:\/\/www.fiemg.com.br\/iel\/noticias\/projeto-olimpa-2025-premia-empresas-e-renova-compromisso-com-a-sustentabilidade\/","name":"Projeto Olimpa 2025 premia empresas e renova compromisso com a sustentabilidade - IEL","isPartOf":{"@id":"https:\/\/www.fiemg.com.br\/iel\/#website"},"primaryImageOfPage":{"@id":"https:\/\/www.fiemg.com.br\/iel\/noticias\/projeto-olimpa-2025-premia-empresas-e-renova-compromisso-com-a-sustentabilidade\/#primaryimage"},"image":{"@id":"https:\/\/www.fiemg.com.br\/iel\/noticias\/projeto-olimpa-2025-premia-empresas-e-renova-compromisso-com-a-sustentabilidade\/#primaryimage"},"thumbnailUrl":"https:\/\/www.fiemg.com.br\/iel\/wp-content\/uploads\/sites\/13\/2025\/11\/projeto-olimpa.jpeg","datePublished":"2025-11-27T21:01:41+00:00","dateModified":"2025-11-28T17:19:03+00:00","breadcrumb":{"@id":"https:\/\/www.fiemg.com.br\/iel\/noticias\/projeto-olimpa-2025-premia-empresas-e-renova-compromisso-com-a-sustentabilidade\/#breadcrumb"},"inLanguage":"pt-BR","potentialAction":[{"@type":"ReadAction","target":["https:\/\/www.fiemg.com.br\/iel\/noticias\/projeto-olimpa-2025-premia-empresas-e-renova-compromisso-com-a-sustentabilidade\/"]}]},{"@type":"ImageObject","inLanguage":"pt-BR","@id":"https:\/\/www.fiemg.com.br\/iel\/noticias\/projeto-olimpa-2025-premia-empresas-e-renova-compromisso-com-a-sustentabilidade\/#primaryimage","url":"https:\/\/www.fiemg.com.br\/iel\/wp-content\/uploads\/sites\/13\/2025\/11\/projeto-olimpa.jpeg","contentUrl":"https:\/\/www.fiemg.com.br\/iel\/wp-content\/uploads\/sites\/13\/2025\/11\/projeto-olimpa.jpeg","width":512,"height":512,"caption":"Projeto Olimpa 2025 premia empresas e renova compromisso com a sustentabilidade"},{"@type":"BreadcrumbList","@id":"https:\/\/www.fiemg.com.br\/iel\/noticias\/projeto-olimpa-2025-premia-empresas-e-renova-compromisso-com-a-sustentabilidade\/#breadcrumb","itemListElement":[{"@type":"ListItem","position":1,"name":"In\u00edcio","item":"https:\/\/www.fiemg.com.br\/iel\/"},{"@type":"ListItem","position":2,"name":"Projeto Olimpa 2025 premia empresas e renova compromisso com a sustentabilidade"}]},{"@type":"WebSite","@id":"https:\/\/www.fiemg.com.br\/iel\/#website","url":"https:\/\/www.fiemg.com.br\/iel\/","name":"IEL","description":"Federa\u00e7\u00e3o das Ind\u00fastrias do Estado de Minas Gerais","publisher":{"@id":"https:\/\/www.fiemg.com.br\/iel\/#organization"},"potentialAction":[{"@type":"SearchAction","target":{"@type":"EntryPoint","urlTemplate":"https:\/\/www.fiemg.com.br\/iel\/?s={search_term_string}"},"query-input":{"@type":"PropertyValueSpecification","valueRequired":true,"valueName":"search_term_string"}}],"inLanguage":"pt-BR"},{"@type":"Organization","@id":"https:\/\/www.fiemg.com.br\/iel\/#organization","name":"IEL","url":"https:\/\/www.fiemg.com.br\/iel\/","logo":{"@type":"ImageObject","inLanguage":"pt-BR","@id":"https:\/\/www.fiemg.com.br\/iel\/#\/schema\/logo\/image\/","url":"https:\/\/www.fiemg.com.br\/iel\/wp-content\/uploads\/sites\/13\/2023\/02\/IEL_branco.svg","contentUrl":"https:\/\/www.fiemg.com.br\/iel\/wp-content\/uploads\/sites\/13\/2023\/02\/IEL_branco.svg","width":103,"height":59,"caption":"IEL"},"image":{"@id":"https:\/\/www.fiemg.com.br\/iel\/#\/schema\/logo\/image\/"}}]}},"_links":{"self":[{"href":"https:\/\/www.fiemg.com.br\/iel\/wp-json\/wp\/v2\/noticias\/3726","targetHints":{"allow":["GET"]}}],"collection":[{"href":"https:\/\/www.fiemg.com.br\/iel\/wp-json\/wp\/v2\/noticias"}],"about":[{"href":"https:\/\/www.fiemg.com.br\/iel\/wp-json\/wp\/v2\/types\/noticias"}],"wp:featuredmedia":[{"embeddable":true,"href":"https:\/\/www.fiemg.com.br\/iel\/wp-json\/wp\/v2\/media\/3727"}],"wp:attachment":[{"href":"https:\/\/www.fiemg.com.br\/iel\/wp-json\/wp\/v2\/media?parent=3726"}],"wp:term":[{"taxonomy":"category","embeddable":true,"href":"https:\/\/www.fiemg.com.br\/iel\/wp-json\/wp\/v2\/categories?post=3726"},{"taxonomy":"post_tag","embeddable":true,"href":"https:\/\/www.fiemg.com.br\/iel\/wp-json\/wp\/v2\/tags?post=3726"}],"curies":[{"name":"wp","href":"https:\/\/api.w.org\/{rel}","templated":true}]}}