{"id":3808,"date":"2026-03-10T17:57:04","date_gmt":"2026-03-10T20:57:04","guid":{"rendered":"https:\/\/www.fiemg.com.br\/iel\/noticias\/imersao-industria-2026-abre-vendas-de-ingressos-com-desconto\/"},"modified":"2026-03-10T17:57:12","modified_gmt":"2026-03-10T20:57:12","slug":"imersao-industria-2026-abre-vendas-de-ingressos-com-desconto","status":"publish","type":"noticias","link":"https:\/\/www.fiemg.com.br\/iel\/noticias\/imersao-industria-2026-abre-vendas-de-ingressos-com-desconto\/","title":{"rendered":"Imers\u00e3o Ind\u00fastria 2026 abre vendas de ingressos com desconto"},"content":{"rendered":"\n<p>Vem a\u00ed a 8\u00aa edi\u00e7\u00e3o do Imers\u00e3o Ind\u00fastria. O principal evento do setor produtivo de Minas Gerais ser\u00e1 realizado nos dias 23 e 24 de abril, no BH Shopping, em Belo Horizonte. Os ingressos, incluindo o passaporte com desconto para os dois dias de programa\u00e7\u00e3o, j\u00e1 est\u00e3o dispon\u00edveis para compra <a href=\"https:\/\/www.fiemg.com.br\/imersao-industria\/\" target=\"_blank\" rel=\"noreferrer noopener\"><strong>neste link<\/strong><\/a>.<\/p>\n\n\n\n<p>Neste ano, o evento tem como tema central a campanha \u201cCusto Brasil. Quando a Ind\u00fastria trava, o Brasil trava\u201d, da Confedera\u00e7\u00e3o Nacional da Ind\u00fastria (CNI). O objetivo \u00e9 fomentar o debate sobre temas essenciais para o futuro da ind\u00fastria, como energia, meio ambiente, inova\u00e7\u00e3o, tecnologia, capital humano e rela\u00e7\u00f5es do trabalho, al\u00e9m de proporcionar aos participantes oportunidades de networking, troca de experi\u00eancias e gera\u00e7\u00e3o de novos neg\u00f3cios e parcerias.<\/p>\n\n\n\n<p>Al\u00e9m das palestras e pain\u00e9is, o evento tamb\u00e9m contar\u00e1 com espa\u00e7os de experimenta\u00e7\u00e3o de marcas, nos quais o p\u00fablico poder\u00e1 interagir com solu\u00e7\u00f5es e tecnologias voltadas ao setor produtivo. A programa\u00e7\u00e3o inclui ainda ambientes de coworking e colabora\u00e7\u00e3o, que incentivam a troca de ideias e o fortalecimento de conex\u00f5es entre empresas e profissionais.<\/p>\n\n\n\n<p>O Imers\u00e3o Ind\u00fastria \u00e9 uma realiza\u00e7\u00e3o da FIEMG, do SESI, do SENAI e do IEL.<\/p>\n\n\n\n<p>Clique <a href=\"https:\/\/www.fiemg.com.br\/imersao-industria\/\"><strong>aqui<\/strong><\/a> e confira mais informa\u00e7\u00f5es.<br><br><em>Rafael Passos<br><\/em><strong>Imprensa FIEMG<\/strong><\/p>\n\n\n\n<p><\/p>\n","protected":false},"featured_media":3809,"template":"","categories":[15],"tags":[232,119,99,398],"class_list":["post-3808","noticias","type-noticias","status-publish","has-post-thumbnail","hentry","category-desenvolvimento-industrial","tag-evento","tag-imersao-industria","tag-industria","tag-ingressos"],"acf":[],"yoast_head":"<!-- This site is optimized with the Yoast SEO plugin v26.2 - https:\/\/yoast.com\/wordpress\/plugins\/seo\/ -->\n<title>Imers\u00e3o Ind\u00fastria 2026 abre vendas de ingressos com desconto - IEL<\/title>\n<meta name=\"description\" content=\"Principal evento do setor produtivo ser\u00e1 realizado nos dias 23 e 24 de abril, no BH Shopping, em Belo Horizonte\" \/>\n<meta name=\"robots\" content=\"index, follow, max-snippet:-1, max-image-preview:large, max-video-preview:-1\" \/>\n<link rel=\"canonical\" href=\"https:\/\/www.fiemg.com.br\/iel\/noticias\/imersao-industria-2026-abre-vendas-de-ingressos-com-desconto\/\" \/>\n<meta property=\"og:locale\" content=\"pt_BR\" \/>\n<meta property=\"og:type\" content=\"article\" \/>\n<meta property=\"og:title\" content=\"Imers\u00e3o Ind\u00fastria 2026 abre vendas de ingressos com desconto - IEL\" \/>\n<meta property=\"og:description\" content=\"Principal evento do setor produtivo ser\u00e1 realizado nos dias 23 e 24 de abril, no BH Shopping, em Belo Horizonte\" \/>\n<meta property=\"og:url\" content=\"https:\/\/www.fiemg.com.br\/iel\/noticias\/imersao-industria-2026-abre-vendas-de-ingressos-com-desconto\/\" \/>\n<meta property=\"og:site_name\" content=\"IEL\" \/>\n<meta property=\"article:modified_time\" content=\"2026-03-10T20:57:12+00:00\" \/>\n<meta property=\"og:image\" content=\"https:\/\/www.fiemg.com.br\/iel\/wp-content\/uploads\/sites\/13\/2026\/03\/imerso-industria-thumb_1.png.jpeg\" \/>\n\t<meta property=\"og:image:width\" content=\"512\" \/>\n\t<meta property=\"og:image:height\" content=\"512\" \/>\n\t<meta property=\"og:image:type\" content=\"image\/jpeg\" \/>\n<meta name=\"twitter:card\" content=\"summary_large_image\" \/>\n<meta name=\"twitter:label1\" content=\"Est. tempo de leitura\" \/>\n\t<meta name=\"twitter:data1\" content=\"2 minutos\" \/>\n<script type=\"application\/ld+json\" class=\"yoast-schema-graph\">{\"@context\":\"https:\/\/schema.org\",\"@graph\":[{\"@type\":\"WebPage\",\"@id\":\"https:\/\/www.fiemg.com.br\/iel\/noticias\/imersao-industria-2026-abre-vendas-de-ingressos-com-desconto\/\",\"url\":\"https:\/\/www.fiemg.com.br\/iel\/noticias\/imersao-industria-2026-abre-vendas-de-ingressos-com-desconto\/\",\"name\":\"Imers\u00e3o Ind\u00fastria 2026 abre vendas de ingressos com desconto - IEL\",\"isPartOf\":{\"@id\":\"https:\/\/www.fiemg.com.br\/iel\/#website\"},\"primaryImageOfPage\":{\"@id\":\"https:\/\/www.fiemg.com.br\/iel\/noticias\/imersao-industria-2026-abre-vendas-de-ingressos-com-desconto\/#primaryimage\"},\"image\":{\"@id\":\"https:\/\/www.fiemg.com.br\/iel\/noticias\/imersao-industria-2026-abre-vendas-de-ingressos-com-desconto\/#primaryimage\"},\"thumbnailUrl\":\"https:\/\/www.fiemg.com.br\/iel\/wp-content\/uploads\/sites\/13\/2026\/03\/imerso-industria-thumb_1.png.jpeg\",\"datePublished\":\"2026-03-10T20:57:04+00:00\",\"dateModified\":\"2026-03-10T20:57:12+00:00\",\"description\":\"Principal evento do setor produtivo ser\u00e1 realizado nos dias 23 e 24 de abril, no BH Shopping, em Belo Horizonte\",\"breadcrumb\":{\"@id\":\"https:\/\/www.fiemg.com.br\/iel\/noticias\/imersao-industria-2026-abre-vendas-de-ingressos-com-desconto\/#breadcrumb\"},\"inLanguage\":\"pt-BR\",\"potentialAction\":[{\"@type\":\"ReadAction\",\"target\":[\"https:\/\/www.fiemg.com.br\/iel\/noticias\/imersao-industria-2026-abre-vendas-de-ingressos-com-desconto\/\"]}]},{\"@type\":\"ImageObject\",\"inLanguage\":\"pt-BR\",\"@id\":\"https:\/\/www.fiemg.com.br\/iel\/noticias\/imersao-industria-2026-abre-vendas-de-ingressos-com-desconto\/#primaryimage\",\"url\":\"https:\/\/www.fiemg.com.br\/iel\/wp-content\/uploads\/sites\/13\/2026\/03\/imerso-industria-thumb_1.png.jpeg\",\"contentUrl\":\"https:\/\/www.fiemg.com.br\/iel\/wp-content\/uploads\/sites\/13\/2026\/03\/imerso-industria-thumb_1.png.jpeg\",\"width\":512,\"height\":512,\"caption\":\"Imers\u00e3o Ind\u00fastria 2026 abre vendas de ingressos com desconto\"},{\"@type\":\"BreadcrumbList\",\"@id\":\"https:\/\/www.fiemg.com.br\/iel\/noticias\/imersao-industria-2026-abre-vendas-de-ingressos-com-desconto\/#breadcrumb\",\"itemListElement\":[{\"@type\":\"ListItem\",\"position\":1,\"name\":\"In\u00edcio\",\"item\":\"https:\/\/www.fiemg.com.br\/iel\/\"},{\"@type\":\"ListItem\",\"position\":2,\"name\":\"Imers\u00e3o Ind\u00fastria 2026 abre vendas de ingressos com desconto\"}]},{\"@type\":\"WebSite\",\"@id\":\"https:\/\/www.fiemg.com.br\/iel\/#website\",\"url\":\"https:\/\/www.fiemg.com.br\/iel\/\",\"name\":\"IEL\",\"description\":\"Federa\u00e7\u00e3o das Ind\u00fastrias do Estado de Minas Gerais\",\"publisher\":{\"@id\":\"https:\/\/www.fiemg.com.br\/iel\/#organization\"},\"potentialAction\":[{\"@type\":\"SearchAction\",\"target\":{\"@type\":\"EntryPoint\",\"urlTemplate\":\"https:\/\/www.fiemg.com.br\/iel\/?s={search_term_string}\"},\"query-input\":{\"@type\":\"PropertyValueSpecification\",\"valueRequired\":true,\"valueName\":\"search_term_string\"}}],\"inLanguage\":\"pt-BR\"},{\"@type\":\"Organization\",\"@id\":\"https:\/\/www.fiemg.com.br\/iel\/#organization\",\"name\":\"IEL\",\"url\":\"https:\/\/www.fiemg.com.br\/iel\/\",\"logo\":{\"@type\":\"ImageObject\",\"inLanguage\":\"pt-BR\",\"@id\":\"https:\/\/www.fiemg.com.br\/iel\/#\/schema\/logo\/image\/\",\"url\":\"https:\/\/www.fiemg.com.br\/iel\/wp-content\/uploads\/sites\/13\/2023\/02\/IEL_branco.svg\",\"contentUrl\":\"https:\/\/www.fiemg.com.br\/iel\/wp-content\/uploads\/sites\/13\/2023\/02\/IEL_branco.svg\",\"width\":103,\"height\":59,\"caption\":\"IEL\"},\"image\":{\"@id\":\"https:\/\/www.fiemg.com.br\/iel\/#\/schema\/logo\/image\/\"}}]}<\/script>\n<!-- \/ Yoast SEO plugin. -->","yoast_head_json":{"title":"Imers\u00e3o Ind\u00fastria 2026 abre vendas de ingressos com desconto - IEL","description":"Principal evento do setor produtivo ser\u00e1 realizado nos dias 23 e 24 de abril, no BH Shopping, em Belo Horizonte","robots":{"index":"index","follow":"follow","max-snippet":"max-snippet:-1","max-image-preview":"max-image-preview:large","max-video-preview":"max-video-preview:-1"},"canonical":"https:\/\/www.fiemg.com.br\/iel\/noticias\/imersao-industria-2026-abre-vendas-de-ingressos-com-desconto\/","og_locale":"pt_BR","og_type":"article","og_title":"Imers\u00e3o Ind\u00fastria 2026 abre vendas de ingressos com desconto - IEL","og_description":"Principal evento do setor produtivo ser\u00e1 realizado nos dias 23 e 24 de abril, no BH Shopping, em Belo Horizonte","og_url":"https:\/\/www.fiemg.com.br\/iel\/noticias\/imersao-industria-2026-abre-vendas-de-ingressos-com-desconto\/","og_site_name":"IEL","article_modified_time":"2026-03-10T20:57:12+00:00","og_image":[{"width":512,"height":512,"url":"https:\/\/www.fiemg.com.br\/iel\/wp-content\/uploads\/sites\/13\/2026\/03\/imerso-industria-thumb_1.png.jpeg","type":"image\/jpeg"}],"twitter_card":"summary_large_image","twitter_misc":{"Est. tempo de leitura":"2 minutos"},"schema":{"@context":"https:\/\/schema.org","@graph":[{"@type":"WebPage","@id":"https:\/\/www.fiemg.com.br\/iel\/noticias\/imersao-industria-2026-abre-vendas-de-ingressos-com-desconto\/","url":"https:\/\/www.fiemg.com.br\/iel\/noticias\/imersao-industria-2026-abre-vendas-de-ingressos-com-desconto\/","name":"Imers\u00e3o Ind\u00fastria 2026 abre vendas de ingressos com desconto - IEL","isPartOf":{"@id":"https:\/\/www.fiemg.com.br\/iel\/#website"},"primaryImageOfPage":{"@id":"https:\/\/www.fiemg.com.br\/iel\/noticias\/imersao-industria-2026-abre-vendas-de-ingressos-com-desconto\/#primaryimage"},"image":{"@id":"https:\/\/www.fiemg.com.br\/iel\/noticias\/imersao-industria-2026-abre-vendas-de-ingressos-com-desconto\/#primaryimage"},"thumbnailUrl":"https:\/\/www.fiemg.com.br\/iel\/wp-content\/uploads\/sites\/13\/2026\/03\/imerso-industria-thumb_1.png.jpeg","datePublished":"2026-03-10T20:57:04+00:00","dateModified":"2026-03-10T20:57:12+00:00","description":"Principal evento do setor produtivo ser\u00e1 realizado nos dias 23 e 24 de abril, no BH Shopping, em Belo Horizonte","breadcrumb":{"@id":"https:\/\/www.fiemg.com.br\/iel\/noticias\/imersao-industria-2026-abre-vendas-de-ingressos-com-desconto\/#breadcrumb"},"inLanguage":"pt-BR","potentialAction":[{"@type":"ReadAction","target":["https:\/\/www.fiemg.com.br\/iel\/noticias\/imersao-industria-2026-abre-vendas-de-ingressos-com-desconto\/"]}]},{"@type":"ImageObject","inLanguage":"pt-BR","@id":"https:\/\/www.fiemg.com.br\/iel\/noticias\/imersao-industria-2026-abre-vendas-de-ingressos-com-desconto\/#primaryimage","url":"https:\/\/www.fiemg.com.br\/iel\/wp-content\/uploads\/sites\/13\/2026\/03\/imerso-industria-thumb_1.png.jpeg","contentUrl":"https:\/\/www.fiemg.com.br\/iel\/wp-content\/uploads\/sites\/13\/2026\/03\/imerso-industria-thumb_1.png.jpeg","width":512,"height":512,"caption":"Imers\u00e3o Ind\u00fastria 2026 abre vendas de ingressos com desconto"},{"@type":"BreadcrumbList","@id":"https:\/\/www.fiemg.com.br\/iel\/noticias\/imersao-industria-2026-abre-vendas-de-ingressos-com-desconto\/#breadcrumb","itemListElement":[{"@type":"ListItem","position":1,"name":"In\u00edcio","item":"https:\/\/www.fiemg.com.br\/iel\/"},{"@type":"ListItem","position":2,"name":"Imers\u00e3o Ind\u00fastria 2026 abre vendas de ingressos com desconto"}]},{"@type":"WebSite","@id":"https:\/\/www.fiemg.com.br\/iel\/#website","url":"https:\/\/www.fiemg.com.br\/iel\/","name":"IEL","description":"Federa\u00e7\u00e3o das Ind\u00fastrias do Estado de Minas Gerais","publisher":{"@id":"https:\/\/www.fiemg.com.br\/iel\/#organization"},"potentialAction":[{"@type":"SearchAction","target":{"@type":"EntryPoint","urlTemplate":"https:\/\/www.fiemg.com.br\/iel\/?s={search_term_string}"},"query-input":{"@type":"PropertyValueSpecification","valueRequired":true,"valueName":"search_term_string"}}],"inLanguage":"pt-BR"},{"@type":"Organization","@id":"https:\/\/www.fiemg.com.br\/iel\/#organization","name":"IEL","url":"https:\/\/www.fiemg.com.br\/iel\/","logo":{"@type":"ImageObject","inLanguage":"pt-BR","@id":"https:\/\/www.fiemg.com.br\/iel\/#\/schema\/logo\/image\/","url":"https:\/\/www.fiemg.com.br\/iel\/wp-content\/uploads\/sites\/13\/2023\/02\/IEL_branco.svg","contentUrl":"https:\/\/www.fiemg.com.br\/iel\/wp-content\/uploads\/sites\/13\/2023\/02\/IEL_branco.svg","width":103,"height":59,"caption":"IEL"},"image":{"@id":"https:\/\/www.fiemg.com.br\/iel\/#\/schema\/logo\/image\/"}}]}},"_links":{"self":[{"href":"https:\/\/www.fiemg.com.br\/iel\/wp-json\/wp\/v2\/noticias\/3808","targetHints":{"allow":["GET"]}}],"collection":[{"href":"https:\/\/www.fiemg.com.br\/iel\/wp-json\/wp\/v2\/noticias"}],"about":[{"href":"https:\/\/www.fiemg.com.br\/iel\/wp-json\/wp\/v2\/types\/noticias"}],"wp:featuredmedia":[{"embeddable":true,"href":"https:\/\/www.fiemg.com.br\/iel\/wp-json\/wp\/v2\/media\/3809"}],"wp:attachment":[{"href":"https:\/\/www.fiemg.com.br\/iel\/wp-json\/wp\/v2\/media?parent=3808"}],"wp:term":[{"taxonomy":"category","embeddable":true,"href":"https:\/\/www.fiemg.com.br\/iel\/wp-json\/wp\/v2\/categories?post=3808"},{"taxonomy":"post_tag","embeddable":true,"href":"https:\/\/www.fiemg.com.br\/iel\/wp-json\/wp\/v2\/tags?post=3808"}],"curies":[{"name":"wp","href":"https:\/\/api.w.org\/{rel}","templated":true}]}}