{"id":3814,"date":"2026-03-17T08:59:50","date_gmt":"2026-03-17T11:59:50","guid":{"rendered":"https:\/\/www.fiemg.com.br\/iel\/noticias\/iel-minas-promove-evento-sobre-carreira-internacional-para-jovens-em-belo-horizonte\/"},"modified":"2026-03-17T09:00:36","modified_gmt":"2026-03-17T12:00:36","slug":"iel-minas-promove-evento-sobre-carreira-internacional-para-jovens-em-belo-horizonte","status":"publish","type":"noticias","link":"https:\/\/www.fiemg.com.br\/iel\/noticias\/iel-minas-promove-evento-sobre-carreira-internacional-para-jovens-em-belo-horizonte\/","title":{"rendered":"IEL Minas promove evento sobre carreira internacional para jovens em Belo Horizonte"},"content":{"rendered":"\n<p>O Instituto Euvaldo Lodi (IEL Minas) realiza, no dia 8 de abril, em Belo Horizonte, o Hub de Carreiras Experience, evento voltado \u00e0 orienta\u00e7\u00e3o profissional de jovens e ao debate sobre as transforma\u00e7\u00f5es do mercado de trabalho. Nesta edi\u00e7\u00e3o, o encontro ter\u00e1 como tema \u201cCarreira internacional: caminhos, desafios e oportunidades\u201d.<\/p>\n\n\n\n<p>A programa\u00e7\u00e3o ser\u00e1 realizada das 12h30 \u00e0s 17h, no estacionamento do BH Shopping, com expectativa de reunir cerca de 360 participantes, entre estudantes universit\u00e1rios, jovens rec\u00e9m-formados e interessados em iniciar uma trajet\u00f3ria profissional com foco no exterior.<\/p>\n\n\n\n<p>O evento contar\u00e1 com palestras e painel com especialistas que atuam em mobilidade acad\u00eamica, forma\u00e7\u00e3o internacional e desenvolvimento de carreiras globais. Entre os convidados est\u00e3o representantes da SKEMA Business School, que ir\u00e3o abordar oportunidades de forma\u00e7\u00e3o fora do pa\u00eds, e da ag\u00eancia de interc\u00e2mbio&nbsp; Intervip, com orienta\u00e7\u00f5es sobre os principais caminhos de internacionaliza\u00e7\u00e3o para jovens.<\/p>\n\n\n\n<p>Al\u00e9m do conte\u00fado t\u00e9cnico, o Hub de Carreiras Experience tamb\u00e9m prev\u00ea momentos de intera\u00e7\u00e3o entre os participantes, networking e visita\u00e7\u00e3o aos estandes, favorecendo a troca de experi\u00eancias e o contato com institui\u00e7\u00f5es que atuam na forma\u00e7\u00e3o e inser\u00e7\u00e3o de talentos no cen\u00e1rio internacional.<\/p>\n\n\n\n<p>As inscri\u00e7\u00f5es ser\u00e3o realizadas pela plataforma Sympla, e os participantes receber\u00e3o certificado digital emitido pela plataforma CertifikEdu. O Hub de Carreiras Experience \u00e9 realizado pelo Sistema FIEMG, em parceria com a SKEMA Business School.<\/p>\n\n\n\n<p><strong>Servi\u00e7o<\/strong><br>Hub de Carreiras Experience<br><strong>Tema<\/strong>: Carreira internacional: caminhos, desafios e oportunidades<br><strong>Data<\/strong>: 8 de abril de 2026<br><strong>Hor\u00e1rio<\/strong>: 12h30 \u00e0s 17h<br><strong>Local<\/strong>: BH Shopping \u2013 Piso Ouro Preto (BR-356, 3049, Belvedere \u2013 Belo Horizonte \u2013 MG)<br><strong>Inscri\u00e7\u00f5es<\/strong>: Clique <a href=\"https:\/\/www.sympla.com.br\/evento\/iel-hub-de-carreiras-experience\/3335966?referrer=www.google.com&amp;referrer=www.google.com\">aqui<\/a> para se inscrever<\/p>\n\n\n\n<p><strong>Imprensa FIEMG<\/strong><\/p>\n","protected":false},"featured_media":3815,"template":"","categories":[15],"tags":[91,97],"class_list":["post-3814","noticias","type-noticias","status-publish","has-post-thumbnail","hentry","category-desenvolvimento-industrial","tag-fiemg","tag-iel"],"acf":[],"yoast_head":"<!-- This site is optimized with the Yoast SEO plugin v26.2 - https:\/\/yoast.com\/wordpress\/plugins\/seo\/ -->\n<title>IEL Minas promove evento sobre carreira internacional para jovens em Belo Horizonte - IEL<\/title>\n<meta name=\"description\" content=\"Hub de Carreiras Experience re\u00fane especialistas para orientar estudantes sobre oportunidades, desafios e forma\u00e7\u00e3o no exterior\" \/>\n<meta name=\"robots\" content=\"index, follow, max-snippet:-1, max-image-preview:large, max-video-preview:-1\" \/>\n<link rel=\"canonical\" href=\"https:\/\/www.fiemg.com.br\/iel\/noticias\/iel-minas-promove-evento-sobre-carreira-internacional-para-jovens-em-belo-horizonte\/\" \/>\n<meta property=\"og:locale\" content=\"pt_BR\" \/>\n<meta property=\"og:type\" content=\"article\" \/>\n<meta property=\"og:title\" content=\"IEL Minas promove evento sobre carreira internacional para jovens em Belo Horizonte - IEL\" \/>\n<meta property=\"og:description\" content=\"Hub de Carreiras Experience re\u00fane especialistas para orientar estudantes sobre oportunidades, desafios e forma\u00e7\u00e3o no exterior\" \/>\n<meta property=\"og:url\" content=\"https:\/\/www.fiemg.com.br\/iel\/noticias\/iel-minas-promove-evento-sobre-carreira-internacional-para-jovens-em-belo-horizonte\/\" \/>\n<meta property=\"og:site_name\" content=\"IEL\" \/>\n<meta property=\"article:modified_time\" content=\"2026-03-17T12:00:36+00:00\" \/>\n<meta property=\"og:image\" content=\"https:\/\/www.fiemg.com.br\/iel\/wp-content\/uploads\/sites\/13\/2026\/03\/Thumb-1-1.png\" \/>\n\t<meta property=\"og:image:width\" content=\"512\" \/>\n\t<meta property=\"og:image:height\" content=\"512\" \/>\n\t<meta property=\"og:image:type\" content=\"image\/png\" \/>\n<meta name=\"twitter:card\" content=\"summary_large_image\" \/>\n<meta name=\"twitter:label1\" content=\"Est. tempo de leitura\" \/>\n\t<meta name=\"twitter:data1\" content=\"2 minutos\" \/>\n<script type=\"application\/ld+json\" class=\"yoast-schema-graph\">{\"@context\":\"https:\/\/schema.org\",\"@graph\":[{\"@type\":\"WebPage\",\"@id\":\"https:\/\/www.fiemg.com.br\/iel\/noticias\/iel-minas-promove-evento-sobre-carreira-internacional-para-jovens-em-belo-horizonte\/\",\"url\":\"https:\/\/www.fiemg.com.br\/iel\/noticias\/iel-minas-promove-evento-sobre-carreira-internacional-para-jovens-em-belo-horizonte\/\",\"name\":\"IEL Minas promove evento sobre carreira internacional para jovens em Belo Horizonte - IEL\",\"isPartOf\":{\"@id\":\"https:\/\/www.fiemg.com.br\/iel\/#website\"},\"primaryImageOfPage\":{\"@id\":\"https:\/\/www.fiemg.com.br\/iel\/noticias\/iel-minas-promove-evento-sobre-carreira-internacional-para-jovens-em-belo-horizonte\/#primaryimage\"},\"image\":{\"@id\":\"https:\/\/www.fiemg.com.br\/iel\/noticias\/iel-minas-promove-evento-sobre-carreira-internacional-para-jovens-em-belo-horizonte\/#primaryimage\"},\"thumbnailUrl\":\"https:\/\/www.fiemg.com.br\/iel\/wp-content\/uploads\/sites\/13\/2026\/03\/Thumb-1-1.png\",\"datePublished\":\"2026-03-17T11:59:50+00:00\",\"dateModified\":\"2026-03-17T12:00:36+00:00\",\"description\":\"Hub de Carreiras Experience re\u00fane especialistas para orientar estudantes sobre oportunidades, desafios e forma\u00e7\u00e3o no exterior\",\"breadcrumb\":{\"@id\":\"https:\/\/www.fiemg.com.br\/iel\/noticias\/iel-minas-promove-evento-sobre-carreira-internacional-para-jovens-em-belo-horizonte\/#breadcrumb\"},\"inLanguage\":\"pt-BR\",\"potentialAction\":[{\"@type\":\"ReadAction\",\"target\":[\"https:\/\/www.fiemg.com.br\/iel\/noticias\/iel-minas-promove-evento-sobre-carreira-internacional-para-jovens-em-belo-horizonte\/\"]}]},{\"@type\":\"ImageObject\",\"inLanguage\":\"pt-BR\",\"@id\":\"https:\/\/www.fiemg.com.br\/iel\/noticias\/iel-minas-promove-evento-sobre-carreira-internacional-para-jovens-em-belo-horizonte\/#primaryimage\",\"url\":\"https:\/\/www.fiemg.com.br\/iel\/wp-content\/uploads\/sites\/13\/2026\/03\/Thumb-1-1.png\",\"contentUrl\":\"https:\/\/www.fiemg.com.br\/iel\/wp-content\/uploads\/sites\/13\/2026\/03\/Thumb-1-1.png\",\"width\":512,\"height\":512},{\"@type\":\"BreadcrumbList\",\"@id\":\"https:\/\/www.fiemg.com.br\/iel\/noticias\/iel-minas-promove-evento-sobre-carreira-internacional-para-jovens-em-belo-horizonte\/#breadcrumb\",\"itemListElement\":[{\"@type\":\"ListItem\",\"position\":1,\"name\":\"In\u00edcio\",\"item\":\"https:\/\/www.fiemg.com.br\/iel\/\"},{\"@type\":\"ListItem\",\"position\":2,\"name\":\"IEL Minas promove evento sobre carreira internacional para jovens em Belo Horizonte\"}]},{\"@type\":\"WebSite\",\"@id\":\"https:\/\/www.fiemg.com.br\/iel\/#website\",\"url\":\"https:\/\/www.fiemg.com.br\/iel\/\",\"name\":\"IEL\",\"description\":\"Federa\u00e7\u00e3o das Ind\u00fastrias do Estado de Minas Gerais\",\"publisher\":{\"@id\":\"https:\/\/www.fiemg.com.br\/iel\/#organization\"},\"potentialAction\":[{\"@type\":\"SearchAction\",\"target\":{\"@type\":\"EntryPoint\",\"urlTemplate\":\"https:\/\/www.fiemg.com.br\/iel\/?s={search_term_string}\"},\"query-input\":{\"@type\":\"PropertyValueSpecification\",\"valueRequired\":true,\"valueName\":\"search_term_string\"}}],\"inLanguage\":\"pt-BR\"},{\"@type\":\"Organization\",\"@id\":\"https:\/\/www.fiemg.com.br\/iel\/#organization\",\"name\":\"IEL\",\"url\":\"https:\/\/www.fiemg.com.br\/iel\/\",\"logo\":{\"@type\":\"ImageObject\",\"inLanguage\":\"pt-BR\",\"@id\":\"https:\/\/www.fiemg.com.br\/iel\/#\/schema\/logo\/image\/\",\"url\":\"https:\/\/www.fiemg.com.br\/iel\/wp-content\/uploads\/sites\/13\/2023\/02\/IEL_branco.svg\",\"contentUrl\":\"https:\/\/www.fiemg.com.br\/iel\/wp-content\/uploads\/sites\/13\/2023\/02\/IEL_branco.svg\",\"width\":103,\"height\":59,\"caption\":\"IEL\"},\"image\":{\"@id\":\"https:\/\/www.fiemg.com.br\/iel\/#\/schema\/logo\/image\/\"}}]}<\/script>\n<!-- \/ Yoast SEO plugin. -->","yoast_head_json":{"title":"IEL Minas promove evento sobre carreira internacional para jovens em Belo Horizonte - IEL","description":"Hub de Carreiras Experience re\u00fane especialistas para orientar estudantes sobre oportunidades, desafios e forma\u00e7\u00e3o no exterior","robots":{"index":"index","follow":"follow","max-snippet":"max-snippet:-1","max-image-preview":"max-image-preview:large","max-video-preview":"max-video-preview:-1"},"canonical":"https:\/\/www.fiemg.com.br\/iel\/noticias\/iel-minas-promove-evento-sobre-carreira-internacional-para-jovens-em-belo-horizonte\/","og_locale":"pt_BR","og_type":"article","og_title":"IEL Minas promove evento sobre carreira internacional para jovens em Belo Horizonte - IEL","og_description":"Hub de Carreiras Experience re\u00fane especialistas para orientar estudantes sobre oportunidades, desafios e forma\u00e7\u00e3o no exterior","og_url":"https:\/\/www.fiemg.com.br\/iel\/noticias\/iel-minas-promove-evento-sobre-carreira-internacional-para-jovens-em-belo-horizonte\/","og_site_name":"IEL","article_modified_time":"2026-03-17T12:00:36+00:00","og_image":[{"width":512,"height":512,"url":"https:\/\/www.fiemg.com.br\/iel\/wp-content\/uploads\/sites\/13\/2026\/03\/Thumb-1-1.png","type":"image\/png"}],"twitter_card":"summary_large_image","twitter_misc":{"Est. tempo de leitura":"2 minutos"},"schema":{"@context":"https:\/\/schema.org","@graph":[{"@type":"WebPage","@id":"https:\/\/www.fiemg.com.br\/iel\/noticias\/iel-minas-promove-evento-sobre-carreira-internacional-para-jovens-em-belo-horizonte\/","url":"https:\/\/www.fiemg.com.br\/iel\/noticias\/iel-minas-promove-evento-sobre-carreira-internacional-para-jovens-em-belo-horizonte\/","name":"IEL Minas promove evento sobre carreira internacional para jovens em Belo Horizonte - IEL","isPartOf":{"@id":"https:\/\/www.fiemg.com.br\/iel\/#website"},"primaryImageOfPage":{"@id":"https:\/\/www.fiemg.com.br\/iel\/noticias\/iel-minas-promove-evento-sobre-carreira-internacional-para-jovens-em-belo-horizonte\/#primaryimage"},"image":{"@id":"https:\/\/www.fiemg.com.br\/iel\/noticias\/iel-minas-promove-evento-sobre-carreira-internacional-para-jovens-em-belo-horizonte\/#primaryimage"},"thumbnailUrl":"https:\/\/www.fiemg.com.br\/iel\/wp-content\/uploads\/sites\/13\/2026\/03\/Thumb-1-1.png","datePublished":"2026-03-17T11:59:50+00:00","dateModified":"2026-03-17T12:00:36+00:00","description":"Hub de Carreiras Experience re\u00fane especialistas para orientar estudantes sobre oportunidades, desafios e forma\u00e7\u00e3o no exterior","breadcrumb":{"@id":"https:\/\/www.fiemg.com.br\/iel\/noticias\/iel-minas-promove-evento-sobre-carreira-internacional-para-jovens-em-belo-horizonte\/#breadcrumb"},"inLanguage":"pt-BR","potentialAction":[{"@type":"ReadAction","target":["https:\/\/www.fiemg.com.br\/iel\/noticias\/iel-minas-promove-evento-sobre-carreira-internacional-para-jovens-em-belo-horizonte\/"]}]},{"@type":"ImageObject","inLanguage":"pt-BR","@id":"https:\/\/www.fiemg.com.br\/iel\/noticias\/iel-minas-promove-evento-sobre-carreira-internacional-para-jovens-em-belo-horizonte\/#primaryimage","url":"https:\/\/www.fiemg.com.br\/iel\/wp-content\/uploads\/sites\/13\/2026\/03\/Thumb-1-1.png","contentUrl":"https:\/\/www.fiemg.com.br\/iel\/wp-content\/uploads\/sites\/13\/2026\/03\/Thumb-1-1.png","width":512,"height":512},{"@type":"BreadcrumbList","@id":"https:\/\/www.fiemg.com.br\/iel\/noticias\/iel-minas-promove-evento-sobre-carreira-internacional-para-jovens-em-belo-horizonte\/#breadcrumb","itemListElement":[{"@type":"ListItem","position":1,"name":"In\u00edcio","item":"https:\/\/www.fiemg.com.br\/iel\/"},{"@type":"ListItem","position":2,"name":"IEL Minas promove evento sobre carreira internacional para jovens em Belo Horizonte"}]},{"@type":"WebSite","@id":"https:\/\/www.fiemg.com.br\/iel\/#website","url":"https:\/\/www.fiemg.com.br\/iel\/","name":"IEL","description":"Federa\u00e7\u00e3o das Ind\u00fastrias do Estado de Minas Gerais","publisher":{"@id":"https:\/\/www.fiemg.com.br\/iel\/#organization"},"potentialAction":[{"@type":"SearchAction","target":{"@type":"EntryPoint","urlTemplate":"https:\/\/www.fiemg.com.br\/iel\/?s={search_term_string}"},"query-input":{"@type":"PropertyValueSpecification","valueRequired":true,"valueName":"search_term_string"}}],"inLanguage":"pt-BR"},{"@type":"Organization","@id":"https:\/\/www.fiemg.com.br\/iel\/#organization","name":"IEL","url":"https:\/\/www.fiemg.com.br\/iel\/","logo":{"@type":"ImageObject","inLanguage":"pt-BR","@id":"https:\/\/www.fiemg.com.br\/iel\/#\/schema\/logo\/image\/","url":"https:\/\/www.fiemg.com.br\/iel\/wp-content\/uploads\/sites\/13\/2023\/02\/IEL_branco.svg","contentUrl":"https:\/\/www.fiemg.com.br\/iel\/wp-content\/uploads\/sites\/13\/2023\/02\/IEL_branco.svg","width":103,"height":59,"caption":"IEL"},"image":{"@id":"https:\/\/www.fiemg.com.br\/iel\/#\/schema\/logo\/image\/"}}]}},"_links":{"self":[{"href":"https:\/\/www.fiemg.com.br\/iel\/wp-json\/wp\/v2\/noticias\/3814","targetHints":{"allow":["GET"]}}],"collection":[{"href":"https:\/\/www.fiemg.com.br\/iel\/wp-json\/wp\/v2\/noticias"}],"about":[{"href":"https:\/\/www.fiemg.com.br\/iel\/wp-json\/wp\/v2\/types\/noticias"}],"wp:featuredmedia":[{"embeddable":true,"href":"https:\/\/www.fiemg.com.br\/iel\/wp-json\/wp\/v2\/media\/3815"}],"wp:attachment":[{"href":"https:\/\/www.fiemg.com.br\/iel\/wp-json\/wp\/v2\/media?parent=3814"}],"wp:term":[{"taxonomy":"category","embeddable":true,"href":"https:\/\/www.fiemg.com.br\/iel\/wp-json\/wp\/v2\/categories?post=3814"},{"taxonomy":"post_tag","embeddable":true,"href":"https:\/\/www.fiemg.com.br\/iel\/wp-json\/wp\/v2\/tags?post=3814"}],"curies":[{"name":"wp","href":"https:\/\/api.w.org\/{rel}","templated":true}]}}