{"id":3867,"date":"2026-04-28T16:41:11","date_gmt":"2026-04-28T19:41:11","guid":{"rendered":"https:\/\/www.fiemg.com.br\/iel\/noticias\/premio-iel-2026-abre-inscricoes-e-busca-projetos-inovadores-para-fortalecer-a-industria\/"},"modified":"2026-04-28T16:41:13","modified_gmt":"2026-04-28T19:41:13","slug":"premio-iel-2026-abre-inscricoes-e-busca-projetos-inovadores-para-fortalecer-a-industria","status":"publish","type":"noticias","link":"https:\/\/www.fiemg.com.br\/iel\/noticias\/premio-iel-2026-abre-inscricoes-e-busca-projetos-inovadores-para-fortalecer-a-industria\/","title":{"rendered":"Pr\u00eamio IEL 2026 abre inscri\u00e7\u00f5es e busca projetos inovadores para fortalecer a ind\u00fastria"},"content":{"rendered":"\n<p>Est\u00e3o abertas, at\u00e9 o dia 15 de junho de 2026, as inscri\u00e7\u00f5es para o Pr\u00eamio IEL, iniciativa nacional gratuita promovida pelo Instituto Euvaldo Lodi, com execu\u00e7\u00e3o regional pelo IEL Minas. A premia\u00e7\u00e3o tem como objetivo valorizar o est\u00e1gio, reconhecer talentos e incentivar projetos de pesquisa, desenvolvimento e inova\u00e7\u00e3o, contribuindo diretamente para o fortalecimento da ind\u00fastria brasileira. Clique <strong><a href=\"https:\/\/iel.portaldaindustria.com.br\/institucional\/premio-iel#premiacao\">aqui<\/a><\/strong> para se inscrever.<\/p>\n\n\n\n<p>Voltado a estagi\u00e1rios, bolsistas, empresas, institui\u00e7\u00f5es de ensino e entidades do Sistema S, o pr\u00eamio contempla iniciativas desenvolvidas no \u00e2mbito dos programas IEL de Est\u00e1gio e Inova Talentos, que estejam alinhadas \u00e0s demandas do mercado e \u00e0 inova\u00e7\u00e3o no setor produtivo.<\/p>\n\n\n\n<p>As inscri\u00e7\u00f5es devem ser realizadas pelo site nacional do pr\u00eamio (<strong><a href=\"https:\/\/iel.portaldaindustria.com.br\/institucional\/premio-iel#premiacao\">clicando aqui<\/a><\/strong>), com diferentes modalidades, como Estagi\u00e1rio Inovador, Est\u00e1gio Inovador, Educa\u00e7\u00e3o Inovadora, Artigo Inovador e Projeto Inovador.<\/p>\n\n\n\n<p>Ao longo das \u00faltimas edi\u00e7\u00f5es, o Pr\u00eamio IEL tem impactado trajet\u00f3rias profissionais e impulsionado iniciativas inovadoras. A pesquisadora Adalgisa Santana, doutora em produ\u00e7\u00e3o vegetal e consultora na empresa Agera, foi uma das premiadas. \u201cEsse pr\u00eamio representou uma parte que, \u00e0s vezes, ainda n\u00e3o \u00e9 muito reconhecida no pesquisador, que \u00e9 a sua capacidade e compet\u00eancia. Significou ainda que a sociedade, o terceiro setor, as pessoas e a pr\u00f3pria agricultura reconhecem o valor e a cogni\u00e7\u00e3o do pesquisador na dedica\u00e7\u00e3o do seu trabalho\u201d, disse.<\/p>\n\n\n\n<p>Ela participou do programa Inova Talentos. \u201cMinha experi\u00eancia com o programa Inova Talentos, do ponto de vista profissional e pessoal, foi amadurecedora. Eu deixei de ser uma pesquisadora com vi\u00e9s j\u00fanior para alcan\u00e7ar patamares de pesquisa avan\u00e7ada e de escala. O crescimento cient\u00edfico e produtivo veio com o programa, uma vez que ele viabiliza etapas e seleciona os principais avan\u00e7os que o pesquisador desenvolveu\u201d, disse.<\/p>\n\n\n\n<p>Para Olmed Celestino dos Santos Filho, engenheiro especialista em pesquisa e movimento na Agera e premiado como tutor do projeto Inova Talentos na empresa, o pr\u00eamio tamb\u00e9m teve papel decisivo no desenvolvimento de novas iniciativas. \u201cTer ganho o Pr\u00eamio IEL foi muito importante, pois est\u00e1vamos executando uma nova frente de iniciativa que gostar\u00edamos de desenvolver. Ver que o projeto n\u00e3o s\u00f3 deu muito certo, mas que tamb\u00e9m p\u00f4de ser reconhecido\u201d, concluiu.<\/p>\n\n\n\n<p><strong>Novidades e oportunidades internacionais<\/strong><\/p>\n\n\n\n<p>Nesta edi\u00e7\u00e3o, o Pr\u00eamio IEL chega com novidades importantes. Entre elas, est\u00e1 a oferta de um pacote de acelera\u00e7\u00e3o para os vencedores e maior integra\u00e7\u00e3o com o ecossistema global de inova\u00e7\u00e3o. A iniciativa est\u00e1 estruturada em tr\u00eas categorias principais: IEL Est\u00e1gio, Inova Talentos e Sistema S.<\/p>\n\n\n\n<p>Outro destaque \u00e9 a possibilidade de proje\u00e7\u00e3o internacional. O projeto classificado em 1\u00ba lugar nacional na categoria Projeto Mais Inovador poder\u00e1 ser indicado para o GIMI Innovation Awards, uma das principais premia\u00e7\u00f5es globais em gest\u00e3o da inova\u00e7\u00e3o, considerando crit\u00e9rios como impacto, ader\u00eancia e escalabilidade.<\/p>\n\n\n\n<p><strong>Etapas da premia\u00e7\u00e3o<\/strong><\/p>\n\n\n\n<p>O processo de sele\u00e7\u00e3o ocorre em duas etapas: regional e nacional. Os projetos semifinalistas na etapa regional avan\u00e7am automaticamente para a fase nacional, ampliando a visibilidade e as oportunidades para participantes de todo o pa\u00eds.<\/p>\n\n\n\n<p>A avalia\u00e7\u00e3o da etapa regional acontece entre os dias 19 de junho e 7 de agosto, com premia\u00e7\u00e3o prevista para outubro. J\u00e1 a etapa nacional ser\u00e1 realizada entre agosto e dezembro de 2026.<\/p>\n\n\n\n<p>O projeto classificado em 1\u00ba lugar nacional, na categoria Projeto Mais Inovador, poder\u00e1 ser indicado para a etapa internacional do GIMI Innovation Awards, uma das principais premia\u00e7\u00f5es globais em gest\u00e3o da inova\u00e7\u00e3o, conforme crit\u00e9rios de ader\u00eancia, impacto e escalabilidade.<\/p>\n\n\n\n<p><em>Tha\u00eds Mota<\/em><br><strong>Imprensa FIEMG<\/strong><\/p>\n","protected":false},"featured_media":3868,"template":"","categories":[],"tags":[],"class_list":["post-3867","noticias","type-noticias","status-publish","has-post-thumbnail","hentry"],"acf":[],"yoast_head":"<!-- This site is optimized with the Yoast SEO plugin v26.2 - https:\/\/yoast.com\/wordpress\/plugins\/seo\/ -->\n<title>Pr\u00eamio IEL 2026 abre inscri\u00e7\u00f5es e busca projetos inovadores para fortalecer a ind\u00fastria - IEL<\/title>\n<meta name=\"robots\" content=\"index, follow, max-snippet:-1, max-image-preview:large, max-video-preview:-1\" \/>\n<link rel=\"canonical\" href=\"https:\/\/www.fiemg.com.br\/iel\/noticias\/premio-iel-2026-abre-inscricoes-e-busca-projetos-inovadores-para-fortalecer-a-industria\/\" \/>\n<meta property=\"og:locale\" content=\"pt_BR\" \/>\n<meta property=\"og:type\" content=\"article\" \/>\n<meta property=\"og:title\" content=\"Pr\u00eamio IEL 2026 abre inscri\u00e7\u00f5es e busca projetos inovadores para fortalecer a ind\u00fastria - IEL\" \/>\n<meta property=\"og:description\" content=\"Est\u00e3o abertas, at\u00e9 o dia 15 de junho de 2026, as inscri\u00e7\u00f5es para o Pr\u00eamio IEL, iniciativa nacional gratuita promovida pelo Instituto Euvaldo Lodi, com execu\u00e7\u00e3o regional pelo IEL Minas. A premia\u00e7\u00e3o tem como objetivo valorizar o est\u00e1gio, reconhecer talentos e incentivar projetos de pesquisa, desenvolvimento e inova\u00e7\u00e3o, contribuindo diretamente para o fortalecimento da ind\u00fastria [&hellip;]\" \/>\n<meta property=\"og:url\" content=\"https:\/\/www.fiemg.com.br\/iel\/noticias\/premio-iel-2026-abre-inscricoes-e-busca-projetos-inovadores-para-fortalecer-a-industria\/\" \/>\n<meta property=\"og:site_name\" content=\"IEL\" \/>\n<meta property=\"article:modified_time\" content=\"2026-04-28T19:41:13+00:00\" \/>\n<meta property=\"og:image\" content=\"https:\/\/www.fiemg.com.br\/iel\/wp-content\/uploads\/sites\/13\/2026\/04\/Thumb-18.jpg\" \/>\n\t<meta property=\"og:image:width\" content=\"512\" \/>\n\t<meta property=\"og:image:height\" content=\"512\" \/>\n\t<meta property=\"og:image:type\" content=\"image\/jpeg\" \/>\n<meta name=\"twitter:card\" content=\"summary_large_image\" \/>\n<meta name=\"twitter:label1\" content=\"Est. tempo de leitura\" \/>\n\t<meta name=\"twitter:data1\" content=\"4 minutos\" \/>\n<script type=\"application\/ld+json\" class=\"yoast-schema-graph\">{\"@context\":\"https:\/\/schema.org\",\"@graph\":[{\"@type\":\"WebPage\",\"@id\":\"https:\/\/www.fiemg.com.br\/iel\/noticias\/premio-iel-2026-abre-inscricoes-e-busca-projetos-inovadores-para-fortalecer-a-industria\/\",\"url\":\"https:\/\/www.fiemg.com.br\/iel\/noticias\/premio-iel-2026-abre-inscricoes-e-busca-projetos-inovadores-para-fortalecer-a-industria\/\",\"name\":\"Pr\u00eamio IEL 2026 abre inscri\u00e7\u00f5es e busca projetos inovadores para fortalecer a ind\u00fastria - IEL\",\"isPartOf\":{\"@id\":\"https:\/\/www.fiemg.com.br\/iel\/#website\"},\"primaryImageOfPage\":{\"@id\":\"https:\/\/www.fiemg.com.br\/iel\/noticias\/premio-iel-2026-abre-inscricoes-e-busca-projetos-inovadores-para-fortalecer-a-industria\/#primaryimage\"},\"image\":{\"@id\":\"https:\/\/www.fiemg.com.br\/iel\/noticias\/premio-iel-2026-abre-inscricoes-e-busca-projetos-inovadores-para-fortalecer-a-industria\/#primaryimage\"},\"thumbnailUrl\":\"https:\/\/www.fiemg.com.br\/iel\/wp-content\/uploads\/sites\/13\/2026\/04\/Thumb-18.jpg\",\"datePublished\":\"2026-04-28T19:41:11+00:00\",\"dateModified\":\"2026-04-28T19:41:13+00:00\",\"breadcrumb\":{\"@id\":\"https:\/\/www.fiemg.com.br\/iel\/noticias\/premio-iel-2026-abre-inscricoes-e-busca-projetos-inovadores-para-fortalecer-a-industria\/#breadcrumb\"},\"inLanguage\":\"pt-BR\",\"potentialAction\":[{\"@type\":\"ReadAction\",\"target\":[\"https:\/\/www.fiemg.com.br\/iel\/noticias\/premio-iel-2026-abre-inscricoes-e-busca-projetos-inovadores-para-fortalecer-a-industria\/\"]}]},{\"@type\":\"ImageObject\",\"inLanguage\":\"pt-BR\",\"@id\":\"https:\/\/www.fiemg.com.br\/iel\/noticias\/premio-iel-2026-abre-inscricoes-e-busca-projetos-inovadores-para-fortalecer-a-industria\/#primaryimage\",\"url\":\"https:\/\/www.fiemg.com.br\/iel\/wp-content\/uploads\/sites\/13\/2026\/04\/Thumb-18.jpg\",\"contentUrl\":\"https:\/\/www.fiemg.com.br\/iel\/wp-content\/uploads\/sites\/13\/2026\/04\/Thumb-18.jpg\",\"width\":512,\"height\":512},{\"@type\":\"BreadcrumbList\",\"@id\":\"https:\/\/www.fiemg.com.br\/iel\/noticias\/premio-iel-2026-abre-inscricoes-e-busca-projetos-inovadores-para-fortalecer-a-industria\/#breadcrumb\",\"itemListElement\":[{\"@type\":\"ListItem\",\"position\":1,\"name\":\"In\u00edcio\",\"item\":\"https:\/\/www.fiemg.com.br\/iel\/\"},{\"@type\":\"ListItem\",\"position\":2,\"name\":\"Pr\u00eamio IEL 2026 abre inscri\u00e7\u00f5es e busca projetos inovadores para fortalecer a ind\u00fastria\"}]},{\"@type\":\"WebSite\",\"@id\":\"https:\/\/www.fiemg.com.br\/iel\/#website\",\"url\":\"https:\/\/www.fiemg.com.br\/iel\/\",\"name\":\"IEL\",\"description\":\"Federa\u00e7\u00e3o das Ind\u00fastrias do Estado de Minas Gerais\",\"publisher\":{\"@id\":\"https:\/\/www.fiemg.com.br\/iel\/#organization\"},\"potentialAction\":[{\"@type\":\"SearchAction\",\"target\":{\"@type\":\"EntryPoint\",\"urlTemplate\":\"https:\/\/www.fiemg.com.br\/iel\/?s={search_term_string}\"},\"query-input\":{\"@type\":\"PropertyValueSpecification\",\"valueRequired\":true,\"valueName\":\"search_term_string\"}}],\"inLanguage\":\"pt-BR\"},{\"@type\":\"Organization\",\"@id\":\"https:\/\/www.fiemg.com.br\/iel\/#organization\",\"name\":\"IEL\",\"url\":\"https:\/\/www.fiemg.com.br\/iel\/\",\"logo\":{\"@type\":\"ImageObject\",\"inLanguage\":\"pt-BR\",\"@id\":\"https:\/\/www.fiemg.com.br\/iel\/#\/schema\/logo\/image\/\",\"url\":\"https:\/\/www.fiemg.com.br\/iel\/wp-content\/uploads\/sites\/13\/2023\/02\/IEL_branco.svg\",\"contentUrl\":\"https:\/\/www.fiemg.com.br\/iel\/wp-content\/uploads\/sites\/13\/2023\/02\/IEL_branco.svg\",\"width\":103,\"height\":59,\"caption\":\"IEL\"},\"image\":{\"@id\":\"https:\/\/www.fiemg.com.br\/iel\/#\/schema\/logo\/image\/\"}}]}<\/script>\n<!-- \/ Yoast SEO plugin. -->","yoast_head_json":{"title":"Pr\u00eamio IEL 2026 abre inscri\u00e7\u00f5es e busca projetos inovadores para fortalecer a ind\u00fastria - IEL","robots":{"index":"index","follow":"follow","max-snippet":"max-snippet:-1","max-image-preview":"max-image-preview:large","max-video-preview":"max-video-preview:-1"},"canonical":"https:\/\/www.fiemg.com.br\/iel\/noticias\/premio-iel-2026-abre-inscricoes-e-busca-projetos-inovadores-para-fortalecer-a-industria\/","og_locale":"pt_BR","og_type":"article","og_title":"Pr\u00eamio IEL 2026 abre inscri\u00e7\u00f5es e busca projetos inovadores para fortalecer a ind\u00fastria - IEL","og_description":"Est\u00e3o abertas, at\u00e9 o dia 15 de junho de 2026, as inscri\u00e7\u00f5es para o Pr\u00eamio IEL, iniciativa nacional gratuita promovida pelo Instituto Euvaldo Lodi, com execu\u00e7\u00e3o regional pelo IEL Minas. A premia\u00e7\u00e3o tem como objetivo valorizar o est\u00e1gio, reconhecer talentos e incentivar projetos de pesquisa, desenvolvimento e inova\u00e7\u00e3o, contribuindo diretamente para o fortalecimento da ind\u00fastria [&hellip;]","og_url":"https:\/\/www.fiemg.com.br\/iel\/noticias\/premio-iel-2026-abre-inscricoes-e-busca-projetos-inovadores-para-fortalecer-a-industria\/","og_site_name":"IEL","article_modified_time":"2026-04-28T19:41:13+00:00","og_image":[{"width":512,"height":512,"url":"https:\/\/www.fiemg.com.br\/iel\/wp-content\/uploads\/sites\/13\/2026\/04\/Thumb-18.jpg","type":"image\/jpeg"}],"twitter_card":"summary_large_image","twitter_misc":{"Est. tempo de leitura":"4 minutos"},"schema":{"@context":"https:\/\/schema.org","@graph":[{"@type":"WebPage","@id":"https:\/\/www.fiemg.com.br\/iel\/noticias\/premio-iel-2026-abre-inscricoes-e-busca-projetos-inovadores-para-fortalecer-a-industria\/","url":"https:\/\/www.fiemg.com.br\/iel\/noticias\/premio-iel-2026-abre-inscricoes-e-busca-projetos-inovadores-para-fortalecer-a-industria\/","name":"Pr\u00eamio IEL 2026 abre inscri\u00e7\u00f5es e busca projetos inovadores para fortalecer a ind\u00fastria - IEL","isPartOf":{"@id":"https:\/\/www.fiemg.com.br\/iel\/#website"},"primaryImageOfPage":{"@id":"https:\/\/www.fiemg.com.br\/iel\/noticias\/premio-iel-2026-abre-inscricoes-e-busca-projetos-inovadores-para-fortalecer-a-industria\/#primaryimage"},"image":{"@id":"https:\/\/www.fiemg.com.br\/iel\/noticias\/premio-iel-2026-abre-inscricoes-e-busca-projetos-inovadores-para-fortalecer-a-industria\/#primaryimage"},"thumbnailUrl":"https:\/\/www.fiemg.com.br\/iel\/wp-content\/uploads\/sites\/13\/2026\/04\/Thumb-18.jpg","datePublished":"2026-04-28T19:41:11+00:00","dateModified":"2026-04-28T19:41:13+00:00","breadcrumb":{"@id":"https:\/\/www.fiemg.com.br\/iel\/noticias\/premio-iel-2026-abre-inscricoes-e-busca-projetos-inovadores-para-fortalecer-a-industria\/#breadcrumb"},"inLanguage":"pt-BR","potentialAction":[{"@type":"ReadAction","target":["https:\/\/www.fiemg.com.br\/iel\/noticias\/premio-iel-2026-abre-inscricoes-e-busca-projetos-inovadores-para-fortalecer-a-industria\/"]}]},{"@type":"ImageObject","inLanguage":"pt-BR","@id":"https:\/\/www.fiemg.com.br\/iel\/noticias\/premio-iel-2026-abre-inscricoes-e-busca-projetos-inovadores-para-fortalecer-a-industria\/#primaryimage","url":"https:\/\/www.fiemg.com.br\/iel\/wp-content\/uploads\/sites\/13\/2026\/04\/Thumb-18.jpg","contentUrl":"https:\/\/www.fiemg.com.br\/iel\/wp-content\/uploads\/sites\/13\/2026\/04\/Thumb-18.jpg","width":512,"height":512},{"@type":"BreadcrumbList","@id":"https:\/\/www.fiemg.com.br\/iel\/noticias\/premio-iel-2026-abre-inscricoes-e-busca-projetos-inovadores-para-fortalecer-a-industria\/#breadcrumb","itemListElement":[{"@type":"ListItem","position":1,"name":"In\u00edcio","item":"https:\/\/www.fiemg.com.br\/iel\/"},{"@type":"ListItem","position":2,"name":"Pr\u00eamio IEL 2026 abre inscri\u00e7\u00f5es e busca projetos inovadores para fortalecer a ind\u00fastria"}]},{"@type":"WebSite","@id":"https:\/\/www.fiemg.com.br\/iel\/#website","url":"https:\/\/www.fiemg.com.br\/iel\/","name":"IEL","description":"Federa\u00e7\u00e3o das Ind\u00fastrias do Estado de Minas Gerais","publisher":{"@id":"https:\/\/www.fiemg.com.br\/iel\/#organization"},"potentialAction":[{"@type":"SearchAction","target":{"@type":"EntryPoint","urlTemplate":"https:\/\/www.fiemg.com.br\/iel\/?s={search_term_string}"},"query-input":{"@type":"PropertyValueSpecification","valueRequired":true,"valueName":"search_term_string"}}],"inLanguage":"pt-BR"},{"@type":"Organization","@id":"https:\/\/www.fiemg.com.br\/iel\/#organization","name":"IEL","url":"https:\/\/www.fiemg.com.br\/iel\/","logo":{"@type":"ImageObject","inLanguage":"pt-BR","@id":"https:\/\/www.fiemg.com.br\/iel\/#\/schema\/logo\/image\/","url":"https:\/\/www.fiemg.com.br\/iel\/wp-content\/uploads\/sites\/13\/2023\/02\/IEL_branco.svg","contentUrl":"https:\/\/www.fiemg.com.br\/iel\/wp-content\/uploads\/sites\/13\/2023\/02\/IEL_branco.svg","width":103,"height":59,"caption":"IEL"},"image":{"@id":"https:\/\/www.fiemg.com.br\/iel\/#\/schema\/logo\/image\/"}}]}},"_links":{"self":[{"href":"https:\/\/www.fiemg.com.br\/iel\/wp-json\/wp\/v2\/noticias\/3867","targetHints":{"allow":["GET"]}}],"collection":[{"href":"https:\/\/www.fiemg.com.br\/iel\/wp-json\/wp\/v2\/noticias"}],"about":[{"href":"https:\/\/www.fiemg.com.br\/iel\/wp-json\/wp\/v2\/types\/noticias"}],"wp:featuredmedia":[{"embeddable":true,"href":"https:\/\/www.fiemg.com.br\/iel\/wp-json\/wp\/v2\/media\/3868"}],"wp:attachment":[{"href":"https:\/\/www.fiemg.com.br\/iel\/wp-json\/wp\/v2\/media?parent=3867"}],"wp:term":[{"taxonomy":"category","embeddable":true,"href":"https:\/\/www.fiemg.com.br\/iel\/wp-json\/wp\/v2\/categories?post=3867"},{"taxonomy":"post_tag","embeddable":true,"href":"https:\/\/www.fiemg.com.br\/iel\/wp-json\/wp\/v2\/tags?post=3867"}],"curies":[{"name":"wp","href":"https:\/\/api.w.org\/{rel}","templated":true}]}}