{"id":4704,"date":"2026-08-20T16:50:44","date_gmt":"2026-08-20T19:50:44","guid":{"rendered":"https:\/\/www.fiemg.com.br\/iel\/noticias\/polos-de-confeccao-de-minas-gerais-discutem-futuro-do-segmento\/"},"modified":"2026-08-28T17:27:07","modified_gmt":"2026-08-28T20:27:07","slug":"polos-de-confeccao-de-minas-gerais-discutem-futuro-do-segmento","status":"publish","type":"noticias","link":"https:\/\/www.fiemg.com.br\/iel\/noticias\/polos-de-confeccao-de-minas-gerais-discutem-futuro-do-segmento\/","title":{"rendered":"Polos de confec\u00e7\u00e3o de Minas Gerais discutem futuro do segmento"},"content":{"rendered":"\n<p class=\"wp-block-paragraph\">Empres\u00e1rios, lideran\u00e7as sindicais e representantes dos polos de confec\u00e7\u00e3o de Minas Gerais participaram, em 19 de agosto, do Workshop de Integra\u00e7\u00e3o dos Polos de Confec\u00e7\u00e3o de Minas Gerais, realizado durante a Febratex 2026, em Blumenau (SC). O encontro promoveu a conex\u00e3o entre diferentes regi\u00f5es do estado e colocou em pauta desafios e oportunidades para o futuro da ind\u00fastria da moda, com foco em inova\u00e7\u00e3o, tecnologia, automa\u00e7\u00e3o e aumento da competitividade.<\/p>\n\n\n\n<p class=\"wp-block-paragraph\">A programa\u00e7\u00e3o reuniu representantes dos sindicatos Sindivestu de Uberl\u00e2ndia, Sindivest JF, Sinvesd, Sindvest Norte e Sindivest MG, que compartilharam experi\u00eancias, desafios e iniciativas desenvolvidas em seus respectivos polos. A agenda refor\u00e7ou a import\u00e2ncia da atua\u00e7\u00e3o integrada entre empresas, sindicatos e institui\u00e7\u00f5es para fortalecer a cadeia produtiva da confec\u00e7\u00e3o em Minas Gerais.<\/p>\n\n\n\n<p class=\"wp-block-paragraph\">Durante o encontro, houve ainda apresenta\u00e7\u00e3o de iniciativas da Federa\u00e7\u00e3o das Ind\u00fastrias de Santa Catarina (FIESC), com a participa\u00e7\u00e3o da Audaces, que mostrou solu\u00e7\u00f5es tecnol\u00f3gicas voltadas \u00e0 ind\u00fastria da moda, destacando possibilidades de aplica\u00e7\u00e3o da inova\u00e7\u00e3o para otimizar processos produtivos e ampliar a efici\u00eancia das empresas.<\/p>\n\n\n\n<p class=\"wp-block-paragraph\">Os participantes tamb\u00e9m tiveram um momento de troca de experi\u00eancias e networking, fortalecendo a conex\u00e3o entre empres\u00e1rios e lideran\u00e7as dos diferentes polos mineiros.<\/p>\n\n\n\n<p class=\"wp-block-paragraph\"><strong>Tecnologia como caminho para competitividade<\/strong><\/p>\n\n\n\n<p class=\"wp-block-paragraph\">Um dos destaques do workshop foi a discuss\u00e3o sobre rob\u00f3tica aplicada \u00e0 ind\u00fastria de confec\u00e7\u00e3o. Uma palestra tratou das possibilidades de uso da automa\u00e7\u00e3o nos processos produtivos e estimulou os participantes a refletirem sobre como as novas tecnologias podem contribuir para ganhos de produtividade, redu\u00e7\u00e3o de desafios operacionais e maior competitividade no mercado.<\/p>\n\n\n\n<figure class=\"wp-block-image alignright size-full is-resized\"><img fetchpriority=\"high\" decoding=\"async\" width=\"512\" height=\"512\" src=\"https:\/\/www.fiemg.com.br\/iel\/wp-content\/uploads\/sites\/13\/2026\/08\/polo-de-confeccao_interna_2_9187774.jpeg\" alt=\"Polos de confec\u00e7\u00e3o de Minas Gerais discutem futuro do segmento\" class=\"wp-image-4711\" style=\"width:316px;height:auto\" srcset=\"https:\/\/www.fiemg.com.br\/iel\/wp-content\/uploads\/sites\/13\/2026\/08\/polo-de-confeccao_interna_2_9187774.jpeg 512w, https:\/\/www.fiemg.com.br\/iel\/wp-content\/uploads\/sites\/13\/2026\/08\/polo-de-confeccao_interna_2_9187774-300x300.jpeg 300w, https:\/\/www.fiemg.com.br\/iel\/wp-content\/uploads\/sites\/13\/2026\/08\/polo-de-confeccao_interna_2_9187774-150x150.jpeg 150w\" sizes=\"(max-width: 512px) 100vw, 512px\" \/><\/figure>\n\n\n\n<p class=\"wp-block-paragraph\">O debate refor\u00e7ou que a transforma\u00e7\u00e3o digital \u00e9 um dos caminhos para preparar as empresas do setor para as mudan\u00e7as do ambiente industrial, aproximando a ind\u00fastria mineira de novas solu\u00e7\u00f5es e tend\u00eancias globais.<\/p>\n\n\n\n<p class=\"wp-block-paragraph\">Na parte final do encontro, representantes do IEL e SENAI falaram sobre iniciativas e possibilidades de apoio \u00e0s empresas, com foco em capacita\u00e7\u00e3o profissional, inova\u00e7\u00e3o e desenvolvimento industrial.<br>Integra\u00e7\u00e3o para fortalecer a ind\u00fastria mineira<\/p>\n\n\n\n<p class=\"wp-block-paragraph\">Para Viviane Rocha, analista de projetos para a ind\u00fastria do Instituto Euvaldo Lodi (IEL) em Minas Gerais, a aproxima\u00e7\u00e3o entre os polos de confec\u00e7\u00e3o e o acesso a conhecimento, tecnologias e boas pr\u00e1ticas s\u00e3o fundamentais para preparar as empresas mineiras para as transforma\u00e7\u00f5es do mercado. &#8220;O workshop refor\u00e7ou que uma ind\u00fastria mais competitiva \u00e9 constru\u00edda a partir da coopera\u00e7\u00e3o entre empresas, sindicatos e institui\u00e7\u00f5es, criando um ambiente favor\u00e1vel \u00e0 inova\u00e7\u00e3o e ao desenvolvimento de novas solu\u00e7\u00f5es para o setor&#8221;, disse.<\/p>\n\n\n\n<p class=\"wp-block-paragraph\">A presidente do Sindivestu de Uberl\u00e2ndia, no Tri\u00e2ngulo Mineiro, Alessiane Batoni, considera que a participa\u00e7\u00e3o dos associados do sindicato no evento proporciou a eles acesso a conhecimentos, tend\u00eancias, tecnologias, inova\u00e7\u00f5es e solu\u00e7\u00f5es que podem ser aplicados diretamente no dia a dia das empresas. &#8220;Esses encontros promovem a troca de experi\u00eancias, fortalecem a competitividade e contribuem para o desenvolvimento e a evolu\u00e7\u00e3o do setor em nossa regi\u00e3o&#8221;, completou.<br><br><strong>Imprensa FIEMG<\/strong><\/p>\n\n\n\n<p class=\"wp-block-paragraph\"><\/p>\n","protected":false},"featured_media":4711,"template":"","categories":[15],"tags":[430,99,242],"class_list":["post-4704","noticias","type-noticias","status-publish","has-post-thumbnail","hentry","category-desenvolvimento-industrial","tag-confeccao","tag-industria","tag-workshop"],"acf":[],"yoast_head":"<!-- This site is optimized with the Yoast SEO plugin v27.7 - https:\/\/yoast.com\/product\/yoast-seo-wordpress\/ -->\n<title>Polos de confec\u00e7\u00e3o de Minas Gerais discutem futuro do segmento - IEL<\/title>\n<meta name=\"description\" content=\"Workshop, realizado durante a Febratex 2026, reuniu empres\u00e1rios, sindicatos e institui\u00e7\u00f5es para debater inova\u00e7\u00e3o, automa\u00e7\u00e3o e tecnologias para ampliar a competitividade do setor\" \/>\n<meta name=\"robots\" content=\"index, follow, max-snippet:-1, max-image-preview:large, max-video-preview:-1\" \/>\n<link rel=\"canonical\" href=\"https:\/\/www.fiemg.com.br\/iel\/noticias\/polos-de-confeccao-de-minas-gerais-discutem-futuro-do-segmento\/\" \/>\n<meta property=\"og:locale\" content=\"pt_BR\" \/>\n<meta property=\"og:type\" content=\"article\" \/>\n<meta property=\"og:title\" content=\"Polos de confec\u00e7\u00e3o de Minas Gerais discutem futuro do segmento - IEL\" \/>\n<meta property=\"og:description\" content=\"Workshop, realizado durante a Febratex 2026, reuniu empres\u00e1rios, sindicatos e institui\u00e7\u00f5es para debater inova\u00e7\u00e3o, automa\u00e7\u00e3o e tecnologias para ampliar a competitividade do setor\" \/>\n<meta property=\"og:url\" content=\"https:\/\/www.fiemg.com.br\/iel\/noticias\/polos-de-confeccao-de-minas-gerais-discutem-futuro-do-segmento\/\" \/>\n<meta property=\"og:site_name\" content=\"IEL\" \/>\n<meta property=\"article:modified_time\" content=\"2026-08-28T20:27:07+00:00\" \/>\n<meta property=\"og:image\" content=\"https:\/\/www.fiemg.com.br\/iel\/wp-content\/uploads\/sites\/13\/2026\/08\/polo-de-confeccao_interna_2_9187774.jpeg\" \/>\n\t<meta property=\"og:image:width\" content=\"512\" \/>\n\t<meta property=\"og:image:height\" content=\"512\" \/>\n\t<meta property=\"og:image:type\" content=\"image\/jpeg\" \/>\n<meta name=\"twitter:card\" content=\"summary_large_image\" \/>\n<meta name=\"twitter:label1\" content=\"Est. tempo de leitura\" \/>\n\t<meta name=\"twitter:data1\" content=\"3 minutos\" \/>\n<script type=\"application\/ld+json\" class=\"yoast-schema-graph\">{\"@context\":\"https:\\\/\\\/schema.org\",\"@graph\":[{\"@type\":\"WebPage\",\"@id\":\"https:\\\/\\\/www.fiemg.com.br\\\/iel\\\/noticias\\\/polos-de-confeccao-de-minas-gerais-discutem-futuro-do-segmento\\\/\",\"url\":\"https:\\\/\\\/www.fiemg.com.br\\\/iel\\\/noticias\\\/polos-de-confeccao-de-minas-gerais-discutem-futuro-do-segmento\\\/\",\"name\":\"Polos de confec\u00e7\u00e3o de Minas Gerais discutem futuro do segmento - IEL\",\"isPartOf\":{\"@id\":\"https:\\\/\\\/www.fiemg.com.br\\\/iel\\\/#website\"},\"primaryImageOfPage\":{\"@id\":\"https:\\\/\\\/www.fiemg.com.br\\\/iel\\\/noticias\\\/polos-de-confeccao-de-minas-gerais-discutem-futuro-do-segmento\\\/#primaryimage\"},\"image\":{\"@id\":\"https:\\\/\\\/www.fiemg.com.br\\\/iel\\\/noticias\\\/polos-de-confeccao-de-minas-gerais-discutem-futuro-do-segmento\\\/#primaryimage\"},\"thumbnailUrl\":\"https:\\\/\\\/www.fiemg.com.br\\\/iel\\\/wp-content\\\/uploads\\\/sites\\\/13\\\/2026\\\/08\\\/polo-de-confeccao_interna_2_9187774.jpeg\",\"datePublished\":\"2026-08-20T19:50:44+00:00\",\"dateModified\":\"2026-08-28T20:27:07+00:00\",\"description\":\"Workshop, realizado durante a Febratex 2026, reuniu empres\u00e1rios, sindicatos e institui\u00e7\u00f5es para debater inova\u00e7\u00e3o, automa\u00e7\u00e3o e tecnologias para ampliar a competitividade do setor\",\"breadcrumb\":{\"@id\":\"https:\\\/\\\/www.fiemg.com.br\\\/iel\\\/noticias\\\/polos-de-confeccao-de-minas-gerais-discutem-futuro-do-segmento\\\/#breadcrumb\"},\"inLanguage\":\"pt-BR\",\"potentialAction\":[{\"@type\":\"ReadAction\",\"target\":[\"https:\\\/\\\/www.fiemg.com.br\\\/iel\\\/noticias\\\/polos-de-confeccao-de-minas-gerais-discutem-futuro-do-segmento\\\/\"]}]},{\"@type\":\"ImageObject\",\"inLanguage\":\"pt-BR\",\"@id\":\"https:\\\/\\\/www.fiemg.com.br\\\/iel\\\/noticias\\\/polos-de-confeccao-de-minas-gerais-discutem-futuro-do-segmento\\\/#primaryimage\",\"url\":\"https:\\\/\\\/www.fiemg.com.br\\\/iel\\\/wp-content\\\/uploads\\\/sites\\\/13\\\/2026\\\/08\\\/polo-de-confeccao_interna_2_9187774.jpeg\",\"contentUrl\":\"https:\\\/\\\/www.fiemg.com.br\\\/iel\\\/wp-content\\\/uploads\\\/sites\\\/13\\\/2026\\\/08\\\/polo-de-confeccao_interna_2_9187774.jpeg\",\"width\":512,\"height\":512,\"caption\":\"Polos de confec\u00e7\u00e3o de Minas Gerais discutem futuro do segmento\"},{\"@type\":\"BreadcrumbList\",\"@id\":\"https:\\\/\\\/www.fiemg.com.br\\\/iel\\\/noticias\\\/polos-de-confeccao-de-minas-gerais-discutem-futuro-do-segmento\\\/#breadcrumb\",\"itemListElement\":[{\"@type\":\"ListItem\",\"position\":1,\"name\":\"In\u00edcio\",\"item\":\"https:\\\/\\\/www.fiemg.com.br\\\/iel\\\/\"},{\"@type\":\"ListItem\",\"position\":2,\"name\":\"Polos de confec\u00e7\u00e3o de Minas Gerais discutem futuro do segmento\"}]},{\"@type\":\"WebSite\",\"@id\":\"https:\\\/\\\/www.fiemg.com.br\\\/iel\\\/#website\",\"url\":\"https:\\\/\\\/www.fiemg.com.br\\\/iel\\\/\",\"name\":\"IEL\",\"description\":\"Federa\u00e7\u00e3o das Ind\u00fastrias do Estado de Minas Gerais\",\"publisher\":{\"@id\":\"https:\\\/\\\/www.fiemg.com.br\\\/iel\\\/#organization\"},\"potentialAction\":[{\"@type\":\"SearchAction\",\"target\":{\"@type\":\"EntryPoint\",\"urlTemplate\":\"https:\\\/\\\/www.fiemg.com.br\\\/iel\\\/?s={search_term_string}\"},\"query-input\":{\"@type\":\"PropertyValueSpecification\",\"valueRequired\":true,\"valueName\":\"search_term_string\"}}],\"inLanguage\":\"pt-BR\"},{\"@type\":\"Organization\",\"@id\":\"https:\\\/\\\/www.fiemg.com.br\\\/iel\\\/#organization\",\"name\":\"IEL\",\"url\":\"https:\\\/\\\/www.fiemg.com.br\\\/iel\\\/\",\"logo\":{\"@type\":\"ImageObject\",\"inLanguage\":\"pt-BR\",\"@id\":\"https:\\\/\\\/www.fiemg.com.br\\\/iel\\\/#\\\/schema\\\/logo\\\/image\\\/\",\"url\":\"https:\\\/\\\/www.fiemg.com.br\\\/iel\\\/wp-content\\\/uploads\\\/sites\\\/13\\\/2023\\\/02\\\/IEL_branco.svg\",\"contentUrl\":\"https:\\\/\\\/www.fiemg.com.br\\\/iel\\\/wp-content\\\/uploads\\\/sites\\\/13\\\/2023\\\/02\\\/IEL_branco.svg\",\"width\":103,\"height\":59,\"caption\":\"IEL\"},\"image\":{\"@id\":\"https:\\\/\\\/www.fiemg.com.br\\\/iel\\\/#\\\/schema\\\/logo\\\/image\\\/\"}}]}<\/script>\n<!-- \/ Yoast SEO plugin. -->","yoast_head_json":{"title":"Polos de confec\u00e7\u00e3o de Minas Gerais discutem futuro do segmento - IEL","description":"Workshop, realizado durante a Febratex 2026, reuniu empres\u00e1rios, sindicatos e institui\u00e7\u00f5es para debater inova\u00e7\u00e3o, automa\u00e7\u00e3o e tecnologias para ampliar a competitividade do setor","robots":{"index":"index","follow":"follow","max-snippet":"max-snippet:-1","max-image-preview":"max-image-preview:large","max-video-preview":"max-video-preview:-1"},"canonical":"https:\/\/www.fiemg.com.br\/iel\/noticias\/polos-de-confeccao-de-minas-gerais-discutem-futuro-do-segmento\/","og_locale":"pt_BR","og_type":"article","og_title":"Polos de confec\u00e7\u00e3o de Minas Gerais discutem futuro do segmento - IEL","og_description":"Workshop, realizado durante a Febratex 2026, reuniu empres\u00e1rios, sindicatos e institui\u00e7\u00f5es para debater inova\u00e7\u00e3o, automa\u00e7\u00e3o e tecnologias para ampliar a competitividade do setor","og_url":"https:\/\/www.fiemg.com.br\/iel\/noticias\/polos-de-confeccao-de-minas-gerais-discutem-futuro-do-segmento\/","og_site_name":"IEL","article_modified_time":"2026-08-28T20:27:07+00:00","og_image":[{"width":512,"height":512,"url":"https:\/\/www.fiemg.com.br\/iel\/wp-content\/uploads\/sites\/13\/2026\/08\/polo-de-confeccao_interna_2_9187774.jpeg","type":"image\/jpeg"}],"twitter_card":"summary_large_image","twitter_misc":{"Est. tempo de leitura":"3 minutos"},"schema":{"@context":"https:\/\/schema.org","@graph":[{"@type":"WebPage","@id":"https:\/\/www.fiemg.com.br\/iel\/noticias\/polos-de-confeccao-de-minas-gerais-discutem-futuro-do-segmento\/","url":"https:\/\/www.fiemg.com.br\/iel\/noticias\/polos-de-confeccao-de-minas-gerais-discutem-futuro-do-segmento\/","name":"Polos de confec\u00e7\u00e3o de Minas Gerais discutem futuro do segmento - IEL","isPartOf":{"@id":"https:\/\/www.fiemg.com.br\/iel\/#website"},"primaryImageOfPage":{"@id":"https:\/\/www.fiemg.com.br\/iel\/noticias\/polos-de-confeccao-de-minas-gerais-discutem-futuro-do-segmento\/#primaryimage"},"image":{"@id":"https:\/\/www.fiemg.com.br\/iel\/noticias\/polos-de-confeccao-de-minas-gerais-discutem-futuro-do-segmento\/#primaryimage"},"thumbnailUrl":"https:\/\/www.fiemg.com.br\/iel\/wp-content\/uploads\/sites\/13\/2026\/08\/polo-de-confeccao_interna_2_9187774.jpeg","datePublished":"2026-08-20T19:50:44+00:00","dateModified":"2026-08-28T20:27:07+00:00","description":"Workshop, realizado durante a Febratex 2026, reuniu empres\u00e1rios, sindicatos e institui\u00e7\u00f5es para debater inova\u00e7\u00e3o, automa\u00e7\u00e3o e tecnologias para ampliar a competitividade do setor","breadcrumb":{"@id":"https:\/\/www.fiemg.com.br\/iel\/noticias\/polos-de-confeccao-de-minas-gerais-discutem-futuro-do-segmento\/#breadcrumb"},"inLanguage":"pt-BR","potentialAction":[{"@type":"ReadAction","target":["https:\/\/www.fiemg.com.br\/iel\/noticias\/polos-de-confeccao-de-minas-gerais-discutem-futuro-do-segmento\/"]}]},{"@type":"ImageObject","inLanguage":"pt-BR","@id":"https:\/\/www.fiemg.com.br\/iel\/noticias\/polos-de-confeccao-de-minas-gerais-discutem-futuro-do-segmento\/#primaryimage","url":"https:\/\/www.fiemg.com.br\/iel\/wp-content\/uploads\/sites\/13\/2026\/08\/polo-de-confeccao_interna_2_9187774.jpeg","contentUrl":"https:\/\/www.fiemg.com.br\/iel\/wp-content\/uploads\/sites\/13\/2026\/08\/polo-de-confeccao_interna_2_9187774.jpeg","width":512,"height":512,"caption":"Polos de confec\u00e7\u00e3o de Minas Gerais discutem futuro do segmento"},{"@type":"BreadcrumbList","@id":"https:\/\/www.fiemg.com.br\/iel\/noticias\/polos-de-confeccao-de-minas-gerais-discutem-futuro-do-segmento\/#breadcrumb","itemListElement":[{"@type":"ListItem","position":1,"name":"In\u00edcio","item":"https:\/\/www.fiemg.com.br\/iel\/"},{"@type":"ListItem","position":2,"name":"Polos de confec\u00e7\u00e3o de Minas Gerais discutem futuro do segmento"}]},{"@type":"WebSite","@id":"https:\/\/www.fiemg.com.br\/iel\/#website","url":"https:\/\/www.fiemg.com.br\/iel\/","name":"IEL","description":"Federa\u00e7\u00e3o das Ind\u00fastrias do Estado de Minas Gerais","publisher":{"@id":"https:\/\/www.fiemg.com.br\/iel\/#organization"},"potentialAction":[{"@type":"SearchAction","target":{"@type":"EntryPoint","urlTemplate":"https:\/\/www.fiemg.com.br\/iel\/?s={search_term_string}"},"query-input":{"@type":"PropertyValueSpecification","valueRequired":true,"valueName":"search_term_string"}}],"inLanguage":"pt-BR"},{"@type":"Organization","@id":"https:\/\/www.fiemg.com.br\/iel\/#organization","name":"IEL","url":"https:\/\/www.fiemg.com.br\/iel\/","logo":{"@type":"ImageObject","inLanguage":"pt-BR","@id":"https:\/\/www.fiemg.com.br\/iel\/#\/schema\/logo\/image\/","url":"https:\/\/www.fiemg.com.br\/iel\/wp-content\/uploads\/sites\/13\/2023\/02\/IEL_branco.svg","contentUrl":"https:\/\/www.fiemg.com.br\/iel\/wp-content\/uploads\/sites\/13\/2023\/02\/IEL_branco.svg","width":103,"height":59,"caption":"IEL"},"image":{"@id":"https:\/\/www.fiemg.com.br\/iel\/#\/schema\/logo\/image\/"}}]}},"_links":{"self":[{"href":"https:\/\/www.fiemg.com.br\/iel\/wp-json\/wp\/v2\/noticias\/4704","targetHints":{"allow":["GET"]}}],"collection":[{"href":"https:\/\/www.fiemg.com.br\/iel\/wp-json\/wp\/v2\/noticias"}],"about":[{"href":"https:\/\/www.fiemg.com.br\/iel\/wp-json\/wp\/v2\/types\/noticias"}],"wp:featuredmedia":[{"embeddable":true,"href":"https:\/\/www.fiemg.com.br\/iel\/wp-json\/wp\/v2\/media\/4711"}],"wp:attachment":[{"href":"https:\/\/www.fiemg.com.br\/iel\/wp-json\/wp\/v2\/media?parent=4704"}],"wp:term":[{"taxonomy":"category","embeddable":true,"href":"https:\/\/www.fiemg.com.br\/iel\/wp-json\/wp\/v2\/categories?post=4704"},{"taxonomy":"post_tag","embeddable":true,"href":"https:\/\/www.fiemg.com.br\/iel\/wp-json\/wp\/v2\/tags?post=4704"}],"curies":[{"name":"wp","href":"https:\/\/api.w.org\/{rel}","templated":true}]}}