{"id":4996,"date":"2026-08-27T17:35:21","date_gmt":"2026-08-27T20:35:21","guid":{"rendered":"https:\/\/www.fiemg.com.br\/iel\/noticias\/iel-minas-conclui-28a-turma-do-programa-de-desenvolvimento-de-conselheiros\/"},"modified":"2026-09-03T18:00:49","modified_gmt":"2026-09-03T21:00:49","slug":"iel-minas-conclui-28a-turma-do-programa-de-desenvolvimento-de-conselheiros","status":"publish","type":"noticias","link":"https:\/\/www.fiemg.com.br\/iel\/noticias\/iel-minas-conclui-28a-turma-do-programa-de-desenvolvimento-de-conselheiros\/","title":{"rendered":"IEL Minas conclui 28\u00aa turma do Programa de Desenvolvimento de Conselheiros"},"content":{"rendered":"\n<p class=\"wp-block-paragraph\">O Instituto Euvaldo Lodi (IEL) Minas Gerais) concluiu, em 26 de agosto, a 28\u00aa turma do<a href=\"https:\/\/www.fiemg.com.br\/iel\/programa-desenvolvimento-conselheiros\/\" id=\"https:\/\/www.fiemg.com.br\/iel\/programa-desenvolvimento-conselheiros\/\"><strong> Programa de Desenvolvimento de Conselheiros (PDC)<\/strong><\/a>, iniciativa voltada \u00e0 forma\u00e7\u00e3o de profissionais preparados para atuar em Conselhos de Administra\u00e7\u00e3o e Conselhos Consultivos. Desde 2019, quando foi lan\u00e7ado, o programa j\u00e1 capacitou mais de 1.000 profissionais, consolidando-se como uma das principais forma\u00e7\u00f5es na \u00e1rea de governan\u00e7a corporativa no estado.<\/p>\n\n\n\n<figure class=\"wp-block-image alignleft size-full is-resized\"><img fetchpriority=\"high\" decoding=\"async\" width=\"512\" height=\"512\" src=\"https:\/\/www.fiemg.com.br\/iel\/wp-content\/uploads\/sites\/13\/2026\/09\/conselherios_interna_1_8157574_9902059.jpg\" alt=\"Prorgama de Forma\u00e7\u00e3o de Conselheiro\" class=\"wp-image-5007\" style=\"width:318px;height:auto\" srcset=\"https:\/\/www.fiemg.com.br\/iel\/wp-content\/uploads\/sites\/13\/2026\/09\/conselherios_interna_1_8157574_9902059.jpg 512w, https:\/\/www.fiemg.com.br\/iel\/wp-content\/uploads\/sites\/13\/2026\/09\/conselherios_interna_1_8157574_9902059-300x300.jpg 300w, https:\/\/www.fiemg.com.br\/iel\/wp-content\/uploads\/sites\/13\/2026\/09\/conselherios_interna_1_8157574_9902059-150x150.jpg 150w\" sizes=\"(max-width: 512px) 100vw, 512px\" \/><\/figure>\n\n\n\n<p class=\"wp-block-paragraph\">As atividades de encerramento foram realizadas no Centro de Treinamento de Desenvolvimento da Ind\u00fastria 4.0 do SENAI, em Contagem, na Regi\u00e3o Metropolitana de Belo Horizonte, e Hub P7 Criativo, refer\u00eancia em economia criativa e inova\u00e7\u00e3o, no Centro da capital.<\/p>\n\n\n\n<p class=\"wp-block-paragraph\">A programa\u00e7\u00e3o contou com uma palestra sobre economia criativa ministrada pela gerente de Educa\u00e7\u00e3o Executiva do Ambiente de Neg\u00f3cios do IEL, M\u00e1rcia Azevedo, que tamb\u00e9m foi respons\u00e1vel pela condu\u00e7\u00e3o das atividades de encerramento da turma. Em seguida, os participantes realizaram uma visita t\u00e9cnica ao P7 Criativo e apresentaram os trabalhos de conclus\u00e3o do programa.<\/p>\n\n\n\n<p class=\"wp-block-paragraph\">O tema escolhido para os projetos finais foi o rompimento de uma barragem de rejeitos de min\u00e9rio em Brumadinho. O desafio proporcionou aos alunos aplicar conceitos de governan\u00e7a, gest\u00e3o de riscos, tomada de decis\u00e3o e atua\u00e7\u00e3o estrat\u00e9gica dos conselhos diante de cen\u00e1rios complexos.<\/p>\n\n\n\n<p class=\"wp-block-paragraph\">&#8220;O curso foi uma experi\u00eancia de aprendizado e conex\u00f5es com pessoas de trajet\u00f3rias diferentes. Finalizei o programa com novos conhecimentos e perspectivas&#8221;, destacou Camila Parrela, servidora da A Funda\u00e7\u00e3o de Amparo \u00e0 Pesquisa do Estado de Minas Gerais (Fapemig).<\/p>\n\n\n\n<p class=\"wp-block-paragraph\">Ana Cristina Quevedo, integrana do escrit\u00f3rio Xavier Advogados (RS), ressaltou a qualidade da forma\u00e7\u00e3o e conviv\u00eancia proporcionada pelo programa. &#8220;Foi uma experi\u00eancia sensacional. IEL MG, professores, coordena\u00e7\u00e3o e colegas, muito obrigada pelas trocas e conte\u00fado desenvolvido&#8221;.<\/p>\n\n\n\n<figure class=\"wp-block-image aligncenter size-large\"><img decoding=\"async\" src=\"https:\/\/www.fiemg.com.br\/iel\/wp-content\/uploads\/sites\/13\/2026\/09\/conselheiros_interna_2-1024x396.jpg\" alt=\"Programa de forma\u00e7\u00e3o de conslheiros do IEL\" class=\"wp-image-5006\" \/><\/figure>\n\n\n\n<p class=\"wp-block-paragraph\"><br><strong>Imprensa FIEMG<\/strong><\/p>\n\n\n\n<p class=\"wp-block-paragraph\"><\/p>\n","protected":false},"featured_media":5005,"template":"","categories":[15],"tags":[104,97,436],"class_list":["post-4996","noticias","type-noticias","status-publish","has-post-thumbnail","hentry","category-desenvolvimento-industrial","tag-conselheiros","tag-iel","tag-programa-de-formacao"],"acf":[],"yoast_head":"<!-- This site is optimized with the Yoast SEO plugin v27.7 - https:\/\/yoast.com\/product\/yoast-seo-wordpress\/ -->\n<title>IEL Minas conclui 28\u00aa turma do Programa de Desenvolvimento de Conselheiros - IEL<\/title>\n<meta name=\"description\" content=\"Forma\u00e7\u00e3o j\u00e1 capacitou mais de mil profissionais para atua\u00e7\u00e3o em conselhos de administra\u00e7\u00e3o e consultivos\" \/>\n<meta name=\"robots\" content=\"index, follow, max-snippet:-1, max-image-preview:large, max-video-preview:-1\" \/>\n<link rel=\"canonical\" href=\"https:\/\/www.fiemg.com.br\/iel\/noticias\/iel-minas-conclui-28a-turma-do-programa-de-desenvolvimento-de-conselheiros\/\" \/>\n<meta property=\"og:locale\" content=\"pt_BR\" \/>\n<meta property=\"og:type\" content=\"article\" \/>\n<meta property=\"og:title\" content=\"IEL Minas conclui 28\u00aa turma do Programa de Desenvolvimento de Conselheiros - IEL\" \/>\n<meta property=\"og:description\" content=\"Forma\u00e7\u00e3o j\u00e1 capacitou mais de mil profissionais para atua\u00e7\u00e3o em conselhos de administra\u00e7\u00e3o e consultivos\" \/>\n<meta property=\"og:url\" content=\"https:\/\/www.fiemg.com.br\/iel\/noticias\/iel-minas-conclui-28a-turma-do-programa-de-desenvolvimento-de-conselheiros\/\" \/>\n<meta property=\"og:site_name\" content=\"IEL\" \/>\n<meta property=\"article:modified_time\" content=\"2026-09-03T21:00:49+00:00\" \/>\n<meta property=\"og:image\" content=\"https:\/\/www.fiemg.com.br\/iel\/wp-content\/uploads\/sites\/13\/2026\/09\/sistema-fiemg-mini.png\" \/>\n\t<meta property=\"og:image:width\" content=\"225\" \/>\n\t<meta property=\"og:image:height\" content=\"225\" \/>\n\t<meta property=\"og:image:type\" content=\"image\/png\" \/>\n<meta name=\"twitter:card\" content=\"summary_large_image\" \/>\n<meta name=\"twitter:label1\" content=\"Est. tempo de leitura\" \/>\n\t<meta name=\"twitter:data1\" content=\"2 minutos\" \/>\n<script type=\"application\/ld+json\" class=\"yoast-schema-graph\">{\"@context\":\"https:\\\/\\\/schema.org\",\"@graph\":[{\"@type\":\"WebPage\",\"@id\":\"https:\\\/\\\/www.fiemg.com.br\\\/iel\\\/noticias\\\/iel-minas-conclui-28a-turma-do-programa-de-desenvolvimento-de-conselheiros\\\/\",\"url\":\"https:\\\/\\\/www.fiemg.com.br\\\/iel\\\/noticias\\\/iel-minas-conclui-28a-turma-do-programa-de-desenvolvimento-de-conselheiros\\\/\",\"name\":\"IEL Minas conclui 28\u00aa turma do Programa de Desenvolvimento de Conselheiros - IEL\",\"isPartOf\":{\"@id\":\"https:\\\/\\\/www.fiemg.com.br\\\/iel\\\/#website\"},\"primaryImageOfPage\":{\"@id\":\"https:\\\/\\\/www.fiemg.com.br\\\/iel\\\/noticias\\\/iel-minas-conclui-28a-turma-do-programa-de-desenvolvimento-de-conselheiros\\\/#primaryimage\"},\"image\":{\"@id\":\"https:\\\/\\\/www.fiemg.com.br\\\/iel\\\/noticias\\\/iel-minas-conclui-28a-turma-do-programa-de-desenvolvimento-de-conselheiros\\\/#primaryimage\"},\"thumbnailUrl\":\"https:\\\/\\\/www.fiemg.com.br\\\/iel\\\/wp-content\\\/uploads\\\/sites\\\/13\\\/2026\\\/09\\\/conselheiros_thumb_6556719.jpg\",\"datePublished\":\"2026-08-27T20:35:21+00:00\",\"dateModified\":\"2026-09-03T21:00:49+00:00\",\"description\":\"Forma\u00e7\u00e3o j\u00e1 capacitou mais de mil profissionais para atua\u00e7\u00e3o em conselhos de administra\u00e7\u00e3o e consultivos\",\"breadcrumb\":{\"@id\":\"https:\\\/\\\/www.fiemg.com.br\\\/iel\\\/noticias\\\/iel-minas-conclui-28a-turma-do-programa-de-desenvolvimento-de-conselheiros\\\/#breadcrumb\"},\"inLanguage\":\"pt-BR\",\"potentialAction\":[{\"@type\":\"ReadAction\",\"target\":[\"https:\\\/\\\/www.fiemg.com.br\\\/iel\\\/noticias\\\/iel-minas-conclui-28a-turma-do-programa-de-desenvolvimento-de-conselheiros\\\/\"]}]},{\"@type\":\"ImageObject\",\"inLanguage\":\"pt-BR\",\"@id\":\"https:\\\/\\\/www.fiemg.com.br\\\/iel\\\/noticias\\\/iel-minas-conclui-28a-turma-do-programa-de-desenvolvimento-de-conselheiros\\\/#primaryimage\",\"url\":\"https:\\\/\\\/www.fiemg.com.br\\\/iel\\\/wp-content\\\/uploads\\\/sites\\\/13\\\/2026\\\/09\\\/conselheiros_thumb_6556719.jpg\",\"contentUrl\":\"https:\\\/\\\/www.fiemg.com.br\\\/iel\\\/wp-content\\\/uploads\\\/sites\\\/13\\\/2026\\\/09\\\/conselheiros_thumb_6556719.jpg\",\"width\":512,\"height\":512,\"caption\":\"Programa de forma\u00e7\u00e3o de conselheiros\"},{\"@type\":\"BreadcrumbList\",\"@id\":\"https:\\\/\\\/www.fiemg.com.br\\\/iel\\\/noticias\\\/iel-minas-conclui-28a-turma-do-programa-de-desenvolvimento-de-conselheiros\\\/#breadcrumb\",\"itemListElement\":[{\"@type\":\"ListItem\",\"position\":1,\"name\":\"In\u00edcio\",\"item\":\"https:\\\/\\\/www.fiemg.com.br\\\/iel\\\/\"},{\"@type\":\"ListItem\",\"position\":2,\"name\":\"IEL Minas conclui 28\u00aa turma do Programa de Desenvolvimento de Conselheiros\"}]},{\"@type\":\"WebSite\",\"@id\":\"https:\\\/\\\/www.fiemg.com.br\\\/iel\\\/#website\",\"url\":\"https:\\\/\\\/www.fiemg.com.br\\\/iel\\\/\",\"name\":\"IEL\",\"description\":\"Federa\u00e7\u00e3o das Ind\u00fastrias do Estado de Minas Gerais\",\"publisher\":{\"@id\":\"https:\\\/\\\/www.fiemg.com.br\\\/iel\\\/#organization\"},\"potentialAction\":[{\"@type\":\"SearchAction\",\"target\":{\"@type\":\"EntryPoint\",\"urlTemplate\":\"https:\\\/\\\/www.fiemg.com.br\\\/iel\\\/?s={search_term_string}\"},\"query-input\":{\"@type\":\"PropertyValueSpecification\",\"valueRequired\":true,\"valueName\":\"search_term_string\"}}],\"inLanguage\":\"pt-BR\"},{\"@type\":\"Organization\",\"@id\":\"https:\\\/\\\/www.fiemg.com.br\\\/iel\\\/#organization\",\"name\":\"IEL\",\"url\":\"https:\\\/\\\/www.fiemg.com.br\\\/iel\\\/\",\"logo\":{\"@type\":\"ImageObject\",\"inLanguage\":\"pt-BR\",\"@id\":\"https:\\\/\\\/www.fiemg.com.br\\\/iel\\\/#\\\/schema\\\/logo\\\/image\\\/\",\"url\":\"https:\\\/\\\/www.fiemg.com.br\\\/iel\\\/wp-content\\\/uploads\\\/sites\\\/13\\\/2023\\\/02\\\/IEL_branco.svg\",\"contentUrl\":\"https:\\\/\\\/www.fiemg.com.br\\\/iel\\\/wp-content\\\/uploads\\\/sites\\\/13\\\/2023\\\/02\\\/IEL_branco.svg\",\"width\":103,\"height\":59,\"caption\":\"IEL\"},\"image\":{\"@id\":\"https:\\\/\\\/www.fiemg.com.br\\\/iel\\\/#\\\/schema\\\/logo\\\/image\\\/\"}}]}<\/script>\n<!-- \/ Yoast SEO plugin. -->","yoast_head_json":{"title":"IEL Minas conclui 28\u00aa turma do Programa de Desenvolvimento de Conselheiros - IEL","description":"Forma\u00e7\u00e3o j\u00e1 capacitou mais de mil profissionais para atua\u00e7\u00e3o em conselhos de administra\u00e7\u00e3o e consultivos","robots":{"index":"index","follow":"follow","max-snippet":"max-snippet:-1","max-image-preview":"max-image-preview:large","max-video-preview":"max-video-preview:-1"},"canonical":"https:\/\/www.fiemg.com.br\/iel\/noticias\/iel-minas-conclui-28a-turma-do-programa-de-desenvolvimento-de-conselheiros\/","og_locale":"pt_BR","og_type":"article","og_title":"IEL Minas conclui 28\u00aa turma do Programa de Desenvolvimento de Conselheiros - IEL","og_description":"Forma\u00e7\u00e3o j\u00e1 capacitou mais de mil profissionais para atua\u00e7\u00e3o em conselhos de administra\u00e7\u00e3o e consultivos","og_url":"https:\/\/www.fiemg.com.br\/iel\/noticias\/iel-minas-conclui-28a-turma-do-programa-de-desenvolvimento-de-conselheiros\/","og_site_name":"IEL","article_modified_time":"2026-09-03T21:00:49+00:00","og_image":[{"width":225,"height":225,"url":"https:\/\/www.fiemg.com.br\/iel\/wp-content\/uploads\/sites\/13\/2026\/09\/sistema-fiemg-mini.png","type":"image\/png"}],"twitter_card":"summary_large_image","twitter_misc":{"Est. tempo de leitura":"2 minutos"},"schema":{"@context":"https:\/\/schema.org","@graph":[{"@type":"WebPage","@id":"https:\/\/www.fiemg.com.br\/iel\/noticias\/iel-minas-conclui-28a-turma-do-programa-de-desenvolvimento-de-conselheiros\/","url":"https:\/\/www.fiemg.com.br\/iel\/noticias\/iel-minas-conclui-28a-turma-do-programa-de-desenvolvimento-de-conselheiros\/","name":"IEL Minas conclui 28\u00aa turma do Programa de Desenvolvimento de Conselheiros - IEL","isPartOf":{"@id":"https:\/\/www.fiemg.com.br\/iel\/#website"},"primaryImageOfPage":{"@id":"https:\/\/www.fiemg.com.br\/iel\/noticias\/iel-minas-conclui-28a-turma-do-programa-de-desenvolvimento-de-conselheiros\/#primaryimage"},"image":{"@id":"https:\/\/www.fiemg.com.br\/iel\/noticias\/iel-minas-conclui-28a-turma-do-programa-de-desenvolvimento-de-conselheiros\/#primaryimage"},"thumbnailUrl":"https:\/\/www.fiemg.com.br\/iel\/wp-content\/uploads\/sites\/13\/2026\/09\/conselheiros_thumb_6556719.jpg","datePublished":"2026-08-27T20:35:21+00:00","dateModified":"2026-09-03T21:00:49+00:00","description":"Forma\u00e7\u00e3o j\u00e1 capacitou mais de mil profissionais para atua\u00e7\u00e3o em conselhos de administra\u00e7\u00e3o e consultivos","breadcrumb":{"@id":"https:\/\/www.fiemg.com.br\/iel\/noticias\/iel-minas-conclui-28a-turma-do-programa-de-desenvolvimento-de-conselheiros\/#breadcrumb"},"inLanguage":"pt-BR","potentialAction":[{"@type":"ReadAction","target":["https:\/\/www.fiemg.com.br\/iel\/noticias\/iel-minas-conclui-28a-turma-do-programa-de-desenvolvimento-de-conselheiros\/"]}]},{"@type":"ImageObject","inLanguage":"pt-BR","@id":"https:\/\/www.fiemg.com.br\/iel\/noticias\/iel-minas-conclui-28a-turma-do-programa-de-desenvolvimento-de-conselheiros\/#primaryimage","url":"https:\/\/www.fiemg.com.br\/iel\/wp-content\/uploads\/sites\/13\/2026\/09\/conselheiros_thumb_6556719.jpg","contentUrl":"https:\/\/www.fiemg.com.br\/iel\/wp-content\/uploads\/sites\/13\/2026\/09\/conselheiros_thumb_6556719.jpg","width":512,"height":512,"caption":"Programa de forma\u00e7\u00e3o de conselheiros"},{"@type":"BreadcrumbList","@id":"https:\/\/www.fiemg.com.br\/iel\/noticias\/iel-minas-conclui-28a-turma-do-programa-de-desenvolvimento-de-conselheiros\/#breadcrumb","itemListElement":[{"@type":"ListItem","position":1,"name":"In\u00edcio","item":"https:\/\/www.fiemg.com.br\/iel\/"},{"@type":"ListItem","position":2,"name":"IEL Minas conclui 28\u00aa turma do Programa de Desenvolvimento de Conselheiros"}]},{"@type":"WebSite","@id":"https:\/\/www.fiemg.com.br\/iel\/#website","url":"https:\/\/www.fiemg.com.br\/iel\/","name":"IEL","description":"Federa\u00e7\u00e3o das Ind\u00fastrias do Estado de Minas Gerais","publisher":{"@id":"https:\/\/www.fiemg.com.br\/iel\/#organization"},"potentialAction":[{"@type":"SearchAction","target":{"@type":"EntryPoint","urlTemplate":"https:\/\/www.fiemg.com.br\/iel\/?s={search_term_string}"},"query-input":{"@type":"PropertyValueSpecification","valueRequired":true,"valueName":"search_term_string"}}],"inLanguage":"pt-BR"},{"@type":"Organization","@id":"https:\/\/www.fiemg.com.br\/iel\/#organization","name":"IEL","url":"https:\/\/www.fiemg.com.br\/iel\/","logo":{"@type":"ImageObject","inLanguage":"pt-BR","@id":"https:\/\/www.fiemg.com.br\/iel\/#\/schema\/logo\/image\/","url":"https:\/\/www.fiemg.com.br\/iel\/wp-content\/uploads\/sites\/13\/2023\/02\/IEL_branco.svg","contentUrl":"https:\/\/www.fiemg.com.br\/iel\/wp-content\/uploads\/sites\/13\/2023\/02\/IEL_branco.svg","width":103,"height":59,"caption":"IEL"},"image":{"@id":"https:\/\/www.fiemg.com.br\/iel\/#\/schema\/logo\/image\/"}}]}},"_links":{"self":[{"href":"https:\/\/www.fiemg.com.br\/iel\/wp-json\/wp\/v2\/noticias\/4996","targetHints":{"allow":["GET"]}}],"collection":[{"href":"https:\/\/www.fiemg.com.br\/iel\/wp-json\/wp\/v2\/noticias"}],"about":[{"href":"https:\/\/www.fiemg.com.br\/iel\/wp-json\/wp\/v2\/types\/noticias"}],"wp:featuredmedia":[{"embeddable":true,"href":"https:\/\/www.fiemg.com.br\/iel\/wp-json\/wp\/v2\/media\/5005"}],"wp:attachment":[{"href":"https:\/\/www.fiemg.com.br\/iel\/wp-json\/wp\/v2\/media?parent=4996"}],"wp:term":[{"taxonomy":"category","embeddable":true,"href":"https:\/\/www.fiemg.com.br\/iel\/wp-json\/wp\/v2\/categories?post=4996"},{"taxonomy":"post_tag","embeddable":true,"href":"https:\/\/www.fiemg.com.br\/iel\/wp-json\/wp\/v2\/tags?post=4996"}],"curies":[{"name":"wp","href":"https:\/\/api.w.org\/{rel}","templated":true}]}}