{"id":1182,"date":"2023-04-24T16:13:59","date_gmt":"2023-04-24T16:13:59","guid":{"rendered":"https:\/\/www.fiemg.com.br\/regional-alto-paranaiba\/noticias\/senai-patos-realiza-desfile-de-formatura-de-curso-tecnico-em-vestuario\/"},"modified":"2023-07-12T16:14:56","modified_gmt":"2023-07-12T16:14:56","slug":"senai-patos-realiza-desfile-de-formatura-de-curso-tecnico-em-vestuario","status":"publish","type":"noticias","link":"https:\/\/www.fiemg.com.br\/regional-alto-paranaiba\/noticias\/senai-patos-realiza-desfile-de-formatura-de-curso-tecnico-em-vestuario\/","title":{"rendered":"SENAI Patos realiza desfile de formatura de Curso T\u00e9cnico em Vestu\u00e1rio"},"content":{"rendered":"<header class=\"entry-header\"><\/header>\n<div class=\"share pull-right\">\n<div class=\"addthis_sharing_toolbox\"><\/div>\n<\/div>\n<div class=\"entry-content\"><a class=\"modal-image cboxElement\" href=\"https:\/\/www.fiemg.com.br\/Cms_Data\/Contents\/regionais\/Folders\/Noticias\/AltoParanaiba\/~contents\/JUR23LM5PBG5AHA2\/a.jpg\"><img decoding=\"async\" src=\"https:\/\/www.fiemg.com.br\/Assets\/Images\/DynamicImages\/b0d9fbc00b6f7f6751e465d51928a0feb170d194db4a84cda11097ba1e1754df.jpg\" \/><\/a>O SENAI de Patos de Minas celebrou a conclus\u00e3o do Curso T\u00e9cnico em Vestu\u00e1rio, pelo Programa Trilhas de Futuro, do Governo de Minas Gerais. Para marcar a formatura, houve um desfile elaborado pelas alunas participantes. O desfile aconteceu \u00e0s 21h30, no anfiteatro da unidade, situada na Av. Afonso Queiroz, 966, no Bairro Sebasti\u00e3o Amorim. O gerente da unidade, Lucas Santos Silva, destacou que h\u00e1 uma grande demanda por profissionais nas ind\u00fastrias do setor do vestu\u00e1rio e \u00e9 fundamental que o mercado receba mais pessoas capacitadas para esse trabalho. \u201cJ\u00e1 estamos com outra turma de T\u00e9cnico do Vestu\u00e1rio, tamb\u00e9m, pelo Trilhas de Futuro, que ir\u00e1 iniciar em maio\u201d, complementou.<\/p>\n<div class=\"x_ContentPasted0\">O instrutor Lizandro Amaral informou que o curso T\u00e9cnico em Vestu\u00e1rio proporcionou \u00e0s alunas compet\u00eancias para implementar e supervisionar o processo produtivo do vestu\u00e1rio, al\u00e9m de apoiar o desenvolvimento de produtos do vestu\u00e1rio, de acordo com os padr\u00f5es estabelecidos e seguindo normas t\u00e9cnicas, de sa\u00fade e seguran\u00e7a do trabalho, princ\u00edpios de gest\u00e3o da qualidade e de sustentabilidade.<\/div>\n<div><\/div>\n<div>Foram quatro m\u00f3dulos, num total de 1200 horas de aulas com partes te\u00f3ricas e pr\u00e1ticas. Para o desfile de apresenta\u00e7\u00e3o t\u00e9cnica do que foi aprendido no curso, cada aluna escolheu uma celebridade. Com base em pesquisa realizada, desenvolveu tr\u00eas trajes inspirados na escolha. A pr\u00f3pria aluna desfilou com os looks elaborados. O desfile contou com a participa\u00e7\u00e3o de familiares das alunas e convidados especiais d<\/div>\n<div>o setor do vestu\u00e1rio de Patos de Minas.<\/div>\n<\/div>\n","protected":false},"featured_media":1175,"template":"","categories":[],"tags":[],"class_list":["post-1182","noticias","type-noticias","status-publish","has-post-thumbnail","hentry"],"acf":[],"yoast_head":"<!-- This site is optimized with the Yoast SEO plugin v26.2 - https:\/\/yoast.com\/wordpress\/plugins\/seo\/ -->\n<title>SENAI Patos realiza desfile de formatura de Curso T\u00e9cnico em Vestu\u00e1rio - Regional Alto Parana\u00edba<\/title>\n<meta name=\"robots\" content=\"index, follow, max-snippet:-1, max-image-preview:large, max-video-preview:-1\" \/>\n<link rel=\"canonical\" href=\"https:\/\/www.fiemg.com.br\/regional-alto-paranaiba\/noticias\/senai-patos-realiza-desfile-de-formatura-de-curso-tecnico-em-vestuario\/\" \/>\n<meta property=\"og:locale\" content=\"pt_BR\" \/>\n<meta property=\"og:type\" content=\"article\" \/>\n<meta property=\"og:title\" content=\"SENAI Patos realiza desfile de formatura de Curso T\u00e9cnico em Vestu\u00e1rio - Regional Alto Parana\u00edba\" \/>\n<meta property=\"og:description\" content=\"O SENAI de Patos de Minas celebrou a conclus\u00e3o do Curso T\u00e9cnico em Vestu\u00e1rio, pelo Programa Trilhas de Futuro, do Governo de Minas Gerais. Para marcar a formatura, houve um desfile elaborado pelas alunas participantes. O desfile aconteceu \u00e0s 21h30, no anfiteatro da unidade, situada na Av. Afonso Queiroz, 966, no Bairro Sebasti\u00e3o Amorim. O [&hellip;]\" \/>\n<meta property=\"og:url\" content=\"https:\/\/www.fiemg.com.br\/regional-alto-paranaiba\/noticias\/senai-patos-realiza-desfile-de-formatura-de-curso-tecnico-em-vestuario\/\" \/>\n<meta property=\"og:site_name\" content=\"Regional Alto Parana\u00edba\" \/>\n<meta property=\"article:modified_time\" content=\"2023-07-12T16:14:56+00:00\" \/>\n<meta property=\"og:image\" content=\"https:\/\/www.fiemg.com.br\/regional-alto-paranaiba\/wp-content\/uploads\/sites\/15\/2023\/07\/b0d9fbc00b6f7f6751e465d51928a0feb170d194db4a84cda11097ba1e1754df.jpg\" \/>\n\t<meta property=\"og:image:width\" content=\"620\" \/>\n\t<meta property=\"og:image:height\" content=\"240\" \/>\n\t<meta property=\"og:image:type\" content=\"image\/jpeg\" \/>\n<meta name=\"twitter:card\" content=\"summary_large_image\" \/>\n<meta name=\"twitter:label1\" content=\"Est. tempo de leitura\" \/>\n\t<meta name=\"twitter:data1\" content=\"2 minutos\" \/>\n<script type=\"application\/ld+json\" class=\"yoast-schema-graph\">{\"@context\":\"https:\/\/schema.org\",\"@graph\":[{\"@type\":\"WebPage\",\"@id\":\"https:\/\/www.fiemg.com.br\/regional-alto-paranaiba\/noticias\/senai-patos-realiza-desfile-de-formatura-de-curso-tecnico-em-vestuario\/\",\"url\":\"https:\/\/www.fiemg.com.br\/regional-alto-paranaiba\/noticias\/senai-patos-realiza-desfile-de-formatura-de-curso-tecnico-em-vestuario\/\",\"name\":\"SENAI Patos realiza desfile de formatura de Curso T\u00e9cnico em Vestu\u00e1rio - Regional Alto Parana\u00edba\",\"isPartOf\":{\"@id\":\"https:\/\/www.fiemg.com.br\/regional-alto-paranaiba\/#website\"},\"primaryImageOfPage\":{\"@id\":\"https:\/\/www.fiemg.com.br\/regional-alto-paranaiba\/noticias\/senai-patos-realiza-desfile-de-formatura-de-curso-tecnico-em-vestuario\/#primaryimage\"},\"image\":{\"@id\":\"https:\/\/www.fiemg.com.br\/regional-alto-paranaiba\/noticias\/senai-patos-realiza-desfile-de-formatura-de-curso-tecnico-em-vestuario\/#primaryimage\"},\"thumbnailUrl\":\"https:\/\/www.fiemg.com.br\/regional-alto-paranaiba\/wp-content\/uploads\/sites\/15\/2023\/07\/b0d9fbc00b6f7f6751e465d51928a0feb170d194db4a84cda11097ba1e1754df.jpg\",\"datePublished\":\"2023-04-24T16:13:59+00:00\",\"dateModified\":\"2023-07-12T16:14:56+00:00\",\"breadcrumb\":{\"@id\":\"https:\/\/www.fiemg.com.br\/regional-alto-paranaiba\/noticias\/senai-patos-realiza-desfile-de-formatura-de-curso-tecnico-em-vestuario\/#breadcrumb\"},\"inLanguage\":\"pt-BR\",\"potentialAction\":[{\"@type\":\"ReadAction\",\"target\":[\"https:\/\/www.fiemg.com.br\/regional-alto-paranaiba\/noticias\/senai-patos-realiza-desfile-de-formatura-de-curso-tecnico-em-vestuario\/\"]}]},{\"@type\":\"ImageObject\",\"inLanguage\":\"pt-BR\",\"@id\":\"https:\/\/www.fiemg.com.br\/regional-alto-paranaiba\/noticias\/senai-patos-realiza-desfile-de-formatura-de-curso-tecnico-em-vestuario\/#primaryimage\",\"url\":\"https:\/\/www.fiemg.com.br\/regional-alto-paranaiba\/wp-content\/uploads\/sites\/15\/2023\/07\/b0d9fbc00b6f7f6751e465d51928a0feb170d194db4a84cda11097ba1e1754df.jpg\",\"contentUrl\":\"https:\/\/www.fiemg.com.br\/regional-alto-paranaiba\/wp-content\/uploads\/sites\/15\/2023\/07\/b0d9fbc00b6f7f6751e465d51928a0feb170d194db4a84cda11097ba1e1754df.jpg\",\"width\":620,\"height\":240},{\"@type\":\"BreadcrumbList\",\"@id\":\"https:\/\/www.fiemg.com.br\/regional-alto-paranaiba\/noticias\/senai-patos-realiza-desfile-de-formatura-de-curso-tecnico-em-vestuario\/#breadcrumb\",\"itemListElement\":[{\"@type\":\"ListItem\",\"position\":1,\"name\":\"In\u00edcio\",\"item\":\"https:\/\/www.fiemg.com.br\/regional-alto-paranaiba\/\"},{\"@type\":\"ListItem\",\"position\":2,\"name\":\"SENAI Patos realiza desfile de formatura de Curso T\u00e9cnico em Vestu\u00e1rio\"}]},{\"@type\":\"WebSite\",\"@id\":\"https:\/\/www.fiemg.com.br\/regional-alto-paranaiba\/#website\",\"url\":\"https:\/\/www.fiemg.com.br\/regional-alto-paranaiba\/\",\"name\":\"Regional Alto Parana\u00edba\",\"description\":\"Federa\u00e7\u00e3o das Ind\u00fastrias do Estado de Minas Gerais\",\"publisher\":{\"@id\":\"https:\/\/www.fiemg.com.br\/regional-alto-paranaiba\/#organization\"},\"potentialAction\":[{\"@type\":\"SearchAction\",\"target\":{\"@type\":\"EntryPoint\",\"urlTemplate\":\"https:\/\/www.fiemg.com.br\/regional-alto-paranaiba\/?s={search_term_string}\"},\"query-input\":{\"@type\":\"PropertyValueSpecification\",\"valueRequired\":true,\"valueName\":\"search_term_string\"}}],\"inLanguage\":\"pt-BR\"},{\"@type\":\"Organization\",\"@id\":\"https:\/\/www.fiemg.com.br\/regional-alto-paranaiba\/#organization\",\"name\":\"Regional Alto Parana\u00edba\",\"url\":\"https:\/\/www.fiemg.com.br\/regional-alto-paranaiba\/\",\"logo\":{\"@type\":\"ImageObject\",\"inLanguage\":\"pt-BR\",\"@id\":\"https:\/\/www.fiemg.com.br\/regional-alto-paranaiba\/#\/schema\/logo\/image\/\",\"url\":\"https:\/\/www.fiemg.com.br\/regional-alto-paranaiba\/wp-content\/uploads\/sites\/15\/2023\/02\/Ativo-1.png\",\"contentUrl\":\"https:\/\/www.fiemg.com.br\/regional-alto-paranaiba\/wp-content\/uploads\/sites\/15\/2023\/02\/Ativo-1.png\",\"width\":563,\"height\":149,\"caption\":\"Regional Alto Parana\u00edba\"},\"image\":{\"@id\":\"https:\/\/www.fiemg.com.br\/regional-alto-paranaiba\/#\/schema\/logo\/image\/\"}}]}<\/script>\n<!-- \/ Yoast SEO plugin. -->","yoast_head_json":{"title":"SENAI Patos realiza desfile de formatura de Curso T\u00e9cnico em Vestu\u00e1rio - Regional Alto Parana\u00edba","robots":{"index":"index","follow":"follow","max-snippet":"max-snippet:-1","max-image-preview":"max-image-preview:large","max-video-preview":"max-video-preview:-1"},"canonical":"https:\/\/www.fiemg.com.br\/regional-alto-paranaiba\/noticias\/senai-patos-realiza-desfile-de-formatura-de-curso-tecnico-em-vestuario\/","og_locale":"pt_BR","og_type":"article","og_title":"SENAI Patos realiza desfile de formatura de Curso T\u00e9cnico em Vestu\u00e1rio - Regional Alto Parana\u00edba","og_description":"O SENAI de Patos de Minas celebrou a conclus\u00e3o do Curso T\u00e9cnico em Vestu\u00e1rio, pelo Programa Trilhas de Futuro, do Governo de Minas Gerais. Para marcar a formatura, houve um desfile elaborado pelas alunas participantes. O desfile aconteceu \u00e0s 21h30, no anfiteatro da unidade, situada na Av. Afonso Queiroz, 966, no Bairro Sebasti\u00e3o Amorim. O [&hellip;]","og_url":"https:\/\/www.fiemg.com.br\/regional-alto-paranaiba\/noticias\/senai-patos-realiza-desfile-de-formatura-de-curso-tecnico-em-vestuario\/","og_site_name":"Regional Alto Parana\u00edba","article_modified_time":"2023-07-12T16:14:56+00:00","og_image":[{"width":620,"height":240,"url":"https:\/\/www.fiemg.com.br\/regional-alto-paranaiba\/wp-content\/uploads\/sites\/15\/2023\/07\/b0d9fbc00b6f7f6751e465d51928a0feb170d194db4a84cda11097ba1e1754df.jpg","type":"image\/jpeg"}],"twitter_card":"summary_large_image","twitter_misc":{"Est. tempo de leitura":"2 minutos"},"schema":{"@context":"https:\/\/schema.org","@graph":[{"@type":"WebPage","@id":"https:\/\/www.fiemg.com.br\/regional-alto-paranaiba\/noticias\/senai-patos-realiza-desfile-de-formatura-de-curso-tecnico-em-vestuario\/","url":"https:\/\/www.fiemg.com.br\/regional-alto-paranaiba\/noticias\/senai-patos-realiza-desfile-de-formatura-de-curso-tecnico-em-vestuario\/","name":"SENAI Patos realiza desfile de formatura de Curso T\u00e9cnico em Vestu\u00e1rio - Regional Alto Parana\u00edba","isPartOf":{"@id":"https:\/\/www.fiemg.com.br\/regional-alto-paranaiba\/#website"},"primaryImageOfPage":{"@id":"https:\/\/www.fiemg.com.br\/regional-alto-paranaiba\/noticias\/senai-patos-realiza-desfile-de-formatura-de-curso-tecnico-em-vestuario\/#primaryimage"},"image":{"@id":"https:\/\/www.fiemg.com.br\/regional-alto-paranaiba\/noticias\/senai-patos-realiza-desfile-de-formatura-de-curso-tecnico-em-vestuario\/#primaryimage"},"thumbnailUrl":"https:\/\/www.fiemg.com.br\/regional-alto-paranaiba\/wp-content\/uploads\/sites\/15\/2023\/07\/b0d9fbc00b6f7f6751e465d51928a0feb170d194db4a84cda11097ba1e1754df.jpg","datePublished":"2023-04-24T16:13:59+00:00","dateModified":"2023-07-12T16:14:56+00:00","breadcrumb":{"@id":"https:\/\/www.fiemg.com.br\/regional-alto-paranaiba\/noticias\/senai-patos-realiza-desfile-de-formatura-de-curso-tecnico-em-vestuario\/#breadcrumb"},"inLanguage":"pt-BR","potentialAction":[{"@type":"ReadAction","target":["https:\/\/www.fiemg.com.br\/regional-alto-paranaiba\/noticias\/senai-patos-realiza-desfile-de-formatura-de-curso-tecnico-em-vestuario\/"]}]},{"@type":"ImageObject","inLanguage":"pt-BR","@id":"https:\/\/www.fiemg.com.br\/regional-alto-paranaiba\/noticias\/senai-patos-realiza-desfile-de-formatura-de-curso-tecnico-em-vestuario\/#primaryimage","url":"https:\/\/www.fiemg.com.br\/regional-alto-paranaiba\/wp-content\/uploads\/sites\/15\/2023\/07\/b0d9fbc00b6f7f6751e465d51928a0feb170d194db4a84cda11097ba1e1754df.jpg","contentUrl":"https:\/\/www.fiemg.com.br\/regional-alto-paranaiba\/wp-content\/uploads\/sites\/15\/2023\/07\/b0d9fbc00b6f7f6751e465d51928a0feb170d194db4a84cda11097ba1e1754df.jpg","width":620,"height":240},{"@type":"BreadcrumbList","@id":"https:\/\/www.fiemg.com.br\/regional-alto-paranaiba\/noticias\/senai-patos-realiza-desfile-de-formatura-de-curso-tecnico-em-vestuario\/#breadcrumb","itemListElement":[{"@type":"ListItem","position":1,"name":"In\u00edcio","item":"https:\/\/www.fiemg.com.br\/regional-alto-paranaiba\/"},{"@type":"ListItem","position":2,"name":"SENAI Patos realiza desfile de formatura de Curso T\u00e9cnico em Vestu\u00e1rio"}]},{"@type":"WebSite","@id":"https:\/\/www.fiemg.com.br\/regional-alto-paranaiba\/#website","url":"https:\/\/www.fiemg.com.br\/regional-alto-paranaiba\/","name":"Regional Alto Parana\u00edba","description":"Federa\u00e7\u00e3o das Ind\u00fastrias do Estado de Minas Gerais","publisher":{"@id":"https:\/\/www.fiemg.com.br\/regional-alto-paranaiba\/#organization"},"potentialAction":[{"@type":"SearchAction","target":{"@type":"EntryPoint","urlTemplate":"https:\/\/www.fiemg.com.br\/regional-alto-paranaiba\/?s={search_term_string}"},"query-input":{"@type":"PropertyValueSpecification","valueRequired":true,"valueName":"search_term_string"}}],"inLanguage":"pt-BR"},{"@type":"Organization","@id":"https:\/\/www.fiemg.com.br\/regional-alto-paranaiba\/#organization","name":"Regional Alto Parana\u00edba","url":"https:\/\/www.fiemg.com.br\/regional-alto-paranaiba\/","logo":{"@type":"ImageObject","inLanguage":"pt-BR","@id":"https:\/\/www.fiemg.com.br\/regional-alto-paranaiba\/#\/schema\/logo\/image\/","url":"https:\/\/www.fiemg.com.br\/regional-alto-paranaiba\/wp-content\/uploads\/sites\/15\/2023\/02\/Ativo-1.png","contentUrl":"https:\/\/www.fiemg.com.br\/regional-alto-paranaiba\/wp-content\/uploads\/sites\/15\/2023\/02\/Ativo-1.png","width":563,"height":149,"caption":"Regional Alto Parana\u00edba"},"image":{"@id":"https:\/\/www.fiemg.com.br\/regional-alto-paranaiba\/#\/schema\/logo\/image\/"}}]}},"_links":{"self":[{"href":"https:\/\/www.fiemg.com.br\/regional-alto-paranaiba\/wp-json\/wp\/v2\/noticias\/1182","targetHints":{"allow":["GET"]}}],"collection":[{"href":"https:\/\/www.fiemg.com.br\/regional-alto-paranaiba\/wp-json\/wp\/v2\/noticias"}],"about":[{"href":"https:\/\/www.fiemg.com.br\/regional-alto-paranaiba\/wp-json\/wp\/v2\/types\/noticias"}],"wp:featuredmedia":[{"embeddable":true,"href":"https:\/\/www.fiemg.com.br\/regional-alto-paranaiba\/wp-json\/wp\/v2\/media\/1175"}],"wp:attachment":[{"href":"https:\/\/www.fiemg.com.br\/regional-alto-paranaiba\/wp-json\/wp\/v2\/media?parent=1182"}],"wp:term":[{"taxonomy":"category","embeddable":true,"href":"https:\/\/www.fiemg.com.br\/regional-alto-paranaiba\/wp-json\/wp\/v2\/categories?post=1182"},{"taxonomy":"post_tag","embeddable":true,"href":"https:\/\/www.fiemg.com.br\/regional-alto-paranaiba\/wp-json\/wp\/v2\/tags?post=1182"}],"curies":[{"name":"wp","href":"https:\/\/api.w.org\/{rel}","templated":true}]}}