{"id":1671,"date":"2023-11-07T14:28:00","date_gmt":"2023-11-07T17:28:00","guid":{"rendered":"https:\/\/www.fiemg.com.br\/regional-alto-paranaiba\/?post_type=noticias&#038;p=1671"},"modified":"2023-11-07T14:38:43","modified_gmt":"2023-11-07T17:38:43","slug":"reforma-tributaria-e-tema-de-palestra","status":"publish","type":"noticias","link":"https:\/\/www.fiemg.com.br\/regional-alto-paranaiba\/noticias\/reforma-tributaria-e-tema-de-palestra\/","title":{"rendered":"Reforma Tribut\u00e1ria \u00e9 tema de palestra em Patos de Minas"},"content":{"rendered":"\n<p><\/p>\n\n\n\n<p><em>Evento foi promovido pela FIEMG Alto Parana\u00edba<\/em><\/p>\n\n\n\n<p>A Reforma Tribut\u00e1ria \u00e9 um tema que vai render muito assunto. Para esclarecer e atualizar empres\u00e1rios, contadores, advogados e entidades empresariais sobre o assunto, a <a href=\"https:\/\/www.fiemg.com.br\/regional-alto-paranaiba\/\">FIEMG Alto Parana\u00edba<\/a> promoveu uma palestra, em parceria com o <a href=\"http:\/\/www.sindicatodaindustria.com.br\/sindusconpmmg\/\">Sinduscon<\/a>, <a href=\"http:\/\/www.sindicatodaindustria.com.br\/sindivestpmmg\/\">Sindivest<\/a>, <a href=\"http:\/\/www.sindicatodaindustria.com.br\/sindimetalpmmg\/\">Sindimetal<\/a> e o escrit\u00f3rio Queiroz Vaz Advogados Associados. O tema central foi \u201cPerspectivas da Reforma Tribut\u00e1ria para os setores Empresarial e Industrial\u201d e foi ministrado pelos advogados Samir Vaz Vieira Rocha e Maur\u00edcio Queiroz de Melo Neto.<\/p>\n\n\n\n<p>Os dois advogados pontuaram sobre o processo de tramita\u00e7\u00e3o da Reforma Tribut\u00e1ria no Congresso Nacional \u2013 Senado e C\u00e2mara de Deputados. Segundo ele, a ideia \u00e9 desburocratizar o sistema tribut\u00e1rio, que \u00e9 muito complexo no Brasil e promover uma redu\u00e7\u00e3o na carga tribut\u00e1ria. A proposta em discuss\u00e3o prev\u00ea a redu\u00e7\u00e3o para dois tributos: IBS (imposto sobre Bens e Servi\u00e7os) que ir\u00e1 integrar o ICMS (estadual) e o ISS (municipal) e o CBS (contribui\u00e7\u00e3o sobre Bens e Servi\u00e7os) que ir\u00e1 unir o Cofins, PIS e IPI. Prev\u00ea, ainda, a extin\u00e7\u00e3o total dos impostos, em 2032, conforme programado em calend\u00e1rio de transi\u00e7\u00e3o. Embora possa parecer um prazo longo, \u00e9 fundamental que os empres\u00e1rios acompanhem de perto para que tenham ci\u00eancia do impacto que a Reforma vai gerar no neg\u00f3cios\u201d, alertaram.<\/p>\n\n\n\n<p>O analista de Rela\u00e7\u00f5es Empresariais da FIEMG Alto Parana\u00edba, Wesley Almeida, destacou que, em breve, ser\u00e1 realizado evento sobre o Regime Especial Tribut\u00e1rio \u2013 RET. A data ainda n\u00e3o foi confirmada. Em representa\u00e7\u00e3o aos Sindicatos Filiados, Carla Reis refor\u00e7ou a relev\u00e2ncia de se manter atualizado sobre a Reforma Tribut\u00e1ria e do conhecimento compartilhado pelos advogados convidados. \u201cSabemos da dedica\u00e7\u00e3o dos advogados nesse tema e por isso, esperamos traz\u00ea-los, novamente, para novos esclarecimentos\u201d, acrescentou.<\/p>\n\n\n\n<p><strong>Planejamento Tribut\u00e1rio<\/strong><\/p>\n\n\n\n<p>A Reforma Tribut\u00e1ria foi tamb\u00e9m abordada em palestra sobre \u201cPlanejamento Tribut\u00e1rio\u201d, ministrada pelo advogado Thiago Braichi, em evento promovido pela <a href=\"https:\/\/www.cdlpatos.com.br\/\">CDL<\/a>, em parceria com a FIEMG Alto Parana\u00edba, o Sindcom\u00e9rcio e o escrit\u00f3rio Freitas Ferraz Advogados. Na palestra, a \u00eanfase foi na necessidade de se entender mais sobre cada imposto pago pelo empres\u00e1rio, cuja legisla\u00e7\u00e3o \u00e9 complexa e sofre constantes altera\u00e7\u00f5es. Segundo ele, existem oportunidades para que o empres\u00e1rio cumpra com as obriga\u00e7\u00f5es tribut\u00e1rias e consiga gerar economia na gest\u00e3o da empresa. \u201cA dica \u00e9 que o empres\u00e1rio conte com profissionais \u2013 advogados e contadores &#8211; de confian\u00e7a e com amplo conhecimento sobre as quest\u00f5es tribut\u00e1rias, para que promova a melhor gest\u00e3o do neg\u00f3cio\u201d, acrescentou.<\/p>\n","protected":false},"featured_media":1676,"template":"","categories":[5],"tags":[70,96],"class_list":["post-1671","noticias","type-noticias","status-publish","has-post-thumbnail","hentry","category-capacitacao-empresarial","tag-fiemg","tag-reformatributaria"],"acf":[],"yoast_head":"<!-- This site is optimized with the Yoast SEO plugin v26.2 - https:\/\/yoast.com\/wordpress\/plugins\/seo\/ -->\n<title>Reforma Tribut\u00e1ria \u00e9 tema de palestra em Patos de Minas - Regional Alto Parana\u00edba<\/title>\n<meta name=\"description\" content=\"Palestra ministrada pela FIEMG Alto Parana\u00edba e parceiros esclareceu d\u00favidas de empres\u00e1rios sobre o assunto.\" \/>\n<meta name=\"robots\" content=\"index, follow, max-snippet:-1, max-image-preview:large, max-video-preview:-1\" \/>\n<link rel=\"canonical\" href=\"https:\/\/www.fiemg.com.br\/regional-alto-paranaiba\/noticias\/reforma-tributaria-e-tema-de-palestra\/\" \/>\n<meta property=\"og:locale\" content=\"pt_BR\" \/>\n<meta property=\"og:type\" content=\"article\" \/>\n<meta property=\"og:title\" content=\"Reforma Tribut\u00e1ria \u00e9 tema de palestra em Patos de Minas - Regional Alto Parana\u00edba\" \/>\n<meta property=\"og:description\" content=\"Palestra ministrada pela FIEMG Alto Parana\u00edba e parceiros esclareceu d\u00favidas de empres\u00e1rios sobre o assunto.\" \/>\n<meta property=\"og:url\" content=\"https:\/\/www.fiemg.com.br\/regional-alto-paranaiba\/noticias\/reforma-tributaria-e-tema-de-palestra\/\" \/>\n<meta property=\"og:site_name\" content=\"Regional Alto Parana\u00edba\" \/>\n<meta property=\"article:modified_time\" content=\"2023-11-07T17:38:43+00:00\" \/>\n<meta property=\"og:image\" content=\"https:\/\/www.fiemg.com.br\/regional-alto-paranaiba\/wp-content\/uploads\/sites\/15\/2023\/11\/reformatributaria-1-1024x576.jpg\" \/>\n\t<meta property=\"og:image:width\" content=\"1024\" \/>\n\t<meta property=\"og:image:height\" content=\"576\" \/>\n\t<meta property=\"og:image:type\" content=\"image\/jpeg\" \/>\n<meta name=\"twitter:card\" content=\"summary_large_image\" \/>\n<meta name=\"twitter:label1\" content=\"Est. tempo de leitura\" \/>\n\t<meta name=\"twitter:data1\" content=\"3 minutos\" \/>\n<script type=\"application\/ld+json\" class=\"yoast-schema-graph\">{\"@context\":\"https:\/\/schema.org\",\"@graph\":[{\"@type\":\"WebPage\",\"@id\":\"https:\/\/www.fiemg.com.br\/regional-alto-paranaiba\/noticias\/reforma-tributaria-e-tema-de-palestra\/\",\"url\":\"https:\/\/www.fiemg.com.br\/regional-alto-paranaiba\/noticias\/reforma-tributaria-e-tema-de-palestra\/\",\"name\":\"Reforma Tribut\u00e1ria \u00e9 tema de palestra em Patos de Minas - Regional Alto Parana\u00edba\",\"isPartOf\":{\"@id\":\"https:\/\/www.fiemg.com.br\/regional-alto-paranaiba\/#website\"},\"primaryImageOfPage\":{\"@id\":\"https:\/\/www.fiemg.com.br\/regional-alto-paranaiba\/noticias\/reforma-tributaria-e-tema-de-palestra\/#primaryimage\"},\"image\":{\"@id\":\"https:\/\/www.fiemg.com.br\/regional-alto-paranaiba\/noticias\/reforma-tributaria-e-tema-de-palestra\/#primaryimage\"},\"thumbnailUrl\":\"https:\/\/www.fiemg.com.br\/regional-alto-paranaiba\/wp-content\/uploads\/sites\/15\/2023\/11\/reformatributaria-1-e1699378556689.jpg\",\"datePublished\":\"2023-11-07T17:28:00+00:00\",\"dateModified\":\"2023-11-07T17:38:43+00:00\",\"description\":\"Palestra ministrada pela FIEMG Alto Parana\u00edba e parceiros esclareceu d\u00favidas de empres\u00e1rios sobre o assunto.\",\"breadcrumb\":{\"@id\":\"https:\/\/www.fiemg.com.br\/regional-alto-paranaiba\/noticias\/reforma-tributaria-e-tema-de-palestra\/#breadcrumb\"},\"inLanguage\":\"pt-BR\",\"potentialAction\":[{\"@type\":\"ReadAction\",\"target\":[\"https:\/\/www.fiemg.com.br\/regional-alto-paranaiba\/noticias\/reforma-tributaria-e-tema-de-palestra\/\"]}]},{\"@type\":\"ImageObject\",\"inLanguage\":\"pt-BR\",\"@id\":\"https:\/\/www.fiemg.com.br\/regional-alto-paranaiba\/noticias\/reforma-tributaria-e-tema-de-palestra\/#primaryimage\",\"url\":\"https:\/\/www.fiemg.com.br\/regional-alto-paranaiba\/wp-content\/uploads\/sites\/15\/2023\/11\/reformatributaria-1-e1699378556689.jpg\",\"contentUrl\":\"https:\/\/www.fiemg.com.br\/regional-alto-paranaiba\/wp-content\/uploads\/sites\/15\/2023\/11\/reformatributaria-1-e1699378556689.jpg\",\"width\":700,\"height\":394,\"caption\":\"Reforma Tribut\u00e1ria\"},{\"@type\":\"BreadcrumbList\",\"@id\":\"https:\/\/www.fiemg.com.br\/regional-alto-paranaiba\/noticias\/reforma-tributaria-e-tema-de-palestra\/#breadcrumb\",\"itemListElement\":[{\"@type\":\"ListItem\",\"position\":1,\"name\":\"In\u00edcio\",\"item\":\"https:\/\/www.fiemg.com.br\/regional-alto-paranaiba\/\"},{\"@type\":\"ListItem\",\"position\":2,\"name\":\"Reforma Tribut\u00e1ria \u00e9 tema de palestra em Patos de Minas\"}]},{\"@type\":\"WebSite\",\"@id\":\"https:\/\/www.fiemg.com.br\/regional-alto-paranaiba\/#website\",\"url\":\"https:\/\/www.fiemg.com.br\/regional-alto-paranaiba\/\",\"name\":\"Regional Alto Parana\u00edba\",\"description\":\"Federa\u00e7\u00e3o das Ind\u00fastrias do Estado de Minas Gerais\",\"publisher\":{\"@id\":\"https:\/\/www.fiemg.com.br\/regional-alto-paranaiba\/#organization\"},\"potentialAction\":[{\"@type\":\"SearchAction\",\"target\":{\"@type\":\"EntryPoint\",\"urlTemplate\":\"https:\/\/www.fiemg.com.br\/regional-alto-paranaiba\/?s={search_term_string}\"},\"query-input\":{\"@type\":\"PropertyValueSpecification\",\"valueRequired\":true,\"valueName\":\"search_term_string\"}}],\"inLanguage\":\"pt-BR\"},{\"@type\":\"Organization\",\"@id\":\"https:\/\/www.fiemg.com.br\/regional-alto-paranaiba\/#organization\",\"name\":\"Regional Alto Parana\u00edba\",\"url\":\"https:\/\/www.fiemg.com.br\/regional-alto-paranaiba\/\",\"logo\":{\"@type\":\"ImageObject\",\"inLanguage\":\"pt-BR\",\"@id\":\"https:\/\/www.fiemg.com.br\/regional-alto-paranaiba\/#\/schema\/logo\/image\/\",\"url\":\"https:\/\/www.fiemg.com.br\/regional-alto-paranaiba\/wp-content\/uploads\/sites\/15\/2023\/02\/Ativo-1.png\",\"contentUrl\":\"https:\/\/www.fiemg.com.br\/regional-alto-paranaiba\/wp-content\/uploads\/sites\/15\/2023\/02\/Ativo-1.png\",\"width\":563,\"height\":149,\"caption\":\"Regional Alto Parana\u00edba\"},\"image\":{\"@id\":\"https:\/\/www.fiemg.com.br\/regional-alto-paranaiba\/#\/schema\/logo\/image\/\"}}]}<\/script>\n<!-- \/ Yoast SEO plugin. -->","yoast_head_json":{"title":"Reforma Tribut\u00e1ria \u00e9 tema de palestra em Patos de Minas - Regional Alto Parana\u00edba","description":"Palestra ministrada pela FIEMG Alto Parana\u00edba e parceiros esclareceu d\u00favidas de empres\u00e1rios sobre o assunto.","robots":{"index":"index","follow":"follow","max-snippet":"max-snippet:-1","max-image-preview":"max-image-preview:large","max-video-preview":"max-video-preview:-1"},"canonical":"https:\/\/www.fiemg.com.br\/regional-alto-paranaiba\/noticias\/reforma-tributaria-e-tema-de-palestra\/","og_locale":"pt_BR","og_type":"article","og_title":"Reforma Tribut\u00e1ria \u00e9 tema de palestra em Patos de Minas - Regional Alto Parana\u00edba","og_description":"Palestra ministrada pela FIEMG Alto Parana\u00edba e parceiros esclareceu d\u00favidas de empres\u00e1rios sobre o assunto.","og_url":"https:\/\/www.fiemg.com.br\/regional-alto-paranaiba\/noticias\/reforma-tributaria-e-tema-de-palestra\/","og_site_name":"Regional Alto Parana\u00edba","article_modified_time":"2023-11-07T17:38:43+00:00","og_image":[{"width":1024,"height":576,"url":"https:\/\/www.fiemg.com.br\/regional-alto-paranaiba\/wp-content\/uploads\/sites\/15\/2023\/11\/reformatributaria-1-1024x576.jpg","type":"image\/jpeg"}],"twitter_card":"summary_large_image","twitter_misc":{"Est. tempo de leitura":"3 minutos"},"schema":{"@context":"https:\/\/schema.org","@graph":[{"@type":"WebPage","@id":"https:\/\/www.fiemg.com.br\/regional-alto-paranaiba\/noticias\/reforma-tributaria-e-tema-de-palestra\/","url":"https:\/\/www.fiemg.com.br\/regional-alto-paranaiba\/noticias\/reforma-tributaria-e-tema-de-palestra\/","name":"Reforma Tribut\u00e1ria \u00e9 tema de palestra em Patos de Minas - Regional Alto Parana\u00edba","isPartOf":{"@id":"https:\/\/www.fiemg.com.br\/regional-alto-paranaiba\/#website"},"primaryImageOfPage":{"@id":"https:\/\/www.fiemg.com.br\/regional-alto-paranaiba\/noticias\/reforma-tributaria-e-tema-de-palestra\/#primaryimage"},"image":{"@id":"https:\/\/www.fiemg.com.br\/regional-alto-paranaiba\/noticias\/reforma-tributaria-e-tema-de-palestra\/#primaryimage"},"thumbnailUrl":"https:\/\/www.fiemg.com.br\/regional-alto-paranaiba\/wp-content\/uploads\/sites\/15\/2023\/11\/reformatributaria-1-e1699378556689.jpg","datePublished":"2023-11-07T17:28:00+00:00","dateModified":"2023-11-07T17:38:43+00:00","description":"Palestra ministrada pela FIEMG Alto Parana\u00edba e parceiros esclareceu d\u00favidas de empres\u00e1rios sobre o assunto.","breadcrumb":{"@id":"https:\/\/www.fiemg.com.br\/regional-alto-paranaiba\/noticias\/reforma-tributaria-e-tema-de-palestra\/#breadcrumb"},"inLanguage":"pt-BR","potentialAction":[{"@type":"ReadAction","target":["https:\/\/www.fiemg.com.br\/regional-alto-paranaiba\/noticias\/reforma-tributaria-e-tema-de-palestra\/"]}]},{"@type":"ImageObject","inLanguage":"pt-BR","@id":"https:\/\/www.fiemg.com.br\/regional-alto-paranaiba\/noticias\/reforma-tributaria-e-tema-de-palestra\/#primaryimage","url":"https:\/\/www.fiemg.com.br\/regional-alto-paranaiba\/wp-content\/uploads\/sites\/15\/2023\/11\/reformatributaria-1-e1699378556689.jpg","contentUrl":"https:\/\/www.fiemg.com.br\/regional-alto-paranaiba\/wp-content\/uploads\/sites\/15\/2023\/11\/reformatributaria-1-e1699378556689.jpg","width":700,"height":394,"caption":"Reforma Tribut\u00e1ria"},{"@type":"BreadcrumbList","@id":"https:\/\/www.fiemg.com.br\/regional-alto-paranaiba\/noticias\/reforma-tributaria-e-tema-de-palestra\/#breadcrumb","itemListElement":[{"@type":"ListItem","position":1,"name":"In\u00edcio","item":"https:\/\/www.fiemg.com.br\/regional-alto-paranaiba\/"},{"@type":"ListItem","position":2,"name":"Reforma Tribut\u00e1ria \u00e9 tema de palestra em Patos de Minas"}]},{"@type":"WebSite","@id":"https:\/\/www.fiemg.com.br\/regional-alto-paranaiba\/#website","url":"https:\/\/www.fiemg.com.br\/regional-alto-paranaiba\/","name":"Regional Alto Parana\u00edba","description":"Federa\u00e7\u00e3o das Ind\u00fastrias do Estado de Minas Gerais","publisher":{"@id":"https:\/\/www.fiemg.com.br\/regional-alto-paranaiba\/#organization"},"potentialAction":[{"@type":"SearchAction","target":{"@type":"EntryPoint","urlTemplate":"https:\/\/www.fiemg.com.br\/regional-alto-paranaiba\/?s={search_term_string}"},"query-input":{"@type":"PropertyValueSpecification","valueRequired":true,"valueName":"search_term_string"}}],"inLanguage":"pt-BR"},{"@type":"Organization","@id":"https:\/\/www.fiemg.com.br\/regional-alto-paranaiba\/#organization","name":"Regional Alto Parana\u00edba","url":"https:\/\/www.fiemg.com.br\/regional-alto-paranaiba\/","logo":{"@type":"ImageObject","inLanguage":"pt-BR","@id":"https:\/\/www.fiemg.com.br\/regional-alto-paranaiba\/#\/schema\/logo\/image\/","url":"https:\/\/www.fiemg.com.br\/regional-alto-paranaiba\/wp-content\/uploads\/sites\/15\/2023\/02\/Ativo-1.png","contentUrl":"https:\/\/www.fiemg.com.br\/regional-alto-paranaiba\/wp-content\/uploads\/sites\/15\/2023\/02\/Ativo-1.png","width":563,"height":149,"caption":"Regional Alto Parana\u00edba"},"image":{"@id":"https:\/\/www.fiemg.com.br\/regional-alto-paranaiba\/#\/schema\/logo\/image\/"}}]}},"_links":{"self":[{"href":"https:\/\/www.fiemg.com.br\/regional-alto-paranaiba\/wp-json\/wp\/v2\/noticias\/1671","targetHints":{"allow":["GET"]}}],"collection":[{"href":"https:\/\/www.fiemg.com.br\/regional-alto-paranaiba\/wp-json\/wp\/v2\/noticias"}],"about":[{"href":"https:\/\/www.fiemg.com.br\/regional-alto-paranaiba\/wp-json\/wp\/v2\/types\/noticias"}],"wp:featuredmedia":[{"embeddable":true,"href":"https:\/\/www.fiemg.com.br\/regional-alto-paranaiba\/wp-json\/wp\/v2\/media\/1676"}],"wp:attachment":[{"href":"https:\/\/www.fiemg.com.br\/regional-alto-paranaiba\/wp-json\/wp\/v2\/media?parent=1671"}],"wp:term":[{"taxonomy":"category","embeddable":true,"href":"https:\/\/www.fiemg.com.br\/regional-alto-paranaiba\/wp-json\/wp\/v2\/categories?post=1671"},{"taxonomy":"post_tag","embeddable":true,"href":"https:\/\/www.fiemg.com.br\/regional-alto-paranaiba\/wp-json\/wp\/v2\/tags?post=1671"}],"curies":[{"name":"wp","href":"https:\/\/api.w.org\/{rel}","templated":true}]}}