{"id":1760,"date":"2024-04-02T08:03:25","date_gmt":"2024-04-02T11:03:25","guid":{"rendered":"https:\/\/www.fiemg.com.br\/regional-alto-paranaiba\/?post_type=noticias&#038;p=1760"},"modified":"2024-04-02T09:33:46","modified_gmt":"2024-04-02T12:33:46","slug":"sesi-senai-paracatu-recebe-visita-internacional","status":"publish","type":"noticias","link":"https:\/\/www.fiemg.com.br\/regional-alto-paranaiba\/noticias\/sesi-senai-paracatu-recebe-visita-internacional\/","title":{"rendered":"SESI\/SENAI Paracatu recebe visita internacional"},"content":{"rendered":"\n<p><em>O objetivo foi conhecer os projetos educacionais do SENAI, em parceria com a Kinronss<\/em><\/p>\n\n\n\n<p>Essa semana, a Unidade Integrada <a href=\"https:\/\/www.fiemg.com.br\/sesi\/\">SESI<\/a> e <a href=\"https:\/\/www.fiemg.com.br\/senai\/\">SENAI<\/a> de Paracatu, recebeu a visita de Heidi-May Schimper,\u00a0esposa do CEO da <a href=\"https:\/\/kinross.com.br\/\">Kinross<\/a>, Claude Schimper. Ela foi acompanhada do gerente de RH da ind\u00fastria, Rafael Pinheiro e equipe, Luciana Castro e Amanda Ulhoa. O objetivo foi conhecer mais sobre a atua\u00e7\u00e3o educacional do SENAI em Paracatu e os projetos desenvolvidos em parceria com a KINROSS. A comitiva foi recepcionada pela gerente da Unidade SESI SENAI de Paracatu, Sabrina Rodrigues de Carvalho.<\/p>\n\n\n\n<p>Durante a visita, Sabrina Carvalho apresentou a estrutura do Sistema Ind\u00fastria \u2013 <a href=\"https:\/\/www.portaldaindustria.com.br\/cni\/\">CNI<\/a> e <a href=\"https:\/\/www.fiemg.com.br\/\">FIEMG<\/a> contextualizando a miss\u00e3o de desenvolvimento e competitividade da ind\u00fastria. Na ocasi\u00e3o, ela destacou o projeto de Aprendizagem Industrial do SENAI e tamb\u00e9m, informou que, em breve, ser\u00e1 instalada, em Paracatu, a Escola de Ensino B\u00e1sico SESI, a ser inaugurada em 2025. Tiveram ainda, a oportunidade de conhecer os trabalhos do SENAI Lab, com os \u00f3culos de realidade virtual.<\/p>\n\n\n\n<p>O grupo visitou, tamb\u00e9m, a turma de Aprendizagem Industrial PCD, do curso de Gest\u00e3o Industrial do SENAI, que est\u00e1 sendo ministrada em sala cedida pela APAE Paracatu. Foram recebidos pela presidente Aparecida Adjuto Ulhoa e diretores da APAE, que apresentaram toda a estrutura e servi\u00e7os ofertados. \u201cTivemos um momento especial com os alunos aprendizes KINROSS e essa participa\u00e7\u00e3o gerou um impacto muito positivo, porque os alunos puderam se comunicar com a Heidi-May Schimper, em ingl\u00eas\u201d, complementou.<\/p>\n\n\n\n<p>Sabrina avaliou que foi uma visita especial, com a oportunidade de apresentar os resultados dos projetos do SENAI e Kinross e a futura instala\u00e7\u00e3o da Escola SESI com uma educa\u00e7\u00e3o b\u00e1sica pautadas na qualidade, inova\u00e7\u00e3o e criatividade, em alinhamento com as perspectivas da ind\u00fastria. \u201cPercebemos que a visitante ficou muito motivada com tudo o que viu que est\u00e1 sendo desenvolvido em conjunto\u201d, acrescentou.<\/p>\n","protected":false},"featured_media":1781,"template":"","categories":[15,16],"tags":[130,129],"class_list":["post-1760","noticias","type-noticias","status-publish","has-post-thumbnail","hentry","category-desenvolvimento-industrial","category-educacao","tag-educacao","tag-kinross"],"acf":[],"yoast_head":"<!-- This site is optimized with the Yoast SEO plugin v26.2 - https:\/\/yoast.com\/wordpress\/plugins\/seo\/ -->\n<title>SESI\/SENAI Paracatu recebe visita internacional - Regional Alto Parana\u00edba<\/title>\n<meta name=\"description\" content=\"O objetivo foi conhecer mais sobre a atua\u00e7\u00e3o educacional do SENAI em Paracatu e os projetos desenvolvidos em parceria com a KINROSS.\" \/>\n<meta name=\"robots\" content=\"index, follow, max-snippet:-1, max-image-preview:large, max-video-preview:-1\" \/>\n<link rel=\"canonical\" href=\"https:\/\/www.fiemg.com.br\/regional-alto-paranaiba\/noticias\/sesi-senai-paracatu-recebe-visita-internacional\/\" \/>\n<meta property=\"og:locale\" content=\"pt_BR\" \/>\n<meta property=\"og:type\" content=\"article\" \/>\n<meta property=\"og:title\" content=\"SESI\/SENAI Paracatu recebe visita internacional - Regional Alto Parana\u00edba\" \/>\n<meta property=\"og:description\" content=\"O objetivo foi conhecer mais sobre a atua\u00e7\u00e3o educacional do SENAI em Paracatu e os projetos desenvolvidos em parceria com a KINROSS.\" \/>\n<meta property=\"og:url\" content=\"https:\/\/www.fiemg.com.br\/regional-alto-paranaiba\/noticias\/sesi-senai-paracatu-recebe-visita-internacional\/\" \/>\n<meta property=\"og:site_name\" content=\"Regional Alto Parana\u00edba\" \/>\n<meta property=\"article:modified_time\" content=\"2024-04-02T12:33:46+00:00\" \/>\n<meta property=\"og:image\" content=\"https:\/\/www.fiemg.com.br\/regional-alto-paranaiba\/wp-content\/uploads\/sites\/15\/2024\/04\/visita.jpg\" \/>\n\t<meta property=\"og:image:width\" content=\"959\" \/>\n\t<meta property=\"og:image:height\" content=\"1013\" \/>\n\t<meta property=\"og:image:type\" content=\"image\/jpeg\" \/>\n<meta name=\"twitter:card\" content=\"summary_large_image\" \/>\n<meta name=\"twitter:label1\" content=\"Est. tempo de leitura\" \/>\n\t<meta name=\"twitter:data1\" content=\"2 minutos\" \/>\n<script type=\"application\/ld+json\" class=\"yoast-schema-graph\">{\"@context\":\"https:\/\/schema.org\",\"@graph\":[{\"@type\":\"WebPage\",\"@id\":\"https:\/\/www.fiemg.com.br\/regional-alto-paranaiba\/noticias\/sesi-senai-paracatu-recebe-visita-internacional\/\",\"url\":\"https:\/\/www.fiemg.com.br\/regional-alto-paranaiba\/noticias\/sesi-senai-paracatu-recebe-visita-internacional\/\",\"name\":\"SESI\/SENAI Paracatu recebe visita internacional - Regional Alto Parana\u00edba\",\"isPartOf\":{\"@id\":\"https:\/\/www.fiemg.com.br\/regional-alto-paranaiba\/#website\"},\"primaryImageOfPage\":{\"@id\":\"https:\/\/www.fiemg.com.br\/regional-alto-paranaiba\/noticias\/sesi-senai-paracatu-recebe-visita-internacional\/#primaryimage\"},\"image\":{\"@id\":\"https:\/\/www.fiemg.com.br\/regional-alto-paranaiba\/noticias\/sesi-senai-paracatu-recebe-visita-internacional\/#primaryimage\"},\"thumbnailUrl\":\"https:\/\/www.fiemg.com.br\/regional-alto-paranaiba\/wp-content\/uploads\/sites\/15\/2024\/04\/visita.jpg\",\"datePublished\":\"2024-04-02T11:03:25+00:00\",\"dateModified\":\"2024-04-02T12:33:46+00:00\",\"description\":\"O objetivo foi conhecer mais sobre a atua\u00e7\u00e3o educacional do SENAI em Paracatu e os projetos desenvolvidos em parceria com a KINROSS.\",\"breadcrumb\":{\"@id\":\"https:\/\/www.fiemg.com.br\/regional-alto-paranaiba\/noticias\/sesi-senai-paracatu-recebe-visita-internacional\/#breadcrumb\"},\"inLanguage\":\"pt-BR\",\"potentialAction\":[{\"@type\":\"ReadAction\",\"target\":[\"https:\/\/www.fiemg.com.br\/regional-alto-paranaiba\/noticias\/sesi-senai-paracatu-recebe-visita-internacional\/\"]}]},{\"@type\":\"ImageObject\",\"inLanguage\":\"pt-BR\",\"@id\":\"https:\/\/www.fiemg.com.br\/regional-alto-paranaiba\/noticias\/sesi-senai-paracatu-recebe-visita-internacional\/#primaryimage\",\"url\":\"https:\/\/www.fiemg.com.br\/regional-alto-paranaiba\/wp-content\/uploads\/sites\/15\/2024\/04\/visita.jpg\",\"contentUrl\":\"https:\/\/www.fiemg.com.br\/regional-alto-paranaiba\/wp-content\/uploads\/sites\/15\/2024\/04\/visita.jpg\",\"width\":959,\"height\":1013},{\"@type\":\"BreadcrumbList\",\"@id\":\"https:\/\/www.fiemg.com.br\/regional-alto-paranaiba\/noticias\/sesi-senai-paracatu-recebe-visita-internacional\/#breadcrumb\",\"itemListElement\":[{\"@type\":\"ListItem\",\"position\":1,\"name\":\"In\u00edcio\",\"item\":\"https:\/\/www.fiemg.com.br\/regional-alto-paranaiba\/\"},{\"@type\":\"ListItem\",\"position\":2,\"name\":\"SESI\/SENAI Paracatu recebe visita internacional\"}]},{\"@type\":\"WebSite\",\"@id\":\"https:\/\/www.fiemg.com.br\/regional-alto-paranaiba\/#website\",\"url\":\"https:\/\/www.fiemg.com.br\/regional-alto-paranaiba\/\",\"name\":\"Regional Alto Parana\u00edba\",\"description\":\"Federa\u00e7\u00e3o das Ind\u00fastrias do Estado de Minas Gerais\",\"publisher\":{\"@id\":\"https:\/\/www.fiemg.com.br\/regional-alto-paranaiba\/#organization\"},\"potentialAction\":[{\"@type\":\"SearchAction\",\"target\":{\"@type\":\"EntryPoint\",\"urlTemplate\":\"https:\/\/www.fiemg.com.br\/regional-alto-paranaiba\/?s={search_term_string}\"},\"query-input\":{\"@type\":\"PropertyValueSpecification\",\"valueRequired\":true,\"valueName\":\"search_term_string\"}}],\"inLanguage\":\"pt-BR\"},{\"@type\":\"Organization\",\"@id\":\"https:\/\/www.fiemg.com.br\/regional-alto-paranaiba\/#organization\",\"name\":\"Regional Alto Parana\u00edba\",\"url\":\"https:\/\/www.fiemg.com.br\/regional-alto-paranaiba\/\",\"logo\":{\"@type\":\"ImageObject\",\"inLanguage\":\"pt-BR\",\"@id\":\"https:\/\/www.fiemg.com.br\/regional-alto-paranaiba\/#\/schema\/logo\/image\/\",\"url\":\"https:\/\/www.fiemg.com.br\/regional-alto-paranaiba\/wp-content\/uploads\/sites\/15\/2023\/02\/Ativo-1.png\",\"contentUrl\":\"https:\/\/www.fiemg.com.br\/regional-alto-paranaiba\/wp-content\/uploads\/sites\/15\/2023\/02\/Ativo-1.png\",\"width\":563,\"height\":149,\"caption\":\"Regional Alto Parana\u00edba\"},\"image\":{\"@id\":\"https:\/\/www.fiemg.com.br\/regional-alto-paranaiba\/#\/schema\/logo\/image\/\"}}]}<\/script>\n<!-- \/ Yoast SEO plugin. -->","yoast_head_json":{"title":"SESI\/SENAI Paracatu recebe visita internacional - Regional Alto Parana\u00edba","description":"O objetivo foi conhecer mais sobre a atua\u00e7\u00e3o educacional do SENAI em Paracatu e os projetos desenvolvidos em parceria com a KINROSS.","robots":{"index":"index","follow":"follow","max-snippet":"max-snippet:-1","max-image-preview":"max-image-preview:large","max-video-preview":"max-video-preview:-1"},"canonical":"https:\/\/www.fiemg.com.br\/regional-alto-paranaiba\/noticias\/sesi-senai-paracatu-recebe-visita-internacional\/","og_locale":"pt_BR","og_type":"article","og_title":"SESI\/SENAI Paracatu recebe visita internacional - Regional Alto Parana\u00edba","og_description":"O objetivo foi conhecer mais sobre a atua\u00e7\u00e3o educacional do SENAI em Paracatu e os projetos desenvolvidos em parceria com a KINROSS.","og_url":"https:\/\/www.fiemg.com.br\/regional-alto-paranaiba\/noticias\/sesi-senai-paracatu-recebe-visita-internacional\/","og_site_name":"Regional Alto Parana\u00edba","article_modified_time":"2024-04-02T12:33:46+00:00","og_image":[{"width":959,"height":1013,"url":"https:\/\/www.fiemg.com.br\/regional-alto-paranaiba\/wp-content\/uploads\/sites\/15\/2024\/04\/visita.jpg","type":"image\/jpeg"}],"twitter_card":"summary_large_image","twitter_misc":{"Est. tempo de leitura":"2 minutos"},"schema":{"@context":"https:\/\/schema.org","@graph":[{"@type":"WebPage","@id":"https:\/\/www.fiemg.com.br\/regional-alto-paranaiba\/noticias\/sesi-senai-paracatu-recebe-visita-internacional\/","url":"https:\/\/www.fiemg.com.br\/regional-alto-paranaiba\/noticias\/sesi-senai-paracatu-recebe-visita-internacional\/","name":"SESI\/SENAI Paracatu recebe visita internacional - Regional Alto Parana\u00edba","isPartOf":{"@id":"https:\/\/www.fiemg.com.br\/regional-alto-paranaiba\/#website"},"primaryImageOfPage":{"@id":"https:\/\/www.fiemg.com.br\/regional-alto-paranaiba\/noticias\/sesi-senai-paracatu-recebe-visita-internacional\/#primaryimage"},"image":{"@id":"https:\/\/www.fiemg.com.br\/regional-alto-paranaiba\/noticias\/sesi-senai-paracatu-recebe-visita-internacional\/#primaryimage"},"thumbnailUrl":"https:\/\/www.fiemg.com.br\/regional-alto-paranaiba\/wp-content\/uploads\/sites\/15\/2024\/04\/visita.jpg","datePublished":"2024-04-02T11:03:25+00:00","dateModified":"2024-04-02T12:33:46+00:00","description":"O objetivo foi conhecer mais sobre a atua\u00e7\u00e3o educacional do SENAI em Paracatu e os projetos desenvolvidos em parceria com a KINROSS.","breadcrumb":{"@id":"https:\/\/www.fiemg.com.br\/regional-alto-paranaiba\/noticias\/sesi-senai-paracatu-recebe-visita-internacional\/#breadcrumb"},"inLanguage":"pt-BR","potentialAction":[{"@type":"ReadAction","target":["https:\/\/www.fiemg.com.br\/regional-alto-paranaiba\/noticias\/sesi-senai-paracatu-recebe-visita-internacional\/"]}]},{"@type":"ImageObject","inLanguage":"pt-BR","@id":"https:\/\/www.fiemg.com.br\/regional-alto-paranaiba\/noticias\/sesi-senai-paracatu-recebe-visita-internacional\/#primaryimage","url":"https:\/\/www.fiemg.com.br\/regional-alto-paranaiba\/wp-content\/uploads\/sites\/15\/2024\/04\/visita.jpg","contentUrl":"https:\/\/www.fiemg.com.br\/regional-alto-paranaiba\/wp-content\/uploads\/sites\/15\/2024\/04\/visita.jpg","width":959,"height":1013},{"@type":"BreadcrumbList","@id":"https:\/\/www.fiemg.com.br\/regional-alto-paranaiba\/noticias\/sesi-senai-paracatu-recebe-visita-internacional\/#breadcrumb","itemListElement":[{"@type":"ListItem","position":1,"name":"In\u00edcio","item":"https:\/\/www.fiemg.com.br\/regional-alto-paranaiba\/"},{"@type":"ListItem","position":2,"name":"SESI\/SENAI Paracatu recebe visita internacional"}]},{"@type":"WebSite","@id":"https:\/\/www.fiemg.com.br\/regional-alto-paranaiba\/#website","url":"https:\/\/www.fiemg.com.br\/regional-alto-paranaiba\/","name":"Regional Alto Parana\u00edba","description":"Federa\u00e7\u00e3o das Ind\u00fastrias do Estado de Minas Gerais","publisher":{"@id":"https:\/\/www.fiemg.com.br\/regional-alto-paranaiba\/#organization"},"potentialAction":[{"@type":"SearchAction","target":{"@type":"EntryPoint","urlTemplate":"https:\/\/www.fiemg.com.br\/regional-alto-paranaiba\/?s={search_term_string}"},"query-input":{"@type":"PropertyValueSpecification","valueRequired":true,"valueName":"search_term_string"}}],"inLanguage":"pt-BR"},{"@type":"Organization","@id":"https:\/\/www.fiemg.com.br\/regional-alto-paranaiba\/#organization","name":"Regional Alto Parana\u00edba","url":"https:\/\/www.fiemg.com.br\/regional-alto-paranaiba\/","logo":{"@type":"ImageObject","inLanguage":"pt-BR","@id":"https:\/\/www.fiemg.com.br\/regional-alto-paranaiba\/#\/schema\/logo\/image\/","url":"https:\/\/www.fiemg.com.br\/regional-alto-paranaiba\/wp-content\/uploads\/sites\/15\/2023\/02\/Ativo-1.png","contentUrl":"https:\/\/www.fiemg.com.br\/regional-alto-paranaiba\/wp-content\/uploads\/sites\/15\/2023\/02\/Ativo-1.png","width":563,"height":149,"caption":"Regional Alto Parana\u00edba"},"image":{"@id":"https:\/\/www.fiemg.com.br\/regional-alto-paranaiba\/#\/schema\/logo\/image\/"}}]}},"_links":{"self":[{"href":"https:\/\/www.fiemg.com.br\/regional-alto-paranaiba\/wp-json\/wp\/v2\/noticias\/1760","targetHints":{"allow":["GET"]}}],"collection":[{"href":"https:\/\/www.fiemg.com.br\/regional-alto-paranaiba\/wp-json\/wp\/v2\/noticias"}],"about":[{"href":"https:\/\/www.fiemg.com.br\/regional-alto-paranaiba\/wp-json\/wp\/v2\/types\/noticias"}],"wp:featuredmedia":[{"embeddable":true,"href":"https:\/\/www.fiemg.com.br\/regional-alto-paranaiba\/wp-json\/wp\/v2\/media\/1781"}],"wp:attachment":[{"href":"https:\/\/www.fiemg.com.br\/regional-alto-paranaiba\/wp-json\/wp\/v2\/media?parent=1760"}],"wp:term":[{"taxonomy":"category","embeddable":true,"href":"https:\/\/www.fiemg.com.br\/regional-alto-paranaiba\/wp-json\/wp\/v2\/categories?post=1760"},{"taxonomy":"post_tag","embeddable":true,"href":"https:\/\/www.fiemg.com.br\/regional-alto-paranaiba\/wp-json\/wp\/v2\/tags?post=1760"}],"curies":[{"name":"wp","href":"https:\/\/api.w.org\/{rel}","templated":true}]}}