{"id":1925,"date":"2024-07-03T09:31:00","date_gmt":"2024-07-03T12:31:00","guid":{"rendered":"https:\/\/www.fiemg.com.br\/regional-alto-paranaiba\/?post_type=noticias&#038;p=1925"},"modified":"2024-07-03T09:32:23","modified_gmt":"2024-07-03T12:32:23","slug":"lideres-patenses-integram-missao-a-alemanha","status":"publish","type":"noticias","link":"https:\/\/www.fiemg.com.br\/regional-alto-paranaiba\/noticias\/lideres-patenses-integram-missao-a-alemanha\/","title":{"rendered":"L\u00edderes patenses integram Miss\u00e3o \u00e0 Alemanha"},"content":{"rendered":"\n<p><em>Participaram de Feira de Inova\u00e7\u00e3o e visita a Ind\u00fastrias<\/em><\/p>\n\n\n\n<p>Lideran\u00e7as industriais de Patos de Minas integraram a Miss\u00e3o \u00e0 Alemanha, dentro da comitiva da FIEMG. O objetivo da Miss\u00e3o da FIEMG foi apoiar as ind\u00fastrias mineiras na prospec\u00e7\u00e3o de novas oportunidades de neg\u00f3cios, na imers\u00e3o em ambientes de tecnologia e inova\u00e7\u00e3o e no estabelecimento de redes de relacionamentos e neg\u00f3cios entre os empres\u00e1rios mineiros e estrangeiros. Participaram os presidentes Caio C\u00e9sar Gon\u00e7alves (Sinduscon), Jeovane Silveira (Sindivest) e M\u00e1rcio Antunes Filgueira J\u00fanior (Sindimetal) e o diretor Lisandro Bicalho (Sindimetal).<\/p>\n\n\n\n<p>A Feira de Hannover apresentou a evolu\u00e7\u00e3o tecnol\u00f3gica implantada nas ind\u00fastrias, com as solu\u00e7\u00f5es para os processos produtivos, com pavilh\u00f5es destinados aos segmentos: alimentos e bebidas; gr\u00e1ficas, jornais e pap\u00e9is; constru\u00e7\u00e3o civil e mobili\u00e1rio; ind\u00fastrias urbanas; metal\u00fargicas e mec\u00e2nicas; rochas e minerais; TIC e eletroeletr\u00f4nica; entidades; servi\u00e7os; qu\u00edmicas e farmac\u00eauticas; Moda e vestu\u00e1rio.<\/p>\n\n\n\n<p>Eles destacaram que a Feira apresentou o que h\u00e1 de mais moderno no mundo em Ind\u00fastria 4.0 &#8211; inova\u00e7\u00e3o em Intelig\u00eancia Artificial; em energias renov\u00e1veis, como por exemplo, o uso de hidrog\u00eanio com fonte sustent\u00e1vel; robotiza\u00e7\u00e3o; automa\u00e7\u00e3o e interliga\u00e7\u00e3o software para gest\u00e3o e muito mais.<\/p>\n\n\n\n<p>Segundo Caio Gon\u00e7alves, foram apresentadas, tamb\u00e9m, as preocupa\u00e7\u00f5es e tend\u00eancias de mercado para os pr\u00f3ximos anos e, em todos os neg\u00f3cios, a sustentabilidade \u00e9 o principal ponto. Para Jeovane Silveira, foi um momento excelente para a troca de experi\u00eancias com outros industriais e amplia\u00e7\u00e3o de conhecimentos de tecnologias que priorizam a moderniza\u00e7\u00e3o dos processos e que v\u00e3o moldar o futuro da ind\u00fastria.<\/p>\n\n\n\n<p>M\u00e1rcio J\u00fanior observou que teve a oportunidade de ver a aplica\u00e7\u00e3o de tecnol\u00f3gicas da Ind\u00fastria 4.0, com uso de rob\u00f3tica, automa\u00e7\u00e3o, Intelig\u00eancia artificial e sistemas digitais, al\u00e9m de estabelecer contatos com fornecedores de diversas pa\u00edses. Os integrantes da miss\u00e3o foram un\u00e2nimes em refor\u00e7ar que \u00e0 parte do que foi exposto na feira, as visitas \u00e0s ind\u00fastrias possibilitaram ver a ado\u00e7\u00e3o das tecnologias na pr\u00e1tica.&nbsp; O diretor Lisandro Bicalho comentou que teve a oportunidade de visitar a Airbus 320, maior ind\u00fastria de avi\u00f5es comerciais e a f\u00e1brica da Volkswagem, onde percebeu que a automa\u00e7\u00e3o est\u00e1 presente em grande parte do processo produtivo.<\/p>\n","protected":false},"featured_media":1926,"template":"","categories":[15,30,21,22],"tags":[70,151,120,150,137],"class_list":["post-1925","noticias","type-noticias","status-publish","has-post-thumbnail","hentry","category-desenvolvimento-industrial","category-inovacao-e-tecnologia","category-negociacao-e-atracao-de-investimentos","category-negocios-internacionais","tag-fiemg","tag-inovacao-2","tag-sindimetal","tag-sindivest","tag-sinduscon"],"acf":[],"yoast_head":"<!-- This site is optimized with the Yoast SEO plugin v26.2 - https:\/\/yoast.com\/wordpress\/plugins\/seo\/ -->\n<title>L\u00edderes patenses integram Miss\u00e3o \u00e0 Alemanha - Regional Alto Parana\u00edba<\/title>\n<meta name=\"description\" content=\"O objetivo da Miss\u00e3o foi apoiar as ind\u00fastrias na prospec\u00e7\u00e3o de oportunidades de neg\u00f3cios e na imers\u00e3o em ambientes de tecnologia e inova\u00e7\u00e3o.\" \/>\n<meta name=\"robots\" content=\"index, follow, max-snippet:-1, max-image-preview:large, max-video-preview:-1\" \/>\n<link rel=\"canonical\" href=\"https:\/\/www.fiemg.com.br\/regional-alto-paranaiba\/noticias\/lideres-patenses-integram-missao-a-alemanha\/\" \/>\n<meta property=\"og:locale\" content=\"pt_BR\" \/>\n<meta property=\"og:type\" content=\"article\" \/>\n<meta property=\"og:title\" content=\"L\u00edderes patenses integram Miss\u00e3o \u00e0 Alemanha - Regional Alto Parana\u00edba\" \/>\n<meta property=\"og:description\" content=\"O objetivo da Miss\u00e3o foi apoiar as ind\u00fastrias na prospec\u00e7\u00e3o de oportunidades de neg\u00f3cios e na imers\u00e3o em ambientes de tecnologia e inova\u00e7\u00e3o.\" \/>\n<meta property=\"og:url\" content=\"https:\/\/www.fiemg.com.br\/regional-alto-paranaiba\/noticias\/lideres-patenses-integram-missao-a-alemanha\/\" \/>\n<meta property=\"og:site_name\" content=\"Regional Alto Parana\u00edba\" \/>\n<meta property=\"article:modified_time\" content=\"2024-07-03T12:32:23+00:00\" \/>\n<meta property=\"og:image\" content=\"https:\/\/www.fiemg.com.br\/regional-alto-paranaiba\/wp-content\/uploads\/sites\/15\/2024\/07\/missao-alemanha.jpg\" \/>\n\t<meta property=\"og:image:width\" content=\"640\" \/>\n\t<meta property=\"og:image:height\" content=\"589\" \/>\n\t<meta property=\"og:image:type\" content=\"image\/jpeg\" \/>\n<meta name=\"twitter:card\" content=\"summary_large_image\" \/>\n<meta name=\"twitter:label1\" content=\"Est. tempo de leitura\" \/>\n\t<meta name=\"twitter:data1\" content=\"2 minutos\" \/>\n<script type=\"application\/ld+json\" class=\"yoast-schema-graph\">{\"@context\":\"https:\/\/schema.org\",\"@graph\":[{\"@type\":\"WebPage\",\"@id\":\"https:\/\/www.fiemg.com.br\/regional-alto-paranaiba\/noticias\/lideres-patenses-integram-missao-a-alemanha\/\",\"url\":\"https:\/\/www.fiemg.com.br\/regional-alto-paranaiba\/noticias\/lideres-patenses-integram-missao-a-alemanha\/\",\"name\":\"L\u00edderes patenses integram Miss\u00e3o \u00e0 Alemanha - Regional Alto Parana\u00edba\",\"isPartOf\":{\"@id\":\"https:\/\/www.fiemg.com.br\/regional-alto-paranaiba\/#website\"},\"primaryImageOfPage\":{\"@id\":\"https:\/\/www.fiemg.com.br\/regional-alto-paranaiba\/noticias\/lideres-patenses-integram-missao-a-alemanha\/#primaryimage\"},\"image\":{\"@id\":\"https:\/\/www.fiemg.com.br\/regional-alto-paranaiba\/noticias\/lideres-patenses-integram-missao-a-alemanha\/#primaryimage\"},\"thumbnailUrl\":\"https:\/\/www.fiemg.com.br\/regional-alto-paranaiba\/wp-content\/uploads\/sites\/15\/2024\/07\/missao-alemanha.jpg\",\"datePublished\":\"2024-07-03T12:31:00+00:00\",\"dateModified\":\"2024-07-03T12:32:23+00:00\",\"description\":\"O objetivo da Miss\u00e3o foi apoiar as ind\u00fastrias na prospec\u00e7\u00e3o de oportunidades de neg\u00f3cios e na imers\u00e3o em ambientes de tecnologia e inova\u00e7\u00e3o.\",\"breadcrumb\":{\"@id\":\"https:\/\/www.fiemg.com.br\/regional-alto-paranaiba\/noticias\/lideres-patenses-integram-missao-a-alemanha\/#breadcrumb\"},\"inLanguage\":\"pt-BR\",\"potentialAction\":[{\"@type\":\"ReadAction\",\"target\":[\"https:\/\/www.fiemg.com.br\/regional-alto-paranaiba\/noticias\/lideres-patenses-integram-missao-a-alemanha\/\"]}]},{\"@type\":\"ImageObject\",\"inLanguage\":\"pt-BR\",\"@id\":\"https:\/\/www.fiemg.com.br\/regional-alto-paranaiba\/noticias\/lideres-patenses-integram-missao-a-alemanha\/#primaryimage\",\"url\":\"https:\/\/www.fiemg.com.br\/regional-alto-paranaiba\/wp-content\/uploads\/sites\/15\/2024\/07\/missao-alemanha.jpg\",\"contentUrl\":\"https:\/\/www.fiemg.com.br\/regional-alto-paranaiba\/wp-content\/uploads\/sites\/15\/2024\/07\/missao-alemanha.jpg\",\"width\":640,\"height\":589},{\"@type\":\"BreadcrumbList\",\"@id\":\"https:\/\/www.fiemg.com.br\/regional-alto-paranaiba\/noticias\/lideres-patenses-integram-missao-a-alemanha\/#breadcrumb\",\"itemListElement\":[{\"@type\":\"ListItem\",\"position\":1,\"name\":\"In\u00edcio\",\"item\":\"https:\/\/www.fiemg.com.br\/regional-alto-paranaiba\/\"},{\"@type\":\"ListItem\",\"position\":2,\"name\":\"L\u00edderes patenses integram Miss\u00e3o \u00e0 Alemanha\"}]},{\"@type\":\"WebSite\",\"@id\":\"https:\/\/www.fiemg.com.br\/regional-alto-paranaiba\/#website\",\"url\":\"https:\/\/www.fiemg.com.br\/regional-alto-paranaiba\/\",\"name\":\"Regional Alto Parana\u00edba\",\"description\":\"Federa\u00e7\u00e3o das Ind\u00fastrias do Estado de Minas Gerais\",\"publisher\":{\"@id\":\"https:\/\/www.fiemg.com.br\/regional-alto-paranaiba\/#organization\"},\"potentialAction\":[{\"@type\":\"SearchAction\",\"target\":{\"@type\":\"EntryPoint\",\"urlTemplate\":\"https:\/\/www.fiemg.com.br\/regional-alto-paranaiba\/?s={search_term_string}\"},\"query-input\":{\"@type\":\"PropertyValueSpecification\",\"valueRequired\":true,\"valueName\":\"search_term_string\"}}],\"inLanguage\":\"pt-BR\"},{\"@type\":\"Organization\",\"@id\":\"https:\/\/www.fiemg.com.br\/regional-alto-paranaiba\/#organization\",\"name\":\"Regional Alto Parana\u00edba\",\"url\":\"https:\/\/www.fiemg.com.br\/regional-alto-paranaiba\/\",\"logo\":{\"@type\":\"ImageObject\",\"inLanguage\":\"pt-BR\",\"@id\":\"https:\/\/www.fiemg.com.br\/regional-alto-paranaiba\/#\/schema\/logo\/image\/\",\"url\":\"https:\/\/www.fiemg.com.br\/regional-alto-paranaiba\/wp-content\/uploads\/sites\/15\/2023\/02\/Ativo-1.png\",\"contentUrl\":\"https:\/\/www.fiemg.com.br\/regional-alto-paranaiba\/wp-content\/uploads\/sites\/15\/2023\/02\/Ativo-1.png\",\"width\":563,\"height\":149,\"caption\":\"Regional Alto Parana\u00edba\"},\"image\":{\"@id\":\"https:\/\/www.fiemg.com.br\/regional-alto-paranaiba\/#\/schema\/logo\/image\/\"}}]}<\/script>\n<!-- \/ Yoast SEO plugin. -->","yoast_head_json":{"title":"L\u00edderes patenses integram Miss\u00e3o \u00e0 Alemanha - Regional Alto Parana\u00edba","description":"O objetivo da Miss\u00e3o foi apoiar as ind\u00fastrias na prospec\u00e7\u00e3o de oportunidades de neg\u00f3cios e na imers\u00e3o em ambientes de tecnologia e inova\u00e7\u00e3o.","robots":{"index":"index","follow":"follow","max-snippet":"max-snippet:-1","max-image-preview":"max-image-preview:large","max-video-preview":"max-video-preview:-1"},"canonical":"https:\/\/www.fiemg.com.br\/regional-alto-paranaiba\/noticias\/lideres-patenses-integram-missao-a-alemanha\/","og_locale":"pt_BR","og_type":"article","og_title":"L\u00edderes patenses integram Miss\u00e3o \u00e0 Alemanha - Regional Alto Parana\u00edba","og_description":"O objetivo da Miss\u00e3o foi apoiar as ind\u00fastrias na prospec\u00e7\u00e3o de oportunidades de neg\u00f3cios e na imers\u00e3o em ambientes de tecnologia e inova\u00e7\u00e3o.","og_url":"https:\/\/www.fiemg.com.br\/regional-alto-paranaiba\/noticias\/lideres-patenses-integram-missao-a-alemanha\/","og_site_name":"Regional Alto Parana\u00edba","article_modified_time":"2024-07-03T12:32:23+00:00","og_image":[{"width":640,"height":589,"url":"https:\/\/www.fiemg.com.br\/regional-alto-paranaiba\/wp-content\/uploads\/sites\/15\/2024\/07\/missao-alemanha.jpg","type":"image\/jpeg"}],"twitter_card":"summary_large_image","twitter_misc":{"Est. tempo de leitura":"2 minutos"},"schema":{"@context":"https:\/\/schema.org","@graph":[{"@type":"WebPage","@id":"https:\/\/www.fiemg.com.br\/regional-alto-paranaiba\/noticias\/lideres-patenses-integram-missao-a-alemanha\/","url":"https:\/\/www.fiemg.com.br\/regional-alto-paranaiba\/noticias\/lideres-patenses-integram-missao-a-alemanha\/","name":"L\u00edderes patenses integram Miss\u00e3o \u00e0 Alemanha - Regional Alto Parana\u00edba","isPartOf":{"@id":"https:\/\/www.fiemg.com.br\/regional-alto-paranaiba\/#website"},"primaryImageOfPage":{"@id":"https:\/\/www.fiemg.com.br\/regional-alto-paranaiba\/noticias\/lideres-patenses-integram-missao-a-alemanha\/#primaryimage"},"image":{"@id":"https:\/\/www.fiemg.com.br\/regional-alto-paranaiba\/noticias\/lideres-patenses-integram-missao-a-alemanha\/#primaryimage"},"thumbnailUrl":"https:\/\/www.fiemg.com.br\/regional-alto-paranaiba\/wp-content\/uploads\/sites\/15\/2024\/07\/missao-alemanha.jpg","datePublished":"2024-07-03T12:31:00+00:00","dateModified":"2024-07-03T12:32:23+00:00","description":"O objetivo da Miss\u00e3o foi apoiar as ind\u00fastrias na prospec\u00e7\u00e3o de oportunidades de neg\u00f3cios e na imers\u00e3o em ambientes de tecnologia e inova\u00e7\u00e3o.","breadcrumb":{"@id":"https:\/\/www.fiemg.com.br\/regional-alto-paranaiba\/noticias\/lideres-patenses-integram-missao-a-alemanha\/#breadcrumb"},"inLanguage":"pt-BR","potentialAction":[{"@type":"ReadAction","target":["https:\/\/www.fiemg.com.br\/regional-alto-paranaiba\/noticias\/lideres-patenses-integram-missao-a-alemanha\/"]}]},{"@type":"ImageObject","inLanguage":"pt-BR","@id":"https:\/\/www.fiemg.com.br\/regional-alto-paranaiba\/noticias\/lideres-patenses-integram-missao-a-alemanha\/#primaryimage","url":"https:\/\/www.fiemg.com.br\/regional-alto-paranaiba\/wp-content\/uploads\/sites\/15\/2024\/07\/missao-alemanha.jpg","contentUrl":"https:\/\/www.fiemg.com.br\/regional-alto-paranaiba\/wp-content\/uploads\/sites\/15\/2024\/07\/missao-alemanha.jpg","width":640,"height":589},{"@type":"BreadcrumbList","@id":"https:\/\/www.fiemg.com.br\/regional-alto-paranaiba\/noticias\/lideres-patenses-integram-missao-a-alemanha\/#breadcrumb","itemListElement":[{"@type":"ListItem","position":1,"name":"In\u00edcio","item":"https:\/\/www.fiemg.com.br\/regional-alto-paranaiba\/"},{"@type":"ListItem","position":2,"name":"L\u00edderes patenses integram Miss\u00e3o \u00e0 Alemanha"}]},{"@type":"WebSite","@id":"https:\/\/www.fiemg.com.br\/regional-alto-paranaiba\/#website","url":"https:\/\/www.fiemg.com.br\/regional-alto-paranaiba\/","name":"Regional Alto Parana\u00edba","description":"Federa\u00e7\u00e3o das Ind\u00fastrias do Estado de Minas Gerais","publisher":{"@id":"https:\/\/www.fiemg.com.br\/regional-alto-paranaiba\/#organization"},"potentialAction":[{"@type":"SearchAction","target":{"@type":"EntryPoint","urlTemplate":"https:\/\/www.fiemg.com.br\/regional-alto-paranaiba\/?s={search_term_string}"},"query-input":{"@type":"PropertyValueSpecification","valueRequired":true,"valueName":"search_term_string"}}],"inLanguage":"pt-BR"},{"@type":"Organization","@id":"https:\/\/www.fiemg.com.br\/regional-alto-paranaiba\/#organization","name":"Regional Alto Parana\u00edba","url":"https:\/\/www.fiemg.com.br\/regional-alto-paranaiba\/","logo":{"@type":"ImageObject","inLanguage":"pt-BR","@id":"https:\/\/www.fiemg.com.br\/regional-alto-paranaiba\/#\/schema\/logo\/image\/","url":"https:\/\/www.fiemg.com.br\/regional-alto-paranaiba\/wp-content\/uploads\/sites\/15\/2023\/02\/Ativo-1.png","contentUrl":"https:\/\/www.fiemg.com.br\/regional-alto-paranaiba\/wp-content\/uploads\/sites\/15\/2023\/02\/Ativo-1.png","width":563,"height":149,"caption":"Regional Alto Parana\u00edba"},"image":{"@id":"https:\/\/www.fiemg.com.br\/regional-alto-paranaiba\/#\/schema\/logo\/image\/"}}]}},"_links":{"self":[{"href":"https:\/\/www.fiemg.com.br\/regional-alto-paranaiba\/wp-json\/wp\/v2\/noticias\/1925","targetHints":{"allow":["GET"]}}],"collection":[{"href":"https:\/\/www.fiemg.com.br\/regional-alto-paranaiba\/wp-json\/wp\/v2\/noticias"}],"about":[{"href":"https:\/\/www.fiemg.com.br\/regional-alto-paranaiba\/wp-json\/wp\/v2\/types\/noticias"}],"wp:featuredmedia":[{"embeddable":true,"href":"https:\/\/www.fiemg.com.br\/regional-alto-paranaiba\/wp-json\/wp\/v2\/media\/1926"}],"wp:attachment":[{"href":"https:\/\/www.fiemg.com.br\/regional-alto-paranaiba\/wp-json\/wp\/v2\/media?parent=1925"}],"wp:term":[{"taxonomy":"category","embeddable":true,"href":"https:\/\/www.fiemg.com.br\/regional-alto-paranaiba\/wp-json\/wp\/v2\/categories?post=1925"},{"taxonomy":"post_tag","embeddable":true,"href":"https:\/\/www.fiemg.com.br\/regional-alto-paranaiba\/wp-json\/wp\/v2\/tags?post=1925"}],"curies":[{"name":"wp","href":"https:\/\/api.w.org\/{rel}","templated":true}]}}