{"id":2070,"date":"2024-09-05T11:03:38","date_gmt":"2024-09-05T14:03:38","guid":{"rendered":"https:\/\/www.fiemg.com.br\/regional-alto-paranaiba\/?post_type=noticias&#038;p=2070"},"modified":"2024-09-09T12:04:13","modified_gmt":"2024-09-09T15:04:13","slug":"senai-forma-novas-turmas-em-patos-de-minas-e-tres-marias","status":"publish","type":"noticias","link":"https:\/\/www.fiemg.com.br\/regional-alto-paranaiba\/noticias\/senai-forma-novas-turmas-em-patos-de-minas-e-tres-marias\/","title":{"rendered":"SENAI forma novas turmas em Patos de Minas e Tr\u00eas Marias"},"content":{"rendered":"\n<p><em>Mercado de trabalho recebe novos profissionais em n\u00edvel t\u00e9cnico<\/em><\/p>\n\n\n\n<p>O mercado de trabalho em Patos de Minas e Tr\u00eas Marias ganhou novos profissionais formados em cursos t\u00e9cnicos do <a href=\"https:\/\/www.fiemg.com.br\/senai\/\">SENAI<\/a>, pela 3\u00aa edi\u00e7\u00e3o do Programa <a href=\"https:\/\/www.trilhasdefuturo.mg.gov.br\/index.html\">Trilhas de Futuro do Governo de Minas Gerais<\/a>. Os cursos t\u00e9cnicos foram nos conte\u00fados: Seguran\u00e7a do Trabalho; Eletromec\u00e2nica; Eletrot\u00e9cnica; Vestu\u00e1rio e Mec\u00e2nica. De acordo com o gerente do SENAI de Patos de Minas e de Tr\u00eas Marias, Lucas Santos Silva, h\u00e1 uma grande demanda de profissionais nesses segmentos, nas ind\u00fastrias da regi\u00e3o. \u201cA grande maioria dos nossos alunos j\u00e1 conclui o curso, com enormes oportunidades de emprego\u201d, acrescentou.<\/p>\n\n\n\n<p>Em Tr\u00eas Marias, o SENAI promoveu a formatura de alunos dos cursos t\u00e9cnicos em Seguran\u00e7a do Trabalho, Eletromec\u00e2nica e Eletrot\u00e9cnica. Em Patos de Minas, al\u00e9m de contar com alunos nos mesmos conte\u00fados t\u00e9cnicos de Tr\u00eas Marias, houve a formatura, tamb\u00e9m para os cursos de Mec\u00e2nica e Vestu\u00e1rio.<\/p>\n\n\n\n<p>\u201cO SENAI \u00e9 refer\u00eancia pela qualidade dos cursos, conte\u00fado e metodologia de ensino. Os instrutores, al\u00e9m do conhecimento que t\u00eam nas \u00e1reas, possuem uma forma bem did\u00e1tica, unindo a teoria \u00e0 pr\u00e1tica e aos processos industriais\u201d, complementou.<\/p>\n\n\n\n<p>Em Patos de Minas, o SENAI realizou as formaturas em dois dias. No dia 30\/08, a FIEMG Alto Parana\u00edba esteve representada pelo presidente do <a href=\"http:\/\/www.sindicatodaindustria.com.br\/sindivestpmmg\/\">Sindivest<\/a>, Jeovane Geraldo da Silveira. No dia 31\/08, o representante foi o presidente do <a href=\"http:\/\/www.sindicatodaindustria.com.br\/sindusconpmmg\/\">Sinduscon<\/a> e conselheiro do SENAI, Caio C\u00e9sar Gon\u00e7alves, que conduziu a solenidade.<\/p>\n\n\n\n<p>Caio Gon\u00e7alves destacou que o curso de T\u00e9cnico em Seguran\u00e7a do Trabalho foi implementado no Brasil, na d\u00e9cada de 1970, e que, desde ent\u00e3o, essa forma\u00e7\u00e3o tem sido fundamental para garantir que os ambientes de trabalho sejam seguros e que a integridade f\u00edsica e mental dos trabalhadores seja preservada. \u201cOs novos profissionais ser\u00e3o a linha de frente na prote\u00e7\u00e3o do maior patrim\u00f4nio de qualquer empresa: os funcion\u00e1rios. Com o conhecimento que adquiriram, est\u00e3o capacitados a identificar riscos, propor solu\u00e7\u00f5es e implementar medidas que n\u00e3o s\u00f3 evitem acidentes, mas tamb\u00e9m promovam uma cultura de seguran\u00e7a em todos os n\u00edveis organizacionais\u201d, complementou.<\/p>\n\n\n\n<p>Jeovane Silveira refor\u00e7ou tamb\u00e9m, que os formandos ter\u00e3o muitas oportunidades de seguir a trajet\u00f3ria profissional nas ind\u00fastrias de Patos de Minas. \u201cH\u00e1 grande demanda por t\u00e9cnicos nas ind\u00fastrias locais e, com o conhecimento adquirido, conseguir\u00e3o contribuir muito para o desenvolvimento das atividades industriais\u201d, acrescentou.<\/p>\n\n\n\n<p><strong>Desfile Encerramento Vestu\u00e1rio<\/strong><\/p>\n\n\n\n<p>O Curso T\u00e9cnico em Vestu\u00e1rio promoveu um desfile como atividade para a Conclus\u00e3o do Curso. Os formandos desenvolveram tr\u00eas roupas, com inspira\u00e7\u00e3o em uma celebridade nacional ou internacional.&nbsp; Os trajes obedeceram aos padr\u00f5es de normas t\u00e9cnicas e tecnologias para o vestu\u00e1rio.<\/p>\n\n\n\n<p>Durante o desfile, os trabalhos foram avaliados pelas empres\u00e1rias Teresinha Gon\u00e7alves Martins (da Sol e Ondas e presidente da <a href=\"https:\/\/www.fiemg.com.br\/regional-alto-paranaiba\/\">FIEMG Alto Parana\u00edba<\/a>) e Lorr\u00e2ny Ferreira (da <a href=\"https:\/\/legacyfardamentos.com.br\/\">Legacy Fardamentos<\/a>) e pela estilista Ivonete Rosa Amaral (da <a href=\"https:\/\/www.instagram.com\/geanfernan\/\">Gean Fernan<\/a>). \u201cAs pe\u00e7as elaboradas pelos alunos foram muito bem idealizadas e produzidas, o que demonstra a capacidade profissional que cada formando tem, estando aptos a trabalharem nas ind\u00fastrias de Patos de Minas e da regi\u00e3o\u201d, destacou Teresinha Martins.<\/p>\n","protected":false},"featured_media":2072,"template":"","categories":[16,174],"tags":[152,136,150,137,135],"class_list":["post-2070","noticias","type-noticias","status-publish","has-post-thumbnail","hentry","category-educacao","category-sindicatos","tag-fiemg-alto-paranaiba","tag-senai","tag-sindivest","tag-sinduscon","tag-trilhas-de-futuro"],"acf":[],"yoast_head":"<!-- This site is optimized with the Yoast SEO plugin v26.2 - https:\/\/yoast.com\/wordpress\/plugins\/seo\/ -->\n<title>SENAI forma novas turmas em Patos de Minas e Tr\u00eas Marias - Regional Alto Parana\u00edba<\/title>\n<meta name=\"description\" content=\"O mercado de trabalho em Patos de Minas e Tr\u00eas Marias ganhou novos profissionais formados em cursos t\u00e9cnicos do SENAI, pela 3\u00aa edi\u00e7\u00e3o do Programa Trilhas de Futuro do Governo de Minas Gerais.\" \/>\n<meta name=\"robots\" content=\"index, follow, max-snippet:-1, max-image-preview:large, max-video-preview:-1\" \/>\n<link rel=\"canonical\" href=\"https:\/\/www.fiemg.com.br\/regional-alto-paranaiba\/noticias\/senai-forma-novas-turmas-em-patos-de-minas-e-tres-marias\/\" \/>\n<meta property=\"og:locale\" content=\"pt_BR\" \/>\n<meta property=\"og:type\" content=\"article\" \/>\n<meta property=\"og:title\" content=\"SENAI forma novas turmas em Patos de Minas e Tr\u00eas Marias - Regional Alto Parana\u00edba\" \/>\n<meta property=\"og:description\" content=\"O mercado de trabalho em Patos de Minas e Tr\u00eas Marias ganhou novos profissionais formados em cursos t\u00e9cnicos do SENAI, pela 3\u00aa edi\u00e7\u00e3o do Programa Trilhas de Futuro do Governo de Minas Gerais.\" \/>\n<meta property=\"og:url\" content=\"https:\/\/www.fiemg.com.br\/regional-alto-paranaiba\/noticias\/senai-forma-novas-turmas-em-patos-de-minas-e-tres-marias\/\" \/>\n<meta property=\"og:site_name\" content=\"Regional Alto Parana\u00edba\" \/>\n<meta property=\"article:modified_time\" content=\"2024-09-09T15:04:13+00:00\" \/>\n<meta property=\"og:image\" content=\"https:\/\/www.fiemg.com.br\/regional-alto-paranaiba\/wp-content\/uploads\/sites\/15\/2024\/09\/formatura.geral_.jpg\" \/>\n\t<meta property=\"og:image:width\" content=\"775\" \/>\n\t<meta property=\"og:image:height\" content=\"897\" \/>\n\t<meta property=\"og:image:type\" content=\"image\/jpeg\" \/>\n<meta name=\"twitter:card\" content=\"summary_large_image\" \/>\n<meta name=\"twitter:label1\" content=\"Est. tempo de leitura\" \/>\n\t<meta name=\"twitter:data1\" content=\"3 minutos\" \/>\n<script type=\"application\/ld+json\" class=\"yoast-schema-graph\">{\"@context\":\"https:\/\/schema.org\",\"@graph\":[{\"@type\":\"WebPage\",\"@id\":\"https:\/\/www.fiemg.com.br\/regional-alto-paranaiba\/noticias\/senai-forma-novas-turmas-em-patos-de-minas-e-tres-marias\/\",\"url\":\"https:\/\/www.fiemg.com.br\/regional-alto-paranaiba\/noticias\/senai-forma-novas-turmas-em-patos-de-minas-e-tres-marias\/\",\"name\":\"SENAI forma novas turmas em Patos de Minas e Tr\u00eas Marias - Regional Alto Parana\u00edba\",\"isPartOf\":{\"@id\":\"https:\/\/www.fiemg.com.br\/regional-alto-paranaiba\/#website\"},\"primaryImageOfPage\":{\"@id\":\"https:\/\/www.fiemg.com.br\/regional-alto-paranaiba\/noticias\/senai-forma-novas-turmas-em-patos-de-minas-e-tres-marias\/#primaryimage\"},\"image\":{\"@id\":\"https:\/\/www.fiemg.com.br\/regional-alto-paranaiba\/noticias\/senai-forma-novas-turmas-em-patos-de-minas-e-tres-marias\/#primaryimage\"},\"thumbnailUrl\":\"https:\/\/www.fiemg.com.br\/regional-alto-paranaiba\/wp-content\/uploads\/sites\/15\/2024\/09\/formatura.geral_.jpg\",\"datePublished\":\"2024-09-05T14:03:38+00:00\",\"dateModified\":\"2024-09-09T15:04:13+00:00\",\"description\":\"O mercado de trabalho em Patos de Minas e Tr\u00eas Marias ganhou novos profissionais formados em cursos t\u00e9cnicos do SENAI, pela 3\u00aa edi\u00e7\u00e3o do Programa Trilhas de Futuro do Governo de Minas Gerais.\",\"breadcrumb\":{\"@id\":\"https:\/\/www.fiemg.com.br\/regional-alto-paranaiba\/noticias\/senai-forma-novas-turmas-em-patos-de-minas-e-tres-marias\/#breadcrumb\"},\"inLanguage\":\"pt-BR\",\"potentialAction\":[{\"@type\":\"ReadAction\",\"target\":[\"https:\/\/www.fiemg.com.br\/regional-alto-paranaiba\/noticias\/senai-forma-novas-turmas-em-patos-de-minas-e-tres-marias\/\"]}]},{\"@type\":\"ImageObject\",\"inLanguage\":\"pt-BR\",\"@id\":\"https:\/\/www.fiemg.com.br\/regional-alto-paranaiba\/noticias\/senai-forma-novas-turmas-em-patos-de-minas-e-tres-marias\/#primaryimage\",\"url\":\"https:\/\/www.fiemg.com.br\/regional-alto-paranaiba\/wp-content\/uploads\/sites\/15\/2024\/09\/formatura.geral_.jpg\",\"contentUrl\":\"https:\/\/www.fiemg.com.br\/regional-alto-paranaiba\/wp-content\/uploads\/sites\/15\/2024\/09\/formatura.geral_.jpg\",\"width\":775,\"height\":897},{\"@type\":\"BreadcrumbList\",\"@id\":\"https:\/\/www.fiemg.com.br\/regional-alto-paranaiba\/noticias\/senai-forma-novas-turmas-em-patos-de-minas-e-tres-marias\/#breadcrumb\",\"itemListElement\":[{\"@type\":\"ListItem\",\"position\":1,\"name\":\"In\u00edcio\",\"item\":\"https:\/\/www.fiemg.com.br\/regional-alto-paranaiba\/\"},{\"@type\":\"ListItem\",\"position\":2,\"name\":\"SENAI forma novas turmas em Patos de Minas e Tr\u00eas Marias\"}]},{\"@type\":\"WebSite\",\"@id\":\"https:\/\/www.fiemg.com.br\/regional-alto-paranaiba\/#website\",\"url\":\"https:\/\/www.fiemg.com.br\/regional-alto-paranaiba\/\",\"name\":\"Regional Alto Parana\u00edba\",\"description\":\"Federa\u00e7\u00e3o das Ind\u00fastrias do Estado de Minas Gerais\",\"publisher\":{\"@id\":\"https:\/\/www.fiemg.com.br\/regional-alto-paranaiba\/#organization\"},\"potentialAction\":[{\"@type\":\"SearchAction\",\"target\":{\"@type\":\"EntryPoint\",\"urlTemplate\":\"https:\/\/www.fiemg.com.br\/regional-alto-paranaiba\/?s={search_term_string}\"},\"query-input\":{\"@type\":\"PropertyValueSpecification\",\"valueRequired\":true,\"valueName\":\"search_term_string\"}}],\"inLanguage\":\"pt-BR\"},{\"@type\":\"Organization\",\"@id\":\"https:\/\/www.fiemg.com.br\/regional-alto-paranaiba\/#organization\",\"name\":\"Regional Alto Parana\u00edba\",\"url\":\"https:\/\/www.fiemg.com.br\/regional-alto-paranaiba\/\",\"logo\":{\"@type\":\"ImageObject\",\"inLanguage\":\"pt-BR\",\"@id\":\"https:\/\/www.fiemg.com.br\/regional-alto-paranaiba\/#\/schema\/logo\/image\/\",\"url\":\"https:\/\/www.fiemg.com.br\/regional-alto-paranaiba\/wp-content\/uploads\/sites\/15\/2023\/02\/Ativo-1.png\",\"contentUrl\":\"https:\/\/www.fiemg.com.br\/regional-alto-paranaiba\/wp-content\/uploads\/sites\/15\/2023\/02\/Ativo-1.png\",\"width\":563,\"height\":149,\"caption\":\"Regional Alto Parana\u00edba\"},\"image\":{\"@id\":\"https:\/\/www.fiemg.com.br\/regional-alto-paranaiba\/#\/schema\/logo\/image\/\"}}]}<\/script>\n<!-- \/ Yoast SEO plugin. -->","yoast_head_json":{"title":"SENAI forma novas turmas em Patos de Minas e Tr\u00eas Marias - Regional Alto Parana\u00edba","description":"O mercado de trabalho em Patos de Minas e Tr\u00eas Marias ganhou novos profissionais formados em cursos t\u00e9cnicos do SENAI, pela 3\u00aa edi\u00e7\u00e3o do Programa Trilhas de Futuro do Governo de Minas Gerais.","robots":{"index":"index","follow":"follow","max-snippet":"max-snippet:-1","max-image-preview":"max-image-preview:large","max-video-preview":"max-video-preview:-1"},"canonical":"https:\/\/www.fiemg.com.br\/regional-alto-paranaiba\/noticias\/senai-forma-novas-turmas-em-patos-de-minas-e-tres-marias\/","og_locale":"pt_BR","og_type":"article","og_title":"SENAI forma novas turmas em Patos de Minas e Tr\u00eas Marias - Regional Alto Parana\u00edba","og_description":"O mercado de trabalho em Patos de Minas e Tr\u00eas Marias ganhou novos profissionais formados em cursos t\u00e9cnicos do SENAI, pela 3\u00aa edi\u00e7\u00e3o do Programa Trilhas de Futuro do Governo de Minas Gerais.","og_url":"https:\/\/www.fiemg.com.br\/regional-alto-paranaiba\/noticias\/senai-forma-novas-turmas-em-patos-de-minas-e-tres-marias\/","og_site_name":"Regional Alto Parana\u00edba","article_modified_time":"2024-09-09T15:04:13+00:00","og_image":[{"width":775,"height":897,"url":"https:\/\/www.fiemg.com.br\/regional-alto-paranaiba\/wp-content\/uploads\/sites\/15\/2024\/09\/formatura.geral_.jpg","type":"image\/jpeg"}],"twitter_card":"summary_large_image","twitter_misc":{"Est. tempo de leitura":"3 minutos"},"schema":{"@context":"https:\/\/schema.org","@graph":[{"@type":"WebPage","@id":"https:\/\/www.fiemg.com.br\/regional-alto-paranaiba\/noticias\/senai-forma-novas-turmas-em-patos-de-minas-e-tres-marias\/","url":"https:\/\/www.fiemg.com.br\/regional-alto-paranaiba\/noticias\/senai-forma-novas-turmas-em-patos-de-minas-e-tres-marias\/","name":"SENAI forma novas turmas em Patos de Minas e Tr\u00eas Marias - Regional Alto Parana\u00edba","isPartOf":{"@id":"https:\/\/www.fiemg.com.br\/regional-alto-paranaiba\/#website"},"primaryImageOfPage":{"@id":"https:\/\/www.fiemg.com.br\/regional-alto-paranaiba\/noticias\/senai-forma-novas-turmas-em-patos-de-minas-e-tres-marias\/#primaryimage"},"image":{"@id":"https:\/\/www.fiemg.com.br\/regional-alto-paranaiba\/noticias\/senai-forma-novas-turmas-em-patos-de-minas-e-tres-marias\/#primaryimage"},"thumbnailUrl":"https:\/\/www.fiemg.com.br\/regional-alto-paranaiba\/wp-content\/uploads\/sites\/15\/2024\/09\/formatura.geral_.jpg","datePublished":"2024-09-05T14:03:38+00:00","dateModified":"2024-09-09T15:04:13+00:00","description":"O mercado de trabalho em Patos de Minas e Tr\u00eas Marias ganhou novos profissionais formados em cursos t\u00e9cnicos do SENAI, pela 3\u00aa edi\u00e7\u00e3o do Programa Trilhas de Futuro do Governo de Minas Gerais.","breadcrumb":{"@id":"https:\/\/www.fiemg.com.br\/regional-alto-paranaiba\/noticias\/senai-forma-novas-turmas-em-patos-de-minas-e-tres-marias\/#breadcrumb"},"inLanguage":"pt-BR","potentialAction":[{"@type":"ReadAction","target":["https:\/\/www.fiemg.com.br\/regional-alto-paranaiba\/noticias\/senai-forma-novas-turmas-em-patos-de-minas-e-tres-marias\/"]}]},{"@type":"ImageObject","inLanguage":"pt-BR","@id":"https:\/\/www.fiemg.com.br\/regional-alto-paranaiba\/noticias\/senai-forma-novas-turmas-em-patos-de-minas-e-tres-marias\/#primaryimage","url":"https:\/\/www.fiemg.com.br\/regional-alto-paranaiba\/wp-content\/uploads\/sites\/15\/2024\/09\/formatura.geral_.jpg","contentUrl":"https:\/\/www.fiemg.com.br\/regional-alto-paranaiba\/wp-content\/uploads\/sites\/15\/2024\/09\/formatura.geral_.jpg","width":775,"height":897},{"@type":"BreadcrumbList","@id":"https:\/\/www.fiemg.com.br\/regional-alto-paranaiba\/noticias\/senai-forma-novas-turmas-em-patos-de-minas-e-tres-marias\/#breadcrumb","itemListElement":[{"@type":"ListItem","position":1,"name":"In\u00edcio","item":"https:\/\/www.fiemg.com.br\/regional-alto-paranaiba\/"},{"@type":"ListItem","position":2,"name":"SENAI forma novas turmas em Patos de Minas e Tr\u00eas Marias"}]},{"@type":"WebSite","@id":"https:\/\/www.fiemg.com.br\/regional-alto-paranaiba\/#website","url":"https:\/\/www.fiemg.com.br\/regional-alto-paranaiba\/","name":"Regional Alto Parana\u00edba","description":"Federa\u00e7\u00e3o das Ind\u00fastrias do Estado de Minas Gerais","publisher":{"@id":"https:\/\/www.fiemg.com.br\/regional-alto-paranaiba\/#organization"},"potentialAction":[{"@type":"SearchAction","target":{"@type":"EntryPoint","urlTemplate":"https:\/\/www.fiemg.com.br\/regional-alto-paranaiba\/?s={search_term_string}"},"query-input":{"@type":"PropertyValueSpecification","valueRequired":true,"valueName":"search_term_string"}}],"inLanguage":"pt-BR"},{"@type":"Organization","@id":"https:\/\/www.fiemg.com.br\/regional-alto-paranaiba\/#organization","name":"Regional Alto Parana\u00edba","url":"https:\/\/www.fiemg.com.br\/regional-alto-paranaiba\/","logo":{"@type":"ImageObject","inLanguage":"pt-BR","@id":"https:\/\/www.fiemg.com.br\/regional-alto-paranaiba\/#\/schema\/logo\/image\/","url":"https:\/\/www.fiemg.com.br\/regional-alto-paranaiba\/wp-content\/uploads\/sites\/15\/2023\/02\/Ativo-1.png","contentUrl":"https:\/\/www.fiemg.com.br\/regional-alto-paranaiba\/wp-content\/uploads\/sites\/15\/2023\/02\/Ativo-1.png","width":563,"height":149,"caption":"Regional Alto Parana\u00edba"},"image":{"@id":"https:\/\/www.fiemg.com.br\/regional-alto-paranaiba\/#\/schema\/logo\/image\/"}}]}},"_links":{"self":[{"href":"https:\/\/www.fiemg.com.br\/regional-alto-paranaiba\/wp-json\/wp\/v2\/noticias\/2070","targetHints":{"allow":["GET"]}}],"collection":[{"href":"https:\/\/www.fiemg.com.br\/regional-alto-paranaiba\/wp-json\/wp\/v2\/noticias"}],"about":[{"href":"https:\/\/www.fiemg.com.br\/regional-alto-paranaiba\/wp-json\/wp\/v2\/types\/noticias"}],"wp:featuredmedia":[{"embeddable":true,"href":"https:\/\/www.fiemg.com.br\/regional-alto-paranaiba\/wp-json\/wp\/v2\/media\/2072"}],"wp:attachment":[{"href":"https:\/\/www.fiemg.com.br\/regional-alto-paranaiba\/wp-json\/wp\/v2\/media?parent=2070"}],"wp:term":[{"taxonomy":"category","embeddable":true,"href":"https:\/\/www.fiemg.com.br\/regional-alto-paranaiba\/wp-json\/wp\/v2\/categories?post=2070"},{"taxonomy":"post_tag","embeddable":true,"href":"https:\/\/www.fiemg.com.br\/regional-alto-paranaiba\/wp-json\/wp\/v2\/tags?post=2070"}],"curies":[{"name":"wp","href":"https:\/\/api.w.org\/{rel}","templated":true}]}}