{"id":2073,"date":"2024-08-20T11:10:05","date_gmt":"2024-08-20T14:10:05","guid":{"rendered":"https:\/\/www.fiemg.com.br\/regional-alto-paranaiba\/?post_type=noticias&#038;p=2073"},"modified":"2024-09-09T15:40:00","modified_gmt":"2024-09-09T18:40:00","slug":"fapi-workshop-aconteceu-no-dia-19-08","status":"publish","type":"noticias","link":"https:\/\/www.fiemg.com.br\/regional-alto-paranaiba\/noticias\/fapi-workshop-aconteceu-no-dia-19-08\/","title":{"rendered":"FAPI:\u00a0 workshop aconteceu no dia 19\/08"},"content":{"rendered":"\n<p><em>Evento foi uma realiza\u00e7\u00e3o conjunta da SEMAD, FIEMG e Pol\u00edcia Militar de Minas Gerais<\/em><\/p>\n\n\n\n<p>,J\u00e1 na 8\u00aa edi\u00e7\u00e3o, o Programa de Fiscaliza\u00e7\u00e3o Ambiental Preventiva na Ind\u00fastria (FAPI 2024) foi lan\u00e7ado, oficialmente, na segunda-feira (19\/8). O programa \u00e9 desenvolvido numa parceria entre a <a href=\"http:\/\/www.meioambiente.mg.gov.br\/\">Secretaria de Estado de Meio Ambiente e Desenvolvimento Sustent\u00e1vel (Semad)<\/a>, a <a href=\"https:\/\/www.fiemg.com.br\/fiemg\/\">FIEMG<\/a> (Federa\u00e7\u00e3o das Ind\u00fastrias do Estado de Minas Gerais) e a <a href=\"https:\/\/www.policiamilitar.mg.gov.br\/\">Pol\u00edcia Militar de Minas Gerais (PMMG)<\/a>. Foram apresentados os segmentos que ser\u00e3o fiscalizados em 2024 e, a partir da realiza\u00e7\u00e3o do workshop, as ind\u00fastrias ter\u00e3o um prazo de 90 dias para buscarem a regulariza\u00e7\u00e3o.<\/p>\n\n\n\n<p>O FAPI tem por objetivo orientar e estimular a regulariza\u00e7\u00e3o ambiental por parte do setor produtivo, evitando autua\u00e7\u00f5es ambientais e garantindo sustentabilidade \u00e0 produ\u00e7\u00e3o industrial mineira.<\/p>\n\n\n\n<p>Os setores ser\u00e3o fiscalizados s\u00e3o:<\/p>\n\n\n\n<p>\u2022&nbsp; Fabrica\u00e7\u00e3o de madeira laminada ou chapas de madeira aglomerada, prensada ou compensada, revestida ou n\u00e3o revestida<\/p>\n\n\n\n<p>\u2022&nbsp; Fabrica\u00e7\u00e3o de m\u00f3veis de madeira, e\/ou seus derivados, com pintura e\/ou verniz<\/p>\n\n\n\n<p>\u2022&nbsp; Fabrica\u00e7\u00e3o de m\u00f3veis estofados ou de colch\u00f5es, com fabrica\u00e7\u00e3o de espuma<\/p>\n\n\n\n<p>\u2022&nbsp; Fabrica\u00e7\u00e3o de m\u00e1quinas em geral e implementos agr\u00edcolas, bem como suas pe\u00e7as e acess\u00f3rios met\u00e1licos<\/p>\n\n\n\n<p>\u2022&nbsp; Fabrica\u00e7\u00e3o de produtos intermedi\u00e1rios para fins fertilizantes (ur\u00e9ia, nitratos de am\u00f4nio (NA e CAN), fosfatos de am\u00f4nio (DAP e MAP) e fosfatos (SSP e TSP)<\/p>\n\n\n\n<p>\u2022&nbsp; Fabrica\u00e7\u00e3o de \u00e1cido sulf\u00farico a partir de enxofre elementar, inclusive quando associada \u00e0 produ\u00e7\u00e3o de fertilizantes<\/p>\n\n\n\n<p>\u2022&nbsp; Formula\u00e7\u00e3o de adubos e fertilizantes<\/p>\n\n\n\n<p>O analista ambiental da <a href=\"https:\/\/www.fiemg.com.br\/regional-alto-paranaiba\/\">FIEMG Alto Parana\u00edba<\/a>, T\u00falio de S\u00e1, informou que as ind\u00fastrias que atuam nesses segmentos poder\u00e3o fazer a Ades\u00e3o gratuita ao FAPI e com isso, ter acesso ao autodiagnostico com a equipe de analistas ambientais da FIEMG. Outro benef\u00edcio da Ades\u00e3o \u00e9 a aplica\u00e7\u00e3o de atenuante no caso de ser identificada alguma irregularidade no momento da fiscaliza\u00e7\u00e3o que pode reduzir o valor da autua\u00e7\u00e3o em at\u00e9 50%.<\/p>\n\n\n\n<p>De acordo com ele, a Ades\u00e3o ao FAPI traz benef\u00edcios ao setor produtivo, que recebe orienta\u00e7\u00f5es quanto \u00e0s obriga\u00e7\u00f5es legais e tamb\u00e9m, benef\u00edcios \u00e0 sociedade, que ganha com a preserva\u00e7\u00e3o ambiental.<\/p>\n\n\n\n<p>Para mais informa\u00e7\u00f5es, sobre o FAPI, acesse o site: <a href=\"https:\/\/www.fiemg.com.br\/area-de-interesse\/sustentabilidade\/fapi-2024\/\">https:\/\/www.fiemg.com.br\/area-de-interesse\/sustentabilidade\/fapi-2024\/<\/a> .<\/p>\n\n\n\n<p>No Workshop do FAPI foram abordados tamb\u00e9m os temas: MTR &#8211; Principais d\u00favidas sobre uso do Sistema; Implementa\u00e7\u00e3o da log\u00edstica reversa em Minas Gerais; Regulariza\u00e7\u00e3o Ambiental de Atividades Industriais e a Regulariza\u00e7\u00e3o Ambiental Municipal.<\/p>\n","protected":false},"featured_media":2074,"template":"","categories":[15,23],"tags":[169,170,171],"class_list":["post-2073","noticias","type-noticias","status-publish","has-post-thumbnail","hentry","category-desenvolvimento-industrial","category-sustentabilidade","tag-fapi","tag-meio-ambiente","tag-sustentabilidade"],"acf":[],"yoast_head":"<!-- This site is optimized with the Yoast SEO plugin v26.2 - https:\/\/yoast.com\/wordpress\/plugins\/seo\/ -->\n<title>FAPI:\u00a0 workshop aconteceu no dia 19\/08 - Regional Alto Parana\u00edba<\/title>\n<meta name=\"description\" content=\"Foram apresentados os segmentos que ser\u00e3o fiscalizados em 2024 e, a partir da realiza\u00e7\u00e3o do workshop, as ind\u00fastrias ter\u00e3o um prazo de 90 dias para buscarem a regulariza\u00e7\u00e3o.\" \/>\n<meta name=\"robots\" content=\"index, follow, max-snippet:-1, max-image-preview:large, max-video-preview:-1\" \/>\n<link rel=\"canonical\" href=\"https:\/\/www.fiemg.com.br\/regional-alto-paranaiba\/noticias\/fapi-workshop-aconteceu-no-dia-19-08\/\" \/>\n<meta property=\"og:locale\" content=\"pt_BR\" \/>\n<meta property=\"og:type\" content=\"article\" \/>\n<meta property=\"og:title\" content=\"FAPI:\u00a0 workshop aconteceu no dia 19\/08 - Regional Alto Parana\u00edba\" \/>\n<meta property=\"og:description\" content=\"Foram apresentados os segmentos que ser\u00e3o fiscalizados em 2024 e, a partir da realiza\u00e7\u00e3o do workshop, as ind\u00fastrias ter\u00e3o um prazo de 90 dias para buscarem a regulariza\u00e7\u00e3o.\" \/>\n<meta property=\"og:url\" content=\"https:\/\/www.fiemg.com.br\/regional-alto-paranaiba\/noticias\/fapi-workshop-aconteceu-no-dia-19-08\/\" \/>\n<meta property=\"og:site_name\" content=\"Regional Alto Parana\u00edba\" \/>\n<meta property=\"article:modified_time\" content=\"2024-09-09T18:40:00+00:00\" \/>\n<meta property=\"og:image\" content=\"https:\/\/www.fiemg.com.br\/regional-alto-paranaiba\/wp-content\/uploads\/sites\/15\/2024\/08\/fapi.evento.jpg\" \/>\n\t<meta property=\"og:image:width\" content=\"414\" \/>\n\t<meta property=\"og:image:height\" content=\"462\" \/>\n\t<meta property=\"og:image:type\" content=\"image\/jpeg\" \/>\n<meta name=\"twitter:card\" content=\"summary_large_image\" \/>\n<meta name=\"twitter:label1\" content=\"Est. tempo de leitura\" \/>\n\t<meta name=\"twitter:data1\" content=\"3 minutos\" \/>\n<script type=\"application\/ld+json\" class=\"yoast-schema-graph\">{\"@context\":\"https:\/\/schema.org\",\"@graph\":[{\"@type\":\"WebPage\",\"@id\":\"https:\/\/www.fiemg.com.br\/regional-alto-paranaiba\/noticias\/fapi-workshop-aconteceu-no-dia-19-08\/\",\"url\":\"https:\/\/www.fiemg.com.br\/regional-alto-paranaiba\/noticias\/fapi-workshop-aconteceu-no-dia-19-08\/\",\"name\":\"FAPI:\u00a0 workshop aconteceu no dia 19\/08 - Regional Alto Parana\u00edba\",\"isPartOf\":{\"@id\":\"https:\/\/www.fiemg.com.br\/regional-alto-paranaiba\/#website\"},\"primaryImageOfPage\":{\"@id\":\"https:\/\/www.fiemg.com.br\/regional-alto-paranaiba\/noticias\/fapi-workshop-aconteceu-no-dia-19-08\/#primaryimage\"},\"image\":{\"@id\":\"https:\/\/www.fiemg.com.br\/regional-alto-paranaiba\/noticias\/fapi-workshop-aconteceu-no-dia-19-08\/#primaryimage\"},\"thumbnailUrl\":\"https:\/\/www.fiemg.com.br\/regional-alto-paranaiba\/wp-content\/uploads\/sites\/15\/2024\/08\/fapi.evento.jpg\",\"datePublished\":\"2024-08-20T14:10:05+00:00\",\"dateModified\":\"2024-09-09T18:40:00+00:00\",\"description\":\"Foram apresentados os segmentos que ser\u00e3o fiscalizados em 2024 e, a partir da realiza\u00e7\u00e3o do workshop, as ind\u00fastrias ter\u00e3o um prazo de 90 dias para buscarem a regulariza\u00e7\u00e3o.\",\"breadcrumb\":{\"@id\":\"https:\/\/www.fiemg.com.br\/regional-alto-paranaiba\/noticias\/fapi-workshop-aconteceu-no-dia-19-08\/#breadcrumb\"},\"inLanguage\":\"pt-BR\",\"potentialAction\":[{\"@type\":\"ReadAction\",\"target\":[\"https:\/\/www.fiemg.com.br\/regional-alto-paranaiba\/noticias\/fapi-workshop-aconteceu-no-dia-19-08\/\"]}]},{\"@type\":\"ImageObject\",\"inLanguage\":\"pt-BR\",\"@id\":\"https:\/\/www.fiemg.com.br\/regional-alto-paranaiba\/noticias\/fapi-workshop-aconteceu-no-dia-19-08\/#primaryimage\",\"url\":\"https:\/\/www.fiemg.com.br\/regional-alto-paranaiba\/wp-content\/uploads\/sites\/15\/2024\/08\/fapi.evento.jpg\",\"contentUrl\":\"https:\/\/www.fiemg.com.br\/regional-alto-paranaiba\/wp-content\/uploads\/sites\/15\/2024\/08\/fapi.evento.jpg\",\"width\":414,\"height\":462},{\"@type\":\"BreadcrumbList\",\"@id\":\"https:\/\/www.fiemg.com.br\/regional-alto-paranaiba\/noticias\/fapi-workshop-aconteceu-no-dia-19-08\/#breadcrumb\",\"itemListElement\":[{\"@type\":\"ListItem\",\"position\":1,\"name\":\"In\u00edcio\",\"item\":\"https:\/\/www.fiemg.com.br\/regional-alto-paranaiba\/\"},{\"@type\":\"ListItem\",\"position\":2,\"name\":\"FAPI:\u00a0 workshop aconteceu no dia 19\/08\"}]},{\"@type\":\"WebSite\",\"@id\":\"https:\/\/www.fiemg.com.br\/regional-alto-paranaiba\/#website\",\"url\":\"https:\/\/www.fiemg.com.br\/regional-alto-paranaiba\/\",\"name\":\"Regional Alto Parana\u00edba\",\"description\":\"Federa\u00e7\u00e3o das Ind\u00fastrias do Estado de Minas Gerais\",\"publisher\":{\"@id\":\"https:\/\/www.fiemg.com.br\/regional-alto-paranaiba\/#organization\"},\"potentialAction\":[{\"@type\":\"SearchAction\",\"target\":{\"@type\":\"EntryPoint\",\"urlTemplate\":\"https:\/\/www.fiemg.com.br\/regional-alto-paranaiba\/?s={search_term_string}\"},\"query-input\":{\"@type\":\"PropertyValueSpecification\",\"valueRequired\":true,\"valueName\":\"search_term_string\"}}],\"inLanguage\":\"pt-BR\"},{\"@type\":\"Organization\",\"@id\":\"https:\/\/www.fiemg.com.br\/regional-alto-paranaiba\/#organization\",\"name\":\"Regional Alto Parana\u00edba\",\"url\":\"https:\/\/www.fiemg.com.br\/regional-alto-paranaiba\/\",\"logo\":{\"@type\":\"ImageObject\",\"inLanguage\":\"pt-BR\",\"@id\":\"https:\/\/www.fiemg.com.br\/regional-alto-paranaiba\/#\/schema\/logo\/image\/\",\"url\":\"https:\/\/www.fiemg.com.br\/regional-alto-paranaiba\/wp-content\/uploads\/sites\/15\/2023\/02\/Ativo-1.png\",\"contentUrl\":\"https:\/\/www.fiemg.com.br\/regional-alto-paranaiba\/wp-content\/uploads\/sites\/15\/2023\/02\/Ativo-1.png\",\"width\":563,\"height\":149,\"caption\":\"Regional Alto Parana\u00edba\"},\"image\":{\"@id\":\"https:\/\/www.fiemg.com.br\/regional-alto-paranaiba\/#\/schema\/logo\/image\/\"}}]}<\/script>\n<!-- \/ Yoast SEO plugin. -->","yoast_head_json":{"title":"FAPI:\u00a0 workshop aconteceu no dia 19\/08 - Regional Alto Parana\u00edba","description":"Foram apresentados os segmentos que ser\u00e3o fiscalizados em 2024 e, a partir da realiza\u00e7\u00e3o do workshop, as ind\u00fastrias ter\u00e3o um prazo de 90 dias para buscarem a regulariza\u00e7\u00e3o.","robots":{"index":"index","follow":"follow","max-snippet":"max-snippet:-1","max-image-preview":"max-image-preview:large","max-video-preview":"max-video-preview:-1"},"canonical":"https:\/\/www.fiemg.com.br\/regional-alto-paranaiba\/noticias\/fapi-workshop-aconteceu-no-dia-19-08\/","og_locale":"pt_BR","og_type":"article","og_title":"FAPI:\u00a0 workshop aconteceu no dia 19\/08 - Regional Alto Parana\u00edba","og_description":"Foram apresentados os segmentos que ser\u00e3o fiscalizados em 2024 e, a partir da realiza\u00e7\u00e3o do workshop, as ind\u00fastrias ter\u00e3o um prazo de 90 dias para buscarem a regulariza\u00e7\u00e3o.","og_url":"https:\/\/www.fiemg.com.br\/regional-alto-paranaiba\/noticias\/fapi-workshop-aconteceu-no-dia-19-08\/","og_site_name":"Regional Alto Parana\u00edba","article_modified_time":"2024-09-09T18:40:00+00:00","og_image":[{"width":414,"height":462,"url":"https:\/\/www.fiemg.com.br\/regional-alto-paranaiba\/wp-content\/uploads\/sites\/15\/2024\/08\/fapi.evento.jpg","type":"image\/jpeg"}],"twitter_card":"summary_large_image","twitter_misc":{"Est. tempo de leitura":"3 minutos"},"schema":{"@context":"https:\/\/schema.org","@graph":[{"@type":"WebPage","@id":"https:\/\/www.fiemg.com.br\/regional-alto-paranaiba\/noticias\/fapi-workshop-aconteceu-no-dia-19-08\/","url":"https:\/\/www.fiemg.com.br\/regional-alto-paranaiba\/noticias\/fapi-workshop-aconteceu-no-dia-19-08\/","name":"FAPI:\u00a0 workshop aconteceu no dia 19\/08 - Regional Alto Parana\u00edba","isPartOf":{"@id":"https:\/\/www.fiemg.com.br\/regional-alto-paranaiba\/#website"},"primaryImageOfPage":{"@id":"https:\/\/www.fiemg.com.br\/regional-alto-paranaiba\/noticias\/fapi-workshop-aconteceu-no-dia-19-08\/#primaryimage"},"image":{"@id":"https:\/\/www.fiemg.com.br\/regional-alto-paranaiba\/noticias\/fapi-workshop-aconteceu-no-dia-19-08\/#primaryimage"},"thumbnailUrl":"https:\/\/www.fiemg.com.br\/regional-alto-paranaiba\/wp-content\/uploads\/sites\/15\/2024\/08\/fapi.evento.jpg","datePublished":"2024-08-20T14:10:05+00:00","dateModified":"2024-09-09T18:40:00+00:00","description":"Foram apresentados os segmentos que ser\u00e3o fiscalizados em 2024 e, a partir da realiza\u00e7\u00e3o do workshop, as ind\u00fastrias ter\u00e3o um prazo de 90 dias para buscarem a regulariza\u00e7\u00e3o.","breadcrumb":{"@id":"https:\/\/www.fiemg.com.br\/regional-alto-paranaiba\/noticias\/fapi-workshop-aconteceu-no-dia-19-08\/#breadcrumb"},"inLanguage":"pt-BR","potentialAction":[{"@type":"ReadAction","target":["https:\/\/www.fiemg.com.br\/regional-alto-paranaiba\/noticias\/fapi-workshop-aconteceu-no-dia-19-08\/"]}]},{"@type":"ImageObject","inLanguage":"pt-BR","@id":"https:\/\/www.fiemg.com.br\/regional-alto-paranaiba\/noticias\/fapi-workshop-aconteceu-no-dia-19-08\/#primaryimage","url":"https:\/\/www.fiemg.com.br\/regional-alto-paranaiba\/wp-content\/uploads\/sites\/15\/2024\/08\/fapi.evento.jpg","contentUrl":"https:\/\/www.fiemg.com.br\/regional-alto-paranaiba\/wp-content\/uploads\/sites\/15\/2024\/08\/fapi.evento.jpg","width":414,"height":462},{"@type":"BreadcrumbList","@id":"https:\/\/www.fiemg.com.br\/regional-alto-paranaiba\/noticias\/fapi-workshop-aconteceu-no-dia-19-08\/#breadcrumb","itemListElement":[{"@type":"ListItem","position":1,"name":"In\u00edcio","item":"https:\/\/www.fiemg.com.br\/regional-alto-paranaiba\/"},{"@type":"ListItem","position":2,"name":"FAPI:\u00a0 workshop aconteceu no dia 19\/08"}]},{"@type":"WebSite","@id":"https:\/\/www.fiemg.com.br\/regional-alto-paranaiba\/#website","url":"https:\/\/www.fiemg.com.br\/regional-alto-paranaiba\/","name":"Regional Alto Parana\u00edba","description":"Federa\u00e7\u00e3o das Ind\u00fastrias do Estado de Minas Gerais","publisher":{"@id":"https:\/\/www.fiemg.com.br\/regional-alto-paranaiba\/#organization"},"potentialAction":[{"@type":"SearchAction","target":{"@type":"EntryPoint","urlTemplate":"https:\/\/www.fiemg.com.br\/regional-alto-paranaiba\/?s={search_term_string}"},"query-input":{"@type":"PropertyValueSpecification","valueRequired":true,"valueName":"search_term_string"}}],"inLanguage":"pt-BR"},{"@type":"Organization","@id":"https:\/\/www.fiemg.com.br\/regional-alto-paranaiba\/#organization","name":"Regional Alto Parana\u00edba","url":"https:\/\/www.fiemg.com.br\/regional-alto-paranaiba\/","logo":{"@type":"ImageObject","inLanguage":"pt-BR","@id":"https:\/\/www.fiemg.com.br\/regional-alto-paranaiba\/#\/schema\/logo\/image\/","url":"https:\/\/www.fiemg.com.br\/regional-alto-paranaiba\/wp-content\/uploads\/sites\/15\/2023\/02\/Ativo-1.png","contentUrl":"https:\/\/www.fiemg.com.br\/regional-alto-paranaiba\/wp-content\/uploads\/sites\/15\/2023\/02\/Ativo-1.png","width":563,"height":149,"caption":"Regional Alto Parana\u00edba"},"image":{"@id":"https:\/\/www.fiemg.com.br\/regional-alto-paranaiba\/#\/schema\/logo\/image\/"}}]}},"_links":{"self":[{"href":"https:\/\/www.fiemg.com.br\/regional-alto-paranaiba\/wp-json\/wp\/v2\/noticias\/2073","targetHints":{"allow":["GET"]}}],"collection":[{"href":"https:\/\/www.fiemg.com.br\/regional-alto-paranaiba\/wp-json\/wp\/v2\/noticias"}],"about":[{"href":"https:\/\/www.fiemg.com.br\/regional-alto-paranaiba\/wp-json\/wp\/v2\/types\/noticias"}],"wp:featuredmedia":[{"embeddable":true,"href":"https:\/\/www.fiemg.com.br\/regional-alto-paranaiba\/wp-json\/wp\/v2\/media\/2074"}],"wp:attachment":[{"href":"https:\/\/www.fiemg.com.br\/regional-alto-paranaiba\/wp-json\/wp\/v2\/media?parent=2073"}],"wp:term":[{"taxonomy":"category","embeddable":true,"href":"https:\/\/www.fiemg.com.br\/regional-alto-paranaiba\/wp-json\/wp\/v2\/categories?post=2073"},{"taxonomy":"post_tag","embeddable":true,"href":"https:\/\/www.fiemg.com.br\/regional-alto-paranaiba\/wp-json\/wp\/v2\/tags?post=2073"}],"curies":[{"name":"wp","href":"https:\/\/api.w.org\/{rel}","templated":true}]}}