{"id":2087,"date":"2024-08-23T15:42:43","date_gmt":"2024-08-23T18:42:43","guid":{"rendered":"https:\/\/www.fiemg.com.br\/regional-alto-paranaiba\/?post_type=noticias&#038;p=2087"},"modified":"2024-09-09T15:56:22","modified_gmt":"2024-09-09T18:56:22","slug":"senai-e-sindivest-lancam-curso-de-costura-industrial-gratuito","status":"publish","type":"noticias","link":"https:\/\/www.fiemg.com.br\/regional-alto-paranaiba\/noticias\/senai-e-sindivest-lancam-curso-de-costura-industrial-gratuito\/","title":{"rendered":"SENAI e SINDIVEST lan\u00e7am curso de Costura Industrial gratuito"},"content":{"rendered":"\n<p><em>Objetivo \u00e9 qualificar profissionais para trabalhar nas ind\u00fastrias<\/em><\/p>\n\n\n\n<p>J\u00e1 est\u00e3o abertas as inscri\u00e7\u00f5es gratuitas para interessados no Curso de Qualifica\u00e7\u00e3o de Profissionais em Costura Industrial. O curso \u00e9 uma parceria entre o <a href=\"https:\/\/www.fiemg.com.br\/senai\/\">SENAI<\/a> e o <a href=\"http:\/\/www.sindicatodaindustria.com.br\/sindivestpmmg\/\">Sindivest<\/a> (Sindicato Intermunicipal das Ind\u00fastrias do Vestu\u00e1rio de Patos de Minas e Alto Parana\u00edba) e os alunos ser\u00e3o capacitados para costurar pe\u00e7as do vestu\u00e1rio em m\u00e1quinas industriais, seguindo padr\u00f5es de qualidade, produtividade e sustentabilidade da empresa; respeitando-se normas t\u00e9cnicas e regulamentadoras aplic\u00e1veis \u00e0 ocupa\u00e7\u00e3o. As inscri\u00e7\u00f5es podem ser feitas pelo link: <a href=\"https:\/\/bit.ly\/senaivestuario2024\">https:\/\/bit.ly\/senaivestuario2024<\/a><\/p>\n\n\n\n<p>O presidente do Sindivest, Jeovane Geraldo da Silveira, destacou que h\u00e1 grande possibilidade de o aluno fazer o curso j\u00e1 empregado em uma ind\u00fastria. \u201cEsse curso \u00e9 bem completo e d\u00e1 a condi\u00e7\u00e3o de o aluno ser contratado por uma empresa associada e, durante o curso, ter a orienta\u00e7\u00e3o pr\u00e1tica direto na ind\u00fastria, como complemento\u201d, acrescentou.<\/p>\n\n\n\n<p>A grade curricular abrange conte\u00fados de: Sa\u00fade e Seguran\u00e7a no Trabalho; Fundamentos da Confec\u00e7\u00e3o do Vestu\u00e1rio; Processos de Confec\u00e7\u00e3o e Opera\u00e7\u00e3o de M\u00e1quinas Industriais para Costura. A carga hor\u00e1ria \u00e9 de 200 horas.<\/p>\n\n\n\n<p>O gerente do SENAI, Lucas Santos Silva, observou que o curso, al\u00e9m de proporcionar a empregabilidade em uma ind\u00fastria do vestu\u00e1rio de Patos de Minas, dar\u00e1 a condi\u00e7\u00e3o de qualifica\u00e7\u00e3o ao aluno. \u201cQuem participar ir\u00e1 absorver conhecimentos e capacidades que permitir\u00e3o a progress\u00e3o na carreira e, consequentemente, o profissional tende a ser valorizado. O Senai est\u00e1 aqui para contribuir com a ind\u00fastria na forma\u00e7\u00e3o do profissional e, tamb\u00e9m, contribuir com a sociedade, na inser\u00e7\u00e3o no mercado de trabalho\u201d, acrescentou.<\/p>\n\n\n\n<p>Os requisitos s\u00e3o: ter idade m\u00ednima de 16 anos completos e ter conclu\u00eddo o Ensino Fundamental I. O in\u00edcio das aulas est\u00e1 previsto para o dia 16 de setembro, de 7h30 \u00e0s 11h30, na unidade do SENAI Patos de Minas \u2013 Avenida Afonso Queiroz, 966 \u2013 Bairro Sebasti\u00e3o Amorim. Mais informa\u00e7\u00f5es: (34) 3822-7300.<\/p>\n","protected":false},"featured_media":2088,"template":"","categories":[5,15],"tags":[136,150],"class_list":["post-2087","noticias","type-noticias","status-publish","has-post-thumbnail","hentry","category-capacitacao-empresarial","category-desenvolvimento-industrial","tag-senai","tag-sindivest"],"acf":[],"yoast_head":"<!-- This site is optimized with the Yoast SEO plugin v26.2 - https:\/\/yoast.com\/wordpress\/plugins\/seo\/ -->\n<title>SENAI e SINDIVEST lan\u00e7am curso de Costura Industrial gratuito - Regional Alto Parana\u00edba<\/title>\n<meta name=\"description\" content=\"Est\u00e3o abertas as inscri\u00e7\u00f5es gratuitas para interessados no Curso de Qualifica\u00e7\u00e3o de Profissionais em Costura Industrial.\" \/>\n<meta name=\"robots\" content=\"index, follow, max-snippet:-1, max-image-preview:large, max-video-preview:-1\" \/>\n<link rel=\"canonical\" href=\"https:\/\/www.fiemg.com.br\/regional-alto-paranaiba\/noticias\/senai-e-sindivest-lancam-curso-de-costura-industrial-gratuito\/\" \/>\n<meta property=\"og:locale\" content=\"pt_BR\" \/>\n<meta property=\"og:type\" content=\"article\" \/>\n<meta property=\"og:title\" content=\"SENAI e SINDIVEST lan\u00e7am curso de Costura Industrial gratuito - Regional Alto Parana\u00edba\" \/>\n<meta property=\"og:description\" content=\"Est\u00e3o abertas as inscri\u00e7\u00f5es gratuitas para interessados no Curso de Qualifica\u00e7\u00e3o de Profissionais em Costura Industrial.\" \/>\n<meta property=\"og:url\" content=\"https:\/\/www.fiemg.com.br\/regional-alto-paranaiba\/noticias\/senai-e-sindivest-lancam-curso-de-costura-industrial-gratuito\/\" \/>\n<meta property=\"og:site_name\" content=\"Regional Alto Parana\u00edba\" \/>\n<meta property=\"article:modified_time\" content=\"2024-09-09T18:56:22+00:00\" \/>\n<meta property=\"og:image\" content=\"https:\/\/www.fiemg.com.br\/regional-alto-paranaiba\/wp-content\/uploads\/sites\/15\/2024\/09\/qualificacao.jpg\" \/>\n\t<meta property=\"og:image:width\" content=\"1080\" \/>\n\t<meta property=\"og:image:height\" content=\"1080\" \/>\n\t<meta property=\"og:image:type\" content=\"image\/jpeg\" \/>\n<meta name=\"twitter:card\" content=\"summary_large_image\" \/>\n<meta name=\"twitter:label1\" content=\"Est. tempo de leitura\" \/>\n\t<meta name=\"twitter:data1\" content=\"2 minutos\" \/>\n<script type=\"application\/ld+json\" class=\"yoast-schema-graph\">{\"@context\":\"https:\/\/schema.org\",\"@graph\":[{\"@type\":\"WebPage\",\"@id\":\"https:\/\/www.fiemg.com.br\/regional-alto-paranaiba\/noticias\/senai-e-sindivest-lancam-curso-de-costura-industrial-gratuito\/\",\"url\":\"https:\/\/www.fiemg.com.br\/regional-alto-paranaiba\/noticias\/senai-e-sindivest-lancam-curso-de-costura-industrial-gratuito\/\",\"name\":\"SENAI e SINDIVEST lan\u00e7am curso de Costura Industrial gratuito - Regional Alto Parana\u00edba\",\"isPartOf\":{\"@id\":\"https:\/\/www.fiemg.com.br\/regional-alto-paranaiba\/#website\"},\"primaryImageOfPage\":{\"@id\":\"https:\/\/www.fiemg.com.br\/regional-alto-paranaiba\/noticias\/senai-e-sindivest-lancam-curso-de-costura-industrial-gratuito\/#primaryimage\"},\"image\":{\"@id\":\"https:\/\/www.fiemg.com.br\/regional-alto-paranaiba\/noticias\/senai-e-sindivest-lancam-curso-de-costura-industrial-gratuito\/#primaryimage\"},\"thumbnailUrl\":\"https:\/\/www.fiemg.com.br\/regional-alto-paranaiba\/wp-content\/uploads\/sites\/15\/2024\/09\/qualificacao.jpg\",\"datePublished\":\"2024-08-23T18:42:43+00:00\",\"dateModified\":\"2024-09-09T18:56:22+00:00\",\"description\":\"Est\u00e3o abertas as inscri\u00e7\u00f5es gratuitas para interessados no Curso de Qualifica\u00e7\u00e3o de Profissionais em Costura Industrial.\",\"breadcrumb\":{\"@id\":\"https:\/\/www.fiemg.com.br\/regional-alto-paranaiba\/noticias\/senai-e-sindivest-lancam-curso-de-costura-industrial-gratuito\/#breadcrumb\"},\"inLanguage\":\"pt-BR\",\"potentialAction\":[{\"@type\":\"ReadAction\",\"target\":[\"https:\/\/www.fiemg.com.br\/regional-alto-paranaiba\/noticias\/senai-e-sindivest-lancam-curso-de-costura-industrial-gratuito\/\"]}]},{\"@type\":\"ImageObject\",\"inLanguage\":\"pt-BR\",\"@id\":\"https:\/\/www.fiemg.com.br\/regional-alto-paranaiba\/noticias\/senai-e-sindivest-lancam-curso-de-costura-industrial-gratuito\/#primaryimage\",\"url\":\"https:\/\/www.fiemg.com.br\/regional-alto-paranaiba\/wp-content\/uploads\/sites\/15\/2024\/09\/qualificacao.jpg\",\"contentUrl\":\"https:\/\/www.fiemg.com.br\/regional-alto-paranaiba\/wp-content\/uploads\/sites\/15\/2024\/09\/qualificacao.jpg\",\"width\":1080,\"height\":1080},{\"@type\":\"BreadcrumbList\",\"@id\":\"https:\/\/www.fiemg.com.br\/regional-alto-paranaiba\/noticias\/senai-e-sindivest-lancam-curso-de-costura-industrial-gratuito\/#breadcrumb\",\"itemListElement\":[{\"@type\":\"ListItem\",\"position\":1,\"name\":\"In\u00edcio\",\"item\":\"https:\/\/www.fiemg.com.br\/regional-alto-paranaiba\/\"},{\"@type\":\"ListItem\",\"position\":2,\"name\":\"SENAI e SINDIVEST lan\u00e7am curso de Costura Industrial gratuito\"}]},{\"@type\":\"WebSite\",\"@id\":\"https:\/\/www.fiemg.com.br\/regional-alto-paranaiba\/#website\",\"url\":\"https:\/\/www.fiemg.com.br\/regional-alto-paranaiba\/\",\"name\":\"Regional Alto Parana\u00edba\",\"description\":\"Federa\u00e7\u00e3o das Ind\u00fastrias do Estado de Minas Gerais\",\"publisher\":{\"@id\":\"https:\/\/www.fiemg.com.br\/regional-alto-paranaiba\/#organization\"},\"potentialAction\":[{\"@type\":\"SearchAction\",\"target\":{\"@type\":\"EntryPoint\",\"urlTemplate\":\"https:\/\/www.fiemg.com.br\/regional-alto-paranaiba\/?s={search_term_string}\"},\"query-input\":{\"@type\":\"PropertyValueSpecification\",\"valueRequired\":true,\"valueName\":\"search_term_string\"}}],\"inLanguage\":\"pt-BR\"},{\"@type\":\"Organization\",\"@id\":\"https:\/\/www.fiemg.com.br\/regional-alto-paranaiba\/#organization\",\"name\":\"Regional Alto Parana\u00edba\",\"url\":\"https:\/\/www.fiemg.com.br\/regional-alto-paranaiba\/\",\"logo\":{\"@type\":\"ImageObject\",\"inLanguage\":\"pt-BR\",\"@id\":\"https:\/\/www.fiemg.com.br\/regional-alto-paranaiba\/#\/schema\/logo\/image\/\",\"url\":\"https:\/\/www.fiemg.com.br\/regional-alto-paranaiba\/wp-content\/uploads\/sites\/15\/2023\/02\/Ativo-1.png\",\"contentUrl\":\"https:\/\/www.fiemg.com.br\/regional-alto-paranaiba\/wp-content\/uploads\/sites\/15\/2023\/02\/Ativo-1.png\",\"width\":563,\"height\":149,\"caption\":\"Regional Alto Parana\u00edba\"},\"image\":{\"@id\":\"https:\/\/www.fiemg.com.br\/regional-alto-paranaiba\/#\/schema\/logo\/image\/\"}}]}<\/script>\n<!-- \/ Yoast SEO plugin. -->","yoast_head_json":{"title":"SENAI e SINDIVEST lan\u00e7am curso de Costura Industrial gratuito - Regional Alto Parana\u00edba","description":"Est\u00e3o abertas as inscri\u00e7\u00f5es gratuitas para interessados no Curso de Qualifica\u00e7\u00e3o de Profissionais em Costura Industrial.","robots":{"index":"index","follow":"follow","max-snippet":"max-snippet:-1","max-image-preview":"max-image-preview:large","max-video-preview":"max-video-preview:-1"},"canonical":"https:\/\/www.fiemg.com.br\/regional-alto-paranaiba\/noticias\/senai-e-sindivest-lancam-curso-de-costura-industrial-gratuito\/","og_locale":"pt_BR","og_type":"article","og_title":"SENAI e SINDIVEST lan\u00e7am curso de Costura Industrial gratuito - Regional Alto Parana\u00edba","og_description":"Est\u00e3o abertas as inscri\u00e7\u00f5es gratuitas para interessados no Curso de Qualifica\u00e7\u00e3o de Profissionais em Costura Industrial.","og_url":"https:\/\/www.fiemg.com.br\/regional-alto-paranaiba\/noticias\/senai-e-sindivest-lancam-curso-de-costura-industrial-gratuito\/","og_site_name":"Regional Alto Parana\u00edba","article_modified_time":"2024-09-09T18:56:22+00:00","og_image":[{"width":1080,"height":1080,"url":"https:\/\/www.fiemg.com.br\/regional-alto-paranaiba\/wp-content\/uploads\/sites\/15\/2024\/09\/qualificacao.jpg","type":"image\/jpeg"}],"twitter_card":"summary_large_image","twitter_misc":{"Est. tempo de leitura":"2 minutos"},"schema":{"@context":"https:\/\/schema.org","@graph":[{"@type":"WebPage","@id":"https:\/\/www.fiemg.com.br\/regional-alto-paranaiba\/noticias\/senai-e-sindivest-lancam-curso-de-costura-industrial-gratuito\/","url":"https:\/\/www.fiemg.com.br\/regional-alto-paranaiba\/noticias\/senai-e-sindivest-lancam-curso-de-costura-industrial-gratuito\/","name":"SENAI e SINDIVEST lan\u00e7am curso de Costura Industrial gratuito - Regional Alto Parana\u00edba","isPartOf":{"@id":"https:\/\/www.fiemg.com.br\/regional-alto-paranaiba\/#website"},"primaryImageOfPage":{"@id":"https:\/\/www.fiemg.com.br\/regional-alto-paranaiba\/noticias\/senai-e-sindivest-lancam-curso-de-costura-industrial-gratuito\/#primaryimage"},"image":{"@id":"https:\/\/www.fiemg.com.br\/regional-alto-paranaiba\/noticias\/senai-e-sindivest-lancam-curso-de-costura-industrial-gratuito\/#primaryimage"},"thumbnailUrl":"https:\/\/www.fiemg.com.br\/regional-alto-paranaiba\/wp-content\/uploads\/sites\/15\/2024\/09\/qualificacao.jpg","datePublished":"2024-08-23T18:42:43+00:00","dateModified":"2024-09-09T18:56:22+00:00","description":"Est\u00e3o abertas as inscri\u00e7\u00f5es gratuitas para interessados no Curso de Qualifica\u00e7\u00e3o de Profissionais em Costura Industrial.","breadcrumb":{"@id":"https:\/\/www.fiemg.com.br\/regional-alto-paranaiba\/noticias\/senai-e-sindivest-lancam-curso-de-costura-industrial-gratuito\/#breadcrumb"},"inLanguage":"pt-BR","potentialAction":[{"@type":"ReadAction","target":["https:\/\/www.fiemg.com.br\/regional-alto-paranaiba\/noticias\/senai-e-sindivest-lancam-curso-de-costura-industrial-gratuito\/"]}]},{"@type":"ImageObject","inLanguage":"pt-BR","@id":"https:\/\/www.fiemg.com.br\/regional-alto-paranaiba\/noticias\/senai-e-sindivest-lancam-curso-de-costura-industrial-gratuito\/#primaryimage","url":"https:\/\/www.fiemg.com.br\/regional-alto-paranaiba\/wp-content\/uploads\/sites\/15\/2024\/09\/qualificacao.jpg","contentUrl":"https:\/\/www.fiemg.com.br\/regional-alto-paranaiba\/wp-content\/uploads\/sites\/15\/2024\/09\/qualificacao.jpg","width":1080,"height":1080},{"@type":"BreadcrumbList","@id":"https:\/\/www.fiemg.com.br\/regional-alto-paranaiba\/noticias\/senai-e-sindivest-lancam-curso-de-costura-industrial-gratuito\/#breadcrumb","itemListElement":[{"@type":"ListItem","position":1,"name":"In\u00edcio","item":"https:\/\/www.fiemg.com.br\/regional-alto-paranaiba\/"},{"@type":"ListItem","position":2,"name":"SENAI e SINDIVEST lan\u00e7am curso de Costura Industrial gratuito"}]},{"@type":"WebSite","@id":"https:\/\/www.fiemg.com.br\/regional-alto-paranaiba\/#website","url":"https:\/\/www.fiemg.com.br\/regional-alto-paranaiba\/","name":"Regional Alto Parana\u00edba","description":"Federa\u00e7\u00e3o das Ind\u00fastrias do Estado de Minas Gerais","publisher":{"@id":"https:\/\/www.fiemg.com.br\/regional-alto-paranaiba\/#organization"},"potentialAction":[{"@type":"SearchAction","target":{"@type":"EntryPoint","urlTemplate":"https:\/\/www.fiemg.com.br\/regional-alto-paranaiba\/?s={search_term_string}"},"query-input":{"@type":"PropertyValueSpecification","valueRequired":true,"valueName":"search_term_string"}}],"inLanguage":"pt-BR"},{"@type":"Organization","@id":"https:\/\/www.fiemg.com.br\/regional-alto-paranaiba\/#organization","name":"Regional Alto Parana\u00edba","url":"https:\/\/www.fiemg.com.br\/regional-alto-paranaiba\/","logo":{"@type":"ImageObject","inLanguage":"pt-BR","@id":"https:\/\/www.fiemg.com.br\/regional-alto-paranaiba\/#\/schema\/logo\/image\/","url":"https:\/\/www.fiemg.com.br\/regional-alto-paranaiba\/wp-content\/uploads\/sites\/15\/2023\/02\/Ativo-1.png","contentUrl":"https:\/\/www.fiemg.com.br\/regional-alto-paranaiba\/wp-content\/uploads\/sites\/15\/2023\/02\/Ativo-1.png","width":563,"height":149,"caption":"Regional Alto Parana\u00edba"},"image":{"@id":"https:\/\/www.fiemg.com.br\/regional-alto-paranaiba\/#\/schema\/logo\/image\/"}}]}},"_links":{"self":[{"href":"https:\/\/www.fiemg.com.br\/regional-alto-paranaiba\/wp-json\/wp\/v2\/noticias\/2087","targetHints":{"allow":["GET"]}}],"collection":[{"href":"https:\/\/www.fiemg.com.br\/regional-alto-paranaiba\/wp-json\/wp\/v2\/noticias"}],"about":[{"href":"https:\/\/www.fiemg.com.br\/regional-alto-paranaiba\/wp-json\/wp\/v2\/types\/noticias"}],"wp:featuredmedia":[{"embeddable":true,"href":"https:\/\/www.fiemg.com.br\/regional-alto-paranaiba\/wp-json\/wp\/v2\/media\/2088"}],"wp:attachment":[{"href":"https:\/\/www.fiemg.com.br\/regional-alto-paranaiba\/wp-json\/wp\/v2\/media?parent=2087"}],"wp:term":[{"taxonomy":"category","embeddable":true,"href":"https:\/\/www.fiemg.com.br\/regional-alto-paranaiba\/wp-json\/wp\/v2\/categories?post=2087"},{"taxonomy":"post_tag","embeddable":true,"href":"https:\/\/www.fiemg.com.br\/regional-alto-paranaiba\/wp-json\/wp\/v2\/tags?post=2087"}],"curies":[{"name":"wp","href":"https:\/\/api.w.org\/{rel}","templated":true}]}}