{"id":2095,"date":"2024-09-13T16:32:08","date_gmt":"2024-09-13T19:32:08","guid":{"rendered":"https:\/\/www.fiemg.com.br\/regional-alto-paranaiba\/?post_type=noticias&#038;p=2095"},"modified":"2024-09-13T16:32:09","modified_gmt":"2024-09-13T19:32:09","slug":"seminario-tecnico-do-procompi-traz-professor-scopino-a-patos-de-minas","status":"publish","type":"noticias","link":"https:\/\/www.fiemg.com.br\/regional-alto-paranaiba\/noticias\/seminario-tecnico-do-procompi-traz-professor-scopino-a-patos-de-minas\/","title":{"rendered":"Semin\u00e1rio T\u00e9cnico do Procompi traz Professor Scopino a Patos de Minas"},"content":{"rendered":"\n<p><em>Foram abordados tr\u00eas temas de interesse do setor metalmec\u00e2nico<\/em><\/p>\n\n\n\n<p>Numa iniciativa do <a href=\"http:\/\/www.sindicatodaindustria.com.br\/sindimetalpmmg\/\">Sindimetal<\/a>, Sebrae, IEL e CNI aconteceu em Patos de Minas, o Semin\u00e1rio T\u00e9cnico do <a href=\"https:\/\/www.portaldaindustria.com.br\/cni\/canais\/procompi\/\">Procompi<\/a> &#8211; Programa de Apoio \u00e0 Competitividade das Micro e Pequenas Empresas. O ministrante foi o conhecido Professor Scopino. Refer\u00eancia no segmento automotivo, ele \u00e9 autor de artigos e materiais educativos na \u00e1rea da mec\u00e2nica automotiva; colaborador em revistas e especialista em consultoria na Globopar, TV Globo, Rede Globo e Globo.com.<\/p>\n\n\n\n<p>Durante o evento, empres\u00e1rios e profissionais do setor metalmec\u00e2nico puderam absorver a experi\u00eancia empresarial de Scopino. Ele abordou tr\u00eas t\u00f3picos fundamentais para o sucesso e efici\u00eancia no mundo dos neg\u00f3cios e da tecnologia.<\/p>\n\n\n\n<p>A primeira palestra foi sobre \u201cTransformando herdeiros em sucessores &#8211; Como criar a\u00e7\u00f5es de envolvimento na sucess\u00e3o, dentro de empresas familiares\u201d. Ele apresentou a experi\u00eancia pr\u00f3pria na sucess\u00e3o empresarial. \u201cA maioria das empresas \u00e9 familiar. \u00c9 normal ter filho ou esposa auxiliando no neg\u00f3cio. \u00c9 s\u00f3 mostrar que vale a pena ser gestor\u201d, acrescentou. Tem que estar atento \u00e0 gest\u00e3o na empresa, separar o \u201cCNPJ do CPF\u201d, ou seja, as quest\u00f5es empresariais das pessoais.&nbsp;<\/p>\n\n\n\n<p>O segundo tema foi \u201cCalculando a hora de m\u00e3o de obra &#8211; Como calcular o custo, lucro e cobran\u00e7a de servi\u00e7os, por hora trabalhada\u201d. Destacou que \u00e9 fundamental ter atualizados os custos e despesas fixos da oficina e fazer o c\u00e1lculo da hora trabalhada, considerando o tempo dos profissionais que executam os servi\u00e7os dentro da empresa. Com base no valor da m\u00e3o de obra estabelecer a tabela de pre\u00e7os da oficina.<\/p>\n\n\n\n<p>O Semin\u00e1rio encerrou com palestra t\u00e9cnica sobre \u201cInje\u00e7\u00e3o direta de combust\u00edvel GDI &#8211; Os detalhes de como funcionam a inje\u00e7\u00e3o direta de combust\u00edvel com press\u00e3o de baixa e de alta\u201d. De acordo com ele \u00e9 uma tecnologia mais avan\u00e7ada e que requer cuidados. Com as informa\u00e7\u00f5es t\u00e9cnicas transmitiu orienta\u00e7\u00f5es sobre o funcionamento desse sistema e como fazer o reparo no menor tempo poss\u00edvel.<\/p>\n\n\n\n<p>O analista de projetos do IEL, Pedro Casasanta enfatizou que esse semin\u00e1rio, possibilitou aos empres\u00e1rios do setor conhecer um pouco mais do projeto Procompi e suas ferramentas para ajudar no desenvolvimento de seus neg\u00f3cios.&nbsp; Foi uma tarde de muita troca de experi\u00eancias para todos os participantes. Os conhecimentos pr\u00e1ticos do professor Scopino, que tem uma extensa experi\u00eancia no segmento, foi importante para todos os mais de 30 participantes. O presidente do Sindimetal, M\u00e1rcio Antunes Filgueira J\u00fanior, refor\u00e7ou a import\u00e2ncia desse trabalho para o fortalecimento do setor. Segundo ele, as palestras e tamb\u00e9m as consultorias em Governan\u00e7a e Gest\u00e3o Empresarial para as ind\u00fastrias, dentro do Procompi, asseguram melhor resultado e melhor qualidade na presta\u00e7\u00e3o dos servi\u00e7os, proporcionando a satisfa\u00e7\u00e3o para os clientes.<\/p>\n","protected":false},"featured_media":2096,"template":"","categories":[5,15,174],"tags":[155,70,156,176,120],"class_list":["post-2095","noticias","type-noticias","status-publish","has-post-thumbnail","hentry","category-capacitacao-empresarial","category-desenvolvimento-industrial","category-sindicatos","tag-cni","tag-fiemg","tag-procompi","tag-sebrae","tag-sindimetal"],"acf":[],"yoast_head":"<!-- This site is optimized with the Yoast SEO plugin v26.2 - https:\/\/yoast.com\/wordpress\/plugins\/seo\/ -->\n<title>Semin\u00e1rio T\u00e9cnico do Procompi traz Professor Scopino a Patos de Minas - Regional Alto Parana\u00edba<\/title>\n<meta name=\"description\" content=\"O semin\u00e1rio possibilitou aos empres\u00e1rios conhecer mais do projeto Procompi e as ferramentas para ajudar no desenvolvimento de seus neg\u00f3cios.\u00a0\" \/>\n<meta name=\"robots\" content=\"index, follow, max-snippet:-1, max-image-preview:large, max-video-preview:-1\" \/>\n<link rel=\"canonical\" href=\"https:\/\/www.fiemg.com.br\/regional-alto-paranaiba\/noticias\/seminario-tecnico-do-procompi-traz-professor-scopino-a-patos-de-minas\/\" \/>\n<meta property=\"og:locale\" content=\"pt_BR\" \/>\n<meta property=\"og:type\" content=\"article\" \/>\n<meta property=\"og:title\" content=\"Semin\u00e1rio T\u00e9cnico do Procompi traz Professor Scopino a Patos de Minas - Regional Alto Parana\u00edba\" \/>\n<meta property=\"og:description\" content=\"O semin\u00e1rio possibilitou aos empres\u00e1rios conhecer mais do projeto Procompi e as ferramentas para ajudar no desenvolvimento de seus neg\u00f3cios.\u00a0\" \/>\n<meta property=\"og:url\" content=\"https:\/\/www.fiemg.com.br\/regional-alto-paranaiba\/noticias\/seminario-tecnico-do-procompi-traz-professor-scopino-a-patos-de-minas\/\" \/>\n<meta property=\"og:site_name\" content=\"Regional Alto Parana\u00edba\" \/>\n<meta property=\"article:modified_time\" content=\"2024-09-13T19:32:09+00:00\" \/>\n<meta property=\"og:image\" content=\"https:\/\/www.fiemg.com.br\/regional-alto-paranaiba\/wp-content\/uploads\/sites\/15\/2024\/09\/scopino-procompi-970x1024.jpg\" \/>\n\t<meta property=\"og:image:width\" content=\"970\" \/>\n\t<meta property=\"og:image:height\" content=\"1024\" \/>\n\t<meta property=\"og:image:type\" content=\"image\/jpeg\" \/>\n<meta name=\"twitter:card\" content=\"summary_large_image\" \/>\n<meta name=\"twitter:label1\" content=\"Est. tempo de leitura\" \/>\n\t<meta name=\"twitter:data1\" content=\"3 minutos\" \/>\n<script type=\"application\/ld+json\" class=\"yoast-schema-graph\">{\"@context\":\"https:\/\/schema.org\",\"@graph\":[{\"@type\":\"WebPage\",\"@id\":\"https:\/\/www.fiemg.com.br\/regional-alto-paranaiba\/noticias\/seminario-tecnico-do-procompi-traz-professor-scopino-a-patos-de-minas\/\",\"url\":\"https:\/\/www.fiemg.com.br\/regional-alto-paranaiba\/noticias\/seminario-tecnico-do-procompi-traz-professor-scopino-a-patos-de-minas\/\",\"name\":\"Semin\u00e1rio T\u00e9cnico do Procompi traz Professor Scopino a Patos de Minas - Regional Alto Parana\u00edba\",\"isPartOf\":{\"@id\":\"https:\/\/www.fiemg.com.br\/regional-alto-paranaiba\/#website\"},\"primaryImageOfPage\":{\"@id\":\"https:\/\/www.fiemg.com.br\/regional-alto-paranaiba\/noticias\/seminario-tecnico-do-procompi-traz-professor-scopino-a-patos-de-minas\/#primaryimage\"},\"image\":{\"@id\":\"https:\/\/www.fiemg.com.br\/regional-alto-paranaiba\/noticias\/seminario-tecnico-do-procompi-traz-professor-scopino-a-patos-de-minas\/#primaryimage\"},\"thumbnailUrl\":\"https:\/\/www.fiemg.com.br\/regional-alto-paranaiba\/wp-content\/uploads\/sites\/15\/2024\/09\/scopino-procompi.jpg\",\"datePublished\":\"2024-09-13T19:32:08+00:00\",\"dateModified\":\"2024-09-13T19:32:09+00:00\",\"description\":\"O semin\u00e1rio possibilitou aos empres\u00e1rios conhecer mais do projeto Procompi e as ferramentas para ajudar no desenvolvimento de seus neg\u00f3cios.\u00a0\",\"breadcrumb\":{\"@id\":\"https:\/\/www.fiemg.com.br\/regional-alto-paranaiba\/noticias\/seminario-tecnico-do-procompi-traz-professor-scopino-a-patos-de-minas\/#breadcrumb\"},\"inLanguage\":\"pt-BR\",\"potentialAction\":[{\"@type\":\"ReadAction\",\"target\":[\"https:\/\/www.fiemg.com.br\/regional-alto-paranaiba\/noticias\/seminario-tecnico-do-procompi-traz-professor-scopino-a-patos-de-minas\/\"]}]},{\"@type\":\"ImageObject\",\"inLanguage\":\"pt-BR\",\"@id\":\"https:\/\/www.fiemg.com.br\/regional-alto-paranaiba\/noticias\/seminario-tecnico-do-procompi-traz-professor-scopino-a-patos-de-minas\/#primaryimage\",\"url\":\"https:\/\/www.fiemg.com.br\/regional-alto-paranaiba\/wp-content\/uploads\/sites\/15\/2024\/09\/scopino-procompi.jpg\",\"contentUrl\":\"https:\/\/www.fiemg.com.br\/regional-alto-paranaiba\/wp-content\/uploads\/sites\/15\/2024\/09\/scopino-procompi.jpg\",\"width\":1297,\"height\":1369},{\"@type\":\"BreadcrumbList\",\"@id\":\"https:\/\/www.fiemg.com.br\/regional-alto-paranaiba\/noticias\/seminario-tecnico-do-procompi-traz-professor-scopino-a-patos-de-minas\/#breadcrumb\",\"itemListElement\":[{\"@type\":\"ListItem\",\"position\":1,\"name\":\"In\u00edcio\",\"item\":\"https:\/\/www.fiemg.com.br\/regional-alto-paranaiba\/\"},{\"@type\":\"ListItem\",\"position\":2,\"name\":\"Semin\u00e1rio T\u00e9cnico do Procompi traz Professor Scopino a Patos de Minas\"}]},{\"@type\":\"WebSite\",\"@id\":\"https:\/\/www.fiemg.com.br\/regional-alto-paranaiba\/#website\",\"url\":\"https:\/\/www.fiemg.com.br\/regional-alto-paranaiba\/\",\"name\":\"Regional Alto Parana\u00edba\",\"description\":\"Federa\u00e7\u00e3o das Ind\u00fastrias do Estado de Minas Gerais\",\"publisher\":{\"@id\":\"https:\/\/www.fiemg.com.br\/regional-alto-paranaiba\/#organization\"},\"potentialAction\":[{\"@type\":\"SearchAction\",\"target\":{\"@type\":\"EntryPoint\",\"urlTemplate\":\"https:\/\/www.fiemg.com.br\/regional-alto-paranaiba\/?s={search_term_string}\"},\"query-input\":{\"@type\":\"PropertyValueSpecification\",\"valueRequired\":true,\"valueName\":\"search_term_string\"}}],\"inLanguage\":\"pt-BR\"},{\"@type\":\"Organization\",\"@id\":\"https:\/\/www.fiemg.com.br\/regional-alto-paranaiba\/#organization\",\"name\":\"Regional Alto Parana\u00edba\",\"url\":\"https:\/\/www.fiemg.com.br\/regional-alto-paranaiba\/\",\"logo\":{\"@type\":\"ImageObject\",\"inLanguage\":\"pt-BR\",\"@id\":\"https:\/\/www.fiemg.com.br\/regional-alto-paranaiba\/#\/schema\/logo\/image\/\",\"url\":\"https:\/\/www.fiemg.com.br\/regional-alto-paranaiba\/wp-content\/uploads\/sites\/15\/2023\/02\/Ativo-1.png\",\"contentUrl\":\"https:\/\/www.fiemg.com.br\/regional-alto-paranaiba\/wp-content\/uploads\/sites\/15\/2023\/02\/Ativo-1.png\",\"width\":563,\"height\":149,\"caption\":\"Regional Alto Parana\u00edba\"},\"image\":{\"@id\":\"https:\/\/www.fiemg.com.br\/regional-alto-paranaiba\/#\/schema\/logo\/image\/\"}}]}<\/script>\n<!-- \/ Yoast SEO plugin. -->","yoast_head_json":{"title":"Semin\u00e1rio T\u00e9cnico do Procompi traz Professor Scopino a Patos de Minas - Regional Alto Parana\u00edba","description":"O semin\u00e1rio possibilitou aos empres\u00e1rios conhecer mais do projeto Procompi e as ferramentas para ajudar no desenvolvimento de seus neg\u00f3cios.\u00a0","robots":{"index":"index","follow":"follow","max-snippet":"max-snippet:-1","max-image-preview":"max-image-preview:large","max-video-preview":"max-video-preview:-1"},"canonical":"https:\/\/www.fiemg.com.br\/regional-alto-paranaiba\/noticias\/seminario-tecnico-do-procompi-traz-professor-scopino-a-patos-de-minas\/","og_locale":"pt_BR","og_type":"article","og_title":"Semin\u00e1rio T\u00e9cnico do Procompi traz Professor Scopino a Patos de Minas - Regional Alto Parana\u00edba","og_description":"O semin\u00e1rio possibilitou aos empres\u00e1rios conhecer mais do projeto Procompi e as ferramentas para ajudar no desenvolvimento de seus neg\u00f3cios.\u00a0","og_url":"https:\/\/www.fiemg.com.br\/regional-alto-paranaiba\/noticias\/seminario-tecnico-do-procompi-traz-professor-scopino-a-patos-de-minas\/","og_site_name":"Regional Alto Parana\u00edba","article_modified_time":"2024-09-13T19:32:09+00:00","og_image":[{"width":970,"height":1024,"url":"https:\/\/www.fiemg.com.br\/regional-alto-paranaiba\/wp-content\/uploads\/sites\/15\/2024\/09\/scopino-procompi-970x1024.jpg","type":"image\/jpeg"}],"twitter_card":"summary_large_image","twitter_misc":{"Est. tempo de leitura":"3 minutos"},"schema":{"@context":"https:\/\/schema.org","@graph":[{"@type":"WebPage","@id":"https:\/\/www.fiemg.com.br\/regional-alto-paranaiba\/noticias\/seminario-tecnico-do-procompi-traz-professor-scopino-a-patos-de-minas\/","url":"https:\/\/www.fiemg.com.br\/regional-alto-paranaiba\/noticias\/seminario-tecnico-do-procompi-traz-professor-scopino-a-patos-de-minas\/","name":"Semin\u00e1rio T\u00e9cnico do Procompi traz Professor Scopino a Patos de Minas - Regional Alto Parana\u00edba","isPartOf":{"@id":"https:\/\/www.fiemg.com.br\/regional-alto-paranaiba\/#website"},"primaryImageOfPage":{"@id":"https:\/\/www.fiemg.com.br\/regional-alto-paranaiba\/noticias\/seminario-tecnico-do-procompi-traz-professor-scopino-a-patos-de-minas\/#primaryimage"},"image":{"@id":"https:\/\/www.fiemg.com.br\/regional-alto-paranaiba\/noticias\/seminario-tecnico-do-procompi-traz-professor-scopino-a-patos-de-minas\/#primaryimage"},"thumbnailUrl":"https:\/\/www.fiemg.com.br\/regional-alto-paranaiba\/wp-content\/uploads\/sites\/15\/2024\/09\/scopino-procompi.jpg","datePublished":"2024-09-13T19:32:08+00:00","dateModified":"2024-09-13T19:32:09+00:00","description":"O semin\u00e1rio possibilitou aos empres\u00e1rios conhecer mais do projeto Procompi e as ferramentas para ajudar no desenvolvimento de seus neg\u00f3cios.\u00a0","breadcrumb":{"@id":"https:\/\/www.fiemg.com.br\/regional-alto-paranaiba\/noticias\/seminario-tecnico-do-procompi-traz-professor-scopino-a-patos-de-minas\/#breadcrumb"},"inLanguage":"pt-BR","potentialAction":[{"@type":"ReadAction","target":["https:\/\/www.fiemg.com.br\/regional-alto-paranaiba\/noticias\/seminario-tecnico-do-procompi-traz-professor-scopino-a-patos-de-minas\/"]}]},{"@type":"ImageObject","inLanguage":"pt-BR","@id":"https:\/\/www.fiemg.com.br\/regional-alto-paranaiba\/noticias\/seminario-tecnico-do-procompi-traz-professor-scopino-a-patos-de-minas\/#primaryimage","url":"https:\/\/www.fiemg.com.br\/regional-alto-paranaiba\/wp-content\/uploads\/sites\/15\/2024\/09\/scopino-procompi.jpg","contentUrl":"https:\/\/www.fiemg.com.br\/regional-alto-paranaiba\/wp-content\/uploads\/sites\/15\/2024\/09\/scopino-procompi.jpg","width":1297,"height":1369},{"@type":"BreadcrumbList","@id":"https:\/\/www.fiemg.com.br\/regional-alto-paranaiba\/noticias\/seminario-tecnico-do-procompi-traz-professor-scopino-a-patos-de-minas\/#breadcrumb","itemListElement":[{"@type":"ListItem","position":1,"name":"In\u00edcio","item":"https:\/\/www.fiemg.com.br\/regional-alto-paranaiba\/"},{"@type":"ListItem","position":2,"name":"Semin\u00e1rio T\u00e9cnico do Procompi traz Professor Scopino a Patos de Minas"}]},{"@type":"WebSite","@id":"https:\/\/www.fiemg.com.br\/regional-alto-paranaiba\/#website","url":"https:\/\/www.fiemg.com.br\/regional-alto-paranaiba\/","name":"Regional Alto Parana\u00edba","description":"Federa\u00e7\u00e3o das Ind\u00fastrias do Estado de Minas Gerais","publisher":{"@id":"https:\/\/www.fiemg.com.br\/regional-alto-paranaiba\/#organization"},"potentialAction":[{"@type":"SearchAction","target":{"@type":"EntryPoint","urlTemplate":"https:\/\/www.fiemg.com.br\/regional-alto-paranaiba\/?s={search_term_string}"},"query-input":{"@type":"PropertyValueSpecification","valueRequired":true,"valueName":"search_term_string"}}],"inLanguage":"pt-BR"},{"@type":"Organization","@id":"https:\/\/www.fiemg.com.br\/regional-alto-paranaiba\/#organization","name":"Regional Alto Parana\u00edba","url":"https:\/\/www.fiemg.com.br\/regional-alto-paranaiba\/","logo":{"@type":"ImageObject","inLanguage":"pt-BR","@id":"https:\/\/www.fiemg.com.br\/regional-alto-paranaiba\/#\/schema\/logo\/image\/","url":"https:\/\/www.fiemg.com.br\/regional-alto-paranaiba\/wp-content\/uploads\/sites\/15\/2023\/02\/Ativo-1.png","contentUrl":"https:\/\/www.fiemg.com.br\/regional-alto-paranaiba\/wp-content\/uploads\/sites\/15\/2023\/02\/Ativo-1.png","width":563,"height":149,"caption":"Regional Alto Parana\u00edba"},"image":{"@id":"https:\/\/www.fiemg.com.br\/regional-alto-paranaiba\/#\/schema\/logo\/image\/"}}]}},"_links":{"self":[{"href":"https:\/\/www.fiemg.com.br\/regional-alto-paranaiba\/wp-json\/wp\/v2\/noticias\/2095","targetHints":{"allow":["GET"]}}],"collection":[{"href":"https:\/\/www.fiemg.com.br\/regional-alto-paranaiba\/wp-json\/wp\/v2\/noticias"}],"about":[{"href":"https:\/\/www.fiemg.com.br\/regional-alto-paranaiba\/wp-json\/wp\/v2\/types\/noticias"}],"wp:featuredmedia":[{"embeddable":true,"href":"https:\/\/www.fiemg.com.br\/regional-alto-paranaiba\/wp-json\/wp\/v2\/media\/2096"}],"wp:attachment":[{"href":"https:\/\/www.fiemg.com.br\/regional-alto-paranaiba\/wp-json\/wp\/v2\/media?parent=2095"}],"wp:term":[{"taxonomy":"category","embeddable":true,"href":"https:\/\/www.fiemg.com.br\/regional-alto-paranaiba\/wp-json\/wp\/v2\/categories?post=2095"},{"taxonomy":"post_tag","embeddable":true,"href":"https:\/\/www.fiemg.com.br\/regional-alto-paranaiba\/wp-json\/wp\/v2\/tags?post=2095"}],"curies":[{"name":"wp","href":"https:\/\/api.w.org\/{rel}","templated":true}]}}