{"id":2430,"date":"2025-01-24T15:49:24","date_gmt":"2025-01-24T18:49:24","guid":{"rendered":"https:\/\/www.fiemg.com.br\/regional-alto-paranaiba\/?post_type=noticias&#038;p=2430"},"modified":"2025-02-03T15:55:54","modified_gmt":"2025-02-03T18:55:54","slug":"senai-patos-de-minas-esta-com-inscricoes-abertas-para-o-brasil-mais-produtivo","status":"publish","type":"noticias","link":"https:\/\/www.fiemg.com.br\/regional-alto-paranaiba\/noticias\/senai-patos-de-minas-esta-com-inscricoes-abertas-para-o-brasil-mais-produtivo\/","title":{"rendered":"SENAI Patos de Minas est\u00e1 com inscri\u00e7\u00f5es abertas para o Brasil Mais Produtivo"},"content":{"rendered":"\n<p><em>Programa direcionado para micro, pequenas e m\u00e9dias ind\u00fastrias, com valores subsidiados<\/em><\/p>\n\n\n\n<p>Aumentar a produtividade e otimizar processos s\u00e3o metas essenciais para qualquer empresa que queira se destacar no mercado e s\u00e3o os objetivos do Programa Brasil Mais Produtivo. Esse ano, Patos de Minas ter\u00e1 novos atendimentos para industrias, numa parceria entre SENAI, SEBRAE e Ag\u00eancia Brasileira de Desenvolvimento Industrial (ABDI). Est\u00e3o disponibilizadas 15 vagas e os interessados devem se cadastrar no link: <a href=\"https:\/\/bit.ly\/brasilmaisprodutivo2025\">https:\/\/bit.ly\/brasilmaisprodutivo2025<\/a>.<\/p>\n\n\n\n<p>O Programa oferece ferramentas e apoio para que micro, pequenas e m\u00e9dias ind\u00fastrias aumentem a produtividade e reduzam desperd\u00edcios nos processos. Ser\u00e3o ofertadas as consultorias em Efici\u00eancia Energ\u00e9tica, Lean Manufacturing e Constru\u00e7\u00e3o Enxuta, com valores subsidiados.<\/p>\n\n\n\n<p>O consultor do SENAI, Victor Santos Flauzino, informou que as micro e pequenas empresas n\u00e3o ter\u00e3o custo, uma vez que o Programa ser\u00e1 subsidiado na totalidade pelo SEBRAE. J\u00e1 as m\u00e9dias empresas ter\u00e3o um subs\u00eddio de 70% do valor pela Ag\u00eancia Brasileira de Desenvolvimento Industrial (ABDI).<\/p>\n\n\n\n<p>O SENAI de Patos de Minas ir\u00e1 ministrar as consultorias sobre Efici\u00eancia Energ\u00e9tica, Constru\u00e7\u00e3o Enxuta e Lean Manufacturing (Manufatura Enxuta) para melhoria de processos de produ\u00e7\u00e3o. Segundo Flauzino, em Efici\u00eancia Energ\u00e9tica, a meta \u00e9 reduzir em 10% o consumo de energia e, nas consultorias Lean, trazer ganho em produtividade em 20% no setor ou processo escolhido. Ele contou que, no ano passado, foram 14 atendimentos e, em todas as empresas, houve ganho de produtividade superior a 20%. \u201cO Programa Brasil Mais Produtivo \u00e9 uma oportunidade estrat\u00e9gica de transforma\u00e7\u00e3o. Com a\u00e7\u00f5es focadas na melhoria da efici\u00eancia, o programa \u00e9 essencial para quem deseja se manter competitivo e contribuir para o crescimento sustent\u00e1vel do Brasil\u201d, refor\u00e7ou.<\/p>\n\n\n\n<p>Para participar, o interessado tem que acessar a plataforma e indicar a consultoria que deseja aplicar na empresa. \u201cO atendimento come\u00e7a a partir da assinatura do contrato. Ser\u00e3o, no m\u00e1ximo, 16 semanas de atendimento\u201d, acrescentou. A carga hor\u00e1ria \u00e9: 76 horas de atendimento para microempresas; 106 horas para pequenas e 116 horas de atendimento para m\u00e9dias empresas.<\/p>\n\n\n\n<p>Al\u00e9m das consultorias, os participantes tamb\u00e9m ter\u00e3o acesso \u00e0 Trilha de Produtividade, um curso de aperfei\u00e7oamento voltado para capacitar os colaboradores a darem continuidade \u00e0s melhorias implementadas durante a consultoria, mesmo ap\u00f3s seu t\u00e9rmino. Essa iniciativa busca fortalecer a autonomia da ind\u00fastria para aprimorar outros setores de forma sustent\u00e1vel.<\/p>\n\n\n\n<p>Informa\u00e7\u00f5es: (34) 99303-7970 no SENAI Patos de Minas.<\/p>\n","protected":false},"featured_media":2431,"template":"","categories":[15,16,26],"tags":[204,136],"class_list":["post-2430","noticias","type-noticias","status-publish","has-post-thumbnail","hentry","category-desenvolvimento-industrial","category-educacao","category-senai","tag-brasil-mais-produtivo","tag-senai"],"acf":[],"yoast_head":"<!-- This site is optimized with the Yoast SEO plugin v26.2 - https:\/\/yoast.com\/wordpress\/plugins\/seo\/ -->\n<title>SENAI Patos de Minas est\u00e1 com inscri\u00e7\u00f5es abertas para o Brasil Mais Produtivo - Regional Alto Parana\u00edba<\/title>\n<meta name=\"description\" content=\"Programa direcionado para micro, pequenas e m\u00e9dias ind\u00fastrias, com valores subsidiados\" \/>\n<meta name=\"robots\" content=\"index, follow, max-snippet:-1, max-image-preview:large, max-video-preview:-1\" \/>\n<link rel=\"canonical\" href=\"https:\/\/www.fiemg.com.br\/regional-alto-paranaiba\/noticias\/senai-patos-de-minas-esta-com-inscricoes-abertas-para-o-brasil-mais-produtivo\/\" \/>\n<meta property=\"og:locale\" content=\"pt_BR\" \/>\n<meta property=\"og:type\" content=\"article\" \/>\n<meta property=\"og:title\" content=\"SENAI Patos de Minas est\u00e1 com inscri\u00e7\u00f5es abertas para o Brasil Mais Produtivo - Regional Alto Parana\u00edba\" \/>\n<meta property=\"og:description\" content=\"Programa direcionado para micro, pequenas e m\u00e9dias ind\u00fastrias, com valores subsidiados\" \/>\n<meta property=\"og:url\" content=\"https:\/\/www.fiemg.com.br\/regional-alto-paranaiba\/noticias\/senai-patos-de-minas-esta-com-inscricoes-abertas-para-o-brasil-mais-produtivo\/\" \/>\n<meta property=\"og:site_name\" content=\"Regional Alto Parana\u00edba\" \/>\n<meta property=\"article:modified_time\" content=\"2025-02-03T18:55:54+00:00\" \/>\n<meta property=\"og:image\" content=\"https:\/\/www.fiemg.com.br\/regional-alto-paranaiba\/wp-content\/uploads\/sites\/15\/2025\/02\/brasil-mais-produtivo.jpg\" \/>\n\t<meta property=\"og:image:width\" content=\"384\" \/>\n\t<meta property=\"og:image:height\" content=\"373\" \/>\n\t<meta property=\"og:image:type\" content=\"image\/jpeg\" \/>\n<meta name=\"twitter:card\" content=\"summary_large_image\" \/>\n<meta name=\"twitter:label1\" content=\"Est. tempo de leitura\" \/>\n\t<meta name=\"twitter:data1\" content=\"3 minutos\" \/>\n<script type=\"application\/ld+json\" class=\"yoast-schema-graph\">{\"@context\":\"https:\/\/schema.org\",\"@graph\":[{\"@type\":\"WebPage\",\"@id\":\"https:\/\/www.fiemg.com.br\/regional-alto-paranaiba\/noticias\/senai-patos-de-minas-esta-com-inscricoes-abertas-para-o-brasil-mais-produtivo\/\",\"url\":\"https:\/\/www.fiemg.com.br\/regional-alto-paranaiba\/noticias\/senai-patos-de-minas-esta-com-inscricoes-abertas-para-o-brasil-mais-produtivo\/\",\"name\":\"SENAI Patos de Minas est\u00e1 com inscri\u00e7\u00f5es abertas para o Brasil Mais Produtivo - Regional Alto Parana\u00edba\",\"isPartOf\":{\"@id\":\"https:\/\/www.fiemg.com.br\/regional-alto-paranaiba\/#website\"},\"primaryImageOfPage\":{\"@id\":\"https:\/\/www.fiemg.com.br\/regional-alto-paranaiba\/noticias\/senai-patos-de-minas-esta-com-inscricoes-abertas-para-o-brasil-mais-produtivo\/#primaryimage\"},\"image\":{\"@id\":\"https:\/\/www.fiemg.com.br\/regional-alto-paranaiba\/noticias\/senai-patos-de-minas-esta-com-inscricoes-abertas-para-o-brasil-mais-produtivo\/#primaryimage\"},\"thumbnailUrl\":\"https:\/\/www.fiemg.com.br\/regional-alto-paranaiba\/wp-content\/uploads\/sites\/15\/2025\/02\/brasil-mais-produtivo.jpg\",\"datePublished\":\"2025-01-24T18:49:24+00:00\",\"dateModified\":\"2025-02-03T18:55:54+00:00\",\"description\":\"Programa direcionado para micro, pequenas e m\u00e9dias ind\u00fastrias, com valores subsidiados\",\"breadcrumb\":{\"@id\":\"https:\/\/www.fiemg.com.br\/regional-alto-paranaiba\/noticias\/senai-patos-de-minas-esta-com-inscricoes-abertas-para-o-brasil-mais-produtivo\/#breadcrumb\"},\"inLanguage\":\"pt-BR\",\"potentialAction\":[{\"@type\":\"ReadAction\",\"target\":[\"https:\/\/www.fiemg.com.br\/regional-alto-paranaiba\/noticias\/senai-patos-de-minas-esta-com-inscricoes-abertas-para-o-brasil-mais-produtivo\/\"]}]},{\"@type\":\"ImageObject\",\"inLanguage\":\"pt-BR\",\"@id\":\"https:\/\/www.fiemg.com.br\/regional-alto-paranaiba\/noticias\/senai-patos-de-minas-esta-com-inscricoes-abertas-para-o-brasil-mais-produtivo\/#primaryimage\",\"url\":\"https:\/\/www.fiemg.com.br\/regional-alto-paranaiba\/wp-content\/uploads\/sites\/15\/2025\/02\/brasil-mais-produtivo.jpg\",\"contentUrl\":\"https:\/\/www.fiemg.com.br\/regional-alto-paranaiba\/wp-content\/uploads\/sites\/15\/2025\/02\/brasil-mais-produtivo.jpg\",\"width\":384,\"height\":373},{\"@type\":\"BreadcrumbList\",\"@id\":\"https:\/\/www.fiemg.com.br\/regional-alto-paranaiba\/noticias\/senai-patos-de-minas-esta-com-inscricoes-abertas-para-o-brasil-mais-produtivo\/#breadcrumb\",\"itemListElement\":[{\"@type\":\"ListItem\",\"position\":1,\"name\":\"In\u00edcio\",\"item\":\"https:\/\/www.fiemg.com.br\/regional-alto-paranaiba\/\"},{\"@type\":\"ListItem\",\"position\":2,\"name\":\"SENAI Patos de Minas est\u00e1 com inscri\u00e7\u00f5es abertas para o Brasil Mais Produtivo\"}]},{\"@type\":\"WebSite\",\"@id\":\"https:\/\/www.fiemg.com.br\/regional-alto-paranaiba\/#website\",\"url\":\"https:\/\/www.fiemg.com.br\/regional-alto-paranaiba\/\",\"name\":\"Regional Alto Parana\u00edba\",\"description\":\"Federa\u00e7\u00e3o das Ind\u00fastrias do Estado de Minas Gerais\",\"publisher\":{\"@id\":\"https:\/\/www.fiemg.com.br\/regional-alto-paranaiba\/#organization\"},\"potentialAction\":[{\"@type\":\"SearchAction\",\"target\":{\"@type\":\"EntryPoint\",\"urlTemplate\":\"https:\/\/www.fiemg.com.br\/regional-alto-paranaiba\/?s={search_term_string}\"},\"query-input\":{\"@type\":\"PropertyValueSpecification\",\"valueRequired\":true,\"valueName\":\"search_term_string\"}}],\"inLanguage\":\"pt-BR\"},{\"@type\":\"Organization\",\"@id\":\"https:\/\/www.fiemg.com.br\/regional-alto-paranaiba\/#organization\",\"name\":\"Regional Alto Parana\u00edba\",\"url\":\"https:\/\/www.fiemg.com.br\/regional-alto-paranaiba\/\",\"logo\":{\"@type\":\"ImageObject\",\"inLanguage\":\"pt-BR\",\"@id\":\"https:\/\/www.fiemg.com.br\/regional-alto-paranaiba\/#\/schema\/logo\/image\/\",\"url\":\"https:\/\/www.fiemg.com.br\/regional-alto-paranaiba\/wp-content\/uploads\/sites\/15\/2023\/02\/Ativo-1.png\",\"contentUrl\":\"https:\/\/www.fiemg.com.br\/regional-alto-paranaiba\/wp-content\/uploads\/sites\/15\/2023\/02\/Ativo-1.png\",\"width\":563,\"height\":149,\"caption\":\"Regional Alto Parana\u00edba\"},\"image\":{\"@id\":\"https:\/\/www.fiemg.com.br\/regional-alto-paranaiba\/#\/schema\/logo\/image\/\"}}]}<\/script>\n<!-- \/ Yoast SEO plugin. -->","yoast_head_json":{"title":"SENAI Patos de Minas est\u00e1 com inscri\u00e7\u00f5es abertas para o Brasil Mais Produtivo - Regional Alto Parana\u00edba","description":"Programa direcionado para micro, pequenas e m\u00e9dias ind\u00fastrias, com valores subsidiados","robots":{"index":"index","follow":"follow","max-snippet":"max-snippet:-1","max-image-preview":"max-image-preview:large","max-video-preview":"max-video-preview:-1"},"canonical":"https:\/\/www.fiemg.com.br\/regional-alto-paranaiba\/noticias\/senai-patos-de-minas-esta-com-inscricoes-abertas-para-o-brasil-mais-produtivo\/","og_locale":"pt_BR","og_type":"article","og_title":"SENAI Patos de Minas est\u00e1 com inscri\u00e7\u00f5es abertas para o Brasil Mais Produtivo - Regional Alto Parana\u00edba","og_description":"Programa direcionado para micro, pequenas e m\u00e9dias ind\u00fastrias, com valores subsidiados","og_url":"https:\/\/www.fiemg.com.br\/regional-alto-paranaiba\/noticias\/senai-patos-de-minas-esta-com-inscricoes-abertas-para-o-brasil-mais-produtivo\/","og_site_name":"Regional Alto Parana\u00edba","article_modified_time":"2025-02-03T18:55:54+00:00","og_image":[{"width":384,"height":373,"url":"https:\/\/www.fiemg.com.br\/regional-alto-paranaiba\/wp-content\/uploads\/sites\/15\/2025\/02\/brasil-mais-produtivo.jpg","type":"image\/jpeg"}],"twitter_card":"summary_large_image","twitter_misc":{"Est. tempo de leitura":"3 minutos"},"schema":{"@context":"https:\/\/schema.org","@graph":[{"@type":"WebPage","@id":"https:\/\/www.fiemg.com.br\/regional-alto-paranaiba\/noticias\/senai-patos-de-minas-esta-com-inscricoes-abertas-para-o-brasil-mais-produtivo\/","url":"https:\/\/www.fiemg.com.br\/regional-alto-paranaiba\/noticias\/senai-patos-de-minas-esta-com-inscricoes-abertas-para-o-brasil-mais-produtivo\/","name":"SENAI Patos de Minas est\u00e1 com inscri\u00e7\u00f5es abertas para o Brasil Mais Produtivo - Regional Alto Parana\u00edba","isPartOf":{"@id":"https:\/\/www.fiemg.com.br\/regional-alto-paranaiba\/#website"},"primaryImageOfPage":{"@id":"https:\/\/www.fiemg.com.br\/regional-alto-paranaiba\/noticias\/senai-patos-de-minas-esta-com-inscricoes-abertas-para-o-brasil-mais-produtivo\/#primaryimage"},"image":{"@id":"https:\/\/www.fiemg.com.br\/regional-alto-paranaiba\/noticias\/senai-patos-de-minas-esta-com-inscricoes-abertas-para-o-brasil-mais-produtivo\/#primaryimage"},"thumbnailUrl":"https:\/\/www.fiemg.com.br\/regional-alto-paranaiba\/wp-content\/uploads\/sites\/15\/2025\/02\/brasil-mais-produtivo.jpg","datePublished":"2025-01-24T18:49:24+00:00","dateModified":"2025-02-03T18:55:54+00:00","description":"Programa direcionado para micro, pequenas e m\u00e9dias ind\u00fastrias, com valores subsidiados","breadcrumb":{"@id":"https:\/\/www.fiemg.com.br\/regional-alto-paranaiba\/noticias\/senai-patos-de-minas-esta-com-inscricoes-abertas-para-o-brasil-mais-produtivo\/#breadcrumb"},"inLanguage":"pt-BR","potentialAction":[{"@type":"ReadAction","target":["https:\/\/www.fiemg.com.br\/regional-alto-paranaiba\/noticias\/senai-patos-de-minas-esta-com-inscricoes-abertas-para-o-brasil-mais-produtivo\/"]}]},{"@type":"ImageObject","inLanguage":"pt-BR","@id":"https:\/\/www.fiemg.com.br\/regional-alto-paranaiba\/noticias\/senai-patos-de-minas-esta-com-inscricoes-abertas-para-o-brasil-mais-produtivo\/#primaryimage","url":"https:\/\/www.fiemg.com.br\/regional-alto-paranaiba\/wp-content\/uploads\/sites\/15\/2025\/02\/brasil-mais-produtivo.jpg","contentUrl":"https:\/\/www.fiemg.com.br\/regional-alto-paranaiba\/wp-content\/uploads\/sites\/15\/2025\/02\/brasil-mais-produtivo.jpg","width":384,"height":373},{"@type":"BreadcrumbList","@id":"https:\/\/www.fiemg.com.br\/regional-alto-paranaiba\/noticias\/senai-patos-de-minas-esta-com-inscricoes-abertas-para-o-brasil-mais-produtivo\/#breadcrumb","itemListElement":[{"@type":"ListItem","position":1,"name":"In\u00edcio","item":"https:\/\/www.fiemg.com.br\/regional-alto-paranaiba\/"},{"@type":"ListItem","position":2,"name":"SENAI Patos de Minas est\u00e1 com inscri\u00e7\u00f5es abertas para o Brasil Mais Produtivo"}]},{"@type":"WebSite","@id":"https:\/\/www.fiemg.com.br\/regional-alto-paranaiba\/#website","url":"https:\/\/www.fiemg.com.br\/regional-alto-paranaiba\/","name":"Regional Alto Parana\u00edba","description":"Federa\u00e7\u00e3o das Ind\u00fastrias do Estado de Minas Gerais","publisher":{"@id":"https:\/\/www.fiemg.com.br\/regional-alto-paranaiba\/#organization"},"potentialAction":[{"@type":"SearchAction","target":{"@type":"EntryPoint","urlTemplate":"https:\/\/www.fiemg.com.br\/regional-alto-paranaiba\/?s={search_term_string}"},"query-input":{"@type":"PropertyValueSpecification","valueRequired":true,"valueName":"search_term_string"}}],"inLanguage":"pt-BR"},{"@type":"Organization","@id":"https:\/\/www.fiemg.com.br\/regional-alto-paranaiba\/#organization","name":"Regional Alto Parana\u00edba","url":"https:\/\/www.fiemg.com.br\/regional-alto-paranaiba\/","logo":{"@type":"ImageObject","inLanguage":"pt-BR","@id":"https:\/\/www.fiemg.com.br\/regional-alto-paranaiba\/#\/schema\/logo\/image\/","url":"https:\/\/www.fiemg.com.br\/regional-alto-paranaiba\/wp-content\/uploads\/sites\/15\/2023\/02\/Ativo-1.png","contentUrl":"https:\/\/www.fiemg.com.br\/regional-alto-paranaiba\/wp-content\/uploads\/sites\/15\/2023\/02\/Ativo-1.png","width":563,"height":149,"caption":"Regional Alto Parana\u00edba"},"image":{"@id":"https:\/\/www.fiemg.com.br\/regional-alto-paranaiba\/#\/schema\/logo\/image\/"}}]}},"_links":{"self":[{"href":"https:\/\/www.fiemg.com.br\/regional-alto-paranaiba\/wp-json\/wp\/v2\/noticias\/2430","targetHints":{"allow":["GET"]}}],"collection":[{"href":"https:\/\/www.fiemg.com.br\/regional-alto-paranaiba\/wp-json\/wp\/v2\/noticias"}],"about":[{"href":"https:\/\/www.fiemg.com.br\/regional-alto-paranaiba\/wp-json\/wp\/v2\/types\/noticias"}],"wp:featuredmedia":[{"embeddable":true,"href":"https:\/\/www.fiemg.com.br\/regional-alto-paranaiba\/wp-json\/wp\/v2\/media\/2431"}],"wp:attachment":[{"href":"https:\/\/www.fiemg.com.br\/regional-alto-paranaiba\/wp-json\/wp\/v2\/media?parent=2430"}],"wp:term":[{"taxonomy":"category","embeddable":true,"href":"https:\/\/www.fiemg.com.br\/regional-alto-paranaiba\/wp-json\/wp\/v2\/categories?post=2430"},{"taxonomy":"post_tag","embeddable":true,"href":"https:\/\/www.fiemg.com.br\/regional-alto-paranaiba\/wp-json\/wp\/v2\/tags?post=2430"}],"curies":[{"name":"wp","href":"https:\/\/api.w.org\/{rel}","templated":true}]}}