{"id":2466,"date":"2025-02-26T08:55:56","date_gmt":"2025-02-26T11:55:56","guid":{"rendered":"https:\/\/www.fiemg.com.br\/regional-alto-paranaiba\/?post_type=noticias&#038;p=2466"},"modified":"2025-02-26T08:58:25","modified_gmt":"2025-02-26T11:58:25","slug":"fiemg-alto-paranaiba-recebe-treinamento-da-area-comercial-da-fiemg","status":"publish","type":"noticias","link":"https:\/\/www.fiemg.com.br\/regional-alto-paranaiba\/noticias\/fiemg-alto-paranaiba-recebe-treinamento-da-area-comercial-da-fiemg\/","title":{"rendered":"FIEMG Alto Parana\u00edba recebe Treinamento da \u00c1rea Comercial da FIEMG"},"content":{"rendered":"\n<p><em>Objetivo foi repassar as solu\u00e7\u00f5es do Sistema FIEMG para \u00e1rea governamental<\/em><\/p>\n\n\n\n<p>O coordenador de Relacionamento Comercial da \u00c1rea Governamental, Clayton Neri de Oliveira, promoveu o treinamento \u201cSolu\u00e7\u00f5es para uma Gest\u00e3o P\u00fablica Inovadora e Eficaz\u201d para a equipe e dire\u00e7\u00e3o da FIEMG Alto Parana\u00edba. Participaram a presidente Teresinha Martins; o analista de Rela\u00e7\u00f5es Empresariais, Wesley Almeida e a analista de Comunica\u00e7\u00e3o, Mari\u00e2ngela Nogueira, pela <a href=\"https:\/\/www.fiemg.com.br\/regional-alto-paranaiba\/\">FIEMG Alto Parana\u00edba<\/a> e o presidente do Sinduscon, Caio Gon\u00e7alves.<\/p>\n\n\n\n<p>O objetivo de treinamento foi apresentar as solu\u00e7\u00f5es da FIEMG\/SESI\/SENAI\/IEL para atender \u00e0s demandas das Prefeituras e demais entidades governamentais. Clayton Neri destacou a relev\u00e2ncia da FIEMG Alto Parana\u00edba para a efetiva\u00e7\u00e3o do trabalho, pelo relacionamento institucional com os munic\u00edpios. \u201cTemos a oportunidade de atender, desenvolver e potencializar as ind\u00fastrias, com a articula\u00e7\u00e3o e envolvimento com o Poder P\u00fablico, atrav\u00e9s das solu\u00e7\u00f5es que temos em todo o Sistema FIEMG\u201d, observou.<\/p>\n\n\n\n<p>Na oportunidade, Clayton N\u00e9ri apresentou o consultor de relacionamento comercial para a \u00e1rea governamental da FIEMG Alto Parana\u00edba, Marcos Resende. Ele ir\u00e1 atuar diretamente, junto aos 43 munic\u00edpios da \u00e1rea de abrang\u00eancia.<\/p>\n\n\n\n<p><strong>Reuni\u00e3o virtual com Jo\u00e3o Pinheiro<\/strong><\/p>\n\n\n\n<p>Aproveitando a visita, Clayton participou tamb\u00e9m, de uma reuni\u00e3o virtual com representante da prefeitura de Jo\u00e3o Pinheiro, J\u00fanior Moura. Foi a oportunidade para conhecer o plano de trabalho do prefeito Gl\u00e1ucon Cardoso e identificar possibilidades de parcerias e atua\u00e7\u00e3o da FIEMG, do SESI, do SENAI e do IEL para o desenvolvimento do munic\u00edpio.<\/p>\n","protected":false},"featured_media":2468,"template":"","categories":[],"tags":[],"class_list":["post-2466","noticias","type-noticias","status-publish","has-post-thumbnail","hentry"],"acf":[],"yoast_head":"<!-- This site is optimized with the Yoast SEO plugin v26.2 - https:\/\/yoast.com\/wordpress\/plugins\/seo\/ -->\n<title>FIEMG Alto Parana\u00edba recebe Treinamento da \u00c1rea Comercial da FIEMG - Regional Alto Parana\u00edba<\/title>\n<meta name=\"description\" content=\"O coordenador de Relacionamento Comercial da \u00c1rea Governamental, Clayton Neri de Oliveira, promoveu o treinamento \u201cSolu\u00e7\u00f5es para uma Gest\u00e3o P\u00fablica Inovadora e Eficaz\u201d\" \/>\n<meta name=\"robots\" content=\"index, follow, max-snippet:-1, max-image-preview:large, max-video-preview:-1\" \/>\n<link rel=\"canonical\" href=\"https:\/\/www.fiemg.com.br\/regional-alto-paranaiba\/noticias\/fiemg-alto-paranaiba-recebe-treinamento-da-area-comercial-da-fiemg\/\" \/>\n<meta property=\"og:locale\" content=\"pt_BR\" \/>\n<meta property=\"og:type\" content=\"article\" \/>\n<meta property=\"og:title\" content=\"FIEMG Alto Parana\u00edba recebe Treinamento da \u00c1rea Comercial da FIEMG - Regional Alto Parana\u00edba\" \/>\n<meta property=\"og:description\" content=\"O coordenador de Relacionamento Comercial da \u00c1rea Governamental, Clayton Neri de Oliveira, promoveu o treinamento \u201cSolu\u00e7\u00f5es para uma Gest\u00e3o P\u00fablica Inovadora e Eficaz\u201d\" \/>\n<meta property=\"og:url\" content=\"https:\/\/www.fiemg.com.br\/regional-alto-paranaiba\/noticias\/fiemg-alto-paranaiba-recebe-treinamento-da-area-comercial-da-fiemg\/\" \/>\n<meta property=\"og:site_name\" content=\"Regional Alto Parana\u00edba\" \/>\n<meta property=\"article:modified_time\" content=\"2025-02-26T11:58:25+00:00\" \/>\n<meta property=\"og:image\" content=\"https:\/\/www.fiemg.com.br\/regional-alto-paranaiba\/wp-content\/uploads\/sites\/15\/2025\/02\/equipe-841x1024.jpg\" \/>\n\t<meta property=\"og:image:width\" content=\"841\" \/>\n\t<meta property=\"og:image:height\" content=\"1024\" \/>\n\t<meta property=\"og:image:type\" content=\"image\/jpeg\" \/>\n<meta name=\"twitter:card\" content=\"summary_large_image\" \/>\n<meta name=\"twitter:label1\" content=\"Est. tempo de leitura\" \/>\n\t<meta name=\"twitter:data1\" content=\"2 minutos\" \/>\n<script type=\"application\/ld+json\" class=\"yoast-schema-graph\">{\"@context\":\"https:\/\/schema.org\",\"@graph\":[{\"@type\":\"WebPage\",\"@id\":\"https:\/\/www.fiemg.com.br\/regional-alto-paranaiba\/noticias\/fiemg-alto-paranaiba-recebe-treinamento-da-area-comercial-da-fiemg\/\",\"url\":\"https:\/\/www.fiemg.com.br\/regional-alto-paranaiba\/noticias\/fiemg-alto-paranaiba-recebe-treinamento-da-area-comercial-da-fiemg\/\",\"name\":\"FIEMG Alto Parana\u00edba recebe Treinamento da \u00c1rea Comercial da FIEMG - Regional Alto Parana\u00edba\",\"isPartOf\":{\"@id\":\"https:\/\/www.fiemg.com.br\/regional-alto-paranaiba\/#website\"},\"primaryImageOfPage\":{\"@id\":\"https:\/\/www.fiemg.com.br\/regional-alto-paranaiba\/noticias\/fiemg-alto-paranaiba-recebe-treinamento-da-area-comercial-da-fiemg\/#primaryimage\"},\"image\":{\"@id\":\"https:\/\/www.fiemg.com.br\/regional-alto-paranaiba\/noticias\/fiemg-alto-paranaiba-recebe-treinamento-da-area-comercial-da-fiemg\/#primaryimage\"},\"thumbnailUrl\":\"https:\/\/www.fiemg.com.br\/regional-alto-paranaiba\/wp-content\/uploads\/sites\/15\/2025\/02\/equipe.jpg\",\"datePublished\":\"2025-02-26T11:55:56+00:00\",\"dateModified\":\"2025-02-26T11:58:25+00:00\",\"description\":\"O coordenador de Relacionamento Comercial da \u00c1rea Governamental, Clayton Neri de Oliveira, promoveu o treinamento \u201cSolu\u00e7\u00f5es para uma Gest\u00e3o P\u00fablica Inovadora e Eficaz\u201d\",\"breadcrumb\":{\"@id\":\"https:\/\/www.fiemg.com.br\/regional-alto-paranaiba\/noticias\/fiemg-alto-paranaiba-recebe-treinamento-da-area-comercial-da-fiemg\/#breadcrumb\"},\"inLanguage\":\"pt-BR\",\"potentialAction\":[{\"@type\":\"ReadAction\",\"target\":[\"https:\/\/www.fiemg.com.br\/regional-alto-paranaiba\/noticias\/fiemg-alto-paranaiba-recebe-treinamento-da-area-comercial-da-fiemg\/\"]}]},{\"@type\":\"ImageObject\",\"inLanguage\":\"pt-BR\",\"@id\":\"https:\/\/www.fiemg.com.br\/regional-alto-paranaiba\/noticias\/fiemg-alto-paranaiba-recebe-treinamento-da-area-comercial-da-fiemg\/#primaryimage\",\"url\":\"https:\/\/www.fiemg.com.br\/regional-alto-paranaiba\/wp-content\/uploads\/sites\/15\/2025\/02\/equipe.jpg\",\"contentUrl\":\"https:\/\/www.fiemg.com.br\/regional-alto-paranaiba\/wp-content\/uploads\/sites\/15\/2025\/02\/equipe.jpg\",\"width\":1377,\"height\":1677},{\"@type\":\"BreadcrumbList\",\"@id\":\"https:\/\/www.fiemg.com.br\/regional-alto-paranaiba\/noticias\/fiemg-alto-paranaiba-recebe-treinamento-da-area-comercial-da-fiemg\/#breadcrumb\",\"itemListElement\":[{\"@type\":\"ListItem\",\"position\":1,\"name\":\"In\u00edcio\",\"item\":\"https:\/\/www.fiemg.com.br\/regional-alto-paranaiba\/\"},{\"@type\":\"ListItem\",\"position\":2,\"name\":\"FIEMG Alto Parana\u00edba recebe Treinamento da \u00c1rea Comercial da FIEMG\"}]},{\"@type\":\"WebSite\",\"@id\":\"https:\/\/www.fiemg.com.br\/regional-alto-paranaiba\/#website\",\"url\":\"https:\/\/www.fiemg.com.br\/regional-alto-paranaiba\/\",\"name\":\"Regional Alto Parana\u00edba\",\"description\":\"Federa\u00e7\u00e3o das Ind\u00fastrias do Estado de Minas Gerais\",\"publisher\":{\"@id\":\"https:\/\/www.fiemg.com.br\/regional-alto-paranaiba\/#organization\"},\"potentialAction\":[{\"@type\":\"SearchAction\",\"target\":{\"@type\":\"EntryPoint\",\"urlTemplate\":\"https:\/\/www.fiemg.com.br\/regional-alto-paranaiba\/?s={search_term_string}\"},\"query-input\":{\"@type\":\"PropertyValueSpecification\",\"valueRequired\":true,\"valueName\":\"search_term_string\"}}],\"inLanguage\":\"pt-BR\"},{\"@type\":\"Organization\",\"@id\":\"https:\/\/www.fiemg.com.br\/regional-alto-paranaiba\/#organization\",\"name\":\"Regional Alto Parana\u00edba\",\"url\":\"https:\/\/www.fiemg.com.br\/regional-alto-paranaiba\/\",\"logo\":{\"@type\":\"ImageObject\",\"inLanguage\":\"pt-BR\",\"@id\":\"https:\/\/www.fiemg.com.br\/regional-alto-paranaiba\/#\/schema\/logo\/image\/\",\"url\":\"https:\/\/www.fiemg.com.br\/regional-alto-paranaiba\/wp-content\/uploads\/sites\/15\/2023\/02\/Ativo-1.png\",\"contentUrl\":\"https:\/\/www.fiemg.com.br\/regional-alto-paranaiba\/wp-content\/uploads\/sites\/15\/2023\/02\/Ativo-1.png\",\"width\":563,\"height\":149,\"caption\":\"Regional Alto Parana\u00edba\"},\"image\":{\"@id\":\"https:\/\/www.fiemg.com.br\/regional-alto-paranaiba\/#\/schema\/logo\/image\/\"}}]}<\/script>\n<!-- \/ Yoast SEO plugin. -->","yoast_head_json":{"title":"FIEMG Alto Parana\u00edba recebe Treinamento da \u00c1rea Comercial da FIEMG - Regional Alto Parana\u00edba","description":"O coordenador de Relacionamento Comercial da \u00c1rea Governamental, Clayton Neri de Oliveira, promoveu o treinamento \u201cSolu\u00e7\u00f5es para uma Gest\u00e3o P\u00fablica Inovadora e Eficaz\u201d","robots":{"index":"index","follow":"follow","max-snippet":"max-snippet:-1","max-image-preview":"max-image-preview:large","max-video-preview":"max-video-preview:-1"},"canonical":"https:\/\/www.fiemg.com.br\/regional-alto-paranaiba\/noticias\/fiemg-alto-paranaiba-recebe-treinamento-da-area-comercial-da-fiemg\/","og_locale":"pt_BR","og_type":"article","og_title":"FIEMG Alto Parana\u00edba recebe Treinamento da \u00c1rea Comercial da FIEMG - Regional Alto Parana\u00edba","og_description":"O coordenador de Relacionamento Comercial da \u00c1rea Governamental, Clayton Neri de Oliveira, promoveu o treinamento \u201cSolu\u00e7\u00f5es para uma Gest\u00e3o P\u00fablica Inovadora e Eficaz\u201d","og_url":"https:\/\/www.fiemg.com.br\/regional-alto-paranaiba\/noticias\/fiemg-alto-paranaiba-recebe-treinamento-da-area-comercial-da-fiemg\/","og_site_name":"Regional Alto Parana\u00edba","article_modified_time":"2025-02-26T11:58:25+00:00","og_image":[{"width":841,"height":1024,"url":"https:\/\/www.fiemg.com.br\/regional-alto-paranaiba\/wp-content\/uploads\/sites\/15\/2025\/02\/equipe-841x1024.jpg","type":"image\/jpeg"}],"twitter_card":"summary_large_image","twitter_misc":{"Est. tempo de leitura":"2 minutos"},"schema":{"@context":"https:\/\/schema.org","@graph":[{"@type":"WebPage","@id":"https:\/\/www.fiemg.com.br\/regional-alto-paranaiba\/noticias\/fiemg-alto-paranaiba-recebe-treinamento-da-area-comercial-da-fiemg\/","url":"https:\/\/www.fiemg.com.br\/regional-alto-paranaiba\/noticias\/fiemg-alto-paranaiba-recebe-treinamento-da-area-comercial-da-fiemg\/","name":"FIEMG Alto Parana\u00edba recebe Treinamento da \u00c1rea Comercial da FIEMG - Regional Alto Parana\u00edba","isPartOf":{"@id":"https:\/\/www.fiemg.com.br\/regional-alto-paranaiba\/#website"},"primaryImageOfPage":{"@id":"https:\/\/www.fiemg.com.br\/regional-alto-paranaiba\/noticias\/fiemg-alto-paranaiba-recebe-treinamento-da-area-comercial-da-fiemg\/#primaryimage"},"image":{"@id":"https:\/\/www.fiemg.com.br\/regional-alto-paranaiba\/noticias\/fiemg-alto-paranaiba-recebe-treinamento-da-area-comercial-da-fiemg\/#primaryimage"},"thumbnailUrl":"https:\/\/www.fiemg.com.br\/regional-alto-paranaiba\/wp-content\/uploads\/sites\/15\/2025\/02\/equipe.jpg","datePublished":"2025-02-26T11:55:56+00:00","dateModified":"2025-02-26T11:58:25+00:00","description":"O coordenador de Relacionamento Comercial da \u00c1rea Governamental, Clayton Neri de Oliveira, promoveu o treinamento \u201cSolu\u00e7\u00f5es para uma Gest\u00e3o P\u00fablica Inovadora e Eficaz\u201d","breadcrumb":{"@id":"https:\/\/www.fiemg.com.br\/regional-alto-paranaiba\/noticias\/fiemg-alto-paranaiba-recebe-treinamento-da-area-comercial-da-fiemg\/#breadcrumb"},"inLanguage":"pt-BR","potentialAction":[{"@type":"ReadAction","target":["https:\/\/www.fiemg.com.br\/regional-alto-paranaiba\/noticias\/fiemg-alto-paranaiba-recebe-treinamento-da-area-comercial-da-fiemg\/"]}]},{"@type":"ImageObject","inLanguage":"pt-BR","@id":"https:\/\/www.fiemg.com.br\/regional-alto-paranaiba\/noticias\/fiemg-alto-paranaiba-recebe-treinamento-da-area-comercial-da-fiemg\/#primaryimage","url":"https:\/\/www.fiemg.com.br\/regional-alto-paranaiba\/wp-content\/uploads\/sites\/15\/2025\/02\/equipe.jpg","contentUrl":"https:\/\/www.fiemg.com.br\/regional-alto-paranaiba\/wp-content\/uploads\/sites\/15\/2025\/02\/equipe.jpg","width":1377,"height":1677},{"@type":"BreadcrumbList","@id":"https:\/\/www.fiemg.com.br\/regional-alto-paranaiba\/noticias\/fiemg-alto-paranaiba-recebe-treinamento-da-area-comercial-da-fiemg\/#breadcrumb","itemListElement":[{"@type":"ListItem","position":1,"name":"In\u00edcio","item":"https:\/\/www.fiemg.com.br\/regional-alto-paranaiba\/"},{"@type":"ListItem","position":2,"name":"FIEMG Alto Parana\u00edba recebe Treinamento da \u00c1rea Comercial da FIEMG"}]},{"@type":"WebSite","@id":"https:\/\/www.fiemg.com.br\/regional-alto-paranaiba\/#website","url":"https:\/\/www.fiemg.com.br\/regional-alto-paranaiba\/","name":"Regional Alto Parana\u00edba","description":"Federa\u00e7\u00e3o das Ind\u00fastrias do Estado de Minas Gerais","publisher":{"@id":"https:\/\/www.fiemg.com.br\/regional-alto-paranaiba\/#organization"},"potentialAction":[{"@type":"SearchAction","target":{"@type":"EntryPoint","urlTemplate":"https:\/\/www.fiemg.com.br\/regional-alto-paranaiba\/?s={search_term_string}"},"query-input":{"@type":"PropertyValueSpecification","valueRequired":true,"valueName":"search_term_string"}}],"inLanguage":"pt-BR"},{"@type":"Organization","@id":"https:\/\/www.fiemg.com.br\/regional-alto-paranaiba\/#organization","name":"Regional Alto Parana\u00edba","url":"https:\/\/www.fiemg.com.br\/regional-alto-paranaiba\/","logo":{"@type":"ImageObject","inLanguage":"pt-BR","@id":"https:\/\/www.fiemg.com.br\/regional-alto-paranaiba\/#\/schema\/logo\/image\/","url":"https:\/\/www.fiemg.com.br\/regional-alto-paranaiba\/wp-content\/uploads\/sites\/15\/2023\/02\/Ativo-1.png","contentUrl":"https:\/\/www.fiemg.com.br\/regional-alto-paranaiba\/wp-content\/uploads\/sites\/15\/2023\/02\/Ativo-1.png","width":563,"height":149,"caption":"Regional Alto Parana\u00edba"},"image":{"@id":"https:\/\/www.fiemg.com.br\/regional-alto-paranaiba\/#\/schema\/logo\/image\/"}}]}},"_links":{"self":[{"href":"https:\/\/www.fiemg.com.br\/regional-alto-paranaiba\/wp-json\/wp\/v2\/noticias\/2466","targetHints":{"allow":["GET"]}}],"collection":[{"href":"https:\/\/www.fiemg.com.br\/regional-alto-paranaiba\/wp-json\/wp\/v2\/noticias"}],"about":[{"href":"https:\/\/www.fiemg.com.br\/regional-alto-paranaiba\/wp-json\/wp\/v2\/types\/noticias"}],"wp:featuredmedia":[{"embeddable":true,"href":"https:\/\/www.fiemg.com.br\/regional-alto-paranaiba\/wp-json\/wp\/v2\/media\/2468"}],"wp:attachment":[{"href":"https:\/\/www.fiemg.com.br\/regional-alto-paranaiba\/wp-json\/wp\/v2\/media?parent=2466"}],"wp:term":[{"taxonomy":"category","embeddable":true,"href":"https:\/\/www.fiemg.com.br\/regional-alto-paranaiba\/wp-json\/wp\/v2\/categories?post=2466"},{"taxonomy":"post_tag","embeddable":true,"href":"https:\/\/www.fiemg.com.br\/regional-alto-paranaiba\/wp-json\/wp\/v2\/tags?post=2466"}],"curies":[{"name":"wp","href":"https:\/\/api.w.org\/{rel}","templated":true}]}}