{"id":2563,"date":"2025-03-21T10:32:26","date_gmt":"2025-03-21T13:32:26","guid":{"rendered":"https:\/\/www.fiemg.com.br\/regional-alto-paranaiba\/?post_type=noticias&#038;p=2563"},"modified":"2025-04-02T10:37:25","modified_gmt":"2025-04-02T13:37:25","slug":"escola-sesi-de-paracatu-da-inicio-ao-projeto-ocupando-espacos","status":"publish","type":"noticias","link":"https:\/\/www.fiemg.com.br\/regional-alto-paranaiba\/noticias\/escola-sesi-de-paracatu-da-inicio-ao-projeto-ocupando-espacos\/","title":{"rendered":"Escola SESI de Paracatu d\u00e1 in\u00edcio ao Projeto Ocupando Espa\u00e7os"},"content":{"rendered":"\n<p><em>Projeto transforma \u00f4nibus e espa\u00e7os p\u00fablicos em salas de aula vivas, com arte e participa\u00e7\u00e3o<\/em><\/p>\n\n\n\n<p>Imagine uma escola que n\u00e3o se limita \u00e0s suas paredes e que desbrava, com criatividade e entusiasmo, os espa\u00e7os p\u00fablicos ao seu redor. Uma escola que v\u00ea cada esquina, cada pra\u00e7a e cada parque como um ambiente de aprendizagem vibrante e cheio de possibilidades. \u00c9 exatamente isso o que a Escola SESI de Paracatu est\u00e1 fazendo dentro do Projeto Ocupando Espa\u00e7os: a sala de aula que ultrapassa Fronteiras. \u201cVamos transformar a cidade em nossa sala de aula, ocupando os espa\u00e7os p\u00fablicos com educa\u00e7\u00e3o, arte e participa\u00e7\u00e3o\u201d, informou a gerente da Unidade, Sabrina Rodrigues de Carvalho que mostra que aprender vai muito al\u00e9m dos muros da escola, transformando o cotidiano em aprendizado, sintetizou.<\/p>\n\n\n\n<p>A analista de Projetos Educacionais Alexsandra Soares de Souza Fin destacou que nessa aula especial, a viagem no \u00f4nibus urbano transforma-se em uma sala de aula. \u201cComo partida os alunos recitaram um cordel que celebra a ideia de que os espa\u00e7os de aprendizagem n\u00e3o se limitam \u00e0s paredes da escola, as possibilidades s\u00e3o in\u00fameras e a nossa proposta pedag\u00f3gica incentiva a explora\u00e7\u00e3o desses espa\u00e7os\u201d comentou, com entusiasmo.<\/p>\n\n\n\n<p>Segundo ela, com esse projeto, os alunos se tornam protagonistas, levando suas vozes e hist\u00f3rias para as ruas, vivendo na pr\u00e1tica a import\u00e2ncia de aprender al\u00e9m dos livros, inspirando um sentimento de pertencimento e de conex\u00e3o<em>.<\/em><\/p>\n\n\n\n<p>Essa a\u00e7\u00e3o, possibilita ao aluno se integrar \u00e0 sociedade e a contrapartida \u00e9 a sociedade integrada e conectada \u00e0 escola, fazendo a educa\u00e7\u00e3o presente em cada canto da cidade.<\/p>\n\n\n\n<p><\/p>\n","protected":false},"featured_media":2565,"template":"","categories":[16],"tags":[212,213],"class_list":["post-2563","noticias","type-noticias","status-publish","has-post-thumbnail","hentry","category-educacao","tag-escola-sesi-de-paracatu","tag-projeto-ocupando-espacos"],"acf":[],"yoast_head":"<!-- This site is optimized with the Yoast SEO plugin v26.2 - https:\/\/yoast.com\/wordpress\/plugins\/seo\/ -->\n<title>Escola SESI de Paracatu d\u00e1 in\u00edcio ao Projeto Ocupando Espa\u00e7os - Regional Alto Parana\u00edba<\/title>\n<meta name=\"description\" content=\"A Escola SESI de Paracatu, dentro do Projeto Ocupando Espa\u00e7os, faz com que a sala de aula ultrapasse fronteiras, ocupando os espa\u00e7os p\u00fablicos com educa\u00e7\u00e3o, arte e participa\u00e7\u00e3o.\" \/>\n<meta name=\"robots\" content=\"index, follow, max-snippet:-1, max-image-preview:large, max-video-preview:-1\" \/>\n<link rel=\"canonical\" href=\"https:\/\/www.fiemg.com.br\/regional-alto-paranaiba\/noticias\/escola-sesi-de-paracatu-da-inicio-ao-projeto-ocupando-espacos\/\" \/>\n<meta property=\"og:locale\" content=\"pt_BR\" \/>\n<meta property=\"og:type\" content=\"article\" \/>\n<meta property=\"og:title\" content=\"Escola SESI de Paracatu d\u00e1 in\u00edcio ao Projeto Ocupando Espa\u00e7os - Regional Alto Parana\u00edba\" \/>\n<meta property=\"og:description\" content=\"A Escola SESI de Paracatu, dentro do Projeto Ocupando Espa\u00e7os, faz com que a sala de aula ultrapasse fronteiras, ocupando os espa\u00e7os p\u00fablicos com educa\u00e7\u00e3o, arte e participa\u00e7\u00e3o.\" \/>\n<meta property=\"og:url\" content=\"https:\/\/www.fiemg.com.br\/regional-alto-paranaiba\/noticias\/escola-sesi-de-paracatu-da-inicio-ao-projeto-ocupando-espacos\/\" \/>\n<meta property=\"og:site_name\" content=\"Regional Alto Parana\u00edba\" \/>\n<meta property=\"article:modified_time\" content=\"2025-04-02T13:37:25+00:00\" \/>\n<meta property=\"og:image\" content=\"https:\/\/www.fiemg.com.br\/regional-alto-paranaiba\/wp-content\/uploads\/sites\/15\/2025\/04\/ocupando-espacos-sesi.jpg\" \/>\n\t<meta property=\"og:image:width\" content=\"299\" \/>\n\t<meta property=\"og:image:height\" content=\"420\" \/>\n\t<meta property=\"og:image:type\" content=\"image\/jpeg\" \/>\n<meta name=\"twitter:card\" content=\"summary_large_image\" \/>\n<meta name=\"twitter:label1\" content=\"Est. tempo de leitura\" \/>\n\t<meta name=\"twitter:data1\" content=\"2 minutos\" \/>\n<script type=\"application\/ld+json\" class=\"yoast-schema-graph\">{\"@context\":\"https:\/\/schema.org\",\"@graph\":[{\"@type\":\"WebPage\",\"@id\":\"https:\/\/www.fiemg.com.br\/regional-alto-paranaiba\/noticias\/escola-sesi-de-paracatu-da-inicio-ao-projeto-ocupando-espacos\/\",\"url\":\"https:\/\/www.fiemg.com.br\/regional-alto-paranaiba\/noticias\/escola-sesi-de-paracatu-da-inicio-ao-projeto-ocupando-espacos\/\",\"name\":\"Escola SESI de Paracatu d\u00e1 in\u00edcio ao Projeto Ocupando Espa\u00e7os - Regional Alto Parana\u00edba\",\"isPartOf\":{\"@id\":\"https:\/\/www.fiemg.com.br\/regional-alto-paranaiba\/#website\"},\"primaryImageOfPage\":{\"@id\":\"https:\/\/www.fiemg.com.br\/regional-alto-paranaiba\/noticias\/escola-sesi-de-paracatu-da-inicio-ao-projeto-ocupando-espacos\/#primaryimage\"},\"image\":{\"@id\":\"https:\/\/www.fiemg.com.br\/regional-alto-paranaiba\/noticias\/escola-sesi-de-paracatu-da-inicio-ao-projeto-ocupando-espacos\/#primaryimage\"},\"thumbnailUrl\":\"https:\/\/www.fiemg.com.br\/regional-alto-paranaiba\/wp-content\/uploads\/sites\/15\/2025\/04\/ocupando-espacos-sesi.jpg\",\"datePublished\":\"2025-03-21T13:32:26+00:00\",\"dateModified\":\"2025-04-02T13:37:25+00:00\",\"description\":\"A Escola SESI de Paracatu, dentro do Projeto Ocupando Espa\u00e7os, faz com que a sala de aula ultrapasse fronteiras, ocupando os espa\u00e7os p\u00fablicos com educa\u00e7\u00e3o, arte e participa\u00e7\u00e3o.\",\"breadcrumb\":{\"@id\":\"https:\/\/www.fiemg.com.br\/regional-alto-paranaiba\/noticias\/escola-sesi-de-paracatu-da-inicio-ao-projeto-ocupando-espacos\/#breadcrumb\"},\"inLanguage\":\"pt-BR\",\"potentialAction\":[{\"@type\":\"ReadAction\",\"target\":[\"https:\/\/www.fiemg.com.br\/regional-alto-paranaiba\/noticias\/escola-sesi-de-paracatu-da-inicio-ao-projeto-ocupando-espacos\/\"]}]},{\"@type\":\"ImageObject\",\"inLanguage\":\"pt-BR\",\"@id\":\"https:\/\/www.fiemg.com.br\/regional-alto-paranaiba\/noticias\/escola-sesi-de-paracatu-da-inicio-ao-projeto-ocupando-espacos\/#primaryimage\",\"url\":\"https:\/\/www.fiemg.com.br\/regional-alto-paranaiba\/wp-content\/uploads\/sites\/15\/2025\/04\/ocupando-espacos-sesi.jpg\",\"contentUrl\":\"https:\/\/www.fiemg.com.br\/regional-alto-paranaiba\/wp-content\/uploads\/sites\/15\/2025\/04\/ocupando-espacos-sesi.jpg\",\"width\":299,\"height\":420},{\"@type\":\"BreadcrumbList\",\"@id\":\"https:\/\/www.fiemg.com.br\/regional-alto-paranaiba\/noticias\/escola-sesi-de-paracatu-da-inicio-ao-projeto-ocupando-espacos\/#breadcrumb\",\"itemListElement\":[{\"@type\":\"ListItem\",\"position\":1,\"name\":\"In\u00edcio\",\"item\":\"https:\/\/www.fiemg.com.br\/regional-alto-paranaiba\/\"},{\"@type\":\"ListItem\",\"position\":2,\"name\":\"Escola SESI de Paracatu d\u00e1 in\u00edcio ao Projeto Ocupando Espa\u00e7os\"}]},{\"@type\":\"WebSite\",\"@id\":\"https:\/\/www.fiemg.com.br\/regional-alto-paranaiba\/#website\",\"url\":\"https:\/\/www.fiemg.com.br\/regional-alto-paranaiba\/\",\"name\":\"Regional Alto Parana\u00edba\",\"description\":\"Federa\u00e7\u00e3o das Ind\u00fastrias do Estado de Minas Gerais\",\"publisher\":{\"@id\":\"https:\/\/www.fiemg.com.br\/regional-alto-paranaiba\/#organization\"},\"potentialAction\":[{\"@type\":\"SearchAction\",\"target\":{\"@type\":\"EntryPoint\",\"urlTemplate\":\"https:\/\/www.fiemg.com.br\/regional-alto-paranaiba\/?s={search_term_string}\"},\"query-input\":{\"@type\":\"PropertyValueSpecification\",\"valueRequired\":true,\"valueName\":\"search_term_string\"}}],\"inLanguage\":\"pt-BR\"},{\"@type\":\"Organization\",\"@id\":\"https:\/\/www.fiemg.com.br\/regional-alto-paranaiba\/#organization\",\"name\":\"Regional Alto Parana\u00edba\",\"url\":\"https:\/\/www.fiemg.com.br\/regional-alto-paranaiba\/\",\"logo\":{\"@type\":\"ImageObject\",\"inLanguage\":\"pt-BR\",\"@id\":\"https:\/\/www.fiemg.com.br\/regional-alto-paranaiba\/#\/schema\/logo\/image\/\",\"url\":\"https:\/\/www.fiemg.com.br\/regional-alto-paranaiba\/wp-content\/uploads\/sites\/15\/2023\/02\/Ativo-1.png\",\"contentUrl\":\"https:\/\/www.fiemg.com.br\/regional-alto-paranaiba\/wp-content\/uploads\/sites\/15\/2023\/02\/Ativo-1.png\",\"width\":563,\"height\":149,\"caption\":\"Regional Alto Parana\u00edba\"},\"image\":{\"@id\":\"https:\/\/www.fiemg.com.br\/regional-alto-paranaiba\/#\/schema\/logo\/image\/\"}}]}<\/script>\n<!-- \/ Yoast SEO plugin. -->","yoast_head_json":{"title":"Escola SESI de Paracatu d\u00e1 in\u00edcio ao Projeto Ocupando Espa\u00e7os - Regional Alto Parana\u00edba","description":"A Escola SESI de Paracatu, dentro do Projeto Ocupando Espa\u00e7os, faz com que a sala de aula ultrapasse fronteiras, ocupando os espa\u00e7os p\u00fablicos com educa\u00e7\u00e3o, arte e participa\u00e7\u00e3o.","robots":{"index":"index","follow":"follow","max-snippet":"max-snippet:-1","max-image-preview":"max-image-preview:large","max-video-preview":"max-video-preview:-1"},"canonical":"https:\/\/www.fiemg.com.br\/regional-alto-paranaiba\/noticias\/escola-sesi-de-paracatu-da-inicio-ao-projeto-ocupando-espacos\/","og_locale":"pt_BR","og_type":"article","og_title":"Escola SESI de Paracatu d\u00e1 in\u00edcio ao Projeto Ocupando Espa\u00e7os - Regional Alto Parana\u00edba","og_description":"A Escola SESI de Paracatu, dentro do Projeto Ocupando Espa\u00e7os, faz com que a sala de aula ultrapasse fronteiras, ocupando os espa\u00e7os p\u00fablicos com educa\u00e7\u00e3o, arte e participa\u00e7\u00e3o.","og_url":"https:\/\/www.fiemg.com.br\/regional-alto-paranaiba\/noticias\/escola-sesi-de-paracatu-da-inicio-ao-projeto-ocupando-espacos\/","og_site_name":"Regional Alto Parana\u00edba","article_modified_time":"2025-04-02T13:37:25+00:00","og_image":[{"width":299,"height":420,"url":"https:\/\/www.fiemg.com.br\/regional-alto-paranaiba\/wp-content\/uploads\/sites\/15\/2025\/04\/ocupando-espacos-sesi.jpg","type":"image\/jpeg"}],"twitter_card":"summary_large_image","twitter_misc":{"Est. tempo de leitura":"2 minutos"},"schema":{"@context":"https:\/\/schema.org","@graph":[{"@type":"WebPage","@id":"https:\/\/www.fiemg.com.br\/regional-alto-paranaiba\/noticias\/escola-sesi-de-paracatu-da-inicio-ao-projeto-ocupando-espacos\/","url":"https:\/\/www.fiemg.com.br\/regional-alto-paranaiba\/noticias\/escola-sesi-de-paracatu-da-inicio-ao-projeto-ocupando-espacos\/","name":"Escola SESI de Paracatu d\u00e1 in\u00edcio ao Projeto Ocupando Espa\u00e7os - Regional Alto Parana\u00edba","isPartOf":{"@id":"https:\/\/www.fiemg.com.br\/regional-alto-paranaiba\/#website"},"primaryImageOfPage":{"@id":"https:\/\/www.fiemg.com.br\/regional-alto-paranaiba\/noticias\/escola-sesi-de-paracatu-da-inicio-ao-projeto-ocupando-espacos\/#primaryimage"},"image":{"@id":"https:\/\/www.fiemg.com.br\/regional-alto-paranaiba\/noticias\/escola-sesi-de-paracatu-da-inicio-ao-projeto-ocupando-espacos\/#primaryimage"},"thumbnailUrl":"https:\/\/www.fiemg.com.br\/regional-alto-paranaiba\/wp-content\/uploads\/sites\/15\/2025\/04\/ocupando-espacos-sesi.jpg","datePublished":"2025-03-21T13:32:26+00:00","dateModified":"2025-04-02T13:37:25+00:00","description":"A Escola SESI de Paracatu, dentro do Projeto Ocupando Espa\u00e7os, faz com que a sala de aula ultrapasse fronteiras, ocupando os espa\u00e7os p\u00fablicos com educa\u00e7\u00e3o, arte e participa\u00e7\u00e3o.","breadcrumb":{"@id":"https:\/\/www.fiemg.com.br\/regional-alto-paranaiba\/noticias\/escola-sesi-de-paracatu-da-inicio-ao-projeto-ocupando-espacos\/#breadcrumb"},"inLanguage":"pt-BR","potentialAction":[{"@type":"ReadAction","target":["https:\/\/www.fiemg.com.br\/regional-alto-paranaiba\/noticias\/escola-sesi-de-paracatu-da-inicio-ao-projeto-ocupando-espacos\/"]}]},{"@type":"ImageObject","inLanguage":"pt-BR","@id":"https:\/\/www.fiemg.com.br\/regional-alto-paranaiba\/noticias\/escola-sesi-de-paracatu-da-inicio-ao-projeto-ocupando-espacos\/#primaryimage","url":"https:\/\/www.fiemg.com.br\/regional-alto-paranaiba\/wp-content\/uploads\/sites\/15\/2025\/04\/ocupando-espacos-sesi.jpg","contentUrl":"https:\/\/www.fiemg.com.br\/regional-alto-paranaiba\/wp-content\/uploads\/sites\/15\/2025\/04\/ocupando-espacos-sesi.jpg","width":299,"height":420},{"@type":"BreadcrumbList","@id":"https:\/\/www.fiemg.com.br\/regional-alto-paranaiba\/noticias\/escola-sesi-de-paracatu-da-inicio-ao-projeto-ocupando-espacos\/#breadcrumb","itemListElement":[{"@type":"ListItem","position":1,"name":"In\u00edcio","item":"https:\/\/www.fiemg.com.br\/regional-alto-paranaiba\/"},{"@type":"ListItem","position":2,"name":"Escola SESI de Paracatu d\u00e1 in\u00edcio ao Projeto Ocupando Espa\u00e7os"}]},{"@type":"WebSite","@id":"https:\/\/www.fiemg.com.br\/regional-alto-paranaiba\/#website","url":"https:\/\/www.fiemg.com.br\/regional-alto-paranaiba\/","name":"Regional Alto Parana\u00edba","description":"Federa\u00e7\u00e3o das Ind\u00fastrias do Estado de Minas Gerais","publisher":{"@id":"https:\/\/www.fiemg.com.br\/regional-alto-paranaiba\/#organization"},"potentialAction":[{"@type":"SearchAction","target":{"@type":"EntryPoint","urlTemplate":"https:\/\/www.fiemg.com.br\/regional-alto-paranaiba\/?s={search_term_string}"},"query-input":{"@type":"PropertyValueSpecification","valueRequired":true,"valueName":"search_term_string"}}],"inLanguage":"pt-BR"},{"@type":"Organization","@id":"https:\/\/www.fiemg.com.br\/regional-alto-paranaiba\/#organization","name":"Regional Alto Parana\u00edba","url":"https:\/\/www.fiemg.com.br\/regional-alto-paranaiba\/","logo":{"@type":"ImageObject","inLanguage":"pt-BR","@id":"https:\/\/www.fiemg.com.br\/regional-alto-paranaiba\/#\/schema\/logo\/image\/","url":"https:\/\/www.fiemg.com.br\/regional-alto-paranaiba\/wp-content\/uploads\/sites\/15\/2023\/02\/Ativo-1.png","contentUrl":"https:\/\/www.fiemg.com.br\/regional-alto-paranaiba\/wp-content\/uploads\/sites\/15\/2023\/02\/Ativo-1.png","width":563,"height":149,"caption":"Regional Alto Parana\u00edba"},"image":{"@id":"https:\/\/www.fiemg.com.br\/regional-alto-paranaiba\/#\/schema\/logo\/image\/"}}]}},"_links":{"self":[{"href":"https:\/\/www.fiemg.com.br\/regional-alto-paranaiba\/wp-json\/wp\/v2\/noticias\/2563","targetHints":{"allow":["GET"]}}],"collection":[{"href":"https:\/\/www.fiemg.com.br\/regional-alto-paranaiba\/wp-json\/wp\/v2\/noticias"}],"about":[{"href":"https:\/\/www.fiemg.com.br\/regional-alto-paranaiba\/wp-json\/wp\/v2\/types\/noticias"}],"wp:featuredmedia":[{"embeddable":true,"href":"https:\/\/www.fiemg.com.br\/regional-alto-paranaiba\/wp-json\/wp\/v2\/media\/2565"}],"wp:attachment":[{"href":"https:\/\/www.fiemg.com.br\/regional-alto-paranaiba\/wp-json\/wp\/v2\/media?parent=2563"}],"wp:term":[{"taxonomy":"category","embeddable":true,"href":"https:\/\/www.fiemg.com.br\/regional-alto-paranaiba\/wp-json\/wp\/v2\/categories?post=2563"},{"taxonomy":"post_tag","embeddable":true,"href":"https:\/\/www.fiemg.com.br\/regional-alto-paranaiba\/wp-json\/wp\/v2\/tags?post=2563"}],"curies":[{"name":"wp","href":"https:\/\/api.w.org\/{rel}","templated":true}]}}