{"id":2774,"date":"2025-07-14T11:22:10","date_gmt":"2025-07-14T14:22:10","guid":{"rendered":"https:\/\/www.fiemg.com.br\/regional-alto-paranaiba\/?post_type=noticias&#038;p=2774"},"modified":"2025-09-16T11:27:26","modified_gmt":"2025-09-16T14:27:26","slug":"responsabilidade-na-construcao-civil-e-tema-de-palestra-do-sinduscon","status":"publish","type":"noticias","link":"https:\/\/www.fiemg.com.br\/regional-alto-paranaiba\/noticias\/responsabilidade-na-construcao-civil-e-tema-de-palestra-do-sinduscon\/","title":{"rendered":"Responsabilidade na Constru\u00e7\u00e3o Civil \u00e9 tema de palestra do Sinduscon"},"content":{"rendered":"\n<p><em>Profissionais receberam orienta\u00e7\u00f5es sobre contratos, seguran\u00e7a e responsabilidade jur\u00eddica<\/em><\/p>\n\n\n\n<p>O Sinduscon \u2013 Sindicato da Ind\u00fastria da Constru\u00e7\u00e3o Civil, em parceria com o Escrit\u00f3rio de Advocacia M\u00edriam Gontijo, ministrou uma palestra <em>\u201cResponsabilidade no Setor da Constru\u00e7\u00e3o Civil \u2013 Gest\u00e3o de Riscos\u201d. <\/em><em>O evento<\/em> reuniu engenheiros, construtores, arquitetos e demais profissionais do setor para uma reflex\u00e3o sobre os principais cuidados jur\u00eddicos e t\u00e9cnicos que devem acompanhar a execu\u00e7\u00e3o de uma obra. O presidente do Sinduscon, Caio Gon\u00e7alves, ressaltou a import\u00e2ncia do tema para se evitar problemas jur\u00eddicos em obras, fazer a gest\u00e3o de riscos e prevenir passivos, em situa\u00e7\u00f5es como acidentes de trabalho, danos ambientais, atrasos na obra e danos \u00e0 terceiros.&nbsp;<\/p>\n\n\n\n<p>A palestra foi ministrada pela advogada, Fernanda Soares e destacou a import\u00e2ncia da formaliza\u00e7\u00e3o contratual, do planejamento adequado e do cumprimento de legisla\u00e7\u00f5es espec\u00edficas como ferramentas para garantir seguran\u00e7a e evitar preju\u00edzos.<\/p>\n\n\n\n<p>A apresenta\u00e7\u00e3o trouxe uma abordagem pr\u00e1tica sobre temas negligenciados no dia a dia da constru\u00e7\u00e3o civil. \u201cUm contrato bem feito n\u00e3o vira entulho jur\u00eddico, ele vira funda\u00e7\u00e3o legal\u201d, ressaltou. A advogada enfatizou que t\u00e3o importante quanto assinar um contrato \u00e9 saber quem se est\u00e1 contratando e definir com clareza obriga\u00e7\u00f5es, prazos, formas de pagamento e penalidades.<\/p>\n\n\n\n<p>Entre os t\u00f3picos abordados, estiveram artigos do C\u00f3digo Civil que tratam de limites de propriedade, como os muros de divisa, aberturas em janelas e prazos legais para contesta\u00e7\u00e3o de irregularidades. Tamb\u00e9m foram destacados pontos da nova Lei Complementar n\u00ba 699\/2023, que institui o C\u00f3digo de Posturas do Munic\u00edpio de Patos de Minas, especialmente no que se refere ao descarregamento de materiais nas cal\u00e7adas e \u00e0 obrigatoriedade de manter a \u00e1rea da obra limpa e segura para os pedestres.<\/p>\n\n\n\n<p>A palestrante tamb\u00e9m refor\u00e7ou a necessidade de cumprir exig\u00eancias da NR 18, norma do Minist\u00e9rio do Trabalho que trata das condi\u00e7\u00f5es de seguran\u00e7a em obras. Escava\u00e7\u00f5es com mais de 1,25 metro, por exemplo, exigem sinaliza\u00e7\u00e3o, prote\u00e7\u00e3o contra queda e acompanhamento t\u00e9cnico especializado.<\/p>\n\n\n\n<p>A iniciativa teve como objetivo despertar a consci\u00eancia preventiva dos profissionais e contribuir para a valoriza\u00e7\u00e3o da constru\u00e7\u00e3o civil respons\u00e1vel. Com linguagem acess\u00edvel e exemplos do cotidiano, a palestra mostrou que prevenir riscos e respeitar a legisla\u00e7\u00e3o \u00e9 construir com intelig\u00eancia e profissionalismo.<\/p>\n\n\n\n<p>O presidente Caio enfatizou que outras a\u00e7\u00f5es como esta j\u00e1 est\u00e3o previstas com a apresenta\u00e7\u00e3o de outros temas relevantes, os quais ser\u00e3o divulgados, em breve.<\/p>\n","protected":false},"featured_media":2776,"template":"","categories":[5,15,174],"tags":[],"class_list":["post-2774","noticias","type-noticias","status-publish","has-post-thumbnail","hentry","category-capacitacao-empresarial","category-desenvolvimento-industrial","category-sindicatos"],"acf":[],"yoast_head":"<!-- This site is optimized with the Yoast SEO plugin v26.2 - https:\/\/yoast.com\/wordpress\/plugins\/seo\/ -->\n<title>Responsabilidade na Constru\u00e7\u00e3o Civil \u00e9 tema de palestra do Sinduscon - Regional Alto Parana\u00edba<\/title>\n<meta name=\"description\" content=\"Objetivo foi promover uma reflex\u00e3o sobre os principais cuidados jur\u00eddicos e t\u00e9cnicos que devem acompanhar a execu\u00e7\u00e3o de uma obra.\" \/>\n<meta name=\"robots\" content=\"index, follow, max-snippet:-1, max-image-preview:large, max-video-preview:-1\" \/>\n<link rel=\"canonical\" href=\"https:\/\/www.fiemg.com.br\/regional-alto-paranaiba\/noticias\/responsabilidade-na-construcao-civil-e-tema-de-palestra-do-sinduscon\/\" \/>\n<meta property=\"og:locale\" content=\"pt_BR\" \/>\n<meta property=\"og:type\" content=\"article\" \/>\n<meta property=\"og:title\" content=\"Responsabilidade na Constru\u00e7\u00e3o Civil \u00e9 tema de palestra do Sinduscon - Regional Alto Parana\u00edba\" \/>\n<meta property=\"og:description\" content=\"Objetivo foi promover uma reflex\u00e3o sobre os principais cuidados jur\u00eddicos e t\u00e9cnicos que devem acompanhar a execu\u00e7\u00e3o de uma obra.\" \/>\n<meta property=\"og:url\" content=\"https:\/\/www.fiemg.com.br\/regional-alto-paranaiba\/noticias\/responsabilidade-na-construcao-civil-e-tema-de-palestra-do-sinduscon\/\" \/>\n<meta property=\"og:site_name\" content=\"Regional Alto Parana\u00edba\" \/>\n<meta property=\"article:modified_time\" content=\"2025-09-16T14:27:26+00:00\" \/>\n<meta property=\"og:image\" content=\"https:\/\/www.fiemg.com.br\/regional-alto-paranaiba\/wp-content\/uploads\/sites\/15\/2025\/09\/treinamento-sinduscon.jpg\" \/>\n\t<meta property=\"og:image:width\" content=\"460\" \/>\n\t<meta property=\"og:image:height\" content=\"432\" \/>\n\t<meta property=\"og:image:type\" content=\"image\/jpeg\" \/>\n<meta name=\"twitter:card\" content=\"summary_large_image\" \/>\n<meta name=\"twitter:label1\" content=\"Est. tempo de leitura\" \/>\n\t<meta name=\"twitter:data1\" content=\"3 minutos\" \/>\n<script type=\"application\/ld+json\" class=\"yoast-schema-graph\">{\"@context\":\"https:\/\/schema.org\",\"@graph\":[{\"@type\":\"WebPage\",\"@id\":\"https:\/\/www.fiemg.com.br\/regional-alto-paranaiba\/noticias\/responsabilidade-na-construcao-civil-e-tema-de-palestra-do-sinduscon\/\",\"url\":\"https:\/\/www.fiemg.com.br\/regional-alto-paranaiba\/noticias\/responsabilidade-na-construcao-civil-e-tema-de-palestra-do-sinduscon\/\",\"name\":\"Responsabilidade na Constru\u00e7\u00e3o Civil \u00e9 tema de palestra do Sinduscon - Regional Alto Parana\u00edba\",\"isPartOf\":{\"@id\":\"https:\/\/www.fiemg.com.br\/regional-alto-paranaiba\/#website\"},\"primaryImageOfPage\":{\"@id\":\"https:\/\/www.fiemg.com.br\/regional-alto-paranaiba\/noticias\/responsabilidade-na-construcao-civil-e-tema-de-palestra-do-sinduscon\/#primaryimage\"},\"image\":{\"@id\":\"https:\/\/www.fiemg.com.br\/regional-alto-paranaiba\/noticias\/responsabilidade-na-construcao-civil-e-tema-de-palestra-do-sinduscon\/#primaryimage\"},\"thumbnailUrl\":\"https:\/\/www.fiemg.com.br\/regional-alto-paranaiba\/wp-content\/uploads\/sites\/15\/2025\/09\/treinamento-sinduscon.jpg\",\"datePublished\":\"2025-07-14T14:22:10+00:00\",\"dateModified\":\"2025-09-16T14:27:26+00:00\",\"description\":\"Objetivo foi promover uma reflex\u00e3o sobre os principais cuidados jur\u00eddicos e t\u00e9cnicos que devem acompanhar a execu\u00e7\u00e3o de uma obra.\",\"breadcrumb\":{\"@id\":\"https:\/\/www.fiemg.com.br\/regional-alto-paranaiba\/noticias\/responsabilidade-na-construcao-civil-e-tema-de-palestra-do-sinduscon\/#breadcrumb\"},\"inLanguage\":\"pt-BR\",\"potentialAction\":[{\"@type\":\"ReadAction\",\"target\":[\"https:\/\/www.fiemg.com.br\/regional-alto-paranaiba\/noticias\/responsabilidade-na-construcao-civil-e-tema-de-palestra-do-sinduscon\/\"]}]},{\"@type\":\"ImageObject\",\"inLanguage\":\"pt-BR\",\"@id\":\"https:\/\/www.fiemg.com.br\/regional-alto-paranaiba\/noticias\/responsabilidade-na-construcao-civil-e-tema-de-palestra-do-sinduscon\/#primaryimage\",\"url\":\"https:\/\/www.fiemg.com.br\/regional-alto-paranaiba\/wp-content\/uploads\/sites\/15\/2025\/09\/treinamento-sinduscon.jpg\",\"contentUrl\":\"https:\/\/www.fiemg.com.br\/regional-alto-paranaiba\/wp-content\/uploads\/sites\/15\/2025\/09\/treinamento-sinduscon.jpg\",\"width\":460,\"height\":432},{\"@type\":\"BreadcrumbList\",\"@id\":\"https:\/\/www.fiemg.com.br\/regional-alto-paranaiba\/noticias\/responsabilidade-na-construcao-civil-e-tema-de-palestra-do-sinduscon\/#breadcrumb\",\"itemListElement\":[{\"@type\":\"ListItem\",\"position\":1,\"name\":\"In\u00edcio\",\"item\":\"https:\/\/www.fiemg.com.br\/regional-alto-paranaiba\/\"},{\"@type\":\"ListItem\",\"position\":2,\"name\":\"Responsabilidade na Constru\u00e7\u00e3o Civil \u00e9 tema de palestra do Sinduscon\"}]},{\"@type\":\"WebSite\",\"@id\":\"https:\/\/www.fiemg.com.br\/regional-alto-paranaiba\/#website\",\"url\":\"https:\/\/www.fiemg.com.br\/regional-alto-paranaiba\/\",\"name\":\"Regional Alto Parana\u00edba\",\"description\":\"Federa\u00e7\u00e3o das Ind\u00fastrias do Estado de Minas Gerais\",\"publisher\":{\"@id\":\"https:\/\/www.fiemg.com.br\/regional-alto-paranaiba\/#organization\"},\"potentialAction\":[{\"@type\":\"SearchAction\",\"target\":{\"@type\":\"EntryPoint\",\"urlTemplate\":\"https:\/\/www.fiemg.com.br\/regional-alto-paranaiba\/?s={search_term_string}\"},\"query-input\":{\"@type\":\"PropertyValueSpecification\",\"valueRequired\":true,\"valueName\":\"search_term_string\"}}],\"inLanguage\":\"pt-BR\"},{\"@type\":\"Organization\",\"@id\":\"https:\/\/www.fiemg.com.br\/regional-alto-paranaiba\/#organization\",\"name\":\"Regional Alto Parana\u00edba\",\"url\":\"https:\/\/www.fiemg.com.br\/regional-alto-paranaiba\/\",\"logo\":{\"@type\":\"ImageObject\",\"inLanguage\":\"pt-BR\",\"@id\":\"https:\/\/www.fiemg.com.br\/regional-alto-paranaiba\/#\/schema\/logo\/image\/\",\"url\":\"https:\/\/www.fiemg.com.br\/regional-alto-paranaiba\/wp-content\/uploads\/sites\/15\/2023\/02\/Ativo-1.png\",\"contentUrl\":\"https:\/\/www.fiemg.com.br\/regional-alto-paranaiba\/wp-content\/uploads\/sites\/15\/2023\/02\/Ativo-1.png\",\"width\":563,\"height\":149,\"caption\":\"Regional Alto Parana\u00edba\"},\"image\":{\"@id\":\"https:\/\/www.fiemg.com.br\/regional-alto-paranaiba\/#\/schema\/logo\/image\/\"}}]}<\/script>\n<!-- \/ Yoast SEO plugin. -->","yoast_head_json":{"title":"Responsabilidade na Constru\u00e7\u00e3o Civil \u00e9 tema de palestra do Sinduscon - Regional Alto Parana\u00edba","description":"Objetivo foi promover uma reflex\u00e3o sobre os principais cuidados jur\u00eddicos e t\u00e9cnicos que devem acompanhar a execu\u00e7\u00e3o de uma obra.","robots":{"index":"index","follow":"follow","max-snippet":"max-snippet:-1","max-image-preview":"max-image-preview:large","max-video-preview":"max-video-preview:-1"},"canonical":"https:\/\/www.fiemg.com.br\/regional-alto-paranaiba\/noticias\/responsabilidade-na-construcao-civil-e-tema-de-palestra-do-sinduscon\/","og_locale":"pt_BR","og_type":"article","og_title":"Responsabilidade na Constru\u00e7\u00e3o Civil \u00e9 tema de palestra do Sinduscon - Regional Alto Parana\u00edba","og_description":"Objetivo foi promover uma reflex\u00e3o sobre os principais cuidados jur\u00eddicos e t\u00e9cnicos que devem acompanhar a execu\u00e7\u00e3o de uma obra.","og_url":"https:\/\/www.fiemg.com.br\/regional-alto-paranaiba\/noticias\/responsabilidade-na-construcao-civil-e-tema-de-palestra-do-sinduscon\/","og_site_name":"Regional Alto Parana\u00edba","article_modified_time":"2025-09-16T14:27:26+00:00","og_image":[{"width":460,"height":432,"url":"https:\/\/www.fiemg.com.br\/regional-alto-paranaiba\/wp-content\/uploads\/sites\/15\/2025\/09\/treinamento-sinduscon.jpg","type":"image\/jpeg"}],"twitter_card":"summary_large_image","twitter_misc":{"Est. tempo de leitura":"3 minutos"},"schema":{"@context":"https:\/\/schema.org","@graph":[{"@type":"WebPage","@id":"https:\/\/www.fiemg.com.br\/regional-alto-paranaiba\/noticias\/responsabilidade-na-construcao-civil-e-tema-de-palestra-do-sinduscon\/","url":"https:\/\/www.fiemg.com.br\/regional-alto-paranaiba\/noticias\/responsabilidade-na-construcao-civil-e-tema-de-palestra-do-sinduscon\/","name":"Responsabilidade na Constru\u00e7\u00e3o Civil \u00e9 tema de palestra do Sinduscon - Regional Alto Parana\u00edba","isPartOf":{"@id":"https:\/\/www.fiemg.com.br\/regional-alto-paranaiba\/#website"},"primaryImageOfPage":{"@id":"https:\/\/www.fiemg.com.br\/regional-alto-paranaiba\/noticias\/responsabilidade-na-construcao-civil-e-tema-de-palestra-do-sinduscon\/#primaryimage"},"image":{"@id":"https:\/\/www.fiemg.com.br\/regional-alto-paranaiba\/noticias\/responsabilidade-na-construcao-civil-e-tema-de-palestra-do-sinduscon\/#primaryimage"},"thumbnailUrl":"https:\/\/www.fiemg.com.br\/regional-alto-paranaiba\/wp-content\/uploads\/sites\/15\/2025\/09\/treinamento-sinduscon.jpg","datePublished":"2025-07-14T14:22:10+00:00","dateModified":"2025-09-16T14:27:26+00:00","description":"Objetivo foi promover uma reflex\u00e3o sobre os principais cuidados jur\u00eddicos e t\u00e9cnicos que devem acompanhar a execu\u00e7\u00e3o de uma obra.","breadcrumb":{"@id":"https:\/\/www.fiemg.com.br\/regional-alto-paranaiba\/noticias\/responsabilidade-na-construcao-civil-e-tema-de-palestra-do-sinduscon\/#breadcrumb"},"inLanguage":"pt-BR","potentialAction":[{"@type":"ReadAction","target":["https:\/\/www.fiemg.com.br\/regional-alto-paranaiba\/noticias\/responsabilidade-na-construcao-civil-e-tema-de-palestra-do-sinduscon\/"]}]},{"@type":"ImageObject","inLanguage":"pt-BR","@id":"https:\/\/www.fiemg.com.br\/regional-alto-paranaiba\/noticias\/responsabilidade-na-construcao-civil-e-tema-de-palestra-do-sinduscon\/#primaryimage","url":"https:\/\/www.fiemg.com.br\/regional-alto-paranaiba\/wp-content\/uploads\/sites\/15\/2025\/09\/treinamento-sinduscon.jpg","contentUrl":"https:\/\/www.fiemg.com.br\/regional-alto-paranaiba\/wp-content\/uploads\/sites\/15\/2025\/09\/treinamento-sinduscon.jpg","width":460,"height":432},{"@type":"BreadcrumbList","@id":"https:\/\/www.fiemg.com.br\/regional-alto-paranaiba\/noticias\/responsabilidade-na-construcao-civil-e-tema-de-palestra-do-sinduscon\/#breadcrumb","itemListElement":[{"@type":"ListItem","position":1,"name":"In\u00edcio","item":"https:\/\/www.fiemg.com.br\/regional-alto-paranaiba\/"},{"@type":"ListItem","position":2,"name":"Responsabilidade na Constru\u00e7\u00e3o Civil \u00e9 tema de palestra do Sinduscon"}]},{"@type":"WebSite","@id":"https:\/\/www.fiemg.com.br\/regional-alto-paranaiba\/#website","url":"https:\/\/www.fiemg.com.br\/regional-alto-paranaiba\/","name":"Regional Alto Parana\u00edba","description":"Federa\u00e7\u00e3o das Ind\u00fastrias do Estado de Minas Gerais","publisher":{"@id":"https:\/\/www.fiemg.com.br\/regional-alto-paranaiba\/#organization"},"potentialAction":[{"@type":"SearchAction","target":{"@type":"EntryPoint","urlTemplate":"https:\/\/www.fiemg.com.br\/regional-alto-paranaiba\/?s={search_term_string}"},"query-input":{"@type":"PropertyValueSpecification","valueRequired":true,"valueName":"search_term_string"}}],"inLanguage":"pt-BR"},{"@type":"Organization","@id":"https:\/\/www.fiemg.com.br\/regional-alto-paranaiba\/#organization","name":"Regional Alto Parana\u00edba","url":"https:\/\/www.fiemg.com.br\/regional-alto-paranaiba\/","logo":{"@type":"ImageObject","inLanguage":"pt-BR","@id":"https:\/\/www.fiemg.com.br\/regional-alto-paranaiba\/#\/schema\/logo\/image\/","url":"https:\/\/www.fiemg.com.br\/regional-alto-paranaiba\/wp-content\/uploads\/sites\/15\/2023\/02\/Ativo-1.png","contentUrl":"https:\/\/www.fiemg.com.br\/regional-alto-paranaiba\/wp-content\/uploads\/sites\/15\/2023\/02\/Ativo-1.png","width":563,"height":149,"caption":"Regional Alto Parana\u00edba"},"image":{"@id":"https:\/\/www.fiemg.com.br\/regional-alto-paranaiba\/#\/schema\/logo\/image\/"}}]}},"_links":{"self":[{"href":"https:\/\/www.fiemg.com.br\/regional-alto-paranaiba\/wp-json\/wp\/v2\/noticias\/2774","targetHints":{"allow":["GET"]}}],"collection":[{"href":"https:\/\/www.fiemg.com.br\/regional-alto-paranaiba\/wp-json\/wp\/v2\/noticias"}],"about":[{"href":"https:\/\/www.fiemg.com.br\/regional-alto-paranaiba\/wp-json\/wp\/v2\/types\/noticias"}],"wp:featuredmedia":[{"embeddable":true,"href":"https:\/\/www.fiemg.com.br\/regional-alto-paranaiba\/wp-json\/wp\/v2\/media\/2776"}],"wp:attachment":[{"href":"https:\/\/www.fiemg.com.br\/regional-alto-paranaiba\/wp-json\/wp\/v2\/media?parent=2774"}],"wp:term":[{"taxonomy":"category","embeddable":true,"href":"https:\/\/www.fiemg.com.br\/regional-alto-paranaiba\/wp-json\/wp\/v2\/categories?post=2774"},{"taxonomy":"post_tag","embeddable":true,"href":"https:\/\/www.fiemg.com.br\/regional-alto-paranaiba\/wp-json\/wp\/v2\/tags?post=2774"}],"curies":[{"name":"wp","href":"https:\/\/api.w.org\/{rel}","templated":true}]}}