{"id":2838,"date":"2025-10-10T11:55:20","date_gmt":"2025-10-10T14:55:20","guid":{"rendered":"https:\/\/www.fiemg.com.br\/regional-alto-paranaiba\/?post_type=noticias&#038;p=2838"},"modified":"2025-11-04T12:01:44","modified_gmt":"2025-11-04T15:01:44","slug":"fiemg-alto-paranaiba-apresenta-solucoes-industriais-no-invest-minas-arinos","status":"publish","type":"noticias","link":"https:\/\/www.fiemg.com.br\/regional-alto-paranaiba\/noticias\/fiemg-alto-paranaiba-apresenta-solucoes-industriais-no-invest-minas-arinos\/","title":{"rendered":"FIEMG Alto Parana\u00edba apresenta solu\u00e7\u00f5es industriais no Invest Minas Arinos"},"content":{"rendered":"\n<p><em>Oportunidade para refor\u00e7ar o compromisso com o desenvolvimento regional<\/em><\/p>\n\n\n\n<p>A FIEMG Regional Alto Parana\u00edba participou, recentemente, do Invest Minas Arinos. O evento reuniu autoridades, empres\u00e1rios e representantes de institui\u00e7\u00f5es de fomento e desenvolvimento para apresentar estrat\u00e9gias de atra\u00e7\u00e3o de investimentos e fortalecimento da economia regional. O Invest Minas Arinos visou, tamb\u00e9m, conectar o setor produtivo local a oportunidades que impulsionam o crescimento sustent\u00e1vel e a gera\u00e7\u00e3o de empregos na regi\u00e3o. Na ocasi\u00e3o, a FIEMG Regional apresentou as solu\u00e7\u00f5es para o desenvolvimento industrial.<\/p>\n\n\n\n<p>A apresenta\u00e7\u00e3o foi feita pelo analista de Rela\u00e7\u00f5es Empresariais, Wesley Almeida e pelo consultor comercial para a \u00e1rea Governamental da FIEMG, Marcos Resende, com destaque para as solu\u00e7\u00f5es com foco em inova\u00e7\u00e3o, capacita\u00e7\u00e3o profissional e competitividade industrial. Eles destacaram o cen\u00e1rio econ\u00f4mico da regi\u00e3o e a atua\u00e7\u00e3o da FIEMG na solu\u00e7\u00e3o \u00e0s demandas industriais.<\/p>\n\n\n\n<p>Durante as apresenta\u00e7\u00f5es, foram destacadas as a\u00e7\u00f5es do SENAI, que atua no desenvolvimento de tecnologias e na capacita\u00e7\u00e3o t\u00e9cnica voltada \u00e0s demandas da ind\u00fastria; e, tamb\u00e9m, do SESI, que oferece programas voltados \u00e0 sa\u00fade e seguran\u00e7a no trabalho. Refor\u00e7aram, ainda, a atua\u00e7\u00e3o do IEL, em projetos de pesquisa e inova\u00e7\u00e3o.<\/p>\n\n\n\n<p>Marcos e Wesley tamb\u00e9m ressaltaram a import\u00e2ncia das parcerias entre o setor p\u00fablico e o privado para a consolida\u00e7\u00e3o de um ambiente favor\u00e1vel a novos investimentos e \u00e0 moderniza\u00e7\u00e3o dos processos produtivos.<\/p>\n\n\n\n<p>O evento foi uma iniciativa do Governo Estadual, com a participa\u00e7\u00e3o de Prefeituras, Empres\u00e1rios e Entidades de fomento.<\/p>\n","protected":false},"featured_media":2839,"template":"","categories":[15],"tags":[],"class_list":["post-2838","noticias","type-noticias","status-publish","has-post-thumbnail","hentry","category-desenvolvimento-industrial"],"acf":[],"yoast_head":"<!-- This site is optimized with the Yoast SEO plugin v26.2 - https:\/\/yoast.com\/wordpress\/plugins\/seo\/ -->\n<title>FIEMG Alto Parana\u00edba apresenta solu\u00e7\u00f5es industriais no Invest Minas Arinos - Regional Alto Parana\u00edba<\/title>\n<meta name=\"description\" content=\"O evento reuniu autoridades, empres\u00e1rios e representantes de institui\u00e7\u00f5es de fomento e desenvolvimento para apresentar estrat\u00e9gias de atra\u00e7\u00e3o de investimentos e fortalecimento da economia regional.\" \/>\n<meta name=\"robots\" content=\"index, follow, max-snippet:-1, max-image-preview:large, max-video-preview:-1\" \/>\n<link rel=\"canonical\" href=\"https:\/\/www.fiemg.com.br\/regional-alto-paranaiba\/noticias\/fiemg-alto-paranaiba-apresenta-solucoes-industriais-no-invest-minas-arinos\/\" \/>\n<meta property=\"og:locale\" content=\"pt_BR\" \/>\n<meta property=\"og:type\" content=\"article\" \/>\n<meta property=\"og:title\" content=\"FIEMG Alto Parana\u00edba apresenta solu\u00e7\u00f5es industriais no Invest Minas Arinos - Regional Alto Parana\u00edba\" \/>\n<meta property=\"og:description\" content=\"O evento reuniu autoridades, empres\u00e1rios e representantes de institui\u00e7\u00f5es de fomento e desenvolvimento para apresentar estrat\u00e9gias de atra\u00e7\u00e3o de investimentos e fortalecimento da economia regional.\" \/>\n<meta property=\"og:url\" content=\"https:\/\/www.fiemg.com.br\/regional-alto-paranaiba\/noticias\/fiemg-alto-paranaiba-apresenta-solucoes-industriais-no-invest-minas-arinos\/\" \/>\n<meta property=\"og:site_name\" content=\"Regional Alto Parana\u00edba\" \/>\n<meta property=\"article:modified_time\" content=\"2025-11-04T15:01:44+00:00\" \/>\n<meta property=\"og:image\" content=\"https:\/\/www.fiemg.com.br\/regional-alto-paranaiba\/wp-content\/uploads\/sites\/15\/2025\/11\/invest-minas.jpg\" \/>\n\t<meta property=\"og:image:width\" content=\"605\" \/>\n\t<meta property=\"og:image:height\" content=\"690\" \/>\n\t<meta property=\"og:image:type\" content=\"image\/jpeg\" \/>\n<meta name=\"twitter:card\" content=\"summary_large_image\" \/>\n<meta name=\"twitter:label1\" content=\"Est. tempo de leitura\" \/>\n\t<meta name=\"twitter:data1\" content=\"2 minutos\" \/>\n<script type=\"application\/ld+json\" class=\"yoast-schema-graph\">{\"@context\":\"https:\/\/schema.org\",\"@graph\":[{\"@type\":\"WebPage\",\"@id\":\"https:\/\/www.fiemg.com.br\/regional-alto-paranaiba\/noticias\/fiemg-alto-paranaiba-apresenta-solucoes-industriais-no-invest-minas-arinos\/\",\"url\":\"https:\/\/www.fiemg.com.br\/regional-alto-paranaiba\/noticias\/fiemg-alto-paranaiba-apresenta-solucoes-industriais-no-invest-minas-arinos\/\",\"name\":\"FIEMG Alto Parana\u00edba apresenta solu\u00e7\u00f5es industriais no Invest Minas Arinos - Regional Alto Parana\u00edba\",\"isPartOf\":{\"@id\":\"https:\/\/www.fiemg.com.br\/regional-alto-paranaiba\/#website\"},\"primaryImageOfPage\":{\"@id\":\"https:\/\/www.fiemg.com.br\/regional-alto-paranaiba\/noticias\/fiemg-alto-paranaiba-apresenta-solucoes-industriais-no-invest-minas-arinos\/#primaryimage\"},\"image\":{\"@id\":\"https:\/\/www.fiemg.com.br\/regional-alto-paranaiba\/noticias\/fiemg-alto-paranaiba-apresenta-solucoes-industriais-no-invest-minas-arinos\/#primaryimage\"},\"thumbnailUrl\":\"https:\/\/www.fiemg.com.br\/regional-alto-paranaiba\/wp-content\/uploads\/sites\/15\/2025\/11\/invest-minas.jpg\",\"datePublished\":\"2025-10-10T14:55:20+00:00\",\"dateModified\":\"2025-11-04T15:01:44+00:00\",\"description\":\"O evento reuniu autoridades, empres\u00e1rios e representantes de institui\u00e7\u00f5es de fomento e desenvolvimento para apresentar estrat\u00e9gias de atra\u00e7\u00e3o de investimentos e fortalecimento da economia regional.\",\"breadcrumb\":{\"@id\":\"https:\/\/www.fiemg.com.br\/regional-alto-paranaiba\/noticias\/fiemg-alto-paranaiba-apresenta-solucoes-industriais-no-invest-minas-arinos\/#breadcrumb\"},\"inLanguage\":\"pt-BR\",\"potentialAction\":[{\"@type\":\"ReadAction\",\"target\":[\"https:\/\/www.fiemg.com.br\/regional-alto-paranaiba\/noticias\/fiemg-alto-paranaiba-apresenta-solucoes-industriais-no-invest-minas-arinos\/\"]}]},{\"@type\":\"ImageObject\",\"inLanguage\":\"pt-BR\",\"@id\":\"https:\/\/www.fiemg.com.br\/regional-alto-paranaiba\/noticias\/fiemg-alto-paranaiba-apresenta-solucoes-industriais-no-invest-minas-arinos\/#primaryimage\",\"url\":\"https:\/\/www.fiemg.com.br\/regional-alto-paranaiba\/wp-content\/uploads\/sites\/15\/2025\/11\/invest-minas.jpg\",\"contentUrl\":\"https:\/\/www.fiemg.com.br\/regional-alto-paranaiba\/wp-content\/uploads\/sites\/15\/2025\/11\/invest-minas.jpg\",\"width\":605,\"height\":690},{\"@type\":\"BreadcrumbList\",\"@id\":\"https:\/\/www.fiemg.com.br\/regional-alto-paranaiba\/noticias\/fiemg-alto-paranaiba-apresenta-solucoes-industriais-no-invest-minas-arinos\/#breadcrumb\",\"itemListElement\":[{\"@type\":\"ListItem\",\"position\":1,\"name\":\"In\u00edcio\",\"item\":\"https:\/\/www.fiemg.com.br\/regional-alto-paranaiba\/\"},{\"@type\":\"ListItem\",\"position\":2,\"name\":\"FIEMG Alto Parana\u00edba apresenta solu\u00e7\u00f5es industriais no Invest Minas Arinos\"}]},{\"@type\":\"WebSite\",\"@id\":\"https:\/\/www.fiemg.com.br\/regional-alto-paranaiba\/#website\",\"url\":\"https:\/\/www.fiemg.com.br\/regional-alto-paranaiba\/\",\"name\":\"Regional Alto Parana\u00edba\",\"description\":\"Federa\u00e7\u00e3o das Ind\u00fastrias do Estado de Minas Gerais\",\"publisher\":{\"@id\":\"https:\/\/www.fiemg.com.br\/regional-alto-paranaiba\/#organization\"},\"potentialAction\":[{\"@type\":\"SearchAction\",\"target\":{\"@type\":\"EntryPoint\",\"urlTemplate\":\"https:\/\/www.fiemg.com.br\/regional-alto-paranaiba\/?s={search_term_string}\"},\"query-input\":{\"@type\":\"PropertyValueSpecification\",\"valueRequired\":true,\"valueName\":\"search_term_string\"}}],\"inLanguage\":\"pt-BR\"},{\"@type\":\"Organization\",\"@id\":\"https:\/\/www.fiemg.com.br\/regional-alto-paranaiba\/#organization\",\"name\":\"Regional Alto Parana\u00edba\",\"url\":\"https:\/\/www.fiemg.com.br\/regional-alto-paranaiba\/\",\"logo\":{\"@type\":\"ImageObject\",\"inLanguage\":\"pt-BR\",\"@id\":\"https:\/\/www.fiemg.com.br\/regional-alto-paranaiba\/#\/schema\/logo\/image\/\",\"url\":\"https:\/\/www.fiemg.com.br\/regional-alto-paranaiba\/wp-content\/uploads\/sites\/15\/2023\/02\/Ativo-1.png\",\"contentUrl\":\"https:\/\/www.fiemg.com.br\/regional-alto-paranaiba\/wp-content\/uploads\/sites\/15\/2023\/02\/Ativo-1.png\",\"width\":563,\"height\":149,\"caption\":\"Regional Alto Parana\u00edba\"},\"image\":{\"@id\":\"https:\/\/www.fiemg.com.br\/regional-alto-paranaiba\/#\/schema\/logo\/image\/\"}}]}<\/script>\n<!-- \/ Yoast SEO plugin. -->","yoast_head_json":{"title":"FIEMG Alto Parana\u00edba apresenta solu\u00e7\u00f5es industriais no Invest Minas Arinos - Regional Alto Parana\u00edba","description":"O evento reuniu autoridades, empres\u00e1rios e representantes de institui\u00e7\u00f5es de fomento e desenvolvimento para apresentar estrat\u00e9gias de atra\u00e7\u00e3o de investimentos e fortalecimento da economia regional.","robots":{"index":"index","follow":"follow","max-snippet":"max-snippet:-1","max-image-preview":"max-image-preview:large","max-video-preview":"max-video-preview:-1"},"canonical":"https:\/\/www.fiemg.com.br\/regional-alto-paranaiba\/noticias\/fiemg-alto-paranaiba-apresenta-solucoes-industriais-no-invest-minas-arinos\/","og_locale":"pt_BR","og_type":"article","og_title":"FIEMG Alto Parana\u00edba apresenta solu\u00e7\u00f5es industriais no Invest Minas Arinos - Regional Alto Parana\u00edba","og_description":"O evento reuniu autoridades, empres\u00e1rios e representantes de institui\u00e7\u00f5es de fomento e desenvolvimento para apresentar estrat\u00e9gias de atra\u00e7\u00e3o de investimentos e fortalecimento da economia regional.","og_url":"https:\/\/www.fiemg.com.br\/regional-alto-paranaiba\/noticias\/fiemg-alto-paranaiba-apresenta-solucoes-industriais-no-invest-minas-arinos\/","og_site_name":"Regional Alto Parana\u00edba","article_modified_time":"2025-11-04T15:01:44+00:00","og_image":[{"width":605,"height":690,"url":"https:\/\/www.fiemg.com.br\/regional-alto-paranaiba\/wp-content\/uploads\/sites\/15\/2025\/11\/invest-minas.jpg","type":"image\/jpeg"}],"twitter_card":"summary_large_image","twitter_misc":{"Est. tempo de leitura":"2 minutos"},"schema":{"@context":"https:\/\/schema.org","@graph":[{"@type":"WebPage","@id":"https:\/\/www.fiemg.com.br\/regional-alto-paranaiba\/noticias\/fiemg-alto-paranaiba-apresenta-solucoes-industriais-no-invest-minas-arinos\/","url":"https:\/\/www.fiemg.com.br\/regional-alto-paranaiba\/noticias\/fiemg-alto-paranaiba-apresenta-solucoes-industriais-no-invest-minas-arinos\/","name":"FIEMG Alto Parana\u00edba apresenta solu\u00e7\u00f5es industriais no Invest Minas Arinos - Regional Alto Parana\u00edba","isPartOf":{"@id":"https:\/\/www.fiemg.com.br\/regional-alto-paranaiba\/#website"},"primaryImageOfPage":{"@id":"https:\/\/www.fiemg.com.br\/regional-alto-paranaiba\/noticias\/fiemg-alto-paranaiba-apresenta-solucoes-industriais-no-invest-minas-arinos\/#primaryimage"},"image":{"@id":"https:\/\/www.fiemg.com.br\/regional-alto-paranaiba\/noticias\/fiemg-alto-paranaiba-apresenta-solucoes-industriais-no-invest-minas-arinos\/#primaryimage"},"thumbnailUrl":"https:\/\/www.fiemg.com.br\/regional-alto-paranaiba\/wp-content\/uploads\/sites\/15\/2025\/11\/invest-minas.jpg","datePublished":"2025-10-10T14:55:20+00:00","dateModified":"2025-11-04T15:01:44+00:00","description":"O evento reuniu autoridades, empres\u00e1rios e representantes de institui\u00e7\u00f5es de fomento e desenvolvimento para apresentar estrat\u00e9gias de atra\u00e7\u00e3o de investimentos e fortalecimento da economia regional.","breadcrumb":{"@id":"https:\/\/www.fiemg.com.br\/regional-alto-paranaiba\/noticias\/fiemg-alto-paranaiba-apresenta-solucoes-industriais-no-invest-minas-arinos\/#breadcrumb"},"inLanguage":"pt-BR","potentialAction":[{"@type":"ReadAction","target":["https:\/\/www.fiemg.com.br\/regional-alto-paranaiba\/noticias\/fiemg-alto-paranaiba-apresenta-solucoes-industriais-no-invest-minas-arinos\/"]}]},{"@type":"ImageObject","inLanguage":"pt-BR","@id":"https:\/\/www.fiemg.com.br\/regional-alto-paranaiba\/noticias\/fiemg-alto-paranaiba-apresenta-solucoes-industriais-no-invest-minas-arinos\/#primaryimage","url":"https:\/\/www.fiemg.com.br\/regional-alto-paranaiba\/wp-content\/uploads\/sites\/15\/2025\/11\/invest-minas.jpg","contentUrl":"https:\/\/www.fiemg.com.br\/regional-alto-paranaiba\/wp-content\/uploads\/sites\/15\/2025\/11\/invest-minas.jpg","width":605,"height":690},{"@type":"BreadcrumbList","@id":"https:\/\/www.fiemg.com.br\/regional-alto-paranaiba\/noticias\/fiemg-alto-paranaiba-apresenta-solucoes-industriais-no-invest-minas-arinos\/#breadcrumb","itemListElement":[{"@type":"ListItem","position":1,"name":"In\u00edcio","item":"https:\/\/www.fiemg.com.br\/regional-alto-paranaiba\/"},{"@type":"ListItem","position":2,"name":"FIEMG Alto Parana\u00edba apresenta solu\u00e7\u00f5es industriais no Invest Minas Arinos"}]},{"@type":"WebSite","@id":"https:\/\/www.fiemg.com.br\/regional-alto-paranaiba\/#website","url":"https:\/\/www.fiemg.com.br\/regional-alto-paranaiba\/","name":"Regional Alto Parana\u00edba","description":"Federa\u00e7\u00e3o das Ind\u00fastrias do Estado de Minas Gerais","publisher":{"@id":"https:\/\/www.fiemg.com.br\/regional-alto-paranaiba\/#organization"},"potentialAction":[{"@type":"SearchAction","target":{"@type":"EntryPoint","urlTemplate":"https:\/\/www.fiemg.com.br\/regional-alto-paranaiba\/?s={search_term_string}"},"query-input":{"@type":"PropertyValueSpecification","valueRequired":true,"valueName":"search_term_string"}}],"inLanguage":"pt-BR"},{"@type":"Organization","@id":"https:\/\/www.fiemg.com.br\/regional-alto-paranaiba\/#organization","name":"Regional Alto Parana\u00edba","url":"https:\/\/www.fiemg.com.br\/regional-alto-paranaiba\/","logo":{"@type":"ImageObject","inLanguage":"pt-BR","@id":"https:\/\/www.fiemg.com.br\/regional-alto-paranaiba\/#\/schema\/logo\/image\/","url":"https:\/\/www.fiemg.com.br\/regional-alto-paranaiba\/wp-content\/uploads\/sites\/15\/2023\/02\/Ativo-1.png","contentUrl":"https:\/\/www.fiemg.com.br\/regional-alto-paranaiba\/wp-content\/uploads\/sites\/15\/2023\/02\/Ativo-1.png","width":563,"height":149,"caption":"Regional Alto Parana\u00edba"},"image":{"@id":"https:\/\/www.fiemg.com.br\/regional-alto-paranaiba\/#\/schema\/logo\/image\/"}}]}},"_links":{"self":[{"href":"https:\/\/www.fiemg.com.br\/regional-alto-paranaiba\/wp-json\/wp\/v2\/noticias\/2838","targetHints":{"allow":["GET"]}}],"collection":[{"href":"https:\/\/www.fiemg.com.br\/regional-alto-paranaiba\/wp-json\/wp\/v2\/noticias"}],"about":[{"href":"https:\/\/www.fiemg.com.br\/regional-alto-paranaiba\/wp-json\/wp\/v2\/types\/noticias"}],"wp:featuredmedia":[{"embeddable":true,"href":"https:\/\/www.fiemg.com.br\/regional-alto-paranaiba\/wp-json\/wp\/v2\/media\/2839"}],"wp:attachment":[{"href":"https:\/\/www.fiemg.com.br\/regional-alto-paranaiba\/wp-json\/wp\/v2\/media?parent=2838"}],"wp:term":[{"taxonomy":"category","embeddable":true,"href":"https:\/\/www.fiemg.com.br\/regional-alto-paranaiba\/wp-json\/wp\/v2\/categories?post=2838"},{"taxonomy":"post_tag","embeddable":true,"href":"https:\/\/www.fiemg.com.br\/regional-alto-paranaiba\/wp-json\/wp\/v2\/tags?post=2838"}],"curies":[{"name":"wp","href":"https:\/\/api.w.org\/{rel}","templated":true}]}}