{"id":2911,"date":"2026-01-19T09:56:46","date_gmt":"2026-01-19T12:56:46","guid":{"rendered":"https:\/\/www.fiemg.com.br\/regional-alto-paranaiba\/?post_type=noticias&#038;p=2911"},"modified":"2026-01-28T10:01:04","modified_gmt":"2026-01-28T13:01:04","slug":"sesi-vida-abre-inscricoes-para-capacitacoes-gratuitas-em-seguranca-e-saude-do-trabalho","status":"publish","type":"noticias","link":"https:\/\/www.fiemg.com.br\/regional-alto-paranaiba\/noticias\/sesi-vida-abre-inscricoes-para-capacitacoes-gratuitas-em-seguranca-e-saude-do-trabalho\/","title":{"rendered":"SESI Vida abre inscri\u00e7\u00f5es para capacita\u00e7\u00f5es gratuitas em Seguran\u00e7a e Sa\u00fade do Trabalho"},"content":{"rendered":"\n<p><em>Cursos online abordam 20 temas t\u00e9cnicos e comportamentais<\/em><\/p>\n\n\n\n<p>O SESI Vida est\u00e1 com inscri\u00e7\u00f5es abertas para uma s\u00e9rie de capacita\u00e7\u00f5es online e gratuitas voltadas \u00e0 Seguran\u00e7a e Sa\u00fade do Trabalho (SST). A iniciativa tem como objetivo atualizar conhecimentos, estimular a troca de experi\u00eancias e fortalecer pr\u00e1ticas que contribuam para ambientes de trabalho mais seguros, saud\u00e1veis e produtivos. Est\u00e3o disponibilizados 20 conte\u00fados, em datas a serem divulgadas, posteriormente. O gerente da Unidade do SESI e SENAI em Patos de Minas, Lucas Santos Silva destacou que os temas propostos s\u00e3o de relev\u00e2ncia para as ind\u00fastrias e trazem informa\u00e7\u00f5es com profissionais do SESI Vida que possuem grande conhecimento t\u00e9cnico nas \u00e1reas.<\/p>\n\n\n\n<p>As capacita\u00e7\u00f5es abrangem temas t\u00e9cnicos e comportamentais, contemplando desde ergonomia e preven\u00e7\u00e3o de acidentes at\u00e9 sa\u00fade mental, bem-estar e qualidade de vida. Os conte\u00fados s\u00e3o direcionados a trabalhadores, gestores e profissionais interessados em aprimorar pr\u00e1ticas de SST no dia a dia, tanto no ambiente corporativo quanto no home office.<\/p>\n\n\n\n<p>Entre os temas dispon\u00edveis est\u00e3o:<\/p>\n\n\n\n<ol class=\"wp-block-list\">\n<li>Ergonomia no setor administrativo e no home office;<\/li>\n\n\n\n<li>Introdu\u00e7\u00e3o \u00e0 Ergonomia;<\/li>\n\n\n\n<li>Levantamento, transporte e descarga individual de cargas;<\/li>\n\n\n\n<li>Import\u00e2ncia da NR-7 para a sa\u00fade do trabalhador;<\/li>\n\n\n\n<li>Uso de protetor auditivo;<\/li>\n\n\n\n<li>Preven\u00e7\u00e3o no manuseio de produtos qu\u00edmicos;<\/li>\n\n\n\n<li>Uso seguro de ferramentas manuais;<\/li>\n\n\n\n<li>No\u00e7\u00f5es b\u00e1sicas de combate a inc\u00eandio e de seguran\u00e7a do trabalho;<\/li>\n\n\n\n<li>Prote\u00e7\u00e3o das m\u00e3os;<\/li>\n\n\n\n<li>Alimenta\u00e7\u00e3o saud\u00e1vel;<\/li>\n\n\n\n<li>Ass\u00e9dio;<\/li>\n\n\n\n<li>Atividade F\u00edsica;<\/li>\n\n\n\n<li>Fatores psicossociais;<\/li>\n\n\n\n<li>Estresse;<\/li>\n\n\n\n<li>Depress\u00e3o;<\/li>\n\n\n\n<li>Doen\u00e7as do Cora\u00e7\u00e3o;<\/li>\n\n\n\n<li>Hipertens\u00e3o;<\/li>\n\n\n\n<li>Sa\u00fade do Homem (Novembro Azul);<\/li>\n\n\n\n<li>Depend\u00eancia de jogos de azar; e<\/li>\n\n\n\n<li>T\u00e9cnicas de medita\u00e7\u00e3o.<\/li>\n<\/ol>\n\n\n\n<p>As inscri\u00e7\u00f5es j\u00e1 est\u00e3o dispon\u00edveis e podem ser feitas por meio do link: <a href=\"https:\/\/www.sympla.com.br\/evento-online\/sesi-vida---capacitacoes-gratuitas-em-saude-e-seguranca\/3249010\">https:\/\/www.sympla.com.br\/evento-online\/sesi-vida&#8212;capacitacoes-gratuitas-em-saude-e-seguranca\/3249010<\/a><\/p>\n","protected":false},"featured_media":2912,"template":"","categories":[5,251,28],"tags":[186,268],"class_list":["post-2911","noticias","type-noticias","status-publish","has-post-thumbnail","hentry","category-capacitacao-empresarial","category-sesi","category-sst-e-qualidade-de-vida","tag-sesi","tag-sesi-vida"],"acf":[],"yoast_head":"<!-- This site is optimized with the Yoast SEO plugin v26.2 - https:\/\/yoast.com\/wordpress\/plugins\/seo\/ -->\n<title>SESI Vida abre inscri\u00e7\u00f5es para capacita\u00e7\u00f5es gratuitas em Seguran\u00e7a e Sa\u00fade do Trabalho - Regional Alto Parana\u00edba<\/title>\n<meta name=\"description\" content=\"Os objetivos s\u00e3o atualizar conhecimentos, estimular a troca de experi\u00eancias e fortalecer pr\u00e1ticas que contribuam para ambientes de trabalho mais seguros, saud\u00e1veis e produtivos.\" \/>\n<meta name=\"robots\" content=\"index, follow, max-snippet:-1, max-image-preview:large, max-video-preview:-1\" \/>\n<link rel=\"canonical\" href=\"https:\/\/www.fiemg.com.br\/regional-alto-paranaiba\/noticias\/sesi-vida-abre-inscricoes-para-capacitacoes-gratuitas-em-seguranca-e-saude-do-trabalho\/\" \/>\n<meta property=\"og:locale\" content=\"pt_BR\" \/>\n<meta property=\"og:type\" content=\"article\" \/>\n<meta property=\"og:title\" content=\"SESI Vida abre inscri\u00e7\u00f5es para capacita\u00e7\u00f5es gratuitas em Seguran\u00e7a e Sa\u00fade do Trabalho - Regional Alto Parana\u00edba\" \/>\n<meta property=\"og:description\" content=\"Os objetivos s\u00e3o atualizar conhecimentos, estimular a troca de experi\u00eancias e fortalecer pr\u00e1ticas que contribuam para ambientes de trabalho mais seguros, saud\u00e1veis e produtivos.\" \/>\n<meta property=\"og:url\" content=\"https:\/\/www.fiemg.com.br\/regional-alto-paranaiba\/noticias\/sesi-vida-abre-inscricoes-para-capacitacoes-gratuitas-em-seguranca-e-saude-do-trabalho\/\" \/>\n<meta property=\"og:site_name\" content=\"Regional Alto Parana\u00edba\" \/>\n<meta property=\"article:modified_time\" content=\"2026-01-28T13:01:04+00:00\" \/>\n<meta property=\"og:image\" content=\"https:\/\/www.fiemg.com.br\/regional-alto-paranaiba\/wp-content\/uploads\/sites\/15\/2026\/01\/Sesi-Vida-Capacitacoes-SST.jpg\" \/>\n\t<meta property=\"og:image:width\" content=\"646\" \/>\n\t<meta property=\"og:image:height\" content=\"600\" \/>\n\t<meta property=\"og:image:type\" content=\"image\/jpeg\" \/>\n<meta name=\"twitter:card\" content=\"summary_large_image\" \/>\n<meta name=\"twitter:label1\" content=\"Est. tempo de leitura\" \/>\n\t<meta name=\"twitter:data1\" content=\"2 minutos\" \/>\n<script type=\"application\/ld+json\" class=\"yoast-schema-graph\">{\"@context\":\"https:\/\/schema.org\",\"@graph\":[{\"@type\":\"WebPage\",\"@id\":\"https:\/\/www.fiemg.com.br\/regional-alto-paranaiba\/noticias\/sesi-vida-abre-inscricoes-para-capacitacoes-gratuitas-em-seguranca-e-saude-do-trabalho\/\",\"url\":\"https:\/\/www.fiemg.com.br\/regional-alto-paranaiba\/noticias\/sesi-vida-abre-inscricoes-para-capacitacoes-gratuitas-em-seguranca-e-saude-do-trabalho\/\",\"name\":\"SESI Vida abre inscri\u00e7\u00f5es para capacita\u00e7\u00f5es gratuitas em Seguran\u00e7a e Sa\u00fade do Trabalho - Regional Alto Parana\u00edba\",\"isPartOf\":{\"@id\":\"https:\/\/www.fiemg.com.br\/regional-alto-paranaiba\/#website\"},\"primaryImageOfPage\":{\"@id\":\"https:\/\/www.fiemg.com.br\/regional-alto-paranaiba\/noticias\/sesi-vida-abre-inscricoes-para-capacitacoes-gratuitas-em-seguranca-e-saude-do-trabalho\/#primaryimage\"},\"image\":{\"@id\":\"https:\/\/www.fiemg.com.br\/regional-alto-paranaiba\/noticias\/sesi-vida-abre-inscricoes-para-capacitacoes-gratuitas-em-seguranca-e-saude-do-trabalho\/#primaryimage\"},\"thumbnailUrl\":\"https:\/\/www.fiemg.com.br\/regional-alto-paranaiba\/wp-content\/uploads\/sites\/15\/2026\/01\/Sesi-Vida-Capacitacoes-SST.jpg\",\"datePublished\":\"2026-01-19T12:56:46+00:00\",\"dateModified\":\"2026-01-28T13:01:04+00:00\",\"description\":\"Os objetivos s\u00e3o atualizar conhecimentos, estimular a troca de experi\u00eancias e fortalecer pr\u00e1ticas que contribuam para ambientes de trabalho mais seguros, saud\u00e1veis e produtivos.\",\"breadcrumb\":{\"@id\":\"https:\/\/www.fiemg.com.br\/regional-alto-paranaiba\/noticias\/sesi-vida-abre-inscricoes-para-capacitacoes-gratuitas-em-seguranca-e-saude-do-trabalho\/#breadcrumb\"},\"inLanguage\":\"pt-BR\",\"potentialAction\":[{\"@type\":\"ReadAction\",\"target\":[\"https:\/\/www.fiemg.com.br\/regional-alto-paranaiba\/noticias\/sesi-vida-abre-inscricoes-para-capacitacoes-gratuitas-em-seguranca-e-saude-do-trabalho\/\"]}]},{\"@type\":\"ImageObject\",\"inLanguage\":\"pt-BR\",\"@id\":\"https:\/\/www.fiemg.com.br\/regional-alto-paranaiba\/noticias\/sesi-vida-abre-inscricoes-para-capacitacoes-gratuitas-em-seguranca-e-saude-do-trabalho\/#primaryimage\",\"url\":\"https:\/\/www.fiemg.com.br\/regional-alto-paranaiba\/wp-content\/uploads\/sites\/15\/2026\/01\/Sesi-Vida-Capacitacoes-SST.jpg\",\"contentUrl\":\"https:\/\/www.fiemg.com.br\/regional-alto-paranaiba\/wp-content\/uploads\/sites\/15\/2026\/01\/Sesi-Vida-Capacitacoes-SST.jpg\",\"width\":646,\"height\":600},{\"@type\":\"BreadcrumbList\",\"@id\":\"https:\/\/www.fiemg.com.br\/regional-alto-paranaiba\/noticias\/sesi-vida-abre-inscricoes-para-capacitacoes-gratuitas-em-seguranca-e-saude-do-trabalho\/#breadcrumb\",\"itemListElement\":[{\"@type\":\"ListItem\",\"position\":1,\"name\":\"In\u00edcio\",\"item\":\"https:\/\/www.fiemg.com.br\/regional-alto-paranaiba\/\"},{\"@type\":\"ListItem\",\"position\":2,\"name\":\"SESI Vida abre inscri\u00e7\u00f5es para capacita\u00e7\u00f5es gratuitas em Seguran\u00e7a e Sa\u00fade do Trabalho\"}]},{\"@type\":\"WebSite\",\"@id\":\"https:\/\/www.fiemg.com.br\/regional-alto-paranaiba\/#website\",\"url\":\"https:\/\/www.fiemg.com.br\/regional-alto-paranaiba\/\",\"name\":\"Regional Alto Parana\u00edba\",\"description\":\"Federa\u00e7\u00e3o das Ind\u00fastrias do Estado de Minas Gerais\",\"publisher\":{\"@id\":\"https:\/\/www.fiemg.com.br\/regional-alto-paranaiba\/#organization\"},\"potentialAction\":[{\"@type\":\"SearchAction\",\"target\":{\"@type\":\"EntryPoint\",\"urlTemplate\":\"https:\/\/www.fiemg.com.br\/regional-alto-paranaiba\/?s={search_term_string}\"},\"query-input\":{\"@type\":\"PropertyValueSpecification\",\"valueRequired\":true,\"valueName\":\"search_term_string\"}}],\"inLanguage\":\"pt-BR\"},{\"@type\":\"Organization\",\"@id\":\"https:\/\/www.fiemg.com.br\/regional-alto-paranaiba\/#organization\",\"name\":\"Regional Alto Parana\u00edba\",\"url\":\"https:\/\/www.fiemg.com.br\/regional-alto-paranaiba\/\",\"logo\":{\"@type\":\"ImageObject\",\"inLanguage\":\"pt-BR\",\"@id\":\"https:\/\/www.fiemg.com.br\/regional-alto-paranaiba\/#\/schema\/logo\/image\/\",\"url\":\"https:\/\/www.fiemg.com.br\/regional-alto-paranaiba\/wp-content\/uploads\/sites\/15\/2023\/02\/Ativo-1.png\",\"contentUrl\":\"https:\/\/www.fiemg.com.br\/regional-alto-paranaiba\/wp-content\/uploads\/sites\/15\/2023\/02\/Ativo-1.png\",\"width\":563,\"height\":149,\"caption\":\"Regional Alto Parana\u00edba\"},\"image\":{\"@id\":\"https:\/\/www.fiemg.com.br\/regional-alto-paranaiba\/#\/schema\/logo\/image\/\"}}]}<\/script>\n<!-- \/ Yoast SEO plugin. -->","yoast_head_json":{"title":"SESI Vida abre inscri\u00e7\u00f5es para capacita\u00e7\u00f5es gratuitas em Seguran\u00e7a e Sa\u00fade do Trabalho - Regional Alto Parana\u00edba","description":"Os objetivos s\u00e3o atualizar conhecimentos, estimular a troca de experi\u00eancias e fortalecer pr\u00e1ticas que contribuam para ambientes de trabalho mais seguros, saud\u00e1veis e produtivos.","robots":{"index":"index","follow":"follow","max-snippet":"max-snippet:-1","max-image-preview":"max-image-preview:large","max-video-preview":"max-video-preview:-1"},"canonical":"https:\/\/www.fiemg.com.br\/regional-alto-paranaiba\/noticias\/sesi-vida-abre-inscricoes-para-capacitacoes-gratuitas-em-seguranca-e-saude-do-trabalho\/","og_locale":"pt_BR","og_type":"article","og_title":"SESI Vida abre inscri\u00e7\u00f5es para capacita\u00e7\u00f5es gratuitas em Seguran\u00e7a e Sa\u00fade do Trabalho - Regional Alto Parana\u00edba","og_description":"Os objetivos s\u00e3o atualizar conhecimentos, estimular a troca de experi\u00eancias e fortalecer pr\u00e1ticas que contribuam para ambientes de trabalho mais seguros, saud\u00e1veis e produtivos.","og_url":"https:\/\/www.fiemg.com.br\/regional-alto-paranaiba\/noticias\/sesi-vida-abre-inscricoes-para-capacitacoes-gratuitas-em-seguranca-e-saude-do-trabalho\/","og_site_name":"Regional Alto Parana\u00edba","article_modified_time":"2026-01-28T13:01:04+00:00","og_image":[{"width":646,"height":600,"url":"https:\/\/www.fiemg.com.br\/regional-alto-paranaiba\/wp-content\/uploads\/sites\/15\/2026\/01\/Sesi-Vida-Capacitacoes-SST.jpg","type":"image\/jpeg"}],"twitter_card":"summary_large_image","twitter_misc":{"Est. tempo de leitura":"2 minutos"},"schema":{"@context":"https:\/\/schema.org","@graph":[{"@type":"WebPage","@id":"https:\/\/www.fiemg.com.br\/regional-alto-paranaiba\/noticias\/sesi-vida-abre-inscricoes-para-capacitacoes-gratuitas-em-seguranca-e-saude-do-trabalho\/","url":"https:\/\/www.fiemg.com.br\/regional-alto-paranaiba\/noticias\/sesi-vida-abre-inscricoes-para-capacitacoes-gratuitas-em-seguranca-e-saude-do-trabalho\/","name":"SESI Vida abre inscri\u00e7\u00f5es para capacita\u00e7\u00f5es gratuitas em Seguran\u00e7a e Sa\u00fade do Trabalho - Regional Alto Parana\u00edba","isPartOf":{"@id":"https:\/\/www.fiemg.com.br\/regional-alto-paranaiba\/#website"},"primaryImageOfPage":{"@id":"https:\/\/www.fiemg.com.br\/regional-alto-paranaiba\/noticias\/sesi-vida-abre-inscricoes-para-capacitacoes-gratuitas-em-seguranca-e-saude-do-trabalho\/#primaryimage"},"image":{"@id":"https:\/\/www.fiemg.com.br\/regional-alto-paranaiba\/noticias\/sesi-vida-abre-inscricoes-para-capacitacoes-gratuitas-em-seguranca-e-saude-do-trabalho\/#primaryimage"},"thumbnailUrl":"https:\/\/www.fiemg.com.br\/regional-alto-paranaiba\/wp-content\/uploads\/sites\/15\/2026\/01\/Sesi-Vida-Capacitacoes-SST.jpg","datePublished":"2026-01-19T12:56:46+00:00","dateModified":"2026-01-28T13:01:04+00:00","description":"Os objetivos s\u00e3o atualizar conhecimentos, estimular a troca de experi\u00eancias e fortalecer pr\u00e1ticas que contribuam para ambientes de trabalho mais seguros, saud\u00e1veis e produtivos.","breadcrumb":{"@id":"https:\/\/www.fiemg.com.br\/regional-alto-paranaiba\/noticias\/sesi-vida-abre-inscricoes-para-capacitacoes-gratuitas-em-seguranca-e-saude-do-trabalho\/#breadcrumb"},"inLanguage":"pt-BR","potentialAction":[{"@type":"ReadAction","target":["https:\/\/www.fiemg.com.br\/regional-alto-paranaiba\/noticias\/sesi-vida-abre-inscricoes-para-capacitacoes-gratuitas-em-seguranca-e-saude-do-trabalho\/"]}]},{"@type":"ImageObject","inLanguage":"pt-BR","@id":"https:\/\/www.fiemg.com.br\/regional-alto-paranaiba\/noticias\/sesi-vida-abre-inscricoes-para-capacitacoes-gratuitas-em-seguranca-e-saude-do-trabalho\/#primaryimage","url":"https:\/\/www.fiemg.com.br\/regional-alto-paranaiba\/wp-content\/uploads\/sites\/15\/2026\/01\/Sesi-Vida-Capacitacoes-SST.jpg","contentUrl":"https:\/\/www.fiemg.com.br\/regional-alto-paranaiba\/wp-content\/uploads\/sites\/15\/2026\/01\/Sesi-Vida-Capacitacoes-SST.jpg","width":646,"height":600},{"@type":"BreadcrumbList","@id":"https:\/\/www.fiemg.com.br\/regional-alto-paranaiba\/noticias\/sesi-vida-abre-inscricoes-para-capacitacoes-gratuitas-em-seguranca-e-saude-do-trabalho\/#breadcrumb","itemListElement":[{"@type":"ListItem","position":1,"name":"In\u00edcio","item":"https:\/\/www.fiemg.com.br\/regional-alto-paranaiba\/"},{"@type":"ListItem","position":2,"name":"SESI Vida abre inscri\u00e7\u00f5es para capacita\u00e7\u00f5es gratuitas em Seguran\u00e7a e Sa\u00fade do Trabalho"}]},{"@type":"WebSite","@id":"https:\/\/www.fiemg.com.br\/regional-alto-paranaiba\/#website","url":"https:\/\/www.fiemg.com.br\/regional-alto-paranaiba\/","name":"Regional Alto Parana\u00edba","description":"Federa\u00e7\u00e3o das Ind\u00fastrias do Estado de Minas Gerais","publisher":{"@id":"https:\/\/www.fiemg.com.br\/regional-alto-paranaiba\/#organization"},"potentialAction":[{"@type":"SearchAction","target":{"@type":"EntryPoint","urlTemplate":"https:\/\/www.fiemg.com.br\/regional-alto-paranaiba\/?s={search_term_string}"},"query-input":{"@type":"PropertyValueSpecification","valueRequired":true,"valueName":"search_term_string"}}],"inLanguage":"pt-BR"},{"@type":"Organization","@id":"https:\/\/www.fiemg.com.br\/regional-alto-paranaiba\/#organization","name":"Regional Alto Parana\u00edba","url":"https:\/\/www.fiemg.com.br\/regional-alto-paranaiba\/","logo":{"@type":"ImageObject","inLanguage":"pt-BR","@id":"https:\/\/www.fiemg.com.br\/regional-alto-paranaiba\/#\/schema\/logo\/image\/","url":"https:\/\/www.fiemg.com.br\/regional-alto-paranaiba\/wp-content\/uploads\/sites\/15\/2023\/02\/Ativo-1.png","contentUrl":"https:\/\/www.fiemg.com.br\/regional-alto-paranaiba\/wp-content\/uploads\/sites\/15\/2023\/02\/Ativo-1.png","width":563,"height":149,"caption":"Regional Alto Parana\u00edba"},"image":{"@id":"https:\/\/www.fiemg.com.br\/regional-alto-paranaiba\/#\/schema\/logo\/image\/"}}]}},"_links":{"self":[{"href":"https:\/\/www.fiemg.com.br\/regional-alto-paranaiba\/wp-json\/wp\/v2\/noticias\/2911","targetHints":{"allow":["GET"]}}],"collection":[{"href":"https:\/\/www.fiemg.com.br\/regional-alto-paranaiba\/wp-json\/wp\/v2\/noticias"}],"about":[{"href":"https:\/\/www.fiemg.com.br\/regional-alto-paranaiba\/wp-json\/wp\/v2\/types\/noticias"}],"wp:featuredmedia":[{"embeddable":true,"href":"https:\/\/www.fiemg.com.br\/regional-alto-paranaiba\/wp-json\/wp\/v2\/media\/2912"}],"wp:attachment":[{"href":"https:\/\/www.fiemg.com.br\/regional-alto-paranaiba\/wp-json\/wp\/v2\/media?parent=2911"}],"wp:term":[{"taxonomy":"category","embeddable":true,"href":"https:\/\/www.fiemg.com.br\/regional-alto-paranaiba\/wp-json\/wp\/v2\/categories?post=2911"},{"taxonomy":"post_tag","embeddable":true,"href":"https:\/\/www.fiemg.com.br\/regional-alto-paranaiba\/wp-json\/wp\/v2\/tags?post=2911"}],"curies":[{"name":"wp","href":"https:\/\/api.w.org\/{rel}","templated":true}]}}