{"id":1915,"date":"2024-07-03T09:12:30","date_gmt":"2024-07-03T12:12:30","guid":{"rendered":"https:\/\/www.fiemg.com.br\/regional-alto-paranaiba\/?p=1915"},"modified":"2024-07-03T09:12:32","modified_gmt":"2024-07-03T12:12:32","slug":"reuniao-do-sindimetal-apresenta-projetos-estrategicos","status":"publish","type":"post","link":"https:\/\/www.fiemg.com.br\/regional-alto-paranaiba\/reuniao-do-sindimetal-apresenta-projetos-estrategicos\/","title":{"rendered":"Reuni\u00e3o do Sindimetal apresenta projetos estrat\u00e9gicos"},"content":{"rendered":"\n<p><em>Seguran\u00e7a P\u00fablica e Consultorias Especializadas para as empresas<\/em><\/p>\n\n\n\n<p>Nova diretoria do Sindimetal (Sindicato das Ind\u00fastrias Metal\u00fargicas, Mec\u00e2nicas e do Material El\u00e9trico), sob a presid\u00eancia do industrial M\u00e1rcio Antunes Filgueira Junior, realiza a primeira reuni\u00e3o. Na pauta, o projeto de Seguran\u00e7a P\u00fablica com uso de Intelig\u00eancia Artificial da Pol\u00edcia Militar, a cria\u00e7\u00e3o de C\u00e2maras de Trabalho na entidade e oportunidade de projeto junto a CNI, SEBRAE e IEL\/FIEMG.<\/p>\n\n\n\n<p>O Projeto de Seguran\u00e7a P\u00fablica foi apresentado pelo comandante do 15\u00ba Batalh\u00e3o de Pol\u00edcia Militar, Adhynan R. Santos e pelo tenente Gomes. Eles destacaram pontos estrat\u00e9gicos para a instala\u00e7\u00e3o de c\u00e2meras de seguran\u00e7a, para se coibir ocorr\u00eancias policiais, especialmente, na regi\u00e3o sul da cidade. A apresenta\u00e7\u00e3o do projeto atende demanda do APL Metalmec\u00e2nico e Afins.<\/p>\n\n\n\n<p>O segundo assunto foi com o analista de Projetos do IEL (Instituto Euvaldo Lodi), Pedro Casasanta. O objetivo foi apresentar aos industriais a pauta do Projeto Procompi (Programa de Apoio \u00e0 Competividade de Micro e Pequenas Empresas) desenvolvido pela CNI (Confedera\u00e7\u00e3o Nacional da Ind\u00fastria), Sebrae e IEL\/FIEMG, em parceria com o Sindimetal.<\/p>\n\n\n\n<p>O programa prev\u00ea a realiza\u00e7\u00e3o de capacita\u00e7\u00f5es, consultorias individualizadas e a realiza\u00e7\u00e3o de um semin\u00e1rio t\u00e9cnico. Ser\u00e3o abordados os conte\u00fados de Gest\u00e3o e Governan\u00e7a, com parte dos custos subsidiados pelo Sebrae Nacional. \u201cO projeto ir\u00e1 atender 15 micros e pequenas ind\u00fastrias do setor metalmec\u00e2nico, com consultores renomados. Os temas foram pensados para o desenvolvimento das empresas e a perenidade das mesmas, frente a um mercado t\u00e3o concorrido\u201d, complementou Casasanta. De imediato, seis associados aderiram ao projeto, logo ap\u00f3s a apresenta\u00e7\u00e3o das atividades.<\/p>\n\n\n\n<p>Um deles foi o Fabio Ferreira da Oficina do Baiano. A expectativa dele \u00e9 que as informa\u00e7\u00f5es que ser\u00e3o transmitidas pelos consultores do Procompi ir\u00e3o \u201crevolucionar\u201d os neg\u00f3cios de todas as empresas que aderirem ao programa.<\/p>\n\n\n\n<p>Outro tema da reuni\u00e3o do Sindimetal foi a institui\u00e7\u00e3o de C\u00e2maras Setoriais para identifica\u00e7\u00e3o de demandas e busca de solu\u00e7\u00f5es por meio de parcerias institucionais. \u201cVamos criar C\u00e2maras espec\u00edficas pois temos segmentos distintos na nossa entidade e \u00e9 preciso que todos os nossos associados sejam contemplados com as a\u00e7\u00f5es que ser\u00e3o desenvolvidas por essa diretoria\u201d, refor\u00e7ou o presidente M\u00e1rcio J\u00fanior.<\/p>\n\n\n\n<p><\/p>\n","protected":false},"excerpt":{"rendered":"<p>Seguran\u00e7a P\u00fablica e Consultorias Especializadas para as empresas Nova diretoria do Sindimetal (Sindicato das Ind\u00fastrias Metal\u00fargicas, Mec\u00e2nicas e do Material El\u00e9trico), sob a presid\u00eancia do industrial M\u00e1rcio Antunes Filgueira Junior, realiza a primeira reuni\u00e3o. Na pauta, o projeto de Seguran\u00e7a P\u00fablica com uso de Intelig\u00eancia Artificial da Pol\u00edcia Militar, a cria\u00e7\u00e3o de C\u00e2maras de Trabalho [&hellip;]<\/p>\n","protected":false},"author":46,"featured_media":1917,"comment_status":"open","ping_status":"open","sticky":false,"template":"","format":"standard","meta":{"footnotes":""},"categories":[14],"tags":[],"class_list":["post-1915","post","type-post","status-publish","format-standard","has-post-thumbnail","hentry","category-noticias"],"acf":[],"yoast_head":"<!-- This site is optimized with the Yoast SEO plugin v26.2 - https:\/\/yoast.com\/wordpress\/plugins\/seo\/ -->\n<title>Reuni\u00e3o do Sindimetal apresenta projetos estrat\u00e9gicos - Regional Alto Parana\u00edba<\/title>\n<meta name=\"description\" content=\"Diretoria do Sindimetal discute projetos de Seguran\u00e7a P\u00fablica com uso de Intelig\u00eancia Artificial da Pol\u00edcia Militar, cria\u00e7\u00e3o de C\u00e2maras de Trabalho e oportunidades junto \u00e0 CNI, ao SEBRAE e ao IEL\/FIEMG.\" \/>\n<meta name=\"robots\" content=\"index, follow, max-snippet:-1, max-image-preview:large, max-video-preview:-1\" \/>\n<link rel=\"canonical\" href=\"https:\/\/www.fiemg.com.br\/regional-alto-paranaiba\/reuniao-do-sindimetal-apresenta-projetos-estrategicos\/\" \/>\n<meta property=\"og:locale\" content=\"pt_BR\" \/>\n<meta property=\"og:type\" content=\"article\" \/>\n<meta property=\"og:title\" content=\"Reuni\u00e3o do Sindimetal apresenta projetos estrat\u00e9gicos - Regional Alto Parana\u00edba\" \/>\n<meta property=\"og:description\" content=\"Diretoria do Sindimetal discute projetos de Seguran\u00e7a P\u00fablica com uso de Intelig\u00eancia Artificial da Pol\u00edcia Militar, cria\u00e7\u00e3o de C\u00e2maras de Trabalho e oportunidades junto \u00e0 CNI, ao SEBRAE e ao IEL\/FIEMG.\" \/>\n<meta property=\"og:url\" content=\"https:\/\/www.fiemg.com.br\/regional-alto-paranaiba\/reuniao-do-sindimetal-apresenta-projetos-estrategicos\/\" \/>\n<meta property=\"og:site_name\" content=\"Regional Alto Parana\u00edba\" \/>\n<meta property=\"article:published_time\" content=\"2024-07-03T12:12:30+00:00\" \/>\n<meta property=\"article:modified_time\" content=\"2024-07-03T12:12:32+00:00\" \/>\n<meta property=\"og:image\" content=\"https:\/\/www.fiemg.com.br\/regional-alto-paranaiba\/wp-content\/uploads\/sites\/15\/2024\/07\/2-1024x894.jpg\" \/>\n\t<meta property=\"og:image:width\" content=\"1024\" \/>\n\t<meta property=\"og:image:height\" content=\"894\" \/>\n\t<meta property=\"og:image:type\" content=\"image\/jpeg\" \/>\n<meta name=\"author\" content=\"mariangela@fiemg.com.br\" \/>\n<meta name=\"twitter:card\" content=\"summary_large_image\" \/>\n<meta name=\"twitter:label1\" content=\"Escrito por\" \/>\n\t<meta name=\"twitter:data1\" content=\"mariangela@fiemg.com.br\" \/>\n\t<meta name=\"twitter:label2\" content=\"Est. tempo de leitura\" \/>\n\t<meta name=\"twitter:data2\" content=\"2 minutos\" \/>\n<script type=\"application\/ld+json\" class=\"yoast-schema-graph\">{\"@context\":\"https:\/\/schema.org\",\"@graph\":[{\"@type\":\"Article\",\"@id\":\"https:\/\/www.fiemg.com.br\/regional-alto-paranaiba\/reuniao-do-sindimetal-apresenta-projetos-estrategicos\/#article\",\"isPartOf\":{\"@id\":\"https:\/\/www.fiemg.com.br\/regional-alto-paranaiba\/reuniao-do-sindimetal-apresenta-projetos-estrategicos\/\"},\"author\":{\"name\":\"mariangela@fiemg.com.br\",\"@id\":\"https:\/\/www.fiemg.com.br\/regional-alto-paranaiba\/#\/schema\/person\/d16e92741716cc21d955ac32c6ad351d\"},\"headline\":\"Reuni\u00e3o do Sindimetal apresenta projetos estrat\u00e9gicos\",\"datePublished\":\"2024-07-03T12:12:30+00:00\",\"dateModified\":\"2024-07-03T12:12:32+00:00\",\"mainEntityOfPage\":{\"@id\":\"https:\/\/www.fiemg.com.br\/regional-alto-paranaiba\/reuniao-do-sindimetal-apresenta-projetos-estrategicos\/\"},\"wordCount\":416,\"commentCount\":0,\"publisher\":{\"@id\":\"https:\/\/www.fiemg.com.br\/regional-alto-paranaiba\/#organization\"},\"image\":{\"@id\":\"https:\/\/www.fiemg.com.br\/regional-alto-paranaiba\/reuniao-do-sindimetal-apresenta-projetos-estrategicos\/#primaryimage\"},\"thumbnailUrl\":\"https:\/\/www.fiemg.com.br\/regional-alto-paranaiba\/wp-content\/uploads\/sites\/15\/2024\/07\/2.jpg\",\"articleSection\":[\"Not\u00edcias\"],\"inLanguage\":\"pt-BR\",\"potentialAction\":[{\"@type\":\"CommentAction\",\"name\":\"Comment\",\"target\":[\"https:\/\/www.fiemg.com.br\/regional-alto-paranaiba\/reuniao-do-sindimetal-apresenta-projetos-estrategicos\/#respond\"]}]},{\"@type\":\"WebPage\",\"@id\":\"https:\/\/www.fiemg.com.br\/regional-alto-paranaiba\/reuniao-do-sindimetal-apresenta-projetos-estrategicos\/\",\"url\":\"https:\/\/www.fiemg.com.br\/regional-alto-paranaiba\/reuniao-do-sindimetal-apresenta-projetos-estrategicos\/\",\"name\":\"Reuni\u00e3o do Sindimetal apresenta projetos estrat\u00e9gicos - Regional Alto Parana\u00edba\",\"isPartOf\":{\"@id\":\"https:\/\/www.fiemg.com.br\/regional-alto-paranaiba\/#website\"},\"primaryImageOfPage\":{\"@id\":\"https:\/\/www.fiemg.com.br\/regional-alto-paranaiba\/reuniao-do-sindimetal-apresenta-projetos-estrategicos\/#primaryimage\"},\"image\":{\"@id\":\"https:\/\/www.fiemg.com.br\/regional-alto-paranaiba\/reuniao-do-sindimetal-apresenta-projetos-estrategicos\/#primaryimage\"},\"thumbnailUrl\":\"https:\/\/www.fiemg.com.br\/regional-alto-paranaiba\/wp-content\/uploads\/sites\/15\/2024\/07\/2.jpg\",\"datePublished\":\"2024-07-03T12:12:30+00:00\",\"dateModified\":\"2024-07-03T12:12:32+00:00\",\"description\":\"Diretoria do Sindimetal discute projetos de Seguran\u00e7a P\u00fablica com uso de Intelig\u00eancia Artificial da Pol\u00edcia Militar, cria\u00e7\u00e3o de C\u00e2maras de Trabalho e oportunidades junto \u00e0 CNI, ao SEBRAE e ao IEL\/FIEMG.\",\"breadcrumb\":{\"@id\":\"https:\/\/www.fiemg.com.br\/regional-alto-paranaiba\/reuniao-do-sindimetal-apresenta-projetos-estrategicos\/#breadcrumb\"},\"inLanguage\":\"pt-BR\",\"potentialAction\":[{\"@type\":\"ReadAction\",\"target\":[\"https:\/\/www.fiemg.com.br\/regional-alto-paranaiba\/reuniao-do-sindimetal-apresenta-projetos-estrategicos\/\"]}]},{\"@type\":\"ImageObject\",\"inLanguage\":\"pt-BR\",\"@id\":\"https:\/\/www.fiemg.com.br\/regional-alto-paranaiba\/reuniao-do-sindimetal-apresenta-projetos-estrategicos\/#primaryimage\",\"url\":\"https:\/\/www.fiemg.com.br\/regional-alto-paranaiba\/wp-content\/uploads\/sites\/15\/2024\/07\/2.jpg\",\"contentUrl\":\"https:\/\/www.fiemg.com.br\/regional-alto-paranaiba\/wp-content\/uploads\/sites\/15\/2024\/07\/2.jpg\",\"width\":2341,\"height\":2043},{\"@type\":\"BreadcrumbList\",\"@id\":\"https:\/\/www.fiemg.com.br\/regional-alto-paranaiba\/reuniao-do-sindimetal-apresenta-projetos-estrategicos\/#breadcrumb\",\"itemListElement\":[{\"@type\":\"ListItem\",\"position\":1,\"name\":\"In\u00edcio\",\"item\":\"https:\/\/www.fiemg.com.br\/regional-alto-paranaiba\/\"},{\"@type\":\"ListItem\",\"position\":2,\"name\":\"Reuni\u00e3o do Sindimetal apresenta projetos estrat\u00e9gicos\"}]},{\"@type\":\"WebSite\",\"@id\":\"https:\/\/www.fiemg.com.br\/regional-alto-paranaiba\/#website\",\"url\":\"https:\/\/www.fiemg.com.br\/regional-alto-paranaiba\/\",\"name\":\"Regional Alto Parana\u00edba\",\"description\":\"Federa\u00e7\u00e3o das Ind\u00fastrias do Estado de Minas Gerais\",\"publisher\":{\"@id\":\"https:\/\/www.fiemg.com.br\/regional-alto-paranaiba\/#organization\"},\"potentialAction\":[{\"@type\":\"SearchAction\",\"target\":{\"@type\":\"EntryPoint\",\"urlTemplate\":\"https:\/\/www.fiemg.com.br\/regional-alto-paranaiba\/?s={search_term_string}\"},\"query-input\":{\"@type\":\"PropertyValueSpecification\",\"valueRequired\":true,\"valueName\":\"search_term_string\"}}],\"inLanguage\":\"pt-BR\"},{\"@type\":\"Organization\",\"@id\":\"https:\/\/www.fiemg.com.br\/regional-alto-paranaiba\/#organization\",\"name\":\"Regional Alto Parana\u00edba\",\"url\":\"https:\/\/www.fiemg.com.br\/regional-alto-paranaiba\/\",\"logo\":{\"@type\":\"ImageObject\",\"inLanguage\":\"pt-BR\",\"@id\":\"https:\/\/www.fiemg.com.br\/regional-alto-paranaiba\/#\/schema\/logo\/image\/\",\"url\":\"https:\/\/www.fiemg.com.br\/regional-alto-paranaiba\/wp-content\/uploads\/sites\/15\/2023\/02\/Ativo-1.png\",\"contentUrl\":\"https:\/\/www.fiemg.com.br\/regional-alto-paranaiba\/wp-content\/uploads\/sites\/15\/2023\/02\/Ativo-1.png\",\"width\":563,\"height\":149,\"caption\":\"Regional Alto Parana\u00edba\"},\"image\":{\"@id\":\"https:\/\/www.fiemg.com.br\/regional-alto-paranaiba\/#\/schema\/logo\/image\/\"}},{\"@type\":\"Person\",\"@id\":\"https:\/\/www.fiemg.com.br\/regional-alto-paranaiba\/#\/schema\/person\/d16e92741716cc21d955ac32c6ad351d\",\"name\":\"mariangela@fiemg.com.br\",\"image\":{\"@type\":\"ImageObject\",\"inLanguage\":\"pt-BR\",\"@id\":\"https:\/\/www.fiemg.com.br\/regional-alto-paranaiba\/#\/schema\/person\/image\/\",\"url\":\"https:\/\/secure.gravatar.com\/avatar\/666183a31a6d6a2f24e61dc94221bd5832fbb65333098cd70e70c76243cda7e2?s=96&d=mm&r=g\",\"contentUrl\":\"https:\/\/secure.gravatar.com\/avatar\/666183a31a6d6a2f24e61dc94221bd5832fbb65333098cd70e70c76243cda7e2?s=96&d=mm&r=g\",\"caption\":\"mariangela@fiemg.com.br\"},\"url\":\"https:\/\/www.fiemg.com.br\/regional-alto-paranaiba\/author\/mariangelafiemg-com-br\/\"}]}<\/script>\n<!-- \/ Yoast SEO plugin. -->","yoast_head_json":{"title":"Reuni\u00e3o do Sindimetal apresenta projetos estrat\u00e9gicos - Regional Alto Parana\u00edba","description":"Diretoria do Sindimetal discute projetos de Seguran\u00e7a P\u00fablica com uso de Intelig\u00eancia Artificial da Pol\u00edcia Militar, cria\u00e7\u00e3o de C\u00e2maras de Trabalho e oportunidades junto \u00e0 CNI, ao SEBRAE e ao IEL\/FIEMG.","robots":{"index":"index","follow":"follow","max-snippet":"max-snippet:-1","max-image-preview":"max-image-preview:large","max-video-preview":"max-video-preview:-1"},"canonical":"https:\/\/www.fiemg.com.br\/regional-alto-paranaiba\/reuniao-do-sindimetal-apresenta-projetos-estrategicos\/","og_locale":"pt_BR","og_type":"article","og_title":"Reuni\u00e3o do Sindimetal apresenta projetos estrat\u00e9gicos - Regional Alto Parana\u00edba","og_description":"Diretoria do Sindimetal discute projetos de Seguran\u00e7a P\u00fablica com uso de Intelig\u00eancia Artificial da Pol\u00edcia Militar, cria\u00e7\u00e3o de C\u00e2maras de Trabalho e oportunidades junto \u00e0 CNI, ao SEBRAE e ao IEL\/FIEMG.","og_url":"https:\/\/www.fiemg.com.br\/regional-alto-paranaiba\/reuniao-do-sindimetal-apresenta-projetos-estrategicos\/","og_site_name":"Regional Alto Parana\u00edba","article_published_time":"2024-07-03T12:12:30+00:00","article_modified_time":"2024-07-03T12:12:32+00:00","og_image":[{"width":1024,"height":894,"url":"https:\/\/www.fiemg.com.br\/regional-alto-paranaiba\/wp-content\/uploads\/sites\/15\/2024\/07\/2-1024x894.jpg","type":"image\/jpeg"}],"author":"mariangela@fiemg.com.br","twitter_card":"summary_large_image","twitter_misc":{"Escrito por":"mariangela@fiemg.com.br","Est. tempo de leitura":"2 minutos"},"schema":{"@context":"https:\/\/schema.org","@graph":[{"@type":"Article","@id":"https:\/\/www.fiemg.com.br\/regional-alto-paranaiba\/reuniao-do-sindimetal-apresenta-projetos-estrategicos\/#article","isPartOf":{"@id":"https:\/\/www.fiemg.com.br\/regional-alto-paranaiba\/reuniao-do-sindimetal-apresenta-projetos-estrategicos\/"},"author":{"name":"mariangela@fiemg.com.br","@id":"https:\/\/www.fiemg.com.br\/regional-alto-paranaiba\/#\/schema\/person\/d16e92741716cc21d955ac32c6ad351d"},"headline":"Reuni\u00e3o do Sindimetal apresenta projetos estrat\u00e9gicos","datePublished":"2024-07-03T12:12:30+00:00","dateModified":"2024-07-03T12:12:32+00:00","mainEntityOfPage":{"@id":"https:\/\/www.fiemg.com.br\/regional-alto-paranaiba\/reuniao-do-sindimetal-apresenta-projetos-estrategicos\/"},"wordCount":416,"commentCount":0,"publisher":{"@id":"https:\/\/www.fiemg.com.br\/regional-alto-paranaiba\/#organization"},"image":{"@id":"https:\/\/www.fiemg.com.br\/regional-alto-paranaiba\/reuniao-do-sindimetal-apresenta-projetos-estrategicos\/#primaryimage"},"thumbnailUrl":"https:\/\/www.fiemg.com.br\/regional-alto-paranaiba\/wp-content\/uploads\/sites\/15\/2024\/07\/2.jpg","articleSection":["Not\u00edcias"],"inLanguage":"pt-BR","potentialAction":[{"@type":"CommentAction","name":"Comment","target":["https:\/\/www.fiemg.com.br\/regional-alto-paranaiba\/reuniao-do-sindimetal-apresenta-projetos-estrategicos\/#respond"]}]},{"@type":"WebPage","@id":"https:\/\/www.fiemg.com.br\/regional-alto-paranaiba\/reuniao-do-sindimetal-apresenta-projetos-estrategicos\/","url":"https:\/\/www.fiemg.com.br\/regional-alto-paranaiba\/reuniao-do-sindimetal-apresenta-projetos-estrategicos\/","name":"Reuni\u00e3o do Sindimetal apresenta projetos estrat\u00e9gicos - Regional Alto Parana\u00edba","isPartOf":{"@id":"https:\/\/www.fiemg.com.br\/regional-alto-paranaiba\/#website"},"primaryImageOfPage":{"@id":"https:\/\/www.fiemg.com.br\/regional-alto-paranaiba\/reuniao-do-sindimetal-apresenta-projetos-estrategicos\/#primaryimage"},"image":{"@id":"https:\/\/www.fiemg.com.br\/regional-alto-paranaiba\/reuniao-do-sindimetal-apresenta-projetos-estrategicos\/#primaryimage"},"thumbnailUrl":"https:\/\/www.fiemg.com.br\/regional-alto-paranaiba\/wp-content\/uploads\/sites\/15\/2024\/07\/2.jpg","datePublished":"2024-07-03T12:12:30+00:00","dateModified":"2024-07-03T12:12:32+00:00","description":"Diretoria do Sindimetal discute projetos de Seguran\u00e7a P\u00fablica com uso de Intelig\u00eancia Artificial da Pol\u00edcia Militar, cria\u00e7\u00e3o de C\u00e2maras de Trabalho e oportunidades junto \u00e0 CNI, ao SEBRAE e ao IEL\/FIEMG.","breadcrumb":{"@id":"https:\/\/www.fiemg.com.br\/regional-alto-paranaiba\/reuniao-do-sindimetal-apresenta-projetos-estrategicos\/#breadcrumb"},"inLanguage":"pt-BR","potentialAction":[{"@type":"ReadAction","target":["https:\/\/www.fiemg.com.br\/regional-alto-paranaiba\/reuniao-do-sindimetal-apresenta-projetos-estrategicos\/"]}]},{"@type":"ImageObject","inLanguage":"pt-BR","@id":"https:\/\/www.fiemg.com.br\/regional-alto-paranaiba\/reuniao-do-sindimetal-apresenta-projetos-estrategicos\/#primaryimage","url":"https:\/\/www.fiemg.com.br\/regional-alto-paranaiba\/wp-content\/uploads\/sites\/15\/2024\/07\/2.jpg","contentUrl":"https:\/\/www.fiemg.com.br\/regional-alto-paranaiba\/wp-content\/uploads\/sites\/15\/2024\/07\/2.jpg","width":2341,"height":2043},{"@type":"BreadcrumbList","@id":"https:\/\/www.fiemg.com.br\/regional-alto-paranaiba\/reuniao-do-sindimetal-apresenta-projetos-estrategicos\/#breadcrumb","itemListElement":[{"@type":"ListItem","position":1,"name":"In\u00edcio","item":"https:\/\/www.fiemg.com.br\/regional-alto-paranaiba\/"},{"@type":"ListItem","position":2,"name":"Reuni\u00e3o do Sindimetal apresenta projetos estrat\u00e9gicos"}]},{"@type":"WebSite","@id":"https:\/\/www.fiemg.com.br\/regional-alto-paranaiba\/#website","url":"https:\/\/www.fiemg.com.br\/regional-alto-paranaiba\/","name":"Regional Alto Parana\u00edba","description":"Federa\u00e7\u00e3o das Ind\u00fastrias do Estado de Minas Gerais","publisher":{"@id":"https:\/\/www.fiemg.com.br\/regional-alto-paranaiba\/#organization"},"potentialAction":[{"@type":"SearchAction","target":{"@type":"EntryPoint","urlTemplate":"https:\/\/www.fiemg.com.br\/regional-alto-paranaiba\/?s={search_term_string}"},"query-input":{"@type":"PropertyValueSpecification","valueRequired":true,"valueName":"search_term_string"}}],"inLanguage":"pt-BR"},{"@type":"Organization","@id":"https:\/\/www.fiemg.com.br\/regional-alto-paranaiba\/#organization","name":"Regional Alto Parana\u00edba","url":"https:\/\/www.fiemg.com.br\/regional-alto-paranaiba\/","logo":{"@type":"ImageObject","inLanguage":"pt-BR","@id":"https:\/\/www.fiemg.com.br\/regional-alto-paranaiba\/#\/schema\/logo\/image\/","url":"https:\/\/www.fiemg.com.br\/regional-alto-paranaiba\/wp-content\/uploads\/sites\/15\/2023\/02\/Ativo-1.png","contentUrl":"https:\/\/www.fiemg.com.br\/regional-alto-paranaiba\/wp-content\/uploads\/sites\/15\/2023\/02\/Ativo-1.png","width":563,"height":149,"caption":"Regional Alto Parana\u00edba"},"image":{"@id":"https:\/\/www.fiemg.com.br\/regional-alto-paranaiba\/#\/schema\/logo\/image\/"}},{"@type":"Person","@id":"https:\/\/www.fiemg.com.br\/regional-alto-paranaiba\/#\/schema\/person\/d16e92741716cc21d955ac32c6ad351d","name":"mariangela@fiemg.com.br","image":{"@type":"ImageObject","inLanguage":"pt-BR","@id":"https:\/\/www.fiemg.com.br\/regional-alto-paranaiba\/#\/schema\/person\/image\/","url":"https:\/\/secure.gravatar.com\/avatar\/666183a31a6d6a2f24e61dc94221bd5832fbb65333098cd70e70c76243cda7e2?s=96&d=mm&r=g","contentUrl":"https:\/\/secure.gravatar.com\/avatar\/666183a31a6d6a2f24e61dc94221bd5832fbb65333098cd70e70c76243cda7e2?s=96&d=mm&r=g","caption":"mariangela@fiemg.com.br"},"url":"https:\/\/www.fiemg.com.br\/regional-alto-paranaiba\/author\/mariangelafiemg-com-br\/"}]}},"_links":{"self":[{"href":"https:\/\/www.fiemg.com.br\/regional-alto-paranaiba\/wp-json\/wp\/v2\/posts\/1915","targetHints":{"allow":["GET"]}}],"collection":[{"href":"https:\/\/www.fiemg.com.br\/regional-alto-paranaiba\/wp-json\/wp\/v2\/posts"}],"about":[{"href":"https:\/\/www.fiemg.com.br\/regional-alto-paranaiba\/wp-json\/wp\/v2\/types\/post"}],"author":[{"embeddable":true,"href":"https:\/\/www.fiemg.com.br\/regional-alto-paranaiba\/wp-json\/wp\/v2\/users\/46"}],"replies":[{"embeddable":true,"href":"https:\/\/www.fiemg.com.br\/regional-alto-paranaiba\/wp-json\/wp\/v2\/comments?post=1915"}],"version-history":[{"count":0,"href":"https:\/\/www.fiemg.com.br\/regional-alto-paranaiba\/wp-json\/wp\/v2\/posts\/1915\/revisions"}],"wp:featuredmedia":[{"embeddable":true,"href":"https:\/\/www.fiemg.com.br\/regional-alto-paranaiba\/wp-json\/wp\/v2\/media\/1917"}],"wp:attachment":[{"href":"https:\/\/www.fiemg.com.br\/regional-alto-paranaiba\/wp-json\/wp\/v2\/media?parent=1915"}],"wp:term":[{"taxonomy":"category","embeddable":true,"href":"https:\/\/www.fiemg.com.br\/regional-alto-paranaiba\/wp-json\/wp\/v2\/categories?post=1915"},{"taxonomy":"post_tag","embeddable":true,"href":"https:\/\/www.fiemg.com.br\/regional-alto-paranaiba\/wp-json\/wp\/v2\/tags?post=1915"}],"curies":[{"name":"wp","href":"https:\/\/api.w.org\/{rel}","templated":true}]}}