{"id":1179,"date":"2023-07-03T16:26:34","date_gmt":"2023-07-03T16:26:34","guid":{"rendered":"https:\/\/www.fiemg.com.br\/regional-centro-oeste\/noticias\/fiemg-sera-a-primeira-entidade-a-participar-de-programa-de-descontos-na-conta-de-luz-para-empresas\/"},"modified":"2023-07-12T16:27:24","modified_gmt":"2023-07-12T16:27:24","slug":"fiemg-sera-a-primeira-entidade-a-participar-de-programa-de-descontos-na-conta-de-luz-para-empresas","status":"publish","type":"noticias","link":"https:\/\/www.fiemg.com.br\/regional-centro-oeste\/noticias\/fiemg-sera-a-primeira-entidade-a-participar-de-programa-de-descontos-na-conta-de-luz-para-empresas\/","title":{"rendered":"FIEMG ser\u00e1 a primeira entidade a participar de programa de descontos na conta de luz para empresas"},"content":{"rendered":"<header class=\"entry-header\"><\/header>\n<div class=\"share pull-right\">\n<div class=\"addthis_sharing_toolbox\"><\/div>\n<\/div>\n<div class=\"entry-content\"><a class=\"modal-image cboxElement\" href=\"https:\/\/www.fiemg.com.br\/Cms_Data\/Contents\/regionais\/Folders\/Noticias\/CentroOeste\/~contents\/ZMB25V32C736S3NB\/53019172597_73f4cd9b5e_c.jpg\"><img decoding=\"async\" src=\"https:\/\/www.fiemg.com.br\/Assets\/Images\/DynamicImages\/29c9521ff11ff3a90f48071b8f670a6e4d0a6c26450ac49e4496f77787e34692.jpg\" \/><\/a>Com o objetivo de garantir economia de at\u00e9 35% na conta de luz de empresas associadas, a FIEMG assinou, nesta segunda-feira (03), um acordo de participa\u00e7\u00e3o no\u00a0Programa de Pontos de Energia Livre da Companhia Energ\u00e9tica de Minas Gerais\u00a0(CEMIG). A Federa\u00e7\u00e3o ser\u00e1 a primeira entidade do Estado a participar da iniciativa.<\/p>\n<p>Por meio do mercado livre de energia, as empresas poder\u00e3o escolher o fornecedor de Energia El\u00e9trica e negociar as condi\u00e7\u00f5es de pre\u00e7o, per\u00edodo e quantidade. Com isso, os clientes de m\u00e9dia tens\u00e3o, de todas as regi\u00f5es do Brasil, ter\u00e3o a op\u00e7\u00e3o de comprar energia da Companhia.<\/p>\n<p>O projeto de pontua\u00e7\u00e3o da CEMIG entrar\u00e1 em vigor a partir de janeiro de 2024, mas os associados da FIEMG j\u00e1 poder\u00e3o fazer a ades\u00e3o antecipadamente. Para isso, basta procurar a\u00a0Ger\u00eancia de Energia da institui\u00e7\u00e3o, que prestar\u00e1 consultorias aos empres\u00e1rios at\u00e9 a finaliza\u00e7\u00e3o do processo de migra\u00e7\u00e3o.<\/p>\n<p>A cada contrato de mercado varejista assinado atrav\u00e9s de indica\u00e7\u00e3o da Federa\u00e7\u00e3o, a Cemig fornecer\u00e1 pontos que ser\u00e3o convertidos em descontos na conta de luz.<\/p>\n<p>Segundo Fl\u00e1vio Roscoe, presidente da FIEMG, o programa trar\u00e1\u00a0in\u00fameras vantagens para o setor produtivo em Minas Gerais, tornando o ambiente de neg\u00f3cios mais competitivo e tamb\u00e9m sustent\u00e1vel, j\u00e1 que as ind\u00fastrias participantes receber\u00e3o certifica\u00e7\u00e3o de energia limpa e renov\u00e1vel. A expectativa \u00e9 que pelo menos 7 mil empresas no Estado fa\u00e7am a migra\u00e7\u00e3o para o mercado livre de energia. O presidente da CEMIG, Reynaldo Passanezi, celebrou a parceria firmada com a FIEMG e destacou o potencial da entidade em atrair cada vez mais industriais para o programa de pontua\u00e7\u00e3o.<\/p>\n<p>Clique\u00a0<a href=\"https:\/\/www.flickr.com\/photos\/sistemafiemg\/sets\/72177720309509747\/\" target=\"_blank\" rel=\"noopener\">aqui<\/a>\u00a0e confira mais fotos do evento desta segunda-feira.<\/p>\n<p>&nbsp;<\/p>\n<p>Caio T\u00e1rcia Imprensa FIEMG<\/p>\n<\/div>\n","protected":false},"featured_media":1173,"template":"","categories":[],"tags":[],"class_list":["post-1179","noticias","type-noticias","status-publish","has-post-thumbnail","hentry"],"acf":[],"yoast_head":"<!-- This site is optimized with the Yoast SEO plugin v26.2 - https:\/\/yoast.com\/wordpress\/plugins\/seo\/ -->\n<title>FIEMG ser\u00e1 a primeira entidade a participar de programa de descontos na conta de luz para empresas - Regional Centro-Oeste<\/title>\n<meta name=\"robots\" content=\"index, follow, max-snippet:-1, max-image-preview:large, max-video-preview:-1\" \/>\n<link rel=\"canonical\" href=\"https:\/\/www.fiemg.com.br\/regional-centro-oeste\/noticias\/fiemg-sera-a-primeira-entidade-a-participar-de-programa-de-descontos-na-conta-de-luz-para-empresas\/\" \/>\n<meta property=\"og:locale\" content=\"pt_BR\" \/>\n<meta property=\"og:type\" content=\"article\" \/>\n<meta property=\"og:title\" content=\"FIEMG ser\u00e1 a primeira entidade a participar de programa de descontos na conta de luz para empresas - Regional Centro-Oeste\" \/>\n<meta property=\"og:description\" content=\"Com o objetivo de garantir economia de at\u00e9 35% na conta de luz de empresas associadas, a FIEMG assinou, nesta segunda-feira (03), um acordo de participa\u00e7\u00e3o no\u00a0Programa de Pontos de Energia Livre da Companhia Energ\u00e9tica de Minas Gerais\u00a0(CEMIG). A Federa\u00e7\u00e3o ser\u00e1 a primeira entidade do Estado a participar da iniciativa. Por meio do mercado livre [&hellip;]\" \/>\n<meta property=\"og:url\" content=\"https:\/\/www.fiemg.com.br\/regional-centro-oeste\/noticias\/fiemg-sera-a-primeira-entidade-a-participar-de-programa-de-descontos-na-conta-de-luz-para-empresas\/\" \/>\n<meta property=\"og:site_name\" content=\"Regional Centro-Oeste\" \/>\n<meta property=\"article:modified_time\" content=\"2023-07-12T16:27:24+00:00\" \/>\n<meta property=\"og:image\" content=\"https:\/\/www.fiemg.com.br\/regional-centro-oeste\/wp-content\/uploads\/sites\/16\/2023\/07\/29c9521ff11ff3a90f48071b8f670a6e4d0a6c26450ac49e4496f77787e34692.jpg\" \/>\n\t<meta property=\"og:image:width\" content=\"620\" \/>\n\t<meta property=\"og:image:height\" content=\"240\" \/>\n\t<meta property=\"og:image:type\" content=\"image\/jpeg\" \/>\n<meta name=\"twitter:card\" content=\"summary_large_image\" \/>\n<meta name=\"twitter:label1\" content=\"Est. tempo de leitura\" \/>\n\t<meta name=\"twitter:data1\" content=\"2 minutos\" \/>\n<script type=\"application\/ld+json\" class=\"yoast-schema-graph\">{\"@context\":\"https:\/\/schema.org\",\"@graph\":[{\"@type\":\"WebPage\",\"@id\":\"https:\/\/www.fiemg.com.br\/regional-centro-oeste\/noticias\/fiemg-sera-a-primeira-entidade-a-participar-de-programa-de-descontos-na-conta-de-luz-para-empresas\/\",\"url\":\"https:\/\/www.fiemg.com.br\/regional-centro-oeste\/noticias\/fiemg-sera-a-primeira-entidade-a-participar-de-programa-de-descontos-na-conta-de-luz-para-empresas\/\",\"name\":\"FIEMG ser\u00e1 a primeira entidade a participar de programa de descontos na conta de luz para empresas - Regional Centro-Oeste\",\"isPartOf\":{\"@id\":\"https:\/\/www.fiemg.com.br\/regional-centro-oeste\/#website\"},\"primaryImageOfPage\":{\"@id\":\"https:\/\/www.fiemg.com.br\/regional-centro-oeste\/noticias\/fiemg-sera-a-primeira-entidade-a-participar-de-programa-de-descontos-na-conta-de-luz-para-empresas\/#primaryimage\"},\"image\":{\"@id\":\"https:\/\/www.fiemg.com.br\/regional-centro-oeste\/noticias\/fiemg-sera-a-primeira-entidade-a-participar-de-programa-de-descontos-na-conta-de-luz-para-empresas\/#primaryimage\"},\"thumbnailUrl\":\"https:\/\/www.fiemg.com.br\/regional-centro-oeste\/wp-content\/uploads\/sites\/16\/2023\/07\/29c9521ff11ff3a90f48071b8f670a6e4d0a6c26450ac49e4496f77787e34692.jpg\",\"datePublished\":\"2023-07-03T16:26:34+00:00\",\"dateModified\":\"2023-07-12T16:27:24+00:00\",\"breadcrumb\":{\"@id\":\"https:\/\/www.fiemg.com.br\/regional-centro-oeste\/noticias\/fiemg-sera-a-primeira-entidade-a-participar-de-programa-de-descontos-na-conta-de-luz-para-empresas\/#breadcrumb\"},\"inLanguage\":\"pt-BR\",\"potentialAction\":[{\"@type\":\"ReadAction\",\"target\":[\"https:\/\/www.fiemg.com.br\/regional-centro-oeste\/noticias\/fiemg-sera-a-primeira-entidade-a-participar-de-programa-de-descontos-na-conta-de-luz-para-empresas\/\"]}]},{\"@type\":\"ImageObject\",\"inLanguage\":\"pt-BR\",\"@id\":\"https:\/\/www.fiemg.com.br\/regional-centro-oeste\/noticias\/fiemg-sera-a-primeira-entidade-a-participar-de-programa-de-descontos-na-conta-de-luz-para-empresas\/#primaryimage\",\"url\":\"https:\/\/www.fiemg.com.br\/regional-centro-oeste\/wp-content\/uploads\/sites\/16\/2023\/07\/29c9521ff11ff3a90f48071b8f670a6e4d0a6c26450ac49e4496f77787e34692.jpg\",\"contentUrl\":\"https:\/\/www.fiemg.com.br\/regional-centro-oeste\/wp-content\/uploads\/sites\/16\/2023\/07\/29c9521ff11ff3a90f48071b8f670a6e4d0a6c26450ac49e4496f77787e34692.jpg\",\"width\":620,\"height\":240},{\"@type\":\"BreadcrumbList\",\"@id\":\"https:\/\/www.fiemg.com.br\/regional-centro-oeste\/noticias\/fiemg-sera-a-primeira-entidade-a-participar-de-programa-de-descontos-na-conta-de-luz-para-empresas\/#breadcrumb\",\"itemListElement\":[{\"@type\":\"ListItem\",\"position\":1,\"name\":\"In\u00edcio\",\"item\":\"https:\/\/www.fiemg.com.br\/regional-centro-oeste\/\"},{\"@type\":\"ListItem\",\"position\":2,\"name\":\"FIEMG ser\u00e1 a primeira entidade a participar de programa de descontos na conta de luz para empresas\"}]},{\"@type\":\"WebSite\",\"@id\":\"https:\/\/www.fiemg.com.br\/regional-centro-oeste\/#website\",\"url\":\"https:\/\/www.fiemg.com.br\/regional-centro-oeste\/\",\"name\":\"Regional Centro-Oeste\",\"description\":\"Federa\u00e7\u00e3o das Ind\u00fastrias do Estado de Minas Gerais\",\"publisher\":{\"@id\":\"https:\/\/www.fiemg.com.br\/regional-centro-oeste\/#organization\"},\"potentialAction\":[{\"@type\":\"SearchAction\",\"target\":{\"@type\":\"EntryPoint\",\"urlTemplate\":\"https:\/\/www.fiemg.com.br\/regional-centro-oeste\/?s={search_term_string}\"},\"query-input\":{\"@type\":\"PropertyValueSpecification\",\"valueRequired\":true,\"valueName\":\"search_term_string\"}}],\"inLanguage\":\"pt-BR\"},{\"@type\":\"Organization\",\"@id\":\"https:\/\/www.fiemg.com.br\/regional-centro-oeste\/#organization\",\"name\":\"Regional Centro-Oeste\",\"url\":\"https:\/\/www.fiemg.com.br\/regional-centro-oeste\/\",\"logo\":{\"@type\":\"ImageObject\",\"inLanguage\":\"pt-BR\",\"@id\":\"https:\/\/www.fiemg.com.br\/regional-centro-oeste\/#\/schema\/logo\/image\/\",\"url\":\"https:\/\/www.fiemg.com.br\/regional-centro-oeste\/wp-content\/uploads\/sites\/16\/2023\/02\/Ativo-1.png\",\"contentUrl\":\"https:\/\/www.fiemg.com.br\/regional-centro-oeste\/wp-content\/uploads\/sites\/16\/2023\/02\/Ativo-1.png\",\"width\":563,\"height\":149,\"caption\":\"Regional Centro-Oeste\"},\"image\":{\"@id\":\"https:\/\/www.fiemg.com.br\/regional-centro-oeste\/#\/schema\/logo\/image\/\"}}]}<\/script>\n<!-- \/ Yoast SEO plugin. -->","yoast_head_json":{"title":"FIEMG ser\u00e1 a primeira entidade a participar de programa de descontos na conta de luz para empresas - Regional Centro-Oeste","robots":{"index":"index","follow":"follow","max-snippet":"max-snippet:-1","max-image-preview":"max-image-preview:large","max-video-preview":"max-video-preview:-1"},"canonical":"https:\/\/www.fiemg.com.br\/regional-centro-oeste\/noticias\/fiemg-sera-a-primeira-entidade-a-participar-de-programa-de-descontos-na-conta-de-luz-para-empresas\/","og_locale":"pt_BR","og_type":"article","og_title":"FIEMG ser\u00e1 a primeira entidade a participar de programa de descontos na conta de luz para empresas - Regional Centro-Oeste","og_description":"Com o objetivo de garantir economia de at\u00e9 35% na conta de luz de empresas associadas, a FIEMG assinou, nesta segunda-feira (03), um acordo de participa\u00e7\u00e3o no\u00a0Programa de Pontos de Energia Livre da Companhia Energ\u00e9tica de Minas Gerais\u00a0(CEMIG). A Federa\u00e7\u00e3o ser\u00e1 a primeira entidade do Estado a participar da iniciativa. Por meio do mercado livre [&hellip;]","og_url":"https:\/\/www.fiemg.com.br\/regional-centro-oeste\/noticias\/fiemg-sera-a-primeira-entidade-a-participar-de-programa-de-descontos-na-conta-de-luz-para-empresas\/","og_site_name":"Regional Centro-Oeste","article_modified_time":"2023-07-12T16:27:24+00:00","og_image":[{"width":620,"height":240,"url":"https:\/\/www.fiemg.com.br\/regional-centro-oeste\/wp-content\/uploads\/sites\/16\/2023\/07\/29c9521ff11ff3a90f48071b8f670a6e4d0a6c26450ac49e4496f77787e34692.jpg","type":"image\/jpeg"}],"twitter_card":"summary_large_image","twitter_misc":{"Est. tempo de leitura":"2 minutos"},"schema":{"@context":"https:\/\/schema.org","@graph":[{"@type":"WebPage","@id":"https:\/\/www.fiemg.com.br\/regional-centro-oeste\/noticias\/fiemg-sera-a-primeira-entidade-a-participar-de-programa-de-descontos-na-conta-de-luz-para-empresas\/","url":"https:\/\/www.fiemg.com.br\/regional-centro-oeste\/noticias\/fiemg-sera-a-primeira-entidade-a-participar-de-programa-de-descontos-na-conta-de-luz-para-empresas\/","name":"FIEMG ser\u00e1 a primeira entidade a participar de programa de descontos na conta de luz para empresas - Regional Centro-Oeste","isPartOf":{"@id":"https:\/\/www.fiemg.com.br\/regional-centro-oeste\/#website"},"primaryImageOfPage":{"@id":"https:\/\/www.fiemg.com.br\/regional-centro-oeste\/noticias\/fiemg-sera-a-primeira-entidade-a-participar-de-programa-de-descontos-na-conta-de-luz-para-empresas\/#primaryimage"},"image":{"@id":"https:\/\/www.fiemg.com.br\/regional-centro-oeste\/noticias\/fiemg-sera-a-primeira-entidade-a-participar-de-programa-de-descontos-na-conta-de-luz-para-empresas\/#primaryimage"},"thumbnailUrl":"https:\/\/www.fiemg.com.br\/regional-centro-oeste\/wp-content\/uploads\/sites\/16\/2023\/07\/29c9521ff11ff3a90f48071b8f670a6e4d0a6c26450ac49e4496f77787e34692.jpg","datePublished":"2023-07-03T16:26:34+00:00","dateModified":"2023-07-12T16:27:24+00:00","breadcrumb":{"@id":"https:\/\/www.fiemg.com.br\/regional-centro-oeste\/noticias\/fiemg-sera-a-primeira-entidade-a-participar-de-programa-de-descontos-na-conta-de-luz-para-empresas\/#breadcrumb"},"inLanguage":"pt-BR","potentialAction":[{"@type":"ReadAction","target":["https:\/\/www.fiemg.com.br\/regional-centro-oeste\/noticias\/fiemg-sera-a-primeira-entidade-a-participar-de-programa-de-descontos-na-conta-de-luz-para-empresas\/"]}]},{"@type":"ImageObject","inLanguage":"pt-BR","@id":"https:\/\/www.fiemg.com.br\/regional-centro-oeste\/noticias\/fiemg-sera-a-primeira-entidade-a-participar-de-programa-de-descontos-na-conta-de-luz-para-empresas\/#primaryimage","url":"https:\/\/www.fiemg.com.br\/regional-centro-oeste\/wp-content\/uploads\/sites\/16\/2023\/07\/29c9521ff11ff3a90f48071b8f670a6e4d0a6c26450ac49e4496f77787e34692.jpg","contentUrl":"https:\/\/www.fiemg.com.br\/regional-centro-oeste\/wp-content\/uploads\/sites\/16\/2023\/07\/29c9521ff11ff3a90f48071b8f670a6e4d0a6c26450ac49e4496f77787e34692.jpg","width":620,"height":240},{"@type":"BreadcrumbList","@id":"https:\/\/www.fiemg.com.br\/regional-centro-oeste\/noticias\/fiemg-sera-a-primeira-entidade-a-participar-de-programa-de-descontos-na-conta-de-luz-para-empresas\/#breadcrumb","itemListElement":[{"@type":"ListItem","position":1,"name":"In\u00edcio","item":"https:\/\/www.fiemg.com.br\/regional-centro-oeste\/"},{"@type":"ListItem","position":2,"name":"FIEMG ser\u00e1 a primeira entidade a participar de programa de descontos na conta de luz para empresas"}]},{"@type":"WebSite","@id":"https:\/\/www.fiemg.com.br\/regional-centro-oeste\/#website","url":"https:\/\/www.fiemg.com.br\/regional-centro-oeste\/","name":"Regional Centro-Oeste","description":"Federa\u00e7\u00e3o das Ind\u00fastrias do Estado de Minas Gerais","publisher":{"@id":"https:\/\/www.fiemg.com.br\/regional-centro-oeste\/#organization"},"potentialAction":[{"@type":"SearchAction","target":{"@type":"EntryPoint","urlTemplate":"https:\/\/www.fiemg.com.br\/regional-centro-oeste\/?s={search_term_string}"},"query-input":{"@type":"PropertyValueSpecification","valueRequired":true,"valueName":"search_term_string"}}],"inLanguage":"pt-BR"},{"@type":"Organization","@id":"https:\/\/www.fiemg.com.br\/regional-centro-oeste\/#organization","name":"Regional Centro-Oeste","url":"https:\/\/www.fiemg.com.br\/regional-centro-oeste\/","logo":{"@type":"ImageObject","inLanguage":"pt-BR","@id":"https:\/\/www.fiemg.com.br\/regional-centro-oeste\/#\/schema\/logo\/image\/","url":"https:\/\/www.fiemg.com.br\/regional-centro-oeste\/wp-content\/uploads\/sites\/16\/2023\/02\/Ativo-1.png","contentUrl":"https:\/\/www.fiemg.com.br\/regional-centro-oeste\/wp-content\/uploads\/sites\/16\/2023\/02\/Ativo-1.png","width":563,"height":149,"caption":"Regional Centro-Oeste"},"image":{"@id":"https:\/\/www.fiemg.com.br\/regional-centro-oeste\/#\/schema\/logo\/image\/"}}]}},"_links":{"self":[{"href":"https:\/\/www.fiemg.com.br\/regional-centro-oeste\/wp-json\/wp\/v2\/noticias\/1179","targetHints":{"allow":["GET"]}}],"collection":[{"href":"https:\/\/www.fiemg.com.br\/regional-centro-oeste\/wp-json\/wp\/v2\/noticias"}],"about":[{"href":"https:\/\/www.fiemg.com.br\/regional-centro-oeste\/wp-json\/wp\/v2\/types\/noticias"}],"wp:featuredmedia":[{"embeddable":true,"href":"https:\/\/www.fiemg.com.br\/regional-centro-oeste\/wp-json\/wp\/v2\/media\/1173"}],"wp:attachment":[{"href":"https:\/\/www.fiemg.com.br\/regional-centro-oeste\/wp-json\/wp\/v2\/media?parent=1179"}],"wp:term":[{"taxonomy":"category","embeddable":true,"href":"https:\/\/www.fiemg.com.br\/regional-centro-oeste\/wp-json\/wp\/v2\/categories?post=1179"},{"taxonomy":"post_tag","embeddable":true,"href":"https:\/\/www.fiemg.com.br\/regional-centro-oeste\/wp-json\/wp\/v2\/tags?post=1179"}],"curies":[{"name":"wp","href":"https:\/\/api.w.org\/{rel}","templated":true}]}}