{"id":1561,"date":"2023-08-17T18:59:17","date_gmt":"2023-08-17T21:59:17","guid":{"rendered":"https:\/\/www.fiemg.com.br\/regional-centro-oeste\/noticias\/presidente-da-fiemg-flavio-roscoe-prestigia-encontro-empresarial-em-divinopolis\/"},"modified":"2023-08-17T19:23:28","modified_gmt":"2023-08-17T22:23:28","slug":"presidente-da-fiemg-flavio-roscoe-prestigia-encontro-empresarial-em-divinopolis","status":"publish","type":"noticias","link":"https:\/\/www.fiemg.com.br\/regional-centro-oeste\/noticias\/presidente-da-fiemg-flavio-roscoe-prestigia-encontro-empresarial-em-divinopolis\/","title":{"rendered":"Presidente da FIEMG, Fl\u00e1vio Roscoe, prestigia encontro empresarial em Divin\u00f3polis"},"content":{"rendered":"<p>O 1\u00ba Conex\u00e3o Empresarial no Centro-Oeste, evento promovido pela FIEMG, SESI, SENAI, IEL e Desenvolvimento Sindical, foi realizado nesta quinta-feira (17\/8), no audit\u00f3rio da FIEMG Regional Centro-Oeste, em Divin\u00f3polis. Com a casa cheia, a FIEMG e suas entidades, apresentaram a gestores, empres\u00e1rios, lideran\u00e7as e profissionais liberais, as solu\u00e7\u00f5es, servi\u00e7os e oportunidades para o desenvolvimento do setor produtivo.<\/p>\n<p>O presidente da FIEMG, Fl\u00e1vio Roscoe, participou do evento e ministrou a palestra \u201cCen\u00e1rio Econ\u00f4mico e Reforma Tribut\u00e1ria\u201d. De acordo com Roscoe, os indicadores apontam que, em 2023, a ind\u00fastria vem apresentando estabilidade, apesar da taxa de juros elevada. Em Minas Gerais, o ambiente de neg\u00f3cios se apresenta mais favor\u00e1vel e beneficia o maior crescimento da ind\u00fastria estadual. \u201cA ind\u00fastria mineira est\u00e1 performando mais que a nacional. Ano passado bateu 30% do PIB de Minas Gerais e boa parte disso se d\u00e1 em fun\u00e7\u00e3o das a\u00e7\u00f5es do Governo concatenado com as a\u00e7\u00f5es da FIEMG\u201d, destacou. O l\u00edder empresarial exp\u00f4s ainda as principais mudan\u00e7as no texto da reforma tribut\u00e1ria e as implica\u00e7\u00f5es para o setor industrial.<\/p>\n<p>Tamb\u00e9m fizeram apresenta\u00e7\u00f5es a assessora executiva da FIEMG, Laila Katina, que destacou os benef\u00edcios do associativismo, a gerente de Energia da Federa\u00e7\u00e3o, T\u00e2nia Santos, com as solu\u00e7\u00f5es para o desenvolvimento da ind\u00fastria, o gerente de Projetos para a Ind\u00fastria do IEL, Thadeu Neves, falou a respeiro das oportunidades em inova\u00e7\u00e3o e competitividade e o gerente regional SESI e SENAI, Cristiano J\u00e1come, ressaltou as solu\u00e7\u00f5es para a promo\u00e7\u00e3o das ind\u00fastrias. T\u00e2nia Santos falou tamb\u00e9m sobre o projeto \u201cLado a lado \u2013 energia da ind\u00fastria\u201d e prestou atendimentos individualizados a empres\u00e1rios interessados.<\/p>\n<p>De acordo com o presidente Regional, Eduardo Soares, o Centro-Oeste \u00e9 uma regi\u00e3o com pujan\u00e7a industrial forte e diversificada e \u00e9 essencial que empres\u00e1rios e gestores conhe\u00e7am as solu\u00e7\u00f5es, servi\u00e7os e oportunidades que a Federa\u00e7\u00e3o pode oferecer para fortalecer o segmento. \u201cA FIEMG est\u00e1 preparada e conta com estrutura e profissionais qualificados em diversas \u00e1reas, como tribut\u00e1ria, trabalhista, inova\u00e7\u00e3o e tecnologia, qualifica\u00e7\u00e3o profissional e o que mais for necess\u00e1rio para atender \u00e0s reais demandas e pend\u00eancias do dia-a-dia das nossas empresas\u201d, pontuou.<br \/>\n<em><br \/>\nGracielle Castro<\/em><br \/>\n<strong>Imprensa FIEMG<\/strong><\/p>\n","protected":false},"featured_media":1562,"template":"","categories":[15],"tags":[68,69,70,71,72],"class_list":["post-1561","noticias","type-noticias","status-publish","has-post-thumbnail","hentry","category-desenvolvimento-industrial","tag-centro-oeste","tag-empresarios","tag-enccontro","tag-fiemg","tag-flavio-roscoe"],"acf":[],"yoast_head":"<!-- This site is optimized with the Yoast SEO plugin v26.2 - https:\/\/yoast.com\/wordpress\/plugins\/seo\/ -->\n<title>Presidente da FIEMG, Fl\u00e1vio Roscoe, prestigia encontro empresarial em Divin\u00f3polis - Regional Centro-Oeste<\/title>\n<meta name=\"robots\" content=\"index, follow, max-snippet:-1, max-image-preview:large, max-video-preview:-1\" \/>\n<link rel=\"canonical\" href=\"https:\/\/www.fiemg.com.br\/regional-centro-oeste\/noticias\/presidente-da-fiemg-flavio-roscoe-prestigia-encontro-empresarial-em-divinopolis\/\" \/>\n<meta property=\"og:locale\" content=\"pt_BR\" \/>\n<meta property=\"og:type\" content=\"article\" \/>\n<meta property=\"og:title\" content=\"Presidente da FIEMG, Fl\u00e1vio Roscoe, prestigia encontro empresarial em Divin\u00f3polis - Regional Centro-Oeste\" \/>\n<meta property=\"og:description\" content=\"O 1\u00ba Conex\u00e3o Empresarial no Centro-Oeste, evento promovido pela FIEMG, SESI, SENAI, IEL e Desenvolvimento Sindical, foi realizado nesta quinta-feira (17\/8), no audit\u00f3rio da FIEMG Regional Centro-Oeste, em Divin\u00f3polis. Com a casa cheia, a FIEMG e suas entidades, apresentaram a gestores, empres\u00e1rios, lideran\u00e7as e profissionais liberais, as solu\u00e7\u00f5es, servi\u00e7os e oportunidades para o desenvolvimento do [&hellip;]\" \/>\n<meta property=\"og:url\" content=\"https:\/\/www.fiemg.com.br\/regional-centro-oeste\/noticias\/presidente-da-fiemg-flavio-roscoe-prestigia-encontro-empresarial-em-divinopolis\/\" \/>\n<meta property=\"og:site_name\" content=\"Regional Centro-Oeste\" \/>\n<meta property=\"article:modified_time\" content=\"2023-08-17T22:23:28+00:00\" \/>\n<meta property=\"og:image\" content=\"https:\/\/www.fiemg.com.br\/regional-centro-oeste\/wp-content\/uploads\/sites\/16\/2023\/08\/encontro-regional-divinopolis-e1692309327843.jpeg\" \/>\n\t<meta property=\"og:image:width\" content=\"1147\" \/>\n\t<meta property=\"og:image:height\" content=\"445\" \/>\n\t<meta property=\"og:image:type\" content=\"image\/jpeg\" \/>\n<meta name=\"twitter:card\" content=\"summary_large_image\" \/>\n<meta name=\"twitter:label1\" content=\"Est. tempo de leitura\" \/>\n\t<meta name=\"twitter:data1\" content=\"2 minutos\" \/>\n<script type=\"application\/ld+json\" class=\"yoast-schema-graph\">{\"@context\":\"https:\/\/schema.org\",\"@graph\":[{\"@type\":\"WebPage\",\"@id\":\"https:\/\/www.fiemg.com.br\/regional-centro-oeste\/noticias\/presidente-da-fiemg-flavio-roscoe-prestigia-encontro-empresarial-em-divinopolis\/\",\"url\":\"https:\/\/www.fiemg.com.br\/regional-centro-oeste\/noticias\/presidente-da-fiemg-flavio-roscoe-prestigia-encontro-empresarial-em-divinopolis\/\",\"name\":\"Presidente da FIEMG, Fl\u00e1vio Roscoe, prestigia encontro empresarial em Divin\u00f3polis - Regional Centro-Oeste\",\"isPartOf\":{\"@id\":\"https:\/\/www.fiemg.com.br\/regional-centro-oeste\/#website\"},\"primaryImageOfPage\":{\"@id\":\"https:\/\/www.fiemg.com.br\/regional-centro-oeste\/noticias\/presidente-da-fiemg-flavio-roscoe-prestigia-encontro-empresarial-em-divinopolis\/#primaryimage\"},\"image\":{\"@id\":\"https:\/\/www.fiemg.com.br\/regional-centro-oeste\/noticias\/presidente-da-fiemg-flavio-roscoe-prestigia-encontro-empresarial-em-divinopolis\/#primaryimage\"},\"thumbnailUrl\":\"https:\/\/www.fiemg.com.br\/regional-centro-oeste\/wp-content\/uploads\/sites\/16\/2023\/08\/encontro-regional-divinopolis-e1692309327843.jpeg\",\"datePublished\":\"2023-08-17T21:59:17+00:00\",\"dateModified\":\"2023-08-17T22:23:28+00:00\",\"breadcrumb\":{\"@id\":\"https:\/\/www.fiemg.com.br\/regional-centro-oeste\/noticias\/presidente-da-fiemg-flavio-roscoe-prestigia-encontro-empresarial-em-divinopolis\/#breadcrumb\"},\"inLanguage\":\"pt-BR\",\"potentialAction\":[{\"@type\":\"ReadAction\",\"target\":[\"https:\/\/www.fiemg.com.br\/regional-centro-oeste\/noticias\/presidente-da-fiemg-flavio-roscoe-prestigia-encontro-empresarial-em-divinopolis\/\"]}]},{\"@type\":\"ImageObject\",\"inLanguage\":\"pt-BR\",\"@id\":\"https:\/\/www.fiemg.com.br\/regional-centro-oeste\/noticias\/presidente-da-fiemg-flavio-roscoe-prestigia-encontro-empresarial-em-divinopolis\/#primaryimage\",\"url\":\"https:\/\/www.fiemg.com.br\/regional-centro-oeste\/wp-content\/uploads\/sites\/16\/2023\/08\/encontro-regional-divinopolis-e1692309327843.jpeg\",\"contentUrl\":\"https:\/\/www.fiemg.com.br\/regional-centro-oeste\/wp-content\/uploads\/sites\/16\/2023\/08\/encontro-regional-divinopolis-e1692309327843.jpeg\",\"width\":1147,\"height\":445,\"caption\":\"Fl\u00e1vio Roscoe em evento da FIEMG em Divin\u00f3polis\"},{\"@type\":\"BreadcrumbList\",\"@id\":\"https:\/\/www.fiemg.com.br\/regional-centro-oeste\/noticias\/presidente-da-fiemg-flavio-roscoe-prestigia-encontro-empresarial-em-divinopolis\/#breadcrumb\",\"itemListElement\":[{\"@type\":\"ListItem\",\"position\":1,\"name\":\"In\u00edcio\",\"item\":\"https:\/\/www.fiemg.com.br\/regional-centro-oeste\/\"},{\"@type\":\"ListItem\",\"position\":2,\"name\":\"Presidente da FIEMG, Fl\u00e1vio Roscoe, prestigia encontro empresarial em Divin\u00f3polis\"}]},{\"@type\":\"WebSite\",\"@id\":\"https:\/\/www.fiemg.com.br\/regional-centro-oeste\/#website\",\"url\":\"https:\/\/www.fiemg.com.br\/regional-centro-oeste\/\",\"name\":\"Regional Centro-Oeste\",\"description\":\"Federa\u00e7\u00e3o das Ind\u00fastrias do Estado de Minas Gerais\",\"publisher\":{\"@id\":\"https:\/\/www.fiemg.com.br\/regional-centro-oeste\/#organization\"},\"potentialAction\":[{\"@type\":\"SearchAction\",\"target\":{\"@type\":\"EntryPoint\",\"urlTemplate\":\"https:\/\/www.fiemg.com.br\/regional-centro-oeste\/?s={search_term_string}\"},\"query-input\":{\"@type\":\"PropertyValueSpecification\",\"valueRequired\":true,\"valueName\":\"search_term_string\"}}],\"inLanguage\":\"pt-BR\"},{\"@type\":\"Organization\",\"@id\":\"https:\/\/www.fiemg.com.br\/regional-centro-oeste\/#organization\",\"name\":\"Regional Centro-Oeste\",\"url\":\"https:\/\/www.fiemg.com.br\/regional-centro-oeste\/\",\"logo\":{\"@type\":\"ImageObject\",\"inLanguage\":\"pt-BR\",\"@id\":\"https:\/\/www.fiemg.com.br\/regional-centro-oeste\/#\/schema\/logo\/image\/\",\"url\":\"https:\/\/www.fiemg.com.br\/regional-centro-oeste\/wp-content\/uploads\/sites\/16\/2023\/02\/Ativo-1.png\",\"contentUrl\":\"https:\/\/www.fiemg.com.br\/regional-centro-oeste\/wp-content\/uploads\/sites\/16\/2023\/02\/Ativo-1.png\",\"width\":563,\"height\":149,\"caption\":\"Regional Centro-Oeste\"},\"image\":{\"@id\":\"https:\/\/www.fiemg.com.br\/regional-centro-oeste\/#\/schema\/logo\/image\/\"}}]}<\/script>\n<!-- \/ Yoast SEO plugin. -->","yoast_head_json":{"title":"Presidente da FIEMG, Fl\u00e1vio Roscoe, prestigia encontro empresarial em Divin\u00f3polis - Regional Centro-Oeste","robots":{"index":"index","follow":"follow","max-snippet":"max-snippet:-1","max-image-preview":"max-image-preview:large","max-video-preview":"max-video-preview:-1"},"canonical":"https:\/\/www.fiemg.com.br\/regional-centro-oeste\/noticias\/presidente-da-fiemg-flavio-roscoe-prestigia-encontro-empresarial-em-divinopolis\/","og_locale":"pt_BR","og_type":"article","og_title":"Presidente da FIEMG, Fl\u00e1vio Roscoe, prestigia encontro empresarial em Divin\u00f3polis - Regional Centro-Oeste","og_description":"O 1\u00ba Conex\u00e3o Empresarial no Centro-Oeste, evento promovido pela FIEMG, SESI, SENAI, IEL e Desenvolvimento Sindical, foi realizado nesta quinta-feira (17\/8), no audit\u00f3rio da FIEMG Regional Centro-Oeste, em Divin\u00f3polis. Com a casa cheia, a FIEMG e suas entidades, apresentaram a gestores, empres\u00e1rios, lideran\u00e7as e profissionais liberais, as solu\u00e7\u00f5es, servi\u00e7os e oportunidades para o desenvolvimento do [&hellip;]","og_url":"https:\/\/www.fiemg.com.br\/regional-centro-oeste\/noticias\/presidente-da-fiemg-flavio-roscoe-prestigia-encontro-empresarial-em-divinopolis\/","og_site_name":"Regional Centro-Oeste","article_modified_time":"2023-08-17T22:23:28+00:00","og_image":[{"width":1147,"height":445,"url":"https:\/\/www.fiemg.com.br\/regional-centro-oeste\/wp-content\/uploads\/sites\/16\/2023\/08\/encontro-regional-divinopolis-e1692309327843.jpeg","type":"image\/jpeg"}],"twitter_card":"summary_large_image","twitter_misc":{"Est. tempo de leitura":"2 minutos"},"schema":{"@context":"https:\/\/schema.org","@graph":[{"@type":"WebPage","@id":"https:\/\/www.fiemg.com.br\/regional-centro-oeste\/noticias\/presidente-da-fiemg-flavio-roscoe-prestigia-encontro-empresarial-em-divinopolis\/","url":"https:\/\/www.fiemg.com.br\/regional-centro-oeste\/noticias\/presidente-da-fiemg-flavio-roscoe-prestigia-encontro-empresarial-em-divinopolis\/","name":"Presidente da FIEMG, Fl\u00e1vio Roscoe, prestigia encontro empresarial em Divin\u00f3polis - Regional Centro-Oeste","isPartOf":{"@id":"https:\/\/www.fiemg.com.br\/regional-centro-oeste\/#website"},"primaryImageOfPage":{"@id":"https:\/\/www.fiemg.com.br\/regional-centro-oeste\/noticias\/presidente-da-fiemg-flavio-roscoe-prestigia-encontro-empresarial-em-divinopolis\/#primaryimage"},"image":{"@id":"https:\/\/www.fiemg.com.br\/regional-centro-oeste\/noticias\/presidente-da-fiemg-flavio-roscoe-prestigia-encontro-empresarial-em-divinopolis\/#primaryimage"},"thumbnailUrl":"https:\/\/www.fiemg.com.br\/regional-centro-oeste\/wp-content\/uploads\/sites\/16\/2023\/08\/encontro-regional-divinopolis-e1692309327843.jpeg","datePublished":"2023-08-17T21:59:17+00:00","dateModified":"2023-08-17T22:23:28+00:00","breadcrumb":{"@id":"https:\/\/www.fiemg.com.br\/regional-centro-oeste\/noticias\/presidente-da-fiemg-flavio-roscoe-prestigia-encontro-empresarial-em-divinopolis\/#breadcrumb"},"inLanguage":"pt-BR","potentialAction":[{"@type":"ReadAction","target":["https:\/\/www.fiemg.com.br\/regional-centro-oeste\/noticias\/presidente-da-fiemg-flavio-roscoe-prestigia-encontro-empresarial-em-divinopolis\/"]}]},{"@type":"ImageObject","inLanguage":"pt-BR","@id":"https:\/\/www.fiemg.com.br\/regional-centro-oeste\/noticias\/presidente-da-fiemg-flavio-roscoe-prestigia-encontro-empresarial-em-divinopolis\/#primaryimage","url":"https:\/\/www.fiemg.com.br\/regional-centro-oeste\/wp-content\/uploads\/sites\/16\/2023\/08\/encontro-regional-divinopolis-e1692309327843.jpeg","contentUrl":"https:\/\/www.fiemg.com.br\/regional-centro-oeste\/wp-content\/uploads\/sites\/16\/2023\/08\/encontro-regional-divinopolis-e1692309327843.jpeg","width":1147,"height":445,"caption":"Fl\u00e1vio Roscoe em evento da FIEMG em Divin\u00f3polis"},{"@type":"BreadcrumbList","@id":"https:\/\/www.fiemg.com.br\/regional-centro-oeste\/noticias\/presidente-da-fiemg-flavio-roscoe-prestigia-encontro-empresarial-em-divinopolis\/#breadcrumb","itemListElement":[{"@type":"ListItem","position":1,"name":"In\u00edcio","item":"https:\/\/www.fiemg.com.br\/regional-centro-oeste\/"},{"@type":"ListItem","position":2,"name":"Presidente da FIEMG, Fl\u00e1vio Roscoe, prestigia encontro empresarial em Divin\u00f3polis"}]},{"@type":"WebSite","@id":"https:\/\/www.fiemg.com.br\/regional-centro-oeste\/#website","url":"https:\/\/www.fiemg.com.br\/regional-centro-oeste\/","name":"Regional Centro-Oeste","description":"Federa\u00e7\u00e3o das Ind\u00fastrias do Estado de Minas Gerais","publisher":{"@id":"https:\/\/www.fiemg.com.br\/regional-centro-oeste\/#organization"},"potentialAction":[{"@type":"SearchAction","target":{"@type":"EntryPoint","urlTemplate":"https:\/\/www.fiemg.com.br\/regional-centro-oeste\/?s={search_term_string}"},"query-input":{"@type":"PropertyValueSpecification","valueRequired":true,"valueName":"search_term_string"}}],"inLanguage":"pt-BR"},{"@type":"Organization","@id":"https:\/\/www.fiemg.com.br\/regional-centro-oeste\/#organization","name":"Regional Centro-Oeste","url":"https:\/\/www.fiemg.com.br\/regional-centro-oeste\/","logo":{"@type":"ImageObject","inLanguage":"pt-BR","@id":"https:\/\/www.fiemg.com.br\/regional-centro-oeste\/#\/schema\/logo\/image\/","url":"https:\/\/www.fiemg.com.br\/regional-centro-oeste\/wp-content\/uploads\/sites\/16\/2023\/02\/Ativo-1.png","contentUrl":"https:\/\/www.fiemg.com.br\/regional-centro-oeste\/wp-content\/uploads\/sites\/16\/2023\/02\/Ativo-1.png","width":563,"height":149,"caption":"Regional Centro-Oeste"},"image":{"@id":"https:\/\/www.fiemg.com.br\/regional-centro-oeste\/#\/schema\/logo\/image\/"}}]}},"_links":{"self":[{"href":"https:\/\/www.fiemg.com.br\/regional-centro-oeste\/wp-json\/wp\/v2\/noticias\/1561","targetHints":{"allow":["GET"]}}],"collection":[{"href":"https:\/\/www.fiemg.com.br\/regional-centro-oeste\/wp-json\/wp\/v2\/noticias"}],"about":[{"href":"https:\/\/www.fiemg.com.br\/regional-centro-oeste\/wp-json\/wp\/v2\/types\/noticias"}],"wp:featuredmedia":[{"embeddable":true,"href":"https:\/\/www.fiemg.com.br\/regional-centro-oeste\/wp-json\/wp\/v2\/media\/1562"}],"wp:attachment":[{"href":"https:\/\/www.fiemg.com.br\/regional-centro-oeste\/wp-json\/wp\/v2\/media?parent=1561"}],"wp:term":[{"taxonomy":"category","embeddable":true,"href":"https:\/\/www.fiemg.com.br\/regional-centro-oeste\/wp-json\/wp\/v2\/categories?post=1561"},{"taxonomy":"post_tag","embeddable":true,"href":"https:\/\/www.fiemg.com.br\/regional-centro-oeste\/wp-json\/wp\/v2\/tags?post=1561"}],"curies":[{"name":"wp","href":"https:\/\/api.w.org\/{rel}","templated":true}]}}