{"id":1728,"date":"2023-09-28T17:35:40","date_gmt":"2023-09-28T20:35:40","guid":{"rendered":"https:\/\/www.fiemg.com.br\/regional-centro-oeste\/?post_type=noticias&#038;p=1728"},"modified":"2023-09-28T17:46:59","modified_gmt":"2023-09-28T20:46:59","slug":"empresario-cleverson-nogueira-e-eleito-presidente-da-acid","status":"publish","type":"noticias","link":"https:\/\/www.fiemg.com.br\/regional-centro-oeste\/noticias\/empresario-cleverson-nogueira-e-eleito-presidente-da-acid\/","title":{"rendered":"Empres\u00e1rio Cleverson Nogueira \u00e9 eleito presidente da ACID"},"content":{"rendered":"\n<p>A Associa\u00e7\u00e3o Comercial, Industrial, Agropecu\u00e1ria e Servi\u00e7os de Divin\u00f3polis (ACID) realizou hoje (28), em sua sede, a elei\u00e7\u00e3o para a renova\u00e7\u00e3o do Conselho de Administra\u00e7\u00e3o e Conselho Fiscal para o mandato 2024\/2026. O empres\u00e1rio Cleverson Nogueira, s\u00f3cio-propriet\u00e1rio da empresa Tricostura, foi eleito presidente e inicia a gest\u00e3o a partir de 1\u00ba janeiro de 2024.<\/p>\n\n\n\n<p>O Presidente da FIEMG Regional Centro-Oeste, Eduardo Soares, que \u00e9 ex-presidente da entidade e comp\u00f5e o Conselho permanente, foi o primeiro a votar esta manh\u00e3 e parabenizou o novo presidente. \u201cA ACID \u00e9 uma importante entidade de nossa cidade que exerce um papel fundamental de apoio e defesa dos diversos segmentos empresariais. A Alexandra desenvolveu uma gest\u00e3o colaborativa e atuante e acreditamos que o Cleverson tamb\u00e9m far\u00e1 a diferen\u00e7a na promo\u00e7\u00e3o do desenvolvimento\u201d, finalizou o l\u00edder empresarial.<\/p>\n\n\n\n<p>O presidente eleito, Cleverson Nogueira, destacou que a expectativa, para os pr\u00f3ximos tr\u00eas anos \u00e0 frente da Acid \u00e9 de executar um grande trabalho em prol da classe empresarial de Divin\u00f3polis. \u201cA expectativa nossa \u00e9 fazer um grande trabalho, dando continuidade ao que a atual gest\u00e3o tem feito. Com muito di\u00e1logo, iremos buscar entender e atender os empres\u00e1rios naquilo que eles acham, que \u00e9 o necess\u00e1rio, no que eles precisarem\u201d, pontuou.<\/p>\n\n\n\n<p>O presidente eleito destacou ainda a import\u00e2ncia da uni\u00e3o da classe, que \u00e9 a ess\u00eancia da Associa\u00e7\u00e3o. &nbsp;\u201cEssa uni\u00e3o \u00e9 algo, que na gest\u00e3o da Alexandra foi muito bem trabalhado. Queremos muito mostrar a import\u00e2ncia do associativismo, a import\u00e2ncia de estarmos juntos, exatamente dessa uni\u00e3o da classe. &nbsp;Isso \u00e9 fundamental e ser\u00e1 trabalho nosso trazer quem j\u00e1 tem essa consci\u00eancia e tamb\u00e9m para nos ajudar a conscientizar os outros empres\u00e1rios\u201d, disse.<\/p>\n\n\n\n<p>Confira os eleitos para o mandato 2024\/2026<\/p>\n\n\n\n<p>Conselho de Administra\u00e7\u00e3o<\/p>\n\n\n\n<p>Presidente: &nbsp;Cleverson Nogueira Gabriel (Tricostura Ind\u00fastria e Com\u00e9rcio)<br>Primeira Vice-presidente: &nbsp;Viviane Cristina Azevedo &nbsp;(Viaz Assessoria Cont\u00e1bil)<br>Segunda Vice-presidente: Simone Campos Silva Prado &nbsp;(Divin\u00f3polis Com\u00e9rcio de Bot\u00f5es)<br><br>Conselho Fiscal&nbsp;<\/p>\n\n\n\n<p><br>Titulares<br>Eder L\u00facio Azevedo (Azevedo Cont\u00e1bil)<\/p>\n\n\n\n<p>Marcelo Soares Prado (Comercial Casa e Campo)<\/p>\n\n\n\n<p>Iraide Aparecida de Ara\u00fajo (P\u00e3o da Mata Alimentos Funcionais)<\/p>\n\n\n\n<p>Suplentes<br>T\u00falio C\u00e9sar Silva (Cecol Centro Empresarial Cont\u00e1bil)<\/p>\n\n\n\n<p>Jo\u00e3o Henrique Wolff (SMT Seguran\u00e7a e Medicina do Trabalho)<\/p>\n\n\n\n<p>Daniel Mendes de Oliveira (Global Ind\u00fastria e Com\u00e9rcio de Alum\u00ednio)<\/p>\n","protected":false},"featured_media":1730,"template":"","categories":[14],"tags":[],"class_list":["post-1728","noticias","type-noticias","status-publish","has-post-thumbnail","hentry","category-noticias"],"acf":[],"yoast_head":"<!-- This site is optimized with the Yoast SEO plugin v26.2 - https:\/\/yoast.com\/wordpress\/plugins\/seo\/ -->\n<title>Empres\u00e1rio Cleverson Nogueira \u00e9 eleito presidente da ACID - Regional Centro-Oeste<\/title>\n<meta name=\"robots\" content=\"index, follow, max-snippet:-1, max-image-preview:large, max-video-preview:-1\" \/>\n<link rel=\"canonical\" href=\"https:\/\/www.fiemg.com.br\/regional-centro-oeste\/noticias\/empresario-cleverson-nogueira-e-eleito-presidente-da-acid\/\" \/>\n<meta property=\"og:locale\" content=\"pt_BR\" \/>\n<meta property=\"og:type\" content=\"article\" \/>\n<meta property=\"og:title\" content=\"Empres\u00e1rio Cleverson Nogueira \u00e9 eleito presidente da ACID - Regional Centro-Oeste\" \/>\n<meta property=\"og:description\" content=\"A Associa\u00e7\u00e3o Comercial, Industrial, Agropecu\u00e1ria e Servi\u00e7os de Divin\u00f3polis (ACID) realizou hoje (28), em sua sede, a elei\u00e7\u00e3o para a renova\u00e7\u00e3o do Conselho de Administra\u00e7\u00e3o e Conselho Fiscal para o mandato 2024\/2026. O empres\u00e1rio Cleverson Nogueira, s\u00f3cio-propriet\u00e1rio da empresa Tricostura, foi eleito presidente e inicia a gest\u00e3o a partir de 1\u00ba janeiro de 2024. O [&hellip;]\" \/>\n<meta property=\"og:url\" content=\"https:\/\/www.fiemg.com.br\/regional-centro-oeste\/noticias\/empresario-cleverson-nogueira-e-eleito-presidente-da-acid\/\" \/>\n<meta property=\"og:site_name\" content=\"Regional Centro-Oeste\" \/>\n<meta property=\"article:modified_time\" content=\"2023-09-28T20:46:59+00:00\" \/>\n<meta property=\"og:image\" content=\"https:\/\/www.fiemg.com.br\/regional-centro-oeste\/wp-content\/uploads\/sites\/16\/2023\/09\/Vice-presidente-regionalco-diretoria-acid-1-e1695933173487.jpeg\" \/>\n\t<meta property=\"og:image:width\" content=\"1200\" \/>\n\t<meta property=\"og:image:height\" content=\"1200\" \/>\n\t<meta property=\"og:image:type\" content=\"image\/jpeg\" \/>\n<meta name=\"twitter:card\" content=\"summary_large_image\" \/>\n<meta name=\"twitter:label1\" content=\"Est. tempo de leitura\" \/>\n\t<meta name=\"twitter:data1\" content=\"2 minutos\" \/>\n<script type=\"application\/ld+json\" class=\"yoast-schema-graph\">{\"@context\":\"https:\/\/schema.org\",\"@graph\":[{\"@type\":\"WebPage\",\"@id\":\"https:\/\/www.fiemg.com.br\/regional-centro-oeste\/noticias\/empresario-cleverson-nogueira-e-eleito-presidente-da-acid\/\",\"url\":\"https:\/\/www.fiemg.com.br\/regional-centro-oeste\/noticias\/empresario-cleverson-nogueira-e-eleito-presidente-da-acid\/\",\"name\":\"Empres\u00e1rio Cleverson Nogueira \u00e9 eleito presidente da ACID - Regional Centro-Oeste\",\"isPartOf\":{\"@id\":\"https:\/\/www.fiemg.com.br\/regional-centro-oeste\/#website\"},\"primaryImageOfPage\":{\"@id\":\"https:\/\/www.fiemg.com.br\/regional-centro-oeste\/noticias\/empresario-cleverson-nogueira-e-eleito-presidente-da-acid\/#primaryimage\"},\"image\":{\"@id\":\"https:\/\/www.fiemg.com.br\/regional-centro-oeste\/noticias\/empresario-cleverson-nogueira-e-eleito-presidente-da-acid\/#primaryimage\"},\"thumbnailUrl\":\"https:\/\/www.fiemg.com.br\/regional-centro-oeste\/wp-content\/uploads\/sites\/16\/2023\/09\/Vice-presidente-regionalco-diretoria-acid-1-e1695933173487.jpeg\",\"datePublished\":\"2023-09-28T20:35:40+00:00\",\"dateModified\":\"2023-09-28T20:46:59+00:00\",\"breadcrumb\":{\"@id\":\"https:\/\/www.fiemg.com.br\/regional-centro-oeste\/noticias\/empresario-cleverson-nogueira-e-eleito-presidente-da-acid\/#breadcrumb\"},\"inLanguage\":\"pt-BR\",\"potentialAction\":[{\"@type\":\"ReadAction\",\"target\":[\"https:\/\/www.fiemg.com.br\/regional-centro-oeste\/noticias\/empresario-cleverson-nogueira-e-eleito-presidente-da-acid\/\"]}]},{\"@type\":\"ImageObject\",\"inLanguage\":\"pt-BR\",\"@id\":\"https:\/\/www.fiemg.com.br\/regional-centro-oeste\/noticias\/empresario-cleverson-nogueira-e-eleito-presidente-da-acid\/#primaryimage\",\"url\":\"https:\/\/www.fiemg.com.br\/regional-centro-oeste\/wp-content\/uploads\/sites\/16\/2023\/09\/Vice-presidente-regionalco-diretoria-acid-1-e1695933173487.jpeg\",\"contentUrl\":\"https:\/\/www.fiemg.com.br\/regional-centro-oeste\/wp-content\/uploads\/sites\/16\/2023\/09\/Vice-presidente-regionalco-diretoria-acid-1-e1695933173487.jpeg\",\"width\":1200,\"height\":1200},{\"@type\":\"BreadcrumbList\",\"@id\":\"https:\/\/www.fiemg.com.br\/regional-centro-oeste\/noticias\/empresario-cleverson-nogueira-e-eleito-presidente-da-acid\/#breadcrumb\",\"itemListElement\":[{\"@type\":\"ListItem\",\"position\":1,\"name\":\"In\u00edcio\",\"item\":\"https:\/\/www.fiemg.com.br\/regional-centro-oeste\/\"},{\"@type\":\"ListItem\",\"position\":2,\"name\":\"Empres\u00e1rio Cleverson Nogueira \u00e9 eleito presidente da ACID\"}]},{\"@type\":\"WebSite\",\"@id\":\"https:\/\/www.fiemg.com.br\/regional-centro-oeste\/#website\",\"url\":\"https:\/\/www.fiemg.com.br\/regional-centro-oeste\/\",\"name\":\"Regional Centro-Oeste\",\"description\":\"Federa\u00e7\u00e3o das Ind\u00fastrias do Estado de Minas Gerais\",\"publisher\":{\"@id\":\"https:\/\/www.fiemg.com.br\/regional-centro-oeste\/#organization\"},\"potentialAction\":[{\"@type\":\"SearchAction\",\"target\":{\"@type\":\"EntryPoint\",\"urlTemplate\":\"https:\/\/www.fiemg.com.br\/regional-centro-oeste\/?s={search_term_string}\"},\"query-input\":{\"@type\":\"PropertyValueSpecification\",\"valueRequired\":true,\"valueName\":\"search_term_string\"}}],\"inLanguage\":\"pt-BR\"},{\"@type\":\"Organization\",\"@id\":\"https:\/\/www.fiemg.com.br\/regional-centro-oeste\/#organization\",\"name\":\"Regional Centro-Oeste\",\"url\":\"https:\/\/www.fiemg.com.br\/regional-centro-oeste\/\",\"logo\":{\"@type\":\"ImageObject\",\"inLanguage\":\"pt-BR\",\"@id\":\"https:\/\/www.fiemg.com.br\/regional-centro-oeste\/#\/schema\/logo\/image\/\",\"url\":\"https:\/\/www.fiemg.com.br\/regional-centro-oeste\/wp-content\/uploads\/sites\/16\/2023\/02\/Ativo-1.png\",\"contentUrl\":\"https:\/\/www.fiemg.com.br\/regional-centro-oeste\/wp-content\/uploads\/sites\/16\/2023\/02\/Ativo-1.png\",\"width\":563,\"height\":149,\"caption\":\"Regional Centro-Oeste\"},\"image\":{\"@id\":\"https:\/\/www.fiemg.com.br\/regional-centro-oeste\/#\/schema\/logo\/image\/\"}}]}<\/script>\n<!-- \/ Yoast SEO plugin. -->","yoast_head_json":{"title":"Empres\u00e1rio Cleverson Nogueira \u00e9 eleito presidente da ACID - Regional Centro-Oeste","robots":{"index":"index","follow":"follow","max-snippet":"max-snippet:-1","max-image-preview":"max-image-preview:large","max-video-preview":"max-video-preview:-1"},"canonical":"https:\/\/www.fiemg.com.br\/regional-centro-oeste\/noticias\/empresario-cleverson-nogueira-e-eleito-presidente-da-acid\/","og_locale":"pt_BR","og_type":"article","og_title":"Empres\u00e1rio Cleverson Nogueira \u00e9 eleito presidente da ACID - Regional Centro-Oeste","og_description":"A Associa\u00e7\u00e3o Comercial, Industrial, Agropecu\u00e1ria e Servi\u00e7os de Divin\u00f3polis (ACID) realizou hoje (28), em sua sede, a elei\u00e7\u00e3o para a renova\u00e7\u00e3o do Conselho de Administra\u00e7\u00e3o e Conselho Fiscal para o mandato 2024\/2026. O empres\u00e1rio Cleverson Nogueira, s\u00f3cio-propriet\u00e1rio da empresa Tricostura, foi eleito presidente e inicia a gest\u00e3o a partir de 1\u00ba janeiro de 2024. O [&hellip;]","og_url":"https:\/\/www.fiemg.com.br\/regional-centro-oeste\/noticias\/empresario-cleverson-nogueira-e-eleito-presidente-da-acid\/","og_site_name":"Regional Centro-Oeste","article_modified_time":"2023-09-28T20:46:59+00:00","og_image":[{"width":1200,"height":1200,"url":"https:\/\/www.fiemg.com.br\/regional-centro-oeste\/wp-content\/uploads\/sites\/16\/2023\/09\/Vice-presidente-regionalco-diretoria-acid-1-e1695933173487.jpeg","type":"image\/jpeg"}],"twitter_card":"summary_large_image","twitter_misc":{"Est. tempo de leitura":"2 minutos"},"schema":{"@context":"https:\/\/schema.org","@graph":[{"@type":"WebPage","@id":"https:\/\/www.fiemg.com.br\/regional-centro-oeste\/noticias\/empresario-cleverson-nogueira-e-eleito-presidente-da-acid\/","url":"https:\/\/www.fiemg.com.br\/regional-centro-oeste\/noticias\/empresario-cleverson-nogueira-e-eleito-presidente-da-acid\/","name":"Empres\u00e1rio Cleverson Nogueira \u00e9 eleito presidente da ACID - Regional Centro-Oeste","isPartOf":{"@id":"https:\/\/www.fiemg.com.br\/regional-centro-oeste\/#website"},"primaryImageOfPage":{"@id":"https:\/\/www.fiemg.com.br\/regional-centro-oeste\/noticias\/empresario-cleverson-nogueira-e-eleito-presidente-da-acid\/#primaryimage"},"image":{"@id":"https:\/\/www.fiemg.com.br\/regional-centro-oeste\/noticias\/empresario-cleverson-nogueira-e-eleito-presidente-da-acid\/#primaryimage"},"thumbnailUrl":"https:\/\/www.fiemg.com.br\/regional-centro-oeste\/wp-content\/uploads\/sites\/16\/2023\/09\/Vice-presidente-regionalco-diretoria-acid-1-e1695933173487.jpeg","datePublished":"2023-09-28T20:35:40+00:00","dateModified":"2023-09-28T20:46:59+00:00","breadcrumb":{"@id":"https:\/\/www.fiemg.com.br\/regional-centro-oeste\/noticias\/empresario-cleverson-nogueira-e-eleito-presidente-da-acid\/#breadcrumb"},"inLanguage":"pt-BR","potentialAction":[{"@type":"ReadAction","target":["https:\/\/www.fiemg.com.br\/regional-centro-oeste\/noticias\/empresario-cleverson-nogueira-e-eleito-presidente-da-acid\/"]}]},{"@type":"ImageObject","inLanguage":"pt-BR","@id":"https:\/\/www.fiemg.com.br\/regional-centro-oeste\/noticias\/empresario-cleverson-nogueira-e-eleito-presidente-da-acid\/#primaryimage","url":"https:\/\/www.fiemg.com.br\/regional-centro-oeste\/wp-content\/uploads\/sites\/16\/2023\/09\/Vice-presidente-regionalco-diretoria-acid-1-e1695933173487.jpeg","contentUrl":"https:\/\/www.fiemg.com.br\/regional-centro-oeste\/wp-content\/uploads\/sites\/16\/2023\/09\/Vice-presidente-regionalco-diretoria-acid-1-e1695933173487.jpeg","width":1200,"height":1200},{"@type":"BreadcrumbList","@id":"https:\/\/www.fiemg.com.br\/regional-centro-oeste\/noticias\/empresario-cleverson-nogueira-e-eleito-presidente-da-acid\/#breadcrumb","itemListElement":[{"@type":"ListItem","position":1,"name":"In\u00edcio","item":"https:\/\/www.fiemg.com.br\/regional-centro-oeste\/"},{"@type":"ListItem","position":2,"name":"Empres\u00e1rio Cleverson Nogueira \u00e9 eleito presidente da ACID"}]},{"@type":"WebSite","@id":"https:\/\/www.fiemg.com.br\/regional-centro-oeste\/#website","url":"https:\/\/www.fiemg.com.br\/regional-centro-oeste\/","name":"Regional Centro-Oeste","description":"Federa\u00e7\u00e3o das Ind\u00fastrias do Estado de Minas Gerais","publisher":{"@id":"https:\/\/www.fiemg.com.br\/regional-centro-oeste\/#organization"},"potentialAction":[{"@type":"SearchAction","target":{"@type":"EntryPoint","urlTemplate":"https:\/\/www.fiemg.com.br\/regional-centro-oeste\/?s={search_term_string}"},"query-input":{"@type":"PropertyValueSpecification","valueRequired":true,"valueName":"search_term_string"}}],"inLanguage":"pt-BR"},{"@type":"Organization","@id":"https:\/\/www.fiemg.com.br\/regional-centro-oeste\/#organization","name":"Regional Centro-Oeste","url":"https:\/\/www.fiemg.com.br\/regional-centro-oeste\/","logo":{"@type":"ImageObject","inLanguage":"pt-BR","@id":"https:\/\/www.fiemg.com.br\/regional-centro-oeste\/#\/schema\/logo\/image\/","url":"https:\/\/www.fiemg.com.br\/regional-centro-oeste\/wp-content\/uploads\/sites\/16\/2023\/02\/Ativo-1.png","contentUrl":"https:\/\/www.fiemg.com.br\/regional-centro-oeste\/wp-content\/uploads\/sites\/16\/2023\/02\/Ativo-1.png","width":563,"height":149,"caption":"Regional Centro-Oeste"},"image":{"@id":"https:\/\/www.fiemg.com.br\/regional-centro-oeste\/#\/schema\/logo\/image\/"}}]}},"_links":{"self":[{"href":"https:\/\/www.fiemg.com.br\/regional-centro-oeste\/wp-json\/wp\/v2\/noticias\/1728","targetHints":{"allow":["GET"]}}],"collection":[{"href":"https:\/\/www.fiemg.com.br\/regional-centro-oeste\/wp-json\/wp\/v2\/noticias"}],"about":[{"href":"https:\/\/www.fiemg.com.br\/regional-centro-oeste\/wp-json\/wp\/v2\/types\/noticias"}],"wp:featuredmedia":[{"embeddable":true,"href":"https:\/\/www.fiemg.com.br\/regional-centro-oeste\/wp-json\/wp\/v2\/media\/1730"}],"wp:attachment":[{"href":"https:\/\/www.fiemg.com.br\/regional-centro-oeste\/wp-json\/wp\/v2\/media?parent=1728"}],"wp:term":[{"taxonomy":"category","embeddable":true,"href":"https:\/\/www.fiemg.com.br\/regional-centro-oeste\/wp-json\/wp\/v2\/categories?post=1728"},{"taxonomy":"post_tag","embeddable":true,"href":"https:\/\/www.fiemg.com.br\/regional-centro-oeste\/wp-json\/wp\/v2\/tags?post=1728"}],"curies":[{"name":"wp","href":"https:\/\/api.w.org\/{rel}","templated":true}]}}