{"id":1878,"date":"2024-01-11T20:58:55","date_gmt":"2024-01-11T23:58:55","guid":{"rendered":"https:\/\/www.fiemg.com.br\/regional-centro-oeste\/?post_type=noticias&#038;p=1878"},"modified":"2024-01-11T20:58:56","modified_gmt":"2024-01-11T23:58:56","slug":"conferencia-cruz-de-todos-os-povos-e-realizada-na-fiemg","status":"publish","type":"noticias","link":"https:\/\/www.fiemg.com.br\/regional-centro-oeste\/noticias\/conferencia-cruz-de-todos-os-povos-e-realizada-na-fiemg\/","title":{"rendered":"Confer\u00eancia Cruz de Todos os Povos \u00e9 realizada na FIEMG"},"content":{"rendered":"\n<p>O audit\u00f3rio da FIEMG Regional Centro-Oeste recebeu, na noite de hoje (11), a 1 Confer\u00eancia Cruz de Todos os Povos, evento realizado pela Associa\u00e7\u00e3o Terra de Deus Brasil, entidade \u00e0 frente do empreendimento na cidade. Estiveram presentes, cidad\u00e3os, religiosos e autoridades locais, entre eles, o Secret\u00e1rio Municipal de Desenvolvimento Econ\u00f4mico, Luiz Angelo Gon\u00e7alves e o Presidente da FIEMG RCO, Eduardo Soares. O Presidente da Associa\u00e7\u00e3o terra de Deus Fran\u00e7a, Jesus Justo Ibanez, que est\u00e1 no Brasil para acompanhar o andamento do projeto, tamb\u00e9m participou do encontro. &nbsp;&nbsp;&nbsp;&nbsp;<\/p>\n\n\n\n<p>A Cruz, que chegar\u00e1 a 73,8m de altura e ser\u00e1 aberta \u00e0 visita\u00e7\u00e3o representa um grande potencial tur\u00edstico para a regi\u00e3o, j\u00e1 que \u00e9 a terceira no mundo e atrai fi\u00e9is religiosos de v\u00e1rias nacionalidades.&nbsp;O projeto em Divin\u00f3polis representa o Divino Esp\u00edrito Santo e fecha o ciclo de tr\u00eas grandes cruzes pelo mundo, formando a Sant\u00edssima Trindade. J\u00e1 foram inauguradas as cruzes do L\u00edbano (Cruz do Pai) e do M\u00e9xico (Cruz do Filho).<\/p>\n\n\n\n<p><br>A Associa\u00e7\u00e3o Terra de Deus \u00e9 a respons\u00e1vel pela execu\u00e7\u00e3o do projeto, que acontece a partir da arrecada\u00e7\u00e3o de fundos por meio de doa\u00e7\u00f5es. De acordo com o Presidente da Associa\u00e7\u00e3o, Jos\u00e9 Geraldo da Silva Lucas, a Cruz representa a unidade entre os povos do mundo, sem distin\u00e7\u00e3o de ra\u00e7a ou credo. \u201c\u00c9 o prop\u00f3sito da Unidade Fecunda, que tem o carisma de uni\u00e3o entre os povos, independente de ra\u00e7a, cor, l\u00edngua; \u00e9 a unidade que germina, celebrando a integra\u00e7\u00e3o e a paz entre os povos\u201d, explicou. Ainda segundo Jos\u00e9 Geraldo, o objetivo da Confer\u00eancia \u00e9 apresentar \u00e0 popula\u00e7\u00e3o, a import\u00e2ncia e prop\u00f3sito do projeto.<\/p>\n\n\n\n<p>De acordo com o Presidente da FIEMG Regional, Eduardo Soares, o projeto representa um grande potencial tur\u00edstico para a regi\u00e3o e ser\u00e1 contemplado dentro das estrat\u00e9gias a serem desenvolvidas pela Ag\u00eancia de Desenvolvimento com foco no Turismo e Agroneg\u00f3cio. \u201cO projeto da Cruz tem um grande potencial e precisa da uni\u00e3o da popula\u00e7\u00e3o e do Poder P\u00fablico para que alcance as condi\u00e7\u00f5es adequadas para receber turistas de diversas localidades e entrar para a rota do turismo religioso do pa\u00eds e do mundo, gerando emprego e renda e fomentando o desenvolvimento socioecon\u00f4mico da regi\u00e3o\u201d, pontuou.<\/p>\n","protected":false},"featured_media":1879,"template":"","categories":[14],"tags":[],"class_list":["post-1878","noticias","type-noticias","status-publish","has-post-thumbnail","hentry","category-noticias"],"acf":[],"yoast_head":"<!-- This site is optimized with the Yoast SEO plugin v26.2 - https:\/\/yoast.com\/wordpress\/plugins\/seo\/ -->\n<title>Confer\u00eancia Cruz de Todos os Povos \u00e9 realizada na FIEMG - Regional Centro-Oeste<\/title>\n<meta name=\"robots\" content=\"index, follow, max-snippet:-1, max-image-preview:large, max-video-preview:-1\" \/>\n<link rel=\"canonical\" href=\"https:\/\/www.fiemg.com.br\/regional-centro-oeste\/noticias\/conferencia-cruz-de-todos-os-povos-e-realizada-na-fiemg\/\" \/>\n<meta property=\"og:locale\" content=\"pt_BR\" \/>\n<meta property=\"og:type\" content=\"article\" \/>\n<meta property=\"og:title\" content=\"Confer\u00eancia Cruz de Todos os Povos \u00e9 realizada na FIEMG - Regional Centro-Oeste\" \/>\n<meta property=\"og:description\" content=\"O audit\u00f3rio da FIEMG Regional Centro-Oeste recebeu, na noite de hoje (11), a 1 Confer\u00eancia Cruz de Todos os Povos, evento realizado pela Associa\u00e7\u00e3o Terra de Deus Brasil, entidade \u00e0 frente do empreendimento na cidade. Estiveram presentes, cidad\u00e3os, religiosos e autoridades locais, entre eles, o Secret\u00e1rio Municipal de Desenvolvimento Econ\u00f4mico, Luiz Angelo Gon\u00e7alves e o [&hellip;]\" \/>\n<meta property=\"og:url\" content=\"https:\/\/www.fiemg.com.br\/regional-centro-oeste\/noticias\/conferencia-cruz-de-todos-os-povos-e-realizada-na-fiemg\/\" \/>\n<meta property=\"og:site_name\" content=\"Regional Centro-Oeste\" \/>\n<meta property=\"article:modified_time\" content=\"2024-01-11T23:58:56+00:00\" \/>\n<meta property=\"og:image\" content=\"https:\/\/www.fiemg.com.br\/regional-centro-oeste\/wp-content\/uploads\/sites\/16\/2024\/01\/eduardo-soares-conferecia-cruz-todos-os-povos-e1705017449888.jpeg\" \/>\n\t<meta property=\"og:image:width\" content=\"901\" \/>\n\t<meta property=\"og:image:height\" content=\"900\" \/>\n\t<meta property=\"og:image:type\" content=\"image\/jpeg\" \/>\n<meta name=\"twitter:card\" content=\"summary_large_image\" \/>\n<meta name=\"twitter:label1\" content=\"Est. tempo de leitura\" \/>\n\t<meta name=\"twitter:data1\" content=\"2 minutos\" \/>\n<script type=\"application\/ld+json\" class=\"yoast-schema-graph\">{\"@context\":\"https:\/\/schema.org\",\"@graph\":[{\"@type\":\"WebPage\",\"@id\":\"https:\/\/www.fiemg.com.br\/regional-centro-oeste\/noticias\/conferencia-cruz-de-todos-os-povos-e-realizada-na-fiemg\/\",\"url\":\"https:\/\/www.fiemg.com.br\/regional-centro-oeste\/noticias\/conferencia-cruz-de-todos-os-povos-e-realizada-na-fiemg\/\",\"name\":\"Confer\u00eancia Cruz de Todos os Povos \u00e9 realizada na FIEMG - Regional Centro-Oeste\",\"isPartOf\":{\"@id\":\"https:\/\/www.fiemg.com.br\/regional-centro-oeste\/#website\"},\"primaryImageOfPage\":{\"@id\":\"https:\/\/www.fiemg.com.br\/regional-centro-oeste\/noticias\/conferencia-cruz-de-todos-os-povos-e-realizada-na-fiemg\/#primaryimage\"},\"image\":{\"@id\":\"https:\/\/www.fiemg.com.br\/regional-centro-oeste\/noticias\/conferencia-cruz-de-todos-os-povos-e-realizada-na-fiemg\/#primaryimage\"},\"thumbnailUrl\":\"https:\/\/www.fiemg.com.br\/regional-centro-oeste\/wp-content\/uploads\/sites\/16\/2024\/01\/eduardo-soares-conferecia-cruz-todos-os-povos-e1705017449888.jpeg\",\"datePublished\":\"2024-01-11T23:58:55+00:00\",\"dateModified\":\"2024-01-11T23:58:56+00:00\",\"breadcrumb\":{\"@id\":\"https:\/\/www.fiemg.com.br\/regional-centro-oeste\/noticias\/conferencia-cruz-de-todos-os-povos-e-realizada-na-fiemg\/#breadcrumb\"},\"inLanguage\":\"pt-BR\",\"potentialAction\":[{\"@type\":\"ReadAction\",\"target\":[\"https:\/\/www.fiemg.com.br\/regional-centro-oeste\/noticias\/conferencia-cruz-de-todos-os-povos-e-realizada-na-fiemg\/\"]}]},{\"@type\":\"ImageObject\",\"inLanguage\":\"pt-BR\",\"@id\":\"https:\/\/www.fiemg.com.br\/regional-centro-oeste\/noticias\/conferencia-cruz-de-todos-os-povos-e-realizada-na-fiemg\/#primaryimage\",\"url\":\"https:\/\/www.fiemg.com.br\/regional-centro-oeste\/wp-content\/uploads\/sites\/16\/2024\/01\/eduardo-soares-conferecia-cruz-todos-os-povos-e1705017449888.jpeg\",\"contentUrl\":\"https:\/\/www.fiemg.com.br\/regional-centro-oeste\/wp-content\/uploads\/sites\/16\/2024\/01\/eduardo-soares-conferecia-cruz-todos-os-povos-e1705017449888.jpeg\",\"width\":901,\"height\":900},{\"@type\":\"BreadcrumbList\",\"@id\":\"https:\/\/www.fiemg.com.br\/regional-centro-oeste\/noticias\/conferencia-cruz-de-todos-os-povos-e-realizada-na-fiemg\/#breadcrumb\",\"itemListElement\":[{\"@type\":\"ListItem\",\"position\":1,\"name\":\"In\u00edcio\",\"item\":\"https:\/\/www.fiemg.com.br\/regional-centro-oeste\/\"},{\"@type\":\"ListItem\",\"position\":2,\"name\":\"Confer\u00eancia Cruz de Todos os Povos \u00e9 realizada na FIEMG\"}]},{\"@type\":\"WebSite\",\"@id\":\"https:\/\/www.fiemg.com.br\/regional-centro-oeste\/#website\",\"url\":\"https:\/\/www.fiemg.com.br\/regional-centro-oeste\/\",\"name\":\"Regional Centro-Oeste\",\"description\":\"Federa\u00e7\u00e3o das Ind\u00fastrias do Estado de Minas Gerais\",\"publisher\":{\"@id\":\"https:\/\/www.fiemg.com.br\/regional-centro-oeste\/#organization\"},\"potentialAction\":[{\"@type\":\"SearchAction\",\"target\":{\"@type\":\"EntryPoint\",\"urlTemplate\":\"https:\/\/www.fiemg.com.br\/regional-centro-oeste\/?s={search_term_string}\"},\"query-input\":{\"@type\":\"PropertyValueSpecification\",\"valueRequired\":true,\"valueName\":\"search_term_string\"}}],\"inLanguage\":\"pt-BR\"},{\"@type\":\"Organization\",\"@id\":\"https:\/\/www.fiemg.com.br\/regional-centro-oeste\/#organization\",\"name\":\"Regional Centro-Oeste\",\"url\":\"https:\/\/www.fiemg.com.br\/regional-centro-oeste\/\",\"logo\":{\"@type\":\"ImageObject\",\"inLanguage\":\"pt-BR\",\"@id\":\"https:\/\/www.fiemg.com.br\/regional-centro-oeste\/#\/schema\/logo\/image\/\",\"url\":\"https:\/\/www.fiemg.com.br\/regional-centro-oeste\/wp-content\/uploads\/sites\/16\/2023\/02\/Ativo-1.png\",\"contentUrl\":\"https:\/\/www.fiemg.com.br\/regional-centro-oeste\/wp-content\/uploads\/sites\/16\/2023\/02\/Ativo-1.png\",\"width\":563,\"height\":149,\"caption\":\"Regional Centro-Oeste\"},\"image\":{\"@id\":\"https:\/\/www.fiemg.com.br\/regional-centro-oeste\/#\/schema\/logo\/image\/\"}}]}<\/script>\n<!-- \/ Yoast SEO plugin. -->","yoast_head_json":{"title":"Confer\u00eancia Cruz de Todos os Povos \u00e9 realizada na FIEMG - Regional Centro-Oeste","robots":{"index":"index","follow":"follow","max-snippet":"max-snippet:-1","max-image-preview":"max-image-preview:large","max-video-preview":"max-video-preview:-1"},"canonical":"https:\/\/www.fiemg.com.br\/regional-centro-oeste\/noticias\/conferencia-cruz-de-todos-os-povos-e-realizada-na-fiemg\/","og_locale":"pt_BR","og_type":"article","og_title":"Confer\u00eancia Cruz de Todos os Povos \u00e9 realizada na FIEMG - Regional Centro-Oeste","og_description":"O audit\u00f3rio da FIEMG Regional Centro-Oeste recebeu, na noite de hoje (11), a 1 Confer\u00eancia Cruz de Todos os Povos, evento realizado pela Associa\u00e7\u00e3o Terra de Deus Brasil, entidade \u00e0 frente do empreendimento na cidade. Estiveram presentes, cidad\u00e3os, religiosos e autoridades locais, entre eles, o Secret\u00e1rio Municipal de Desenvolvimento Econ\u00f4mico, Luiz Angelo Gon\u00e7alves e o [&hellip;]","og_url":"https:\/\/www.fiemg.com.br\/regional-centro-oeste\/noticias\/conferencia-cruz-de-todos-os-povos-e-realizada-na-fiemg\/","og_site_name":"Regional Centro-Oeste","article_modified_time":"2024-01-11T23:58:56+00:00","og_image":[{"width":901,"height":900,"url":"https:\/\/www.fiemg.com.br\/regional-centro-oeste\/wp-content\/uploads\/sites\/16\/2024\/01\/eduardo-soares-conferecia-cruz-todos-os-povos-e1705017449888.jpeg","type":"image\/jpeg"}],"twitter_card":"summary_large_image","twitter_misc":{"Est. tempo de leitura":"2 minutos"},"schema":{"@context":"https:\/\/schema.org","@graph":[{"@type":"WebPage","@id":"https:\/\/www.fiemg.com.br\/regional-centro-oeste\/noticias\/conferencia-cruz-de-todos-os-povos-e-realizada-na-fiemg\/","url":"https:\/\/www.fiemg.com.br\/regional-centro-oeste\/noticias\/conferencia-cruz-de-todos-os-povos-e-realizada-na-fiemg\/","name":"Confer\u00eancia Cruz de Todos os Povos \u00e9 realizada na FIEMG - Regional Centro-Oeste","isPartOf":{"@id":"https:\/\/www.fiemg.com.br\/regional-centro-oeste\/#website"},"primaryImageOfPage":{"@id":"https:\/\/www.fiemg.com.br\/regional-centro-oeste\/noticias\/conferencia-cruz-de-todos-os-povos-e-realizada-na-fiemg\/#primaryimage"},"image":{"@id":"https:\/\/www.fiemg.com.br\/regional-centro-oeste\/noticias\/conferencia-cruz-de-todos-os-povos-e-realizada-na-fiemg\/#primaryimage"},"thumbnailUrl":"https:\/\/www.fiemg.com.br\/regional-centro-oeste\/wp-content\/uploads\/sites\/16\/2024\/01\/eduardo-soares-conferecia-cruz-todos-os-povos-e1705017449888.jpeg","datePublished":"2024-01-11T23:58:55+00:00","dateModified":"2024-01-11T23:58:56+00:00","breadcrumb":{"@id":"https:\/\/www.fiemg.com.br\/regional-centro-oeste\/noticias\/conferencia-cruz-de-todos-os-povos-e-realizada-na-fiemg\/#breadcrumb"},"inLanguage":"pt-BR","potentialAction":[{"@type":"ReadAction","target":["https:\/\/www.fiemg.com.br\/regional-centro-oeste\/noticias\/conferencia-cruz-de-todos-os-povos-e-realizada-na-fiemg\/"]}]},{"@type":"ImageObject","inLanguage":"pt-BR","@id":"https:\/\/www.fiemg.com.br\/regional-centro-oeste\/noticias\/conferencia-cruz-de-todos-os-povos-e-realizada-na-fiemg\/#primaryimage","url":"https:\/\/www.fiemg.com.br\/regional-centro-oeste\/wp-content\/uploads\/sites\/16\/2024\/01\/eduardo-soares-conferecia-cruz-todos-os-povos-e1705017449888.jpeg","contentUrl":"https:\/\/www.fiemg.com.br\/regional-centro-oeste\/wp-content\/uploads\/sites\/16\/2024\/01\/eduardo-soares-conferecia-cruz-todos-os-povos-e1705017449888.jpeg","width":901,"height":900},{"@type":"BreadcrumbList","@id":"https:\/\/www.fiemg.com.br\/regional-centro-oeste\/noticias\/conferencia-cruz-de-todos-os-povos-e-realizada-na-fiemg\/#breadcrumb","itemListElement":[{"@type":"ListItem","position":1,"name":"In\u00edcio","item":"https:\/\/www.fiemg.com.br\/regional-centro-oeste\/"},{"@type":"ListItem","position":2,"name":"Confer\u00eancia Cruz de Todos os Povos \u00e9 realizada na FIEMG"}]},{"@type":"WebSite","@id":"https:\/\/www.fiemg.com.br\/regional-centro-oeste\/#website","url":"https:\/\/www.fiemg.com.br\/regional-centro-oeste\/","name":"Regional Centro-Oeste","description":"Federa\u00e7\u00e3o das Ind\u00fastrias do Estado de Minas Gerais","publisher":{"@id":"https:\/\/www.fiemg.com.br\/regional-centro-oeste\/#organization"},"potentialAction":[{"@type":"SearchAction","target":{"@type":"EntryPoint","urlTemplate":"https:\/\/www.fiemg.com.br\/regional-centro-oeste\/?s={search_term_string}"},"query-input":{"@type":"PropertyValueSpecification","valueRequired":true,"valueName":"search_term_string"}}],"inLanguage":"pt-BR"},{"@type":"Organization","@id":"https:\/\/www.fiemg.com.br\/regional-centro-oeste\/#organization","name":"Regional Centro-Oeste","url":"https:\/\/www.fiemg.com.br\/regional-centro-oeste\/","logo":{"@type":"ImageObject","inLanguage":"pt-BR","@id":"https:\/\/www.fiemg.com.br\/regional-centro-oeste\/#\/schema\/logo\/image\/","url":"https:\/\/www.fiemg.com.br\/regional-centro-oeste\/wp-content\/uploads\/sites\/16\/2023\/02\/Ativo-1.png","contentUrl":"https:\/\/www.fiemg.com.br\/regional-centro-oeste\/wp-content\/uploads\/sites\/16\/2023\/02\/Ativo-1.png","width":563,"height":149,"caption":"Regional Centro-Oeste"},"image":{"@id":"https:\/\/www.fiemg.com.br\/regional-centro-oeste\/#\/schema\/logo\/image\/"}}]}},"_links":{"self":[{"href":"https:\/\/www.fiemg.com.br\/regional-centro-oeste\/wp-json\/wp\/v2\/noticias\/1878","targetHints":{"allow":["GET"]}}],"collection":[{"href":"https:\/\/www.fiemg.com.br\/regional-centro-oeste\/wp-json\/wp\/v2\/noticias"}],"about":[{"href":"https:\/\/www.fiemg.com.br\/regional-centro-oeste\/wp-json\/wp\/v2\/types\/noticias"}],"wp:featuredmedia":[{"embeddable":true,"href":"https:\/\/www.fiemg.com.br\/regional-centro-oeste\/wp-json\/wp\/v2\/media\/1879"}],"wp:attachment":[{"href":"https:\/\/www.fiemg.com.br\/regional-centro-oeste\/wp-json\/wp\/v2\/media?parent=1878"}],"wp:term":[{"taxonomy":"category","embeddable":true,"href":"https:\/\/www.fiemg.com.br\/regional-centro-oeste\/wp-json\/wp\/v2\/categories?post=1878"},{"taxonomy":"post_tag","embeddable":true,"href":"https:\/\/www.fiemg.com.br\/regional-centro-oeste\/wp-json\/wp\/v2\/tags?post=1878"}],"curies":[{"name":"wp","href":"https:\/\/api.w.org\/{rel}","templated":true}]}}